{"id":157841,"date":"2026-01-20T16:52:00","date_gmt":"2026-01-20T19:52:00","guid":{"rendered":"https:\/\/portaltela.pt\/noticias\/2026\/01\/20\/ha-2800-utentes-nos-hospitais-a-espera-de-vaga-em-cuidados-continuados\/"},"modified":"2026-01-20T16:52:00","modified_gmt":"2026-01-20T19:52:00","slug":"ha-2800-utentes-nos-hospitais-a-espera-de-vaga-em-cuidados-continuados","status":"publish","type":"post","link":"https:\/\/portaltela.pt\/noticias\/2026\/01\/20\/ha-2800-utentes-nos-hospitais-a-espera-de-vaga-em-cuidados-continuados\/","title":{"rendered":"H\u00e1 2800 utentes nos hospitais \u00e0 espera de vaga em cuidados continuados"},"content":{"rendered":"<p>Nos hospitais p\u00fablicos, quase 2800 utentes aguardavam resposta social ou vaga em cuidados continuados a 14 de janeiro, segundo a Dire\u00e7\u00e3o Executiva do SNS (DE-SNS). A informa\u00e7\u00e3o foi enviada \u00e0 Lusa pela DE-SNS.<\/p>\n<p>At\u00e9 14 de janeiro, 734 utentes aguardavam resposta social, conforme dados do Instituto da Seguran\u00e7a Social, e 2034 aguardavam vaga na RNCCI, em todas as tipologias, incluindo domiciliares, sa\u00fade mental, pediatria e paliativos.<\/p>\n<p>Neste per\u00edodo, foram admitidos 61 utentes em resposta social, sendo 58 pelos Centros Distritais da Seguran\u00e7a Social e tr\u00eas pela Santa Casa da Miseric\u00f3rdia de Lisboa.<\/p>\n<p>A maior parte dos admitidos enquadrou-se na portaria de articula\u00e7\u00e3o entre institui\u00e7\u00f5es para referencia\u00e7\u00e3o de quem, por motivos sociais, j\u00e1 teve alta cl\u00ednica, mas permanece hospitalizado.<\/p>\n<p>Nas duas primeiras semanas do ano, registou-se a admiss\u00e3o de 1629 utentes na RNCCI, distribu\u00eddas por diferentes tipologias de cuidados.<\/p>\n<h3>Nova portaria sobre articular respostas sociais<\/h3>\n<p>Uma portaria publicada hoje em Di\u00e1rio da Rep\u00fablica, que entra em vigor na quarta-feira, redefine o regime de articula\u00e7\u00e3o entre institui\u00e7\u00f5es para avalia\u00e7\u00e3o, encaminhamento e gest\u00e3o de vagas, no atendimento a pessoas com necessidade social que permanecem em hospitais ap\u00f3s alta cl\u00ednica.<\/p>\n<p>Segundo o diploma, unidades do setor social e solid\u00e1rio podem pedir a afeta\u00e7\u00e3o de vagas dispon\u00edveis para camas interm\u00e9dias ou criar unidades interm\u00e9dias aut\u00f3nomas, com um prazo de tr\u00eas meses.<\/p>\n<p>O Governo j\u00e1 anunciou, h\u00e1 duas semanas, a cria\u00e7\u00e3o de 400 vagas de internamento social em novas unidades interm\u00e9dias, contratualizadas com entidades do setor social e solid\u00e1rio, para casos de alta cl\u00ednica sem encaminhamento para cuidados continuados.<\/p>\n<p>Segundo a portaria, entidades com vagas contratualizadas podem, no prazo de tr\u00eas meses, pedir ao ISS a afeta\u00e7\u00e3o dessas vagas. A afeta\u00e7\u00e3o pode ocorrer via cria\u00e7\u00e3o de unidades interm\u00e9dias aut\u00f3nomas (20 utentes, transit\u00f3rias por seis meses) ou pela transforma\u00e7\u00e3o de vagas existentes em camas interm\u00e9dias.<\/p>\n<p>Prioridade deve ser dada ao regresso do utente ao domic\u00edlio, com apoios adequados. Quando isso n\u00e3o for vi\u00e1vel, pode-se optar por acolhimento em resposta social adequada.<\/p>\n<p>Para casos sem vaga imediata, a portaria admite o recurso a unidades interm\u00e9dias ou camas interm\u00e9dias em estruturas j\u00e1 existentes, como solu\u00e7\u00e3o excecional e transit\u00f3ria.<\/p>\n","protected":false},"excerpt":{"rendered":"<ul>\n<li>At\u00e9 14 de janeiro, cerca de 2 800 utentes estavam internados nos hospitais p\u00fablicos \u00e0 espera de resposta social ou de vaga na Rede Nacional de Cuidados Continuados Integrados (RNCCI).<\/li>\n<li>734 utentes aguardavam resposta social (dados do Instituto da Seguran\u00e7a Social), e 2 034 aguardavam vaga na RNCCI, em todas as tipologias, incluindo cuidados domicili\u00e1rios, sa\u00fade mental, pediatria e paliativos.<\/li>\n<li>Neste ano, at\u00e9 14 de janeiro foram admitidos 61 utentes em resposta social: 58 atrav\u00e9s dos Centros Distritais da Seguran\u00e7a Social e 3 pela Santa Casa da Miseric\u00f3rdia de Lisboa; 37 enquadraram-se na portaria de articula\u00e7\u00e3o entre institui\u00e7\u00f5es para quem, tendo alta cl\u00ednica, permanece hospitalizado por motivos sociais.<\/li>\n<li>Nas duas primeiras semanas do ano foram admitidos 1 629 utentes na RNCCI.<\/li>\n<li>A portaria publicada em Di\u00e1rio da Rep\u00fablica, em vigor a partir de quarta-feira, permite que unidades do setor social e solid\u00e1rio pe\u00e7am afeta\u00e7\u00e3o de vagas dispon\u00edveis para camas interm\u00e9dias ou criem unidades interm\u00e9dias aut\u00f3nomas, com prazo de tr\u00eas meses, para libertar camas em hospitais e evitar perman\u00eancia indevida de pacientes com alta cl\u00ednica.<\/li>\n<\/ul>\n","protected":false},"author":2,"featured_media":157852,"comment_status":"closed","ping_status":"closed","sticky":false,"template":"","format":"standard","meta":{"footnotes":""},"categories":[1],"tags":[2172,2581,633,3605,271,243],"class_list":["post-157841","post","type-post","status-publish","format-standard","has-post-thumbnail","hentry","category-noticias","tag-assistencia-social","tag-hospitais","tag-hospital","tag-resposta-social","tag-saude-publica","tag-seguranca-social"],"yoast_head":"<!-- This site is optimized with the Yoast SEO plugin v27.2 - https:\/\/yoast.com\/product\/yoast-seo-wordpress\/ -->\n<title>H\u00e1 2800 utentes nos hospitais \u00e0 espera de vaga em cuidados continuados - Portal Tela Portugal<\/title>\n<meta name=\"robots\" content=\"index, follow, max-snippet:-1, max-image-preview:large, max-video-preview:-1\" \/>\n<meta property=\"og:locale\" content=\"pt_PT\" \/>\n<meta property=\"og:type\" content=\"article\" \/>\n<meta property=\"og:title\" content=\"H\u00e1 2800 utentes nos hospitais \u00e0 espera de vaga em cuidados continuados - Portal Tela Portugal\" \/>\n<meta property=\"og:description\" content=\"At\u00e9 14 de janeiro, cerca de 2 800 utentes estavam internados nos hospitais p\u00fablicos \u00e0 espera de resposta social ou de vaga na Rede Nacional de Cuidados Continuados Integrados (RNCCI). 734 utentes aguardavam resposta social (dados do Instituto da Seguran\u00e7a Social), e 2 034 aguardavam vaga na RNCCI, em todas as tipologias, incluindo cuidados domicili\u00e1rios, sa\u00fade mental, pediatria e paliativos. Neste ano, at\u00e9 14 de janeiro foram admitidos 61 utentes em resposta social: 58 atrav\u00e9s dos Centros Distritais da Seguran\u00e7a Social e 3 pela Santa Casa da Miseric\u00f3rdia de Lisboa; 37 enquadraram-se na portaria de articula\u00e7\u00e3o entre institui\u00e7\u00f5es para quem, tendo alta cl\u00ednica, permanece hospitalizado por motivos sociais. Nas duas primeiras semanas do ano foram admitidos 1 629 utentes na RNCCI. A portaria publicada em Di\u00e1rio da Rep\u00fablica, em vigor a partir de quarta-feira, permite que unidades do setor social e solid\u00e1rio pe\u00e7am afeta\u00e7\u00e3o de vagas dispon\u00edveis para camas interm\u00e9dias ou criem unidades interm\u00e9dias aut\u00f3nomas, com prazo de tr\u00eas meses, para libertar camas em hospitais e evitar perman\u00eancia indevida de pacientes com alta cl\u00ednica.\" \/>\n<meta property=\"og:url\" content=\"https:\/\/portaltela.pt\/noticias\/2026\/01\/20\/ha-2800-utentes-nos-hospitais-a-espera-de-vaga-em-cuidados-continuados\/\" \/>\n<meta property=\"og:site_name\" content=\"Portal Tela Portugal\" \/>\n<meta property=\"article:published_time\" content=\"2026-01-20T19:52:00+00:00\" \/>\n<meta name=\"author\" content=\"Telinha\" \/>\n<meta name=\"twitter:card\" content=\"summary_large_image\" \/>\n<meta name=\"twitter:label1\" content=\"Escrito por\" \/>\n\t<meta name=\"twitter:data1\" content=\"Telinha\" \/>\n\t<meta name=\"twitter:label2\" content=\"Tempo estimado de leitura\" \/>\n\t<meta name=\"twitter:data2\" content=\"2 minutos\" \/>\n<script type=\"application\/ld+json\" class=\"yoast-schema-graph\">{\"@context\":\"https:\/\/schema.org\",\"@graph\":[{\"@type\":\"Article\",\"@id\":\"https:\/\/portaltela.pt\/noticias\/2026\/01\/20\/ha-2800-utentes-nos-hospitais-a-espera-de-vaga-em-cuidados-continuados\/#article\",\"isPartOf\":{\"@id\":\"https:\/\/portaltela.pt\/noticias\/2026\/01\/20\/ha-2800-utentes-nos-hospitais-a-espera-de-vaga-em-cuidados-continuados\/\"},\"author\":{\"name\":\"Telinha\",\"@id\":\"https:\/\/portaltela.pt\/#\/schema\/person\/c4278d4a6028830caff9ee44b42d32ed\"},\"headline\":\"H\u00e1 2800 utentes nos hospitais \u00e0 espera de vaga em cuidados continuados\",\"datePublished\":\"2026-01-20T19:52:00+00:00\",\"mainEntityOfPage\":{\"@id\":\"https:\/\/portaltela.pt\/noticias\/2026\/01\/20\/ha-2800-utentes-nos-hospitais-a-espera-de-vaga-em-cuidados-continuados\/\"},\"wordCount\":398,\"image\":{\"@id\":\"https:\/\/portaltela.pt\/noticias\/2026\/01\/20\/ha-2800-utentes-nos-hospitais-a-espera-de-vaga-em-cuidados-continuados\/#primaryimage\"},\"thumbnailUrl\":\"https:\/\/portaltela.pt\/s.01k8rhncp4jt1\/2026\/01\/image-1277.jpg\",\"keywords\":[\"assist\u00eancia social\",\"hospitais\",\"hospital\",\"resposta social\",\"sa\u00fade p\u00fablica\",\"seguran\u00e7a social\"],\"articleSection\":[\"Not\u00edcias\"],\"inLanguage\":\"pt-PT\"},{\"@type\":\"WebPage\",\"@id\":\"https:\/\/portaltela.pt\/noticias\/2026\/01\/20\/ha-2800-utentes-nos-hospitais-a-espera-de-vaga-em-cuidados-continuados\/\",\"url\":\"https:\/\/portaltela.pt\/noticias\/2026\/01\/20\/ha-2800-utentes-nos-hospitais-a-espera-de-vaga-em-cuidados-continuados\/\",\"name\":\"H\u00e1 2800 utentes nos hospitais \u00e0 espera de vaga em cuidados continuados - Portal Tela Portugal\",\"isPartOf\":{\"@id\":\"https:\/\/portaltela.pt\/#website\"},\"primaryImageOfPage\":{\"@id\":\"https:\/\/portaltela.pt\/noticias\/2026\/01\/20\/ha-2800-utentes-nos-hospitais-a-espera-de-vaga-em-cuidados-continuados\/#primaryimage\"},\"image\":{\"@id\":\"https:\/\/portaltela.pt\/noticias\/2026\/01\/20\/ha-2800-utentes-nos-hospitais-a-espera-de-vaga-em-cuidados-continuados\/#primaryimage\"},\"thumbnailUrl\":\"https:\/\/portaltela.pt\/s.01k8rhncp4jt1\/2026\/01\/image-1277.jpg\",\"datePublished\":\"2026-01-20T19:52:00+00:00\",\"author\":{\"@id\":\"https:\/\/portaltela.pt\/#\/schema\/person\/c4278d4a6028830caff9ee44b42d32ed\"},\"breadcrumb\":{\"@id\":\"https:\/\/portaltela.pt\/noticias\/2026\/01\/20\/ha-2800-utentes-nos-hospitais-a-espera-de-vaga-em-cuidados-continuados\/#breadcrumb\"},\"inLanguage\":\"pt-PT\",\"potentialAction\":[{\"@type\":\"ReadAction\",\"target\":[\"https:\/\/portaltela.pt\/noticias\/2026\/01\/20\/ha-2800-utentes-nos-hospitais-a-espera-de-vaga-em-cuidados-continuados\/\"]}]},{\"@type\":\"ImageObject\",\"inLanguage\":\"pt-PT\",\"@id\":\"https:\/\/portaltela.pt\/noticias\/2026\/01\/20\/ha-2800-utentes-nos-hospitais-a-espera-de-vaga-em-cuidados-continuados\/#primaryimage\",\"url\":\"https:\/\/portaltela.pt\/s.01k8rhncp4jt1\/2026\/01\/image-1277.jpg\",\"contentUrl\":\"https:\/\/portaltela.pt\/s.01k8rhncp4jt1\/2026\/01\/image-1277.jpg\",\"width\":796,\"height\":448,\"caption\":\"H\u00e1 2034 utentes que aguardam por vaga na Rede Nacional de Cuidados Continuados Integrados (RNCCI)\"},{\"@type\":\"BreadcrumbList\",\"@id\":\"https:\/\/portaltela.pt\/noticias\/2026\/01\/20\/ha-2800-utentes-nos-hospitais-a-espera-de-vaga-em-cuidados-continuados\/#breadcrumb\",\"itemListElement\":[{\"@type\":\"ListItem\",\"position\":1,\"name\":\"In\u00edcio\",\"item\":\"https:\/\/portaltela.pt\/\"},{\"@type\":\"ListItem\",\"position\":2,\"name\":\"H\u00e1 2800 utentes nos hospitais \u00e0 espera de vaga em cuidados continuados\"}]},{\"@type\":\"WebSite\",\"@id\":\"https:\/\/portaltela.pt\/#website\",\"url\":\"https:\/\/portaltela.pt\/\",\"name\":\"Portal Tela Portugal\",\"description\":\"\",\"potentialAction\":[{\"@type\":\"SearchAction\",\"target\":{\"@type\":\"EntryPoint\",\"urlTemplate\":\"https:\/\/portaltela.pt\/?s={search_term_string}\"},\"query-input\":{\"@type\":\"PropertyValueSpecification\",\"valueRequired\":true,\"valueName\":\"search_term_string\"}}],\"inLanguage\":\"pt-PT\"},{\"@type\":\"Person\",\"@id\":\"https:\/\/portaltela.pt\/#\/schema\/person\/c4278d4a6028830caff9ee44b42d32ed\",\"name\":\"Telinha\",\"image\":{\"@type\":\"ImageObject\",\"inLanguage\":\"pt-PT\",\"@id\":\"https:\/\/portaltela.pt\/s.01k8rhncp4jt1\/2025\/11\/talking-bot-125x125.png\",\"url\":\"https:\/\/portaltela.pt\/s.01k8rhncp4jt1\/2025\/11\/talking-bot-125x125.png\",\"contentUrl\":\"https:\/\/portaltela.pt\/s.01k8rhncp4jt1\/2025\/11\/talking-bot-125x125.png\",\"caption\":\"Telinha\"},\"sameAs\":[\"https:\/\/portaltela.pt\/\"],\"url\":\"https:\/\/portaltela.pt\/por\/367410592786\/\"}]}<\/script>\n<!-- \/ Yoast SEO plugin. -->","yoast_head_json":{"title":"H\u00e1 2800 utentes nos hospitais \u00e0 espera de vaga em cuidados continuados - Portal Tela Portugal","robots":{"index":"index","follow":"follow","max-snippet":"max-snippet:-1","max-image-preview":"max-image-preview:large","max-video-preview":"max-video-preview:-1"},"og_locale":"pt_PT","og_type":"article","og_title":"H\u00e1 2800 utentes nos hospitais \u00e0 espera de vaga em cuidados continuados - Portal Tela Portugal","og_description":"At\u00e9 14 de janeiro, cerca de 2 800 utentes estavam internados nos hospitais p\u00fablicos \u00e0 espera de resposta social ou de vaga na Rede Nacional de Cuidados Continuados Integrados (RNCCI). 734 utentes aguardavam resposta social (dados do Instituto da Seguran\u00e7a Social), e 2 034 aguardavam vaga na RNCCI, em todas as tipologias, incluindo cuidados domicili\u00e1rios, sa\u00fade mental, pediatria e paliativos. Neste ano, at\u00e9 14 de janeiro foram admitidos 61 utentes em resposta social: 58 atrav\u00e9s dos Centros Distritais da Seguran\u00e7a Social e 3 pela Santa Casa da Miseric\u00f3rdia de Lisboa; 37 enquadraram-se na portaria de articula\u00e7\u00e3o entre institui\u00e7\u00f5es para quem, tendo alta cl\u00ednica, permanece hospitalizado por motivos sociais. Nas duas primeiras semanas do ano foram admitidos 1 629 utentes na RNCCI. A portaria publicada em Di\u00e1rio da Rep\u00fablica, em vigor a partir de quarta-feira, permite que unidades do setor social e solid\u00e1rio pe\u00e7am afeta\u00e7\u00e3o de vagas dispon\u00edveis para camas interm\u00e9dias ou criem unidades interm\u00e9dias aut\u00f3nomas, com prazo de tr\u00eas meses, para libertar camas em hospitais e evitar perman\u00eancia indevida de pacientes com alta cl\u00ednica.","og_url":"https:\/\/portaltela.pt\/noticias\/2026\/01\/20\/ha-2800-utentes-nos-hospitais-a-espera-de-vaga-em-cuidados-continuados\/","og_site_name":"Portal Tela Portugal","article_published_time":"2026-01-20T19:52:00+00:00","author":"Telinha","twitter_card":"summary_large_image","twitter_misc":{"Escrito por":"Telinha","Tempo estimado de leitura":"2 minutos"},"schema":{"@context":"https:\/\/schema.org","@graph":[{"@type":"Article","@id":"https:\/\/portaltela.pt\/noticias\/2026\/01\/20\/ha-2800-utentes-nos-hospitais-a-espera-de-vaga-em-cuidados-continuados\/#article","isPartOf":{"@id":"https:\/\/portaltela.pt\/noticias\/2026\/01\/20\/ha-2800-utentes-nos-hospitais-a-espera-de-vaga-em-cuidados-continuados\/"},"author":{"name":"Telinha","@id":"https:\/\/portaltela.pt\/#\/schema\/person\/c4278d4a6028830caff9ee44b42d32ed"},"headline":"H\u00e1 2800 utentes nos hospitais \u00e0 espera de vaga em cuidados continuados","datePublished":"2026-01-20T19:52:00+00:00","mainEntityOfPage":{"@id":"https:\/\/portaltela.pt\/noticias\/2026\/01\/20\/ha-2800-utentes-nos-hospitais-a-espera-de-vaga-em-cuidados-continuados\/"},"wordCount":398,"image":{"@id":"https:\/\/portaltela.pt\/noticias\/2026\/01\/20\/ha-2800-utentes-nos-hospitais-a-espera-de-vaga-em-cuidados-continuados\/#primaryimage"},"thumbnailUrl":"https:\/\/portaltela.pt\/s.01k8rhncp4jt1\/2026\/01\/image-1277.jpg","keywords":["assist\u00eancia social","hospitais","hospital","resposta social","sa\u00fade p\u00fablica","seguran\u00e7a social"],"articleSection":["Not\u00edcias"],"inLanguage":"pt-PT"},{"@type":"WebPage","@id":"https:\/\/portaltela.pt\/noticias\/2026\/01\/20\/ha-2800-utentes-nos-hospitais-a-espera-de-vaga-em-cuidados-continuados\/","url":"https:\/\/portaltela.pt\/noticias\/2026\/01\/20\/ha-2800-utentes-nos-hospitais-a-espera-de-vaga-em-cuidados-continuados\/","name":"H\u00e1 2800 utentes nos hospitais \u00e0 espera de vaga em cuidados continuados - Portal Tela Portugal","isPartOf":{"@id":"https:\/\/portaltela.pt\/#website"},"primaryImageOfPage":{"@id":"https:\/\/portaltela.pt\/noticias\/2026\/01\/20\/ha-2800-utentes-nos-hospitais-a-espera-de-vaga-em-cuidados-continuados\/#primaryimage"},"image":{"@id":"https:\/\/portaltela.pt\/noticias\/2026\/01\/20\/ha-2800-utentes-nos-hospitais-a-espera-de-vaga-em-cuidados-continuados\/#primaryimage"},"thumbnailUrl":"https:\/\/portaltela.pt\/s.01k8rhncp4jt1\/2026\/01\/image-1277.jpg","datePublished":"2026-01-20T19:52:00+00:00","author":{"@id":"https:\/\/portaltela.pt\/#\/schema\/person\/c4278d4a6028830caff9ee44b42d32ed"},"breadcrumb":{"@id":"https:\/\/portaltela.pt\/noticias\/2026\/01\/20\/ha-2800-utentes-nos-hospitais-a-espera-de-vaga-em-cuidados-continuados\/#breadcrumb"},"inLanguage":"pt-PT","potentialAction":[{"@type":"ReadAction","target":["https:\/\/portaltela.pt\/noticias\/2026\/01\/20\/ha-2800-utentes-nos-hospitais-a-espera-de-vaga-em-cuidados-continuados\/"]}]},{"@type":"ImageObject","inLanguage":"pt-PT","@id":"https:\/\/portaltela.pt\/noticias\/2026\/01\/20\/ha-2800-utentes-nos-hospitais-a-espera-de-vaga-em-cuidados-continuados\/#primaryimage","url":"https:\/\/portaltela.pt\/s.01k8rhncp4jt1\/2026\/01\/image-1277.jpg","contentUrl":"https:\/\/portaltela.pt\/s.01k8rhncp4jt1\/2026\/01\/image-1277.jpg","width":796,"height":448,"caption":"H\u00e1 2034 utentes que aguardam por vaga na Rede Nacional de Cuidados Continuados Integrados (RNCCI)"},{"@type":"BreadcrumbList","@id":"https:\/\/portaltela.pt\/noticias\/2026\/01\/20\/ha-2800-utentes-nos-hospitais-a-espera-de-vaga-em-cuidados-continuados\/#breadcrumb","itemListElement":[{"@type":"ListItem","position":1,"name":"In\u00edcio","item":"https:\/\/portaltela.pt\/"},{"@type":"ListItem","position":2,"name":"H\u00e1 2800 utentes nos hospitais \u00e0 espera de vaga em cuidados continuados"}]},{"@type":"WebSite","@id":"https:\/\/portaltela.pt\/#website","url":"https:\/\/portaltela.pt\/","name":"Portal Tela Portugal","description":"","potentialAction":[{"@type":"SearchAction","target":{"@type":"EntryPoint","urlTemplate":"https:\/\/portaltela.pt\/?s={search_term_string}"},"query-input":{"@type":"PropertyValueSpecification","valueRequired":true,"valueName":"search_term_string"}}],"inLanguage":"pt-PT"},{"@type":"Person","@id":"https:\/\/portaltela.pt\/#\/schema\/person\/c4278d4a6028830caff9ee44b42d32ed","name":"Telinha","image":{"@type":"ImageObject","inLanguage":"pt-PT","@id":"https:\/\/portaltela.pt\/s.01k8rhncp4jt1\/2025\/11\/talking-bot-125x125.png","url":"https:\/\/portaltela.pt\/s.01k8rhncp4jt1\/2025\/11\/talking-bot-125x125.png","contentUrl":"https:\/\/portaltela.pt\/s.01k8rhncp4jt1\/2025\/11\/talking-bot-125x125.png","caption":"Telinha"},"sameAs":["https:\/\/portaltela.pt\/"],"url":"https:\/\/portaltela.pt\/por\/367410592786\/"}]}},"_links":{"self":[{"href":"https:\/\/portaltela.pt\/api\/wp\/v2\/posts\/157841","targetHints":{"allow":["GET"]}}],"collection":[{"href":"https:\/\/portaltela.pt\/api\/wp\/v2\/posts"}],"about":[{"href":"https:\/\/portaltela.pt\/api\/wp\/v2\/types\/post"}],"author":[{"embeddable":true,"href":"https:\/\/portaltela.pt\/api\/wp\/v2\/users\/2"}],"replies":[{"embeddable":true,"href":"https:\/\/portaltela.pt\/api\/wp\/v2\/comments?post=157841"}],"version-history":[{"count":0,"href":"https:\/\/portaltela.pt\/api\/wp\/v2\/posts\/157841\/revisions"}],"wp:featuredmedia":[{"embeddable":true,"href":"https:\/\/portaltela.pt\/api\/wp\/v2\/media\/157852"}],"wp:attachment":[{"href":"https:\/\/portaltela.pt\/api\/wp\/v2\/media?parent=157841"}],"wp:term":[{"taxonomy":"category","embeddable":true,"href":"https:\/\/portaltela.pt\/api\/wp\/v2\/categories?post=157841"},{"taxonomy":"post_tag","embeddable":true,"href":"https:\/\/portaltela.pt\/api\/wp\/v2\/tags?post=157841"}],"curies":[{"name":"wp","href":"https:\/\/api.w.org\/{rel}","templated":true}]}}