{"id":157831,"date":"2026-01-20T16:56:42","date_gmt":"2026-01-20T19:56:42","guid":{"rendered":"https:\/\/portaltela.pt\/noticias\/2026\/01\/20\/alan-varela-sob-orientacao-de-francesco-farioli-e-sergio-conceicao\/"},"modified":"2026-01-20T16:56:42","modified_gmt":"2026-01-20T19:56:42","slug":"alan-varela-sob-orientacao-de-francesco-farioli-e-sergio-conceicao","status":"publish","type":"post","link":"https:\/\/portaltela.pt\/desporto\/futebol\/2026\/01\/20\/alan-varela-sob-orientacao-de-francesco-farioli-e-sergio-conceicao\/","title":{"rendered":"Alan Varela sob orienta\u00e7\u00e3o de Francesco Farioli e S\u00e9rgio Concei\u00e7\u00e3o"},"content":{"rendered":"<p>Alan Varela foi convidado pelo youtuber argentino Ezzequiel para uma sess\u00e3o de perguntas r\u00e1pidas, antes de o FC Porto virar her\u00f3i em Guimar\u00e3es frente ao Vit\u00f3ria. O m\u00e9dio respondeu \u00e0 curiosa provoca\u00e7\u00e3o com uma resposta clara sobre o seu treinador de elei\u00e7\u00e3o.<\/p>\n<p>Segundo o jovem j\u00e1 identificado pelo clube, o melhor treinador que j\u00e1 teve \u00e9 Francesco Farioli, a quem juntou S\u00e9rgio Concei\u00e7\u00e3o como refer\u00eancia. A lideran\u00e7a de ambos surge destacada numa conversa que envolveu ainda os seus objetivos desportivos.<\/p>\n<p>Obviamente fiel ao clube, Varela revelou a vontade de terminar a carreira no Boca Juniors, desde que esteja em boa condi\u00e7\u00e3o f\u00edsica para continuar a contribuir para t\u00edtulos. Esteve ainda em foco o grupo de companheiros com quem mais gosta de jogar.<\/p>\n<p>Ao falar de refer\u00eancias dentro de campo, o internacional argentino apontou T\u00e9vez, Pepe e Diogo Costa como os melhores com quem jogou, enquanto apontou Nico Gonz\u00e1lez e Pep\u00ea como os melhores parceiros de linha de meio-campo. Entre sonhos, admitiu o objetivo de disputar um Mundial.<\/p>\n<p>Quanto ao seu perfil, destacou o passe como principal atributo e reconheceu a velocidade como uma \u00e1rea a evoluir. No confronto com outros m\u00e9dios de clubes rivais, manteve sil\u00eancio ao mencionar Richard R\u00edos e Enzo Barrenechea, sugerindo n\u00e3o consider\u00e1-los superiores.<\/p>\n<p>A entrevista, partilhada antes do triunfo sobre o Vit\u00f3ria, mostra Varela firme no foco de evoluir no FC Porto para alcan\u00e7ar novas metas coletivas e deixar portas abertas para o que ainda pode vir pela frente.<\/p>\n","protected":false},"excerpt":{"rendered":"<ul>\n<li>Alan Varela foi convidado do youtuber Ezzequiel e, na conversa, citou Francesco Farioli como o melhor treinador que j\u00e1 teve, seguido de S\u00e9rgio Concei\u00e7\u00e3o.<\/li>\n<li>Revelou desejo de terminar a carreira no Boca Juniors, desde que esteja em boa forma para ajudar a ganhar t\u00edtulos.<\/li>\n<li>Nomes apontados como melhores jogadores com quem j\u00e1 jogou: T\u00e9vez, Pepe e Diogo Costa; como melhores parceiros em campo: Nico Gonz\u00e1lez e Pep\u00ea.<\/li>\n<li>Sonha jogar num Mundial e afirma que o FC Porto \u00e9 o ve\u00edculo para l\u00e1 chegar; o seu principal atributo \u00e9 o passe e o maior defeito \u00e9 a velocidade.<\/li>\n<li>Garantiu ser um 6 (inequ\u00edvoco) melhor do que os m\u00e9dios do Benfica citados, mantendo sil\u00eancio quando mencionados Richard R\u00edos e Enzo Barrenechea.<\/li>\n<\/ul>\n","protected":false},"author":2,"featured_media":157860,"comment_status":"closed","ping_status":"closed","sticky":false,"template":"","format":"standard","meta":{"footnotes":""},"categories":[21,24],"tags":[3406,2028,32,242,3607,3606],"class_list":["post-157831","post","type-post","status-publish","format-standard","has-post-thumbnail","hentry","category-desporto","category-futebol","tag-diogo-costa","tag-fc-porto","tag-futebol","tag-jogadores","tag-nico-gonzalez","tag-pepe"],"yoast_head":"<!-- This site is optimized with the Yoast SEO plugin v27.2 - https:\/\/yoast.com\/product\/yoast-seo-wordpress\/ -->\n<title>Alan Varela sob orienta\u00e7\u00e3o de Francesco Farioli e S\u00e9rgio Concei\u00e7\u00e3o - Portal Tela Portugal<\/title>\n<meta name=\"robots\" content=\"index, follow, max-snippet:-1, max-image-preview:large, max-video-preview:-1\" \/>\n<meta property=\"og:locale\" content=\"pt_PT\" \/>\n<meta property=\"og:type\" content=\"article\" \/>\n<meta property=\"og:title\" content=\"Alan Varela sob orienta\u00e7\u00e3o de Francesco Farioli e S\u00e9rgio Concei\u00e7\u00e3o - Portal Tela Portugal\" \/>\n<meta property=\"og:description\" content=\"Alan Varela foi convidado do youtuber Ezzequiel e, na conversa, citou Francesco Farioli como o melhor treinador que j\u00e1 teve, seguido de S\u00e9rgio Concei\u00e7\u00e3o. Revelou desejo de terminar a carreira no Boca Juniors, desde que esteja em boa forma para ajudar a ganhar t\u00edtulos. Nomes apontados como melhores jogadores com quem j\u00e1 jogou: T\u00e9vez, Pepe e Diogo Costa; como melhores parceiros em campo: Nico Gonz\u00e1lez e Pep\u00ea. Sonha jogar num Mundial e afirma que o FC Porto \u00e9 o ve\u00edculo para l\u00e1 chegar; o seu principal atributo \u00e9 o passe e o maior defeito \u00e9 a velocidade. Garantiu ser um 6 (inequ\u00edvoco) melhor do que os m\u00e9dios do Benfica citados, mantendo sil\u00eancio quando mencionados Richard R\u00edos e Enzo Barrenechea.\" \/>\n<meta property=\"og:url\" content=\"https:\/\/portaltela.pt\/noticias\/2026\/01\/20\/alan-varela-sob-orientacao-de-francesco-farioli-e-sergio-conceicao\/\" \/>\n<meta property=\"og:site_name\" content=\"Portal Tela Portugal\" \/>\n<meta property=\"article:published_time\" content=\"2026-01-20T19:56:42+00:00\" \/>\n<meta name=\"author\" content=\"Telinha\" \/>\n<meta name=\"twitter:card\" content=\"summary_large_image\" \/>\n<meta name=\"twitter:label1\" content=\"Escrito por\" \/>\n\t<meta name=\"twitter:data1\" content=\"Telinha\" \/>\n\t<meta name=\"twitter:label2\" content=\"Tempo estimado de leitura\" \/>\n\t<meta name=\"twitter:data2\" content=\"1 minuto\" \/>\n<script type=\"application\/ld+json\" class=\"yoast-schema-graph\">{\"@context\":\"https:\/\/schema.org\",\"@graph\":[{\"@type\":\"Article\",\"@id\":\"https:\/\/portaltela.pt\/noticias\/2026\/01\/20\/alan-varela-sob-orientacao-de-francesco-farioli-e-sergio-conceicao\/#article\",\"isPartOf\":{\"@id\":\"https:\/\/portaltela.pt\/noticias\/2026\/01\/20\/alan-varela-sob-orientacao-de-francesco-farioli-e-sergio-conceicao\/\"},\"author\":{\"name\":\"Telinha\",\"@id\":\"https:\/\/portaltela.pt\/#\/schema\/person\/c4278d4a6028830caff9ee44b42d32ed\"},\"headline\":\"Alan Varela sob orienta\u00e7\u00e3o de Francesco Farioli e S\u00e9rgio Concei\u00e7\u00e3o\",\"datePublished\":\"2026-01-20T19:56:42+00:00\",\"mainEntityOfPage\":{\"@id\":\"https:\/\/portaltela.pt\/noticias\/2026\/01\/20\/alan-varela-sob-orientacao-de-francesco-farioli-e-sergio-conceicao\/\"},\"wordCount\":279,\"image\":{\"@id\":\"https:\/\/portaltela.pt\/noticias\/2026\/01\/20\/alan-varela-sob-orientacao-de-francesco-farioli-e-sergio-conceicao\/#primaryimage\"},\"thumbnailUrl\":\"https:\/\/portaltela.pt\/s.01k8rhncp4jt1\/2026\/01\/img_920x518uu2026-01-20-19-55-20-2416075.jpg\",\"keywords\":[\"Diogo Costa\",\"FC Porto\",\"futebol\",\"jogadores\",\"Nico Gonz\u00e1lez\",\"Pep\u00ea\"],\"articleSection\":[\"Desporto\",\"Futebol\"],\"inLanguage\":\"pt-PT\"},{\"@type\":\"WebPage\",\"@id\":\"https:\/\/portaltela.pt\/noticias\/2026\/01\/20\/alan-varela-sob-orientacao-de-francesco-farioli-e-sergio-conceicao\/\",\"url\":\"https:\/\/portaltela.pt\/noticias\/2026\/01\/20\/alan-varela-sob-orientacao-de-francesco-farioli-e-sergio-conceicao\/\",\"name\":\"Alan Varela sob orienta\u00e7\u00e3o de Francesco Farioli e S\u00e9rgio Concei\u00e7\u00e3o - Portal Tela Portugal\",\"isPartOf\":{\"@id\":\"https:\/\/portaltela.pt\/#website\"},\"primaryImageOfPage\":{\"@id\":\"https:\/\/portaltela.pt\/noticias\/2026\/01\/20\/alan-varela-sob-orientacao-de-francesco-farioli-e-sergio-conceicao\/#primaryimage\"},\"image\":{\"@id\":\"https:\/\/portaltela.pt\/noticias\/2026\/01\/20\/alan-varela-sob-orientacao-de-francesco-farioli-e-sergio-conceicao\/#primaryimage\"},\"thumbnailUrl\":\"https:\/\/portaltela.pt\/s.01k8rhncp4jt1\/2026\/01\/img_920x518uu2026-01-20-19-55-20-2416075.jpg\",\"datePublished\":\"2026-01-20T19:56:42+00:00\",\"author\":{\"@id\":\"https:\/\/portaltela.pt\/#\/schema\/person\/c4278d4a6028830caff9ee44b42d32ed\"},\"breadcrumb\":{\"@id\":\"https:\/\/portaltela.pt\/noticias\/2026\/01\/20\/alan-varela-sob-orientacao-de-francesco-farioli-e-sergio-conceicao\/#breadcrumb\"},\"inLanguage\":\"pt-PT\",\"potentialAction\":[{\"@type\":\"ReadAction\",\"target\":[\"https:\/\/portaltela.pt\/noticias\/2026\/01\/20\/alan-varela-sob-orientacao-de-francesco-farioli-e-sergio-conceicao\/\"]}]},{\"@type\":\"ImageObject\",\"inLanguage\":\"pt-PT\",\"@id\":\"https:\/\/portaltela.pt\/noticias\/2026\/01\/20\/alan-varela-sob-orientacao-de-francesco-farioli-e-sergio-conceicao\/#primaryimage\",\"url\":\"https:\/\/portaltela.pt\/s.01k8rhncp4jt1\/2026\/01\/img_920x518uu2026-01-20-19-55-20-2416075.jpg\",\"contentUrl\":\"https:\/\/portaltela.pt\/s.01k8rhncp4jt1\/2026\/01\/img_920x518uu2026-01-20-19-55-20-2416075.jpg\",\"width\":796,\"height\":448,\"caption\":\"Alan Varela cumprimenta Francesco Farioli\"},{\"@type\":\"BreadcrumbList\",\"@id\":\"https:\/\/portaltela.pt\/noticias\/2026\/01\/20\/alan-varela-sob-orientacao-de-francesco-farioli-e-sergio-conceicao\/#breadcrumb\",\"itemListElement\":[{\"@type\":\"ListItem\",\"position\":1,\"name\":\"In\u00edcio\",\"item\":\"https:\/\/portaltela.pt\/\"},{\"@type\":\"ListItem\",\"position\":2,\"name\":\"Alan Varela sob orienta\u00e7\u00e3o de Francesco Farioli e S\u00e9rgio Concei\u00e7\u00e3o\"}]},{\"@type\":\"WebSite\",\"@id\":\"https:\/\/portaltela.pt\/#website\",\"url\":\"https:\/\/portaltela.pt\/\",\"name\":\"Portal Tela Portugal\",\"description\":\"\",\"potentialAction\":[{\"@type\":\"SearchAction\",\"target\":{\"@type\":\"EntryPoint\",\"urlTemplate\":\"https:\/\/portaltela.pt\/?s={search_term_string}\"},\"query-input\":{\"@type\":\"PropertyValueSpecification\",\"valueRequired\":true,\"valueName\":\"search_term_string\"}}],\"inLanguage\":\"pt-PT\"},{\"@type\":\"Person\",\"@id\":\"https:\/\/portaltela.pt\/#\/schema\/person\/c4278d4a6028830caff9ee44b42d32ed\",\"name\":\"Telinha\",\"image\":{\"@type\":\"ImageObject\",\"inLanguage\":\"pt-PT\",\"@id\":\"https:\/\/portaltela.pt\/s.01k8rhncp4jt1\/2025\/11\/talking-bot-125x125.png\",\"url\":\"https:\/\/portaltela.pt\/s.01k8rhncp4jt1\/2025\/11\/talking-bot-125x125.png\",\"contentUrl\":\"https:\/\/portaltela.pt\/s.01k8rhncp4jt1\/2025\/11\/talking-bot-125x125.png\",\"caption\":\"Telinha\"},\"sameAs\":[\"https:\/\/portaltela.pt\/\"],\"url\":\"https:\/\/portaltela.pt\/por\/367410592786\/\"}]}<\/script>\n<!-- \/ Yoast SEO plugin. -->","yoast_head_json":{"title":"Alan Varela sob orienta\u00e7\u00e3o de Francesco Farioli e S\u00e9rgio Concei\u00e7\u00e3o - Portal Tela Portugal","robots":{"index":"index","follow":"follow","max-snippet":"max-snippet:-1","max-image-preview":"max-image-preview:large","max-video-preview":"max-video-preview:-1"},"og_locale":"pt_PT","og_type":"article","og_title":"Alan Varela sob orienta\u00e7\u00e3o de Francesco Farioli e S\u00e9rgio Concei\u00e7\u00e3o - Portal Tela Portugal","og_description":"Alan Varela foi convidado do youtuber Ezzequiel e, na conversa, citou Francesco Farioli como o melhor treinador que j\u00e1 teve, seguido de S\u00e9rgio Concei\u00e7\u00e3o. Revelou desejo de terminar a carreira no Boca Juniors, desde que esteja em boa forma para ajudar a ganhar t\u00edtulos. Nomes apontados como melhores jogadores com quem j\u00e1 jogou: T\u00e9vez, Pepe e Diogo Costa; como melhores parceiros em campo: Nico Gonz\u00e1lez e Pep\u00ea. Sonha jogar num Mundial e afirma que o FC Porto \u00e9 o ve\u00edculo para l\u00e1 chegar; o seu principal atributo \u00e9 o passe e o maior defeito \u00e9 a velocidade. Garantiu ser um 6 (inequ\u00edvoco) melhor do que os m\u00e9dios do Benfica citados, mantendo sil\u00eancio quando mencionados Richard R\u00edos e Enzo Barrenechea.","og_url":"https:\/\/portaltela.pt\/noticias\/2026\/01\/20\/alan-varela-sob-orientacao-de-francesco-farioli-e-sergio-conceicao\/","og_site_name":"Portal Tela Portugal","article_published_time":"2026-01-20T19:56:42+00:00","author":"Telinha","twitter_card":"summary_large_image","twitter_misc":{"Escrito por":"Telinha","Tempo estimado de leitura":"1 minuto"},"schema":{"@context":"https:\/\/schema.org","@graph":[{"@type":"Article","@id":"https:\/\/portaltela.pt\/noticias\/2026\/01\/20\/alan-varela-sob-orientacao-de-francesco-farioli-e-sergio-conceicao\/#article","isPartOf":{"@id":"https:\/\/portaltela.pt\/noticias\/2026\/01\/20\/alan-varela-sob-orientacao-de-francesco-farioli-e-sergio-conceicao\/"},"author":{"name":"Telinha","@id":"https:\/\/portaltela.pt\/#\/schema\/person\/c4278d4a6028830caff9ee44b42d32ed"},"headline":"Alan Varela sob orienta\u00e7\u00e3o de Francesco Farioli e S\u00e9rgio Concei\u00e7\u00e3o","datePublished":"2026-01-20T19:56:42+00:00","mainEntityOfPage":{"@id":"https:\/\/portaltela.pt\/noticias\/2026\/01\/20\/alan-varela-sob-orientacao-de-francesco-farioli-e-sergio-conceicao\/"},"wordCount":279,"image":{"@id":"https:\/\/portaltela.pt\/noticias\/2026\/01\/20\/alan-varela-sob-orientacao-de-francesco-farioli-e-sergio-conceicao\/#primaryimage"},"thumbnailUrl":"https:\/\/portaltela.pt\/s.01k8rhncp4jt1\/2026\/01\/img_920x518uu2026-01-20-19-55-20-2416075.jpg","keywords":["Diogo Costa","FC Porto","futebol","jogadores","Nico Gonz\u00e1lez","Pep\u00ea"],"articleSection":["Desporto","Futebol"],"inLanguage":"pt-PT"},{"@type":"WebPage","@id":"https:\/\/portaltela.pt\/noticias\/2026\/01\/20\/alan-varela-sob-orientacao-de-francesco-farioli-e-sergio-conceicao\/","url":"https:\/\/portaltela.pt\/noticias\/2026\/01\/20\/alan-varela-sob-orientacao-de-francesco-farioli-e-sergio-conceicao\/","name":"Alan Varela sob orienta\u00e7\u00e3o de Francesco Farioli e S\u00e9rgio Concei\u00e7\u00e3o - Portal Tela Portugal","isPartOf":{"@id":"https:\/\/portaltela.pt\/#website"},"primaryImageOfPage":{"@id":"https:\/\/portaltela.pt\/noticias\/2026\/01\/20\/alan-varela-sob-orientacao-de-francesco-farioli-e-sergio-conceicao\/#primaryimage"},"image":{"@id":"https:\/\/portaltela.pt\/noticias\/2026\/01\/20\/alan-varela-sob-orientacao-de-francesco-farioli-e-sergio-conceicao\/#primaryimage"},"thumbnailUrl":"https:\/\/portaltela.pt\/s.01k8rhncp4jt1\/2026\/01\/img_920x518uu2026-01-20-19-55-20-2416075.jpg","datePublished":"2026-01-20T19:56:42+00:00","author":{"@id":"https:\/\/portaltela.pt\/#\/schema\/person\/c4278d4a6028830caff9ee44b42d32ed"},"breadcrumb":{"@id":"https:\/\/portaltela.pt\/noticias\/2026\/01\/20\/alan-varela-sob-orientacao-de-francesco-farioli-e-sergio-conceicao\/#breadcrumb"},"inLanguage":"pt-PT","potentialAction":[{"@type":"ReadAction","target":["https:\/\/portaltela.pt\/noticias\/2026\/01\/20\/alan-varela-sob-orientacao-de-francesco-farioli-e-sergio-conceicao\/"]}]},{"@type":"ImageObject","inLanguage":"pt-PT","@id":"https:\/\/portaltela.pt\/noticias\/2026\/01\/20\/alan-varela-sob-orientacao-de-francesco-farioli-e-sergio-conceicao\/#primaryimage","url":"https:\/\/portaltela.pt\/s.01k8rhncp4jt1\/2026\/01\/img_920x518uu2026-01-20-19-55-20-2416075.jpg","contentUrl":"https:\/\/portaltela.pt\/s.01k8rhncp4jt1\/2026\/01\/img_920x518uu2026-01-20-19-55-20-2416075.jpg","width":796,"height":448,"caption":"Alan Varela cumprimenta Francesco Farioli"},{"@type":"BreadcrumbList","@id":"https:\/\/portaltela.pt\/noticias\/2026\/01\/20\/alan-varela-sob-orientacao-de-francesco-farioli-e-sergio-conceicao\/#breadcrumb","itemListElement":[{"@type":"ListItem","position":1,"name":"In\u00edcio","item":"https:\/\/portaltela.pt\/"},{"@type":"ListItem","position":2,"name":"Alan Varela sob orienta\u00e7\u00e3o de Francesco Farioli e S\u00e9rgio Concei\u00e7\u00e3o"}]},{"@type":"WebSite","@id":"https:\/\/portaltela.pt\/#website","url":"https:\/\/portaltela.pt\/","name":"Portal Tela Portugal","description":"","potentialAction":[{"@type":"SearchAction","target":{"@type":"EntryPoint","urlTemplate":"https:\/\/portaltela.pt\/?s={search_term_string}"},"query-input":{"@type":"PropertyValueSpecification","valueRequired":true,"valueName":"search_term_string"}}],"inLanguage":"pt-PT"},{"@type":"Person","@id":"https:\/\/portaltela.pt\/#\/schema\/person\/c4278d4a6028830caff9ee44b42d32ed","name":"Telinha","image":{"@type":"ImageObject","inLanguage":"pt-PT","@id":"https:\/\/portaltela.pt\/s.01k8rhncp4jt1\/2025\/11\/talking-bot-125x125.png","url":"https:\/\/portaltela.pt\/s.01k8rhncp4jt1\/2025\/11\/talking-bot-125x125.png","contentUrl":"https:\/\/portaltela.pt\/s.01k8rhncp4jt1\/2025\/11\/talking-bot-125x125.png","caption":"Telinha"},"sameAs":["https:\/\/portaltela.pt\/"],"url":"https:\/\/portaltela.pt\/por\/367410592786\/"}]}},"_links":{"self":[{"href":"https:\/\/portaltela.pt\/api\/wp\/v2\/posts\/157831","targetHints":{"allow":["GET"]}}],"collection":[{"href":"https:\/\/portaltela.pt\/api\/wp\/v2\/posts"}],"about":[{"href":"https:\/\/portaltela.pt\/api\/wp\/v2\/types\/post"}],"author":[{"embeddable":true,"href":"https:\/\/portaltela.pt\/api\/wp\/v2\/users\/2"}],"replies":[{"embeddable":true,"href":"https:\/\/portaltela.pt\/api\/wp\/v2\/comments?post=157831"}],"version-history":[{"count":0,"href":"https:\/\/portaltela.pt\/api\/wp\/v2\/posts\/157831\/revisions"}],"wp:featuredmedia":[{"embeddable":true,"href":"https:\/\/portaltela.pt\/api\/wp\/v2\/media\/157860"}],"wp:attachment":[{"href":"https:\/\/portaltela.pt\/api\/wp\/v2\/media?parent=157831"}],"wp:term":[{"taxonomy":"category","embeddable":true,"href":"https:\/\/portaltela.pt\/api\/wp\/v2\/categories?post=157831"},{"taxonomy":"post_tag","embeddable":true,"href":"https:\/\/portaltela.pt\/api\/wp\/v2\/tags?post=157831"}],"curies":[{"name":"wp","href":"https:\/\/api.w.org\/{rel}","templated":true}]}}