{"id":157823,"date":"2026-01-20T16:15:00","date_gmt":"2026-01-20T19:15:00","guid":{"rendered":"https:\/\/portaltela.pt\/noticias\/2026\/01\/20\/budapeste-oferece-esperanca-a-caes-abandonados-durante-o-inverno\/"},"modified":"2026-01-20T16:15:00","modified_gmt":"2026-01-20T19:15:00","slug":"budapeste-oferece-esperanca-a-caes-abandonados-durante-o-inverno","status":"publish","type":"post","link":"https:\/\/portaltela.pt\/noticias\/2026\/01\/20\/budapeste-oferece-esperanca-a-caes-abandonados-durante-o-inverno\/","title":{"rendered":"Budapeste oferece esperan\u00e7a a c\u00e3es abandonados durante o inverno"},"content":{"rendered":"<p>Budapeste est\u00e1 a usar o Inverno para proteger c\u00e3es de rua. A autarquia instalou abrigos aquecidos em pontos estrat\u00e9gicos da cidade, em parceria com a empresa de energia BEM. A medida visa impedir hipotermia entre animais abandonados.<\/p>\n<p>Os abrigos funcionam como microcasas t\u00e9rmicas com materiais isolantes de elevada efici\u00eancia. Telhados transparentes captam a luz solar, que aquece o interior durante o dia e ajuda a manter a temperatura \u00e0 noite.<\/p>\n<p>Organiza\u00e7\u00f5es de prote\u00e7\u00e3o animal que acompanham as col\u00f3nias na cidade apontam uma redu\u00e7\u00e3o de doen\u00e7as relacionadas ao frio e um melhoria do estado f\u00edsico dos c\u00e3es que utilizam os espa\u00e7os. Os abrigos oferecem ainda um local seco para descansar.<\/p>\n<p>A solu\u00e7\u00e3o \u00e9 elogiada pela rela\u00e7\u00e3o custo-efetividade, com baixos custos de manuten\u00e7\u00e3o e impacto imediato no bem-estar animal. O projeto demonstra como tecnologia acess\u00edvel pode apoiar pol\u00edticas urbanas de prote\u00e7\u00e3o animal.<\/p>\n<p>Budapeste assume-se como exemplo de interven\u00e7\u00e3o pr\u00e1tica, revelando que o cuidado animal pode integrar planos urbanos com resultados mensur\u00e1veis e concretos.<\/p>\n<h3>Funcionamento e resultados<\/h3>\n<p>Os abrigos s\u00e3o instalados em \u00e1reas com maior concentra\u00e7\u00e3o de c\u00e3es de rua, garantindo f\u00e1cil acesso para os animais. A energia \u00e9 fornecida pela rede municipal e vem de tecnologias simples, mas eficientes, para manter o interior aquecido.<\/p>\n<p>Especialistas destacam que o aquecimento \u00e9 passivo em parte, aproveitando a incid\u00eancia solar e o isolamento para reduzir perdas de calor. A ideia \u00e9 manter o espa\u00e7o resguardado contra o frio extremo.<\/p>\n<p>A autarquia mant\u00e9m o monitoramento das estruturas, com avalia\u00e7\u00f5es peri\u00f3dicas de sa\u00fade animal e do estado das instala\u00e7\u00f5es. A opera\u00e7\u00e3o visa manter a qualidade de vida dos c\u00e3es durante os meses mais frios.<\/p>\n","protected":false},"excerpt":{"rendered":"<ul>\n<li>Budapeste instalou abrigos aquecidos para c\u00e3es de rua em pontos estrat\u00e9gicos, em parceria com a empresa de energia BEM.<\/li>\n<li>Os espa\u00e7os funcionam como microcasas t\u00e9rmicas com materiais isolantes e telhados transparentes que captam a luz solar, mantendo calor durante a noite.<\/li>\n<li>Organiza\u00e7\u00f5es de prote\u00e7\u00e3o animal indicam redu\u00e7\u00e3o de doen\u00e7as associadas ao frio e melhoria do estado f\u00edsico dos c\u00e3es que os utilizam.<\/li>\n<li>A iniciativa apresenta custos de manuten\u00e7\u00e3o baixos e impacto imediato no bem-estar animal.<\/li>\n<li>Budapeste \u00e9 apresentada como exemplo de interven\u00e7\u00e3o urbana que alia prote\u00e7\u00e3o animal a pol\u00edticas municipais com resultados mensur\u00e1veis.<\/li>\n<\/ul>\n","protected":false},"author":2,"featured_media":157866,"comment_status":"closed","ping_status":"closed","sticky":false,"template":"","format":"standard","meta":{"footnotes":""},"categories":[1],"tags":[3094,167,3091,2863,2671,174],"class_list":["post-157823","post","type-post","status-publish","format-standard","has-post-thumbnail","hentry","category-noticias","tag-abrigos","tag-ambiente","tag-animais","tag-animais-de-rua","tag-aquecimento","tag-energia"],"yoast_head":"<!-- This site is optimized with the Yoast SEO plugin v27.2 - https:\/\/yoast.com\/product\/yoast-seo-wordpress\/ -->\n<title>Budapeste oferece esperan\u00e7a a c\u00e3es abandonados durante o inverno - Portal Tela Portugal<\/title>\n<meta name=\"robots\" content=\"index, follow, max-snippet:-1, max-image-preview:large, max-video-preview:-1\" \/>\n<meta property=\"og:locale\" content=\"pt_PT\" \/>\n<meta property=\"og:type\" content=\"article\" \/>\n<meta property=\"og:title\" content=\"Budapeste oferece esperan\u00e7a a c\u00e3es abandonados durante o inverno - Portal Tela Portugal\" \/>\n<meta property=\"og:description\" content=\"Budapeste instalou abrigos aquecidos para c\u00e3es de rua em pontos estrat\u00e9gicos, em parceria com a empresa de energia BEM. Os espa\u00e7os funcionam como microcasas t\u00e9rmicas com materiais isolantes e telhados transparentes que captam a luz solar, mantendo calor durante a noite. Organiza\u00e7\u00f5es de prote\u00e7\u00e3o animal indicam redu\u00e7\u00e3o de doen\u00e7as associadas ao frio e melhoria do estado f\u00edsico dos c\u00e3es que os utilizam. A iniciativa apresenta custos de manuten\u00e7\u00e3o baixos e impacto imediato no bem-estar animal. Budapeste \u00e9 apresentada como exemplo de interven\u00e7\u00e3o urbana que alia prote\u00e7\u00e3o animal a pol\u00edticas municipais com resultados mensur\u00e1veis.\" \/>\n<meta property=\"og:url\" content=\"https:\/\/portaltela.pt\/noticias\/2026\/01\/20\/budapeste-oferece-esperanca-a-caes-abandonados-durante-o-inverno\/\" \/>\n<meta property=\"og:site_name\" content=\"Portal Tela Portugal\" \/>\n<meta property=\"article:published_time\" content=\"2026-01-20T19:15:00+00:00\" \/>\n<meta name=\"author\" content=\"Telinha\" \/>\n<meta name=\"twitter:card\" content=\"summary_large_image\" \/>\n<meta name=\"twitter:label1\" content=\"Escrito por\" \/>\n\t<meta name=\"twitter:data1\" content=\"Telinha\" \/>\n\t<meta name=\"twitter:label2\" content=\"Tempo estimado de leitura\" \/>\n\t<meta name=\"twitter:data2\" content=\"1 minuto\" \/>\n<script type=\"application\/ld+json\" class=\"yoast-schema-graph\">{\"@context\":\"https:\/\/schema.org\",\"@graph\":[{\"@type\":\"Article\",\"@id\":\"https:\/\/portaltela.pt\/noticias\/2026\/01\/20\/budapeste-oferece-esperanca-a-caes-abandonados-durante-o-inverno\/#article\",\"isPartOf\":{\"@id\":\"https:\/\/portaltela.pt\/noticias\/2026\/01\/20\/budapeste-oferece-esperanca-a-caes-abandonados-durante-o-inverno\/\"},\"author\":{\"name\":\"Telinha\",\"@id\":\"https:\/\/portaltela.pt\/#\/schema\/person\/c4278d4a6028830caff9ee44b42d32ed\"},\"headline\":\"Budapeste oferece esperan\u00e7a a c\u00e3es abandonados durante o inverno\",\"datePublished\":\"2026-01-20T19:15:00+00:00\",\"mainEntityOfPage\":{\"@id\":\"https:\/\/portaltela.pt\/noticias\/2026\/01\/20\/budapeste-oferece-esperanca-a-caes-abandonados-durante-o-inverno\/\"},\"wordCount\":307,\"image\":{\"@id\":\"https:\/\/portaltela.pt\/noticias\/2026\/01\/20\/budapeste-oferece-esperanca-a-caes-abandonados-durante-o-inverno\/#primaryimage\"},\"thumbnailUrl\":\"https:\/\/portaltela.pt\/s.01k8rhncp4jt1\/2026\/01\/Budapeste.jpg\",\"keywords\":[\"abrigos\",\"ambiente\",\"animais\",\"Animais de Rua\",\"aquecimento\",\"energia\"],\"articleSection\":[\"Not\u00edcias\"],\"inLanguage\":\"pt-PT\"},{\"@type\":\"WebPage\",\"@id\":\"https:\/\/portaltela.pt\/noticias\/2026\/01\/20\/budapeste-oferece-esperanca-a-caes-abandonados-durante-o-inverno\/\",\"url\":\"https:\/\/portaltela.pt\/noticias\/2026\/01\/20\/budapeste-oferece-esperanca-a-caes-abandonados-durante-o-inverno\/\",\"name\":\"Budapeste oferece esperan\u00e7a a c\u00e3es abandonados durante o inverno - Portal Tela Portugal\",\"isPartOf\":{\"@id\":\"https:\/\/portaltela.pt\/#website\"},\"primaryImageOfPage\":{\"@id\":\"https:\/\/portaltela.pt\/noticias\/2026\/01\/20\/budapeste-oferece-esperanca-a-caes-abandonados-durante-o-inverno\/#primaryimage\"},\"image\":{\"@id\":\"https:\/\/portaltela.pt\/noticias\/2026\/01\/20\/budapeste-oferece-esperanca-a-caes-abandonados-durante-o-inverno\/#primaryimage\"},\"thumbnailUrl\":\"https:\/\/portaltela.pt\/s.01k8rhncp4jt1\/2026\/01\/Budapeste.jpg\",\"datePublished\":\"2026-01-20T19:15:00+00:00\",\"author\":{\"@id\":\"https:\/\/portaltela.pt\/#\/schema\/person\/c4278d4a6028830caff9ee44b42d32ed\"},\"breadcrumb\":{\"@id\":\"https:\/\/portaltela.pt\/noticias\/2026\/01\/20\/budapeste-oferece-esperanca-a-caes-abandonados-durante-o-inverno\/#breadcrumb\"},\"inLanguage\":\"pt-PT\",\"potentialAction\":[{\"@type\":\"ReadAction\",\"target\":[\"https:\/\/portaltela.pt\/noticias\/2026\/01\/20\/budapeste-oferece-esperanca-a-caes-abandonados-durante-o-inverno\/\"]}]},{\"@type\":\"ImageObject\",\"inLanguage\":\"pt-PT\",\"@id\":\"https:\/\/portaltela.pt\/noticias\/2026\/01\/20\/budapeste-oferece-esperanca-a-caes-abandonados-durante-o-inverno\/#primaryimage\",\"url\":\"https:\/\/portaltela.pt\/s.01k8rhncp4jt1\/2026\/01\/Budapeste.jpg\",\"contentUrl\":\"https:\/\/portaltela.pt\/s.01k8rhncp4jt1\/2026\/01\/Budapeste.jpg\",\"width\":796,\"height\":448,\"caption\":\"Budapeste acende o calor da esperan\u00e7a para c\u00e3es abandonados no inverno\"},{\"@type\":\"BreadcrumbList\",\"@id\":\"https:\/\/portaltela.pt\/noticias\/2026\/01\/20\/budapeste-oferece-esperanca-a-caes-abandonados-durante-o-inverno\/#breadcrumb\",\"itemListElement\":[{\"@type\":\"ListItem\",\"position\":1,\"name\":\"In\u00edcio\",\"item\":\"https:\/\/portaltela.pt\/\"},{\"@type\":\"ListItem\",\"position\":2,\"name\":\"Budapeste oferece esperan\u00e7a a c\u00e3es abandonados durante o inverno\"}]},{\"@type\":\"WebSite\",\"@id\":\"https:\/\/portaltela.pt\/#website\",\"url\":\"https:\/\/portaltela.pt\/\",\"name\":\"Portal Tela Portugal\",\"description\":\"\",\"potentialAction\":[{\"@type\":\"SearchAction\",\"target\":{\"@type\":\"EntryPoint\",\"urlTemplate\":\"https:\/\/portaltela.pt\/?s={search_term_string}\"},\"query-input\":{\"@type\":\"PropertyValueSpecification\",\"valueRequired\":true,\"valueName\":\"search_term_string\"}}],\"inLanguage\":\"pt-PT\"},{\"@type\":\"Person\",\"@id\":\"https:\/\/portaltela.pt\/#\/schema\/person\/c4278d4a6028830caff9ee44b42d32ed\",\"name\":\"Telinha\",\"image\":{\"@type\":\"ImageObject\",\"inLanguage\":\"pt-PT\",\"@id\":\"https:\/\/portaltela.pt\/s.01k8rhncp4jt1\/2025\/11\/talking-bot-125x125.png\",\"url\":\"https:\/\/portaltela.pt\/s.01k8rhncp4jt1\/2025\/11\/talking-bot-125x125.png\",\"contentUrl\":\"https:\/\/portaltela.pt\/s.01k8rhncp4jt1\/2025\/11\/talking-bot-125x125.png\",\"caption\":\"Telinha\"},\"sameAs\":[\"https:\/\/portaltela.pt\/\"],\"url\":\"https:\/\/portaltela.pt\/por\/367410592786\/\"}]}<\/script>\n<!-- \/ Yoast SEO plugin. -->","yoast_head_json":{"title":"Budapeste oferece esperan\u00e7a a c\u00e3es abandonados durante o inverno - Portal Tela Portugal","robots":{"index":"index","follow":"follow","max-snippet":"max-snippet:-1","max-image-preview":"max-image-preview:large","max-video-preview":"max-video-preview:-1"},"og_locale":"pt_PT","og_type":"article","og_title":"Budapeste oferece esperan\u00e7a a c\u00e3es abandonados durante o inverno - Portal Tela Portugal","og_description":"Budapeste instalou abrigos aquecidos para c\u00e3es de rua em pontos estrat\u00e9gicos, em parceria com a empresa de energia BEM. Os espa\u00e7os funcionam como microcasas t\u00e9rmicas com materiais isolantes e telhados transparentes que captam a luz solar, mantendo calor durante a noite. Organiza\u00e7\u00f5es de prote\u00e7\u00e3o animal indicam redu\u00e7\u00e3o de doen\u00e7as associadas ao frio e melhoria do estado f\u00edsico dos c\u00e3es que os utilizam. A iniciativa apresenta custos de manuten\u00e7\u00e3o baixos e impacto imediato no bem-estar animal. Budapeste \u00e9 apresentada como exemplo de interven\u00e7\u00e3o urbana que alia prote\u00e7\u00e3o animal a pol\u00edticas municipais com resultados mensur\u00e1veis.","og_url":"https:\/\/portaltela.pt\/noticias\/2026\/01\/20\/budapeste-oferece-esperanca-a-caes-abandonados-durante-o-inverno\/","og_site_name":"Portal Tela Portugal","article_published_time":"2026-01-20T19:15:00+00:00","author":"Telinha","twitter_card":"summary_large_image","twitter_misc":{"Escrito por":"Telinha","Tempo estimado de leitura":"1 minuto"},"schema":{"@context":"https:\/\/schema.org","@graph":[{"@type":"Article","@id":"https:\/\/portaltela.pt\/noticias\/2026\/01\/20\/budapeste-oferece-esperanca-a-caes-abandonados-durante-o-inverno\/#article","isPartOf":{"@id":"https:\/\/portaltela.pt\/noticias\/2026\/01\/20\/budapeste-oferece-esperanca-a-caes-abandonados-durante-o-inverno\/"},"author":{"name":"Telinha","@id":"https:\/\/portaltela.pt\/#\/schema\/person\/c4278d4a6028830caff9ee44b42d32ed"},"headline":"Budapeste oferece esperan\u00e7a a c\u00e3es abandonados durante o inverno","datePublished":"2026-01-20T19:15:00+00:00","mainEntityOfPage":{"@id":"https:\/\/portaltela.pt\/noticias\/2026\/01\/20\/budapeste-oferece-esperanca-a-caes-abandonados-durante-o-inverno\/"},"wordCount":307,"image":{"@id":"https:\/\/portaltela.pt\/noticias\/2026\/01\/20\/budapeste-oferece-esperanca-a-caes-abandonados-durante-o-inverno\/#primaryimage"},"thumbnailUrl":"https:\/\/portaltela.pt\/s.01k8rhncp4jt1\/2026\/01\/Budapeste.jpg","keywords":["abrigos","ambiente","animais","Animais de Rua","aquecimento","energia"],"articleSection":["Not\u00edcias"],"inLanguage":"pt-PT"},{"@type":"WebPage","@id":"https:\/\/portaltela.pt\/noticias\/2026\/01\/20\/budapeste-oferece-esperanca-a-caes-abandonados-durante-o-inverno\/","url":"https:\/\/portaltela.pt\/noticias\/2026\/01\/20\/budapeste-oferece-esperanca-a-caes-abandonados-durante-o-inverno\/","name":"Budapeste oferece esperan\u00e7a a c\u00e3es abandonados durante o inverno - Portal Tela Portugal","isPartOf":{"@id":"https:\/\/portaltela.pt\/#website"},"primaryImageOfPage":{"@id":"https:\/\/portaltela.pt\/noticias\/2026\/01\/20\/budapeste-oferece-esperanca-a-caes-abandonados-durante-o-inverno\/#primaryimage"},"image":{"@id":"https:\/\/portaltela.pt\/noticias\/2026\/01\/20\/budapeste-oferece-esperanca-a-caes-abandonados-durante-o-inverno\/#primaryimage"},"thumbnailUrl":"https:\/\/portaltela.pt\/s.01k8rhncp4jt1\/2026\/01\/Budapeste.jpg","datePublished":"2026-01-20T19:15:00+00:00","author":{"@id":"https:\/\/portaltela.pt\/#\/schema\/person\/c4278d4a6028830caff9ee44b42d32ed"},"breadcrumb":{"@id":"https:\/\/portaltela.pt\/noticias\/2026\/01\/20\/budapeste-oferece-esperanca-a-caes-abandonados-durante-o-inverno\/#breadcrumb"},"inLanguage":"pt-PT","potentialAction":[{"@type":"ReadAction","target":["https:\/\/portaltela.pt\/noticias\/2026\/01\/20\/budapeste-oferece-esperanca-a-caes-abandonados-durante-o-inverno\/"]}]},{"@type":"ImageObject","inLanguage":"pt-PT","@id":"https:\/\/portaltela.pt\/noticias\/2026\/01\/20\/budapeste-oferece-esperanca-a-caes-abandonados-durante-o-inverno\/#primaryimage","url":"https:\/\/portaltela.pt\/s.01k8rhncp4jt1\/2026\/01\/Budapeste.jpg","contentUrl":"https:\/\/portaltela.pt\/s.01k8rhncp4jt1\/2026\/01\/Budapeste.jpg","width":796,"height":448,"caption":"Budapeste acende o calor da esperan\u00e7a para c\u00e3es abandonados no inverno"},{"@type":"BreadcrumbList","@id":"https:\/\/portaltela.pt\/noticias\/2026\/01\/20\/budapeste-oferece-esperanca-a-caes-abandonados-durante-o-inverno\/#breadcrumb","itemListElement":[{"@type":"ListItem","position":1,"name":"In\u00edcio","item":"https:\/\/portaltela.pt\/"},{"@type":"ListItem","position":2,"name":"Budapeste oferece esperan\u00e7a a c\u00e3es abandonados durante o inverno"}]},{"@type":"WebSite","@id":"https:\/\/portaltela.pt\/#website","url":"https:\/\/portaltela.pt\/","name":"Portal Tela Portugal","description":"","potentialAction":[{"@type":"SearchAction","target":{"@type":"EntryPoint","urlTemplate":"https:\/\/portaltela.pt\/?s={search_term_string}"},"query-input":{"@type":"PropertyValueSpecification","valueRequired":true,"valueName":"search_term_string"}}],"inLanguage":"pt-PT"},{"@type":"Person","@id":"https:\/\/portaltela.pt\/#\/schema\/person\/c4278d4a6028830caff9ee44b42d32ed","name":"Telinha","image":{"@type":"ImageObject","inLanguage":"pt-PT","@id":"https:\/\/portaltela.pt\/s.01k8rhncp4jt1\/2025\/11\/talking-bot-125x125.png","url":"https:\/\/portaltela.pt\/s.01k8rhncp4jt1\/2025\/11\/talking-bot-125x125.png","contentUrl":"https:\/\/portaltela.pt\/s.01k8rhncp4jt1\/2025\/11\/talking-bot-125x125.png","caption":"Telinha"},"sameAs":["https:\/\/portaltela.pt\/"],"url":"https:\/\/portaltela.pt\/por\/367410592786\/"}]}},"_links":{"self":[{"href":"https:\/\/portaltela.pt\/api\/wp\/v2\/posts\/157823","targetHints":{"allow":["GET"]}}],"collection":[{"href":"https:\/\/portaltela.pt\/api\/wp\/v2\/posts"}],"about":[{"href":"https:\/\/portaltela.pt\/api\/wp\/v2\/types\/post"}],"author":[{"embeddable":true,"href":"https:\/\/portaltela.pt\/api\/wp\/v2\/users\/2"}],"replies":[{"embeddable":true,"href":"https:\/\/portaltela.pt\/api\/wp\/v2\/comments?post=157823"}],"version-history":[{"count":0,"href":"https:\/\/portaltela.pt\/api\/wp\/v2\/posts\/157823\/revisions"}],"wp:featuredmedia":[{"embeddable":true,"href":"https:\/\/portaltela.pt\/api\/wp\/v2\/media\/157866"}],"wp:attachment":[{"href":"https:\/\/portaltela.pt\/api\/wp\/v2\/media?parent=157823"}],"wp:term":[{"taxonomy":"category","embeddable":true,"href":"https:\/\/portaltela.pt\/api\/wp\/v2\/categories?post=157823"},{"taxonomy":"post_tag","embeddable":true,"href":"https:\/\/portaltela.pt\/api\/wp\/v2\/tags?post=157823"}],"curies":[{"name":"wp","href":"https:\/\/api.w.org\/{rel}","templated":true}]}}