{"id":157814,"date":"2026-01-20T16:24:00","date_gmt":"2026-01-20T19:24:00","guid":{"rendered":"https:\/\/portaltela.pt\/noticias\/2026\/01\/20\/nac-fica-em-segundo-no-distrital-de-inverno\/"},"modified":"2026-01-20T16:24:00","modified_gmt":"2026-01-20T19:24:00","slug":"nac-fica-em-segundo-no-distrital-de-inverno","status":"publish","type":"post","link":"https:\/\/portaltela.pt\/desporto\/2026\/01\/20\/nac-fica-em-segundo-no-distrital-de-inverno\/","title":{"rendered":"NAC fica em segundo no distrital de Inverno"},"content":{"rendered":"<p>O NAC conquistou o t\u00edtulo de vice-campe\u00e3o distrital de Inverno, no conjunto de equipas Absolutos, disputado na Pista de Atletismo do Luso. A competi\u00e7\u00e3o reuniu atletas masculinos e femininos do clube. O evento decorreu recentemente, envolvendo provas de lan\u00e7amento, velocidade, meio fundo e t\u00e9cnica.<\/p>\n<p>As provas dividiram-se entre Absolutos e Sub-23, com a participa\u00e7\u00e3o das duas sec\u00e7\u00f5es do NAC e a avalia\u00e7\u00e3o de marca\u00e7\u00f5es ao longo do dia.<\/p>\n<h3>Resultados Absolutos<\/h3>\n<p>A equipa masculina ficou em vice-campe\u00e3 distrital em Absolutos. A equipa feminina terminou no 4\u00ba lugar, a dois pontos do p\u00f3dio. No agregado, o NAC somou pontos relevantes em v\u00e1rias provas t\u00e9cnicas e de velocidade.<\/p>\n<ul>\n<li>Eva Gon\u00e7alves foi campe\u00e3 no lan\u00e7amento do peso (11,23 m).<\/li>\n<li>Leandro Santos venceu no salto com vara (3,40 m).<\/li>\n<li>Samuel Leal foi vice-campe\u00e3o nos 5000 metros marcha (28,18,91).<\/li>\n<li>Diana Vilar foi vice no salto com vara (2,10 m).<\/li>\n<li>Marco Monteiro ficou vice nos 60 m barreiras (9,35 s) e no salto em altura (1,64 m).<\/li>\n<li>Diogo Fontes foi vice nos 3000 metros (9,54,44).<\/li>\n<li>Jos\u00e9 Pinho alcan\u00e7ou 3\u00ba no peso (12,93 m) e Jos\u00e9 Silva foi 4\u00ba nos 5000 m marcha (31,40,48).<\/li>\n<li>Leandro Santos foi 5\u00ba nos 60 m barreiras (10,84 s). Andr\u00e9 Santos ficou 5\u00ba nos 60 m (7,23 s) e Paula Santos 5\u00aa nos 1500 m (6,14,59).<\/li>\n<\/ul>\n<p>No 6\u00ba lugar, ficaram Lara Teorgas (60 m, 8,32 s &#8211; recorde pessoal) e Jorge Pinto (salto com vara, 2,50 m). Lara Teorgas tamb\u00e9m foi 6\u00aa nos 200 m (27,90 s &#8211; recorde pessoal). Marco Monteiro ficou 6\u00ba no salto em comprimento (5,83 m). Diogo Fontes foi 8\u00ba nos 1500 m (4,32,56).<\/p>\n<p>Outros destaques inclu\u00edram Gaspar Ara\u00fajo no salto em comprimento (5,62 m) e no peso (10,25 m) e David Magalh\u00e3es nos 400 m (56,10 s).<\/p>\n<h3>Resultados Sub-23<\/h3>\n<p>No escal\u00e3o Sub-23, Diana Vilar e Bernardo Nobre sagraram-se campe\u00f5es no salto com vara (2,10 m) e no peso (10,30 m), respetivamente. Marco Monteiro foi vice-campe\u00e3o nos 60 m barreiras (9,35 s) e no salto em altura (1,64 m). Lara Teorgas ficou em 4\u00ba nos 200 m (27,90 s, recorde pessoal). Marco Monteiro tamb\u00e9m obteve 6\u00ba no salto em comprimento (5,83 m).<\/p>\n","protected":false},"excerpt":{"rendered":"<ul>\n<li>O NAC terminou em vice-campe\u00e3o distrital de Inverno nos Absolutos masculinos e ficou em quarto nos Absolutos femininos; em Sub-23, as duas equipas terminaram na quinta posi\u00e7\u00e3o, na Pista de Atletismo do Luso.<\/li>\n<li>No Absoluto, Eva Gon\u00e7alves venceu o lan\u00e7amento do peso (11,23 m) e Leandro Santos sagrou-se campe\u00e3o no salto com vara (3,40 m).<\/li>\n<li>Diana Vilar foi vice-campe\u00e3 no salto com vara (2,10 m) e Marco Monteiro ficou em vice-campe\u00e3o nos 60 metros barreiras (9,35 s) e no salto em altura (1,64 m). Diogo Fontes foi vice nos 3.000 metros (9,54,44).<\/li>\n<li>Jos\u00e9 Pinho ficou em terceiro no lan\u00e7amento do peso (12,93 m) e Jos\u00e9 Silva ficou em quarto nos 5.000 metros marcha (31,40,48).<\/li>\n<li>Nas provas Sub-23, Diana Vilar e Bernardo Nobre sagraram-se campe\u00f5es no salto com vara (2,10 m) e no lan\u00e7amento do peso (10,30 m), respetivamente; Marco Monteiro foi vice-campe\u00e3o nos 60 m barreiras (9,35 s) e no salto em altura (1,64 m).<\/li>\n<\/ul>\n","protected":false},"author":2,"featured_media":157872,"comment_status":"closed","ping_status":"closed","sticky":false,"template":"","format":"standard","meta":{"footnotes":""},"categories":[21],"tags":[3608,252,137,3611,3609,3610],"class_list":["post-157814","post","type-post","status-publish","format-standard","has-post-thumbnail","hentry","category-desporto","tag-60-m-barreiras","tag-atletas","tag-atletismo","tag-peso","tag-salto-com-vara","tag-salto-em-altura"],"yoast_head":"<!-- This site is optimized with the Yoast SEO plugin v27.2 - https:\/\/yoast.com\/product\/yoast-seo-wordpress\/ -->\n<title>NAC fica em segundo no distrital de Inverno - Portal Tela Portugal<\/title>\n<meta name=\"robots\" content=\"index, follow, max-snippet:-1, max-image-preview:large, max-video-preview:-1\" \/>\n<meta property=\"og:locale\" content=\"pt_PT\" \/>\n<meta property=\"og:type\" content=\"article\" \/>\n<meta property=\"og:title\" content=\"NAC fica em segundo no distrital de Inverno - Portal Tela Portugal\" \/>\n<meta property=\"og:description\" content=\"O NAC terminou em vice-campe\u00e3o distrital de Inverno nos Absolutos masculinos e ficou em quarto nos Absolutos femininos; em Sub-23, as duas equipas terminaram na quinta posi\u00e7\u00e3o, na Pista de Atletismo do Luso. No Absoluto, Eva Gon\u00e7alves venceu o lan\u00e7amento do peso (11,23 m) e Leandro Santos sagrou-se campe\u00e3o no salto com vara (3,40 m). Diana Vilar foi vice-campe\u00e3 no salto com vara (2,10 m) e Marco Monteiro ficou em vice-campe\u00e3o nos 60 metros barreiras (9,35 s) e no salto em altura (1,64 m). Diogo Fontes foi vice nos 3.000 metros (9,54,44). Jos\u00e9 Pinho ficou em terceiro no lan\u00e7amento do peso (12,93 m) e Jos\u00e9 Silva ficou em quarto nos 5.000 metros marcha (31,40,48). Nas provas Sub-23, Diana Vilar e Bernardo Nobre sagraram-se campe\u00f5es no salto com vara (2,10 m) e no lan\u00e7amento do peso (10,30 m), respetivamente; Marco Monteiro foi vice-campe\u00e3o nos 60 m barreiras (9,35 s) e no salto em altura (1,64 m).\" \/>\n<meta property=\"og:url\" content=\"https:\/\/portaltela.pt\/noticias\/2026\/01\/20\/nac-fica-em-segundo-no-distrital-de-inverno\/\" \/>\n<meta property=\"og:site_name\" content=\"Portal Tela Portugal\" \/>\n<meta property=\"article:published_time\" content=\"2026-01-20T19:24:00+00:00\" \/>\n<meta name=\"author\" content=\"Telinha\" \/>\n<meta name=\"twitter:card\" content=\"summary_large_image\" \/>\n<meta name=\"twitter:label1\" content=\"Escrito por\" \/>\n\t<meta name=\"twitter:data1\" content=\"Telinha\" \/>\n\t<meta name=\"twitter:label2\" content=\"Tempo estimado de leitura\" \/>\n\t<meta name=\"twitter:data2\" content=\"2 minutos\" \/>\n<script type=\"application\/ld+json\" class=\"yoast-schema-graph\">{\"@context\":\"https:\/\/schema.org\",\"@graph\":[{\"@type\":\"Article\",\"@id\":\"https:\/\/portaltela.pt\/noticias\/2026\/01\/20\/nac-fica-em-segundo-no-distrital-de-inverno\/#article\",\"isPartOf\":{\"@id\":\"https:\/\/portaltela.pt\/noticias\/2026\/01\/20\/nac-fica-em-segundo-no-distrital-de-inverno\/\"},\"author\":{\"name\":\"Telinha\",\"@id\":\"https:\/\/portaltela.pt\/#\/schema\/person\/c4278d4a6028830caff9ee44b42d32ed\"},\"headline\":\"NAC fica em segundo no distrital de Inverno\",\"datePublished\":\"2026-01-20T19:24:00+00:00\",\"mainEntityOfPage\":{\"@id\":\"https:\/\/portaltela.pt\/noticias\/2026\/01\/20\/nac-fica-em-segundo-no-distrital-de-inverno\/\"},\"wordCount\":334,\"image\":{\"@id\":\"https:\/\/portaltela.pt\/noticias\/2026\/01\/20\/nac-fica-em-segundo-no-distrital-de-inverno\/#primaryimage\"},\"thumbnailUrl\":\"https:\/\/portaltela.pt\/s.01k8rhncp4jt1\/2026\/01\/unnamed-file-4216.jpg\",\"keywords\":[\"60 m barreiras\",\"atletas\",\"atletismo\",\"peso\",\"salto com vara\",\"salto em altura\"],\"articleSection\":[\"Desporto\"],\"inLanguage\":\"pt-PT\"},{\"@type\":\"WebPage\",\"@id\":\"https:\/\/portaltela.pt\/noticias\/2026\/01\/20\/nac-fica-em-segundo-no-distrital-de-inverno\/\",\"url\":\"https:\/\/portaltela.pt\/noticias\/2026\/01\/20\/nac-fica-em-segundo-no-distrital-de-inverno\/\",\"name\":\"NAC fica em segundo no distrital de Inverno - Portal Tela Portugal\",\"isPartOf\":{\"@id\":\"https:\/\/portaltela.pt\/#website\"},\"primaryImageOfPage\":{\"@id\":\"https:\/\/portaltela.pt\/noticias\/2026\/01\/20\/nac-fica-em-segundo-no-distrital-de-inverno\/#primaryimage\"},\"image\":{\"@id\":\"https:\/\/portaltela.pt\/noticias\/2026\/01\/20\/nac-fica-em-segundo-no-distrital-de-inverno\/#primaryimage\"},\"thumbnailUrl\":\"https:\/\/portaltela.pt\/s.01k8rhncp4jt1\/2026\/01\/unnamed-file-4216.jpg\",\"datePublished\":\"2026-01-20T19:24:00+00:00\",\"author\":{\"@id\":\"https:\/\/portaltela.pt\/#\/schema\/person\/c4278d4a6028830caff9ee44b42d32ed\"},\"breadcrumb\":{\"@id\":\"https:\/\/portaltela.pt\/noticias\/2026\/01\/20\/nac-fica-em-segundo-no-distrital-de-inverno\/#breadcrumb\"},\"inLanguage\":\"pt-PT\",\"potentialAction\":[{\"@type\":\"ReadAction\",\"target\":[\"https:\/\/portaltela.pt\/noticias\/2026\/01\/20\/nac-fica-em-segundo-no-distrital-de-inverno\/\"]}]},{\"@type\":\"ImageObject\",\"inLanguage\":\"pt-PT\",\"@id\":\"https:\/\/portaltela.pt\/noticias\/2026\/01\/20\/nac-fica-em-segundo-no-distrital-de-inverno\/#primaryimage\",\"url\":\"https:\/\/portaltela.pt\/s.01k8rhncp4jt1\/2026\/01\/unnamed-file-4216.jpg\",\"contentUrl\":\"https:\/\/portaltela.pt\/s.01k8rhncp4jt1\/2026\/01\/unnamed-file-4216.jpg\",\"width\":796,\"height\":448,\"caption\":\"Photo\"},{\"@type\":\"BreadcrumbList\",\"@id\":\"https:\/\/portaltela.pt\/noticias\/2026\/01\/20\/nac-fica-em-segundo-no-distrital-de-inverno\/#breadcrumb\",\"itemListElement\":[{\"@type\":\"ListItem\",\"position\":1,\"name\":\"In\u00edcio\",\"item\":\"https:\/\/portaltela.pt\/\"},{\"@type\":\"ListItem\",\"position\":2,\"name\":\"NAC fica em segundo no distrital de Inverno\"}]},{\"@type\":\"WebSite\",\"@id\":\"https:\/\/portaltela.pt\/#website\",\"url\":\"https:\/\/portaltela.pt\/\",\"name\":\"Portal Tela Portugal\",\"description\":\"\",\"potentialAction\":[{\"@type\":\"SearchAction\",\"target\":{\"@type\":\"EntryPoint\",\"urlTemplate\":\"https:\/\/portaltela.pt\/?s={search_term_string}\"},\"query-input\":{\"@type\":\"PropertyValueSpecification\",\"valueRequired\":true,\"valueName\":\"search_term_string\"}}],\"inLanguage\":\"pt-PT\"},{\"@type\":\"Person\",\"@id\":\"https:\/\/portaltela.pt\/#\/schema\/person\/c4278d4a6028830caff9ee44b42d32ed\",\"name\":\"Telinha\",\"image\":{\"@type\":\"ImageObject\",\"inLanguage\":\"pt-PT\",\"@id\":\"https:\/\/portaltela.pt\/s.01k8rhncp4jt1\/2025\/11\/talking-bot-125x125.png\",\"url\":\"https:\/\/portaltela.pt\/s.01k8rhncp4jt1\/2025\/11\/talking-bot-125x125.png\",\"contentUrl\":\"https:\/\/portaltela.pt\/s.01k8rhncp4jt1\/2025\/11\/talking-bot-125x125.png\",\"caption\":\"Telinha\"},\"sameAs\":[\"https:\/\/portaltela.pt\/\"],\"url\":\"https:\/\/portaltela.pt\/por\/367410592786\/\"}]}<\/script>\n<!-- \/ Yoast SEO plugin. -->","yoast_head_json":{"title":"NAC fica em segundo no distrital de Inverno - Portal Tela Portugal","robots":{"index":"index","follow":"follow","max-snippet":"max-snippet:-1","max-image-preview":"max-image-preview:large","max-video-preview":"max-video-preview:-1"},"og_locale":"pt_PT","og_type":"article","og_title":"NAC fica em segundo no distrital de Inverno - Portal Tela Portugal","og_description":"O NAC terminou em vice-campe\u00e3o distrital de Inverno nos Absolutos masculinos e ficou em quarto nos Absolutos femininos; em Sub-23, as duas equipas terminaram na quinta posi\u00e7\u00e3o, na Pista de Atletismo do Luso. No Absoluto, Eva Gon\u00e7alves venceu o lan\u00e7amento do peso (11,23 m) e Leandro Santos sagrou-se campe\u00e3o no salto com vara (3,40 m). Diana Vilar foi vice-campe\u00e3 no salto com vara (2,10 m) e Marco Monteiro ficou em vice-campe\u00e3o nos 60 metros barreiras (9,35 s) e no salto em altura (1,64 m). Diogo Fontes foi vice nos 3.000 metros (9,54,44). Jos\u00e9 Pinho ficou em terceiro no lan\u00e7amento do peso (12,93 m) e Jos\u00e9 Silva ficou em quarto nos 5.000 metros marcha (31,40,48). Nas provas Sub-23, Diana Vilar e Bernardo Nobre sagraram-se campe\u00f5es no salto com vara (2,10 m) e no lan\u00e7amento do peso (10,30 m), respetivamente; Marco Monteiro foi vice-campe\u00e3o nos 60 m barreiras (9,35 s) e no salto em altura (1,64 m).","og_url":"https:\/\/portaltela.pt\/noticias\/2026\/01\/20\/nac-fica-em-segundo-no-distrital-de-inverno\/","og_site_name":"Portal Tela Portugal","article_published_time":"2026-01-20T19:24:00+00:00","author":"Telinha","twitter_card":"summary_large_image","twitter_misc":{"Escrito por":"Telinha","Tempo estimado de leitura":"2 minutos"},"schema":{"@context":"https:\/\/schema.org","@graph":[{"@type":"Article","@id":"https:\/\/portaltela.pt\/noticias\/2026\/01\/20\/nac-fica-em-segundo-no-distrital-de-inverno\/#article","isPartOf":{"@id":"https:\/\/portaltela.pt\/noticias\/2026\/01\/20\/nac-fica-em-segundo-no-distrital-de-inverno\/"},"author":{"name":"Telinha","@id":"https:\/\/portaltela.pt\/#\/schema\/person\/c4278d4a6028830caff9ee44b42d32ed"},"headline":"NAC fica em segundo no distrital de Inverno","datePublished":"2026-01-20T19:24:00+00:00","mainEntityOfPage":{"@id":"https:\/\/portaltela.pt\/noticias\/2026\/01\/20\/nac-fica-em-segundo-no-distrital-de-inverno\/"},"wordCount":334,"image":{"@id":"https:\/\/portaltela.pt\/noticias\/2026\/01\/20\/nac-fica-em-segundo-no-distrital-de-inverno\/#primaryimage"},"thumbnailUrl":"https:\/\/portaltela.pt\/s.01k8rhncp4jt1\/2026\/01\/unnamed-file-4216.jpg","keywords":["60 m barreiras","atletas","atletismo","peso","salto com vara","salto em altura"],"articleSection":["Desporto"],"inLanguage":"pt-PT"},{"@type":"WebPage","@id":"https:\/\/portaltela.pt\/noticias\/2026\/01\/20\/nac-fica-em-segundo-no-distrital-de-inverno\/","url":"https:\/\/portaltela.pt\/noticias\/2026\/01\/20\/nac-fica-em-segundo-no-distrital-de-inverno\/","name":"NAC fica em segundo no distrital de Inverno - Portal Tela Portugal","isPartOf":{"@id":"https:\/\/portaltela.pt\/#website"},"primaryImageOfPage":{"@id":"https:\/\/portaltela.pt\/noticias\/2026\/01\/20\/nac-fica-em-segundo-no-distrital-de-inverno\/#primaryimage"},"image":{"@id":"https:\/\/portaltela.pt\/noticias\/2026\/01\/20\/nac-fica-em-segundo-no-distrital-de-inverno\/#primaryimage"},"thumbnailUrl":"https:\/\/portaltela.pt\/s.01k8rhncp4jt1\/2026\/01\/unnamed-file-4216.jpg","datePublished":"2026-01-20T19:24:00+00:00","author":{"@id":"https:\/\/portaltela.pt\/#\/schema\/person\/c4278d4a6028830caff9ee44b42d32ed"},"breadcrumb":{"@id":"https:\/\/portaltela.pt\/noticias\/2026\/01\/20\/nac-fica-em-segundo-no-distrital-de-inverno\/#breadcrumb"},"inLanguage":"pt-PT","potentialAction":[{"@type":"ReadAction","target":["https:\/\/portaltela.pt\/noticias\/2026\/01\/20\/nac-fica-em-segundo-no-distrital-de-inverno\/"]}]},{"@type":"ImageObject","inLanguage":"pt-PT","@id":"https:\/\/portaltela.pt\/noticias\/2026\/01\/20\/nac-fica-em-segundo-no-distrital-de-inverno\/#primaryimage","url":"https:\/\/portaltela.pt\/s.01k8rhncp4jt1\/2026\/01\/unnamed-file-4216.jpg","contentUrl":"https:\/\/portaltela.pt\/s.01k8rhncp4jt1\/2026\/01\/unnamed-file-4216.jpg","width":796,"height":448,"caption":"Photo"},{"@type":"BreadcrumbList","@id":"https:\/\/portaltela.pt\/noticias\/2026\/01\/20\/nac-fica-em-segundo-no-distrital-de-inverno\/#breadcrumb","itemListElement":[{"@type":"ListItem","position":1,"name":"In\u00edcio","item":"https:\/\/portaltela.pt\/"},{"@type":"ListItem","position":2,"name":"NAC fica em segundo no distrital de Inverno"}]},{"@type":"WebSite","@id":"https:\/\/portaltela.pt\/#website","url":"https:\/\/portaltela.pt\/","name":"Portal Tela Portugal","description":"","potentialAction":[{"@type":"SearchAction","target":{"@type":"EntryPoint","urlTemplate":"https:\/\/portaltela.pt\/?s={search_term_string}"},"query-input":{"@type":"PropertyValueSpecification","valueRequired":true,"valueName":"search_term_string"}}],"inLanguage":"pt-PT"},{"@type":"Person","@id":"https:\/\/portaltela.pt\/#\/schema\/person\/c4278d4a6028830caff9ee44b42d32ed","name":"Telinha","image":{"@type":"ImageObject","inLanguage":"pt-PT","@id":"https:\/\/portaltela.pt\/s.01k8rhncp4jt1\/2025\/11\/talking-bot-125x125.png","url":"https:\/\/portaltela.pt\/s.01k8rhncp4jt1\/2025\/11\/talking-bot-125x125.png","contentUrl":"https:\/\/portaltela.pt\/s.01k8rhncp4jt1\/2025\/11\/talking-bot-125x125.png","caption":"Telinha"},"sameAs":["https:\/\/portaltela.pt\/"],"url":"https:\/\/portaltela.pt\/por\/367410592786\/"}]}},"_links":{"self":[{"href":"https:\/\/portaltela.pt\/api\/wp\/v2\/posts\/157814","targetHints":{"allow":["GET"]}}],"collection":[{"href":"https:\/\/portaltela.pt\/api\/wp\/v2\/posts"}],"about":[{"href":"https:\/\/portaltela.pt\/api\/wp\/v2\/types\/post"}],"author":[{"embeddable":true,"href":"https:\/\/portaltela.pt\/api\/wp\/v2\/users\/2"}],"replies":[{"embeddable":true,"href":"https:\/\/portaltela.pt\/api\/wp\/v2\/comments?post=157814"}],"version-history":[{"count":0,"href":"https:\/\/portaltela.pt\/api\/wp\/v2\/posts\/157814\/revisions"}],"wp:featuredmedia":[{"embeddable":true,"href":"https:\/\/portaltela.pt\/api\/wp\/v2\/media\/157872"}],"wp:attachment":[{"href":"https:\/\/portaltela.pt\/api\/wp\/v2\/media?parent=157814"}],"wp:term":[{"taxonomy":"category","embeddable":true,"href":"https:\/\/portaltela.pt\/api\/wp\/v2\/categories?post=157814"},{"taxonomy":"post_tag","embeddable":true,"href":"https:\/\/portaltela.pt\/api\/wp\/v2\/tags?post=157814"}],"curies":[{"name":"wp","href":"https:\/\/api.w.org\/{rel}","templated":true}]}}