{"id":157810,"date":"2026-01-20T16:47:00","date_gmt":"2026-01-20T19:47:00","guid":{"rendered":"https:\/\/portaltela.pt\/noticias\/2026\/01\/20\/ministra-da-justica-espera-apresentar-plano-de-reorganizacao-das-prisoes-ate-marco\/"},"modified":"2026-01-20T16:47:00","modified_gmt":"2026-01-20T19:47:00","slug":"ministra-da-justica-espera-apresentar-plano-de-reorganizacao-das-prisoes-ate-marco","status":"publish","type":"post","link":"https:\/\/portaltela.pt\/noticias\/2026\/01\/20\/ministra-da-justica-espera-apresentar-plano-de-reorganizacao-das-prisoes-ate-marco\/","title":{"rendered":"Ministra da Justi\u00e7a espera apresentar plano de reorganiza\u00e7\u00e3o das pris\u00f5es at\u00e9 mar\u00e7o"},"content":{"rendered":"<p>A ministra da Justi\u00e7a afirmou no parlamento que est\u00e1 a avan\u00e7ar a instala\u00e7\u00e3o de inibidores de sinal nas pris\u00f5es, com especial foco na cadeia de Vale de Judeus, onde cinco reclusos fugiram em 2024. O objetivo \u00e9, se o piloto for bem-sucedido, estender a medida aos restantes estabelecimentos prisionais.<\/p>\n<p>Durante a sess\u00e3o da Comiss\u00e3o de Assuntos Constitucionais, Direitos, Liberdades e Garantias, Rita Alarc\u00e3o J\u00fadice explicou que a conclus\u00e3o do contrato decorreu atrav\u00e9s de uma contrata\u00e7\u00e3o exclu\u00edda por motivos de seguran\u00e7a, e que houve atrasos no desembara\u00e7o dos equipamentos, j\u00e1 que n\u00e3o existem produtores nacionais e os aparelhos foram importados.<\/p>\n<p>Al\u00e9m de bloquear o sinal dos telem\u00f3veis, os inibidores de sinal impedem tamb\u00e9m o uso de drones, frequentemente usados para introduzir droga e telefones nas pris\u00f5es, afirmou a ministra. O tema gerou v\u00e1rios retos de seguran\u00e7a na plateia.<\/p>\n<h3>Plano de reorganiza\u00e7\u00e3o das pris\u00f5es<\/h3>\n<p>A governante disse que o plano de reorganiza\u00e7\u00e3o dever\u00e1 ficar conclu\u00eddo at\u00e9 mar\u00e7o, com propostas j\u00e1 apresentadas pela Dire\u00e7\u00e3o-Geral de Reinser\u00e7\u00e3o e Servi\u00e7os Prisionais. Algumas propostas encontram-se em desalinhamento com a vis\u00e3o do Minist\u00e9rio.<\/p>\n<p>Foram apontadas mudan\u00e7as estruturais como priorit\u00e1rias, incluindo a cria\u00e7\u00e3o de uma unidade de sa\u00fade mental na pris\u00e3o de Santa Cruz do Bispo. A ministra destacou que solu\u00e7\u00f5es mais estruturais s\u00e3o necess\u00e1rias para melhorar o sistema prisional.<\/p>\n<h3>Desafios e op\u00e7\u00f5es de gest\u00e3o<\/h3>\n<p>Sobre o encerramento do Estabelecimento Prisional de Lisboa, a titular da pasta reconheceu o desafio, dada a exist\u00eancia de cerca de 800 presos acima da lota\u00e7\u00e3o. N\u00e3o \u00e9 expect\u00e1vel uma redu\u00e7\u00e3o r\u00e1pida de casos de overbooking, admitiu.<\/p>\n<p>Entre as op\u00e7\u00f5es em estudo para reorganizar o sistema, destaca-se a poss\u00edvel requalifica\u00e7\u00e3o do reduto sul da pris\u00e3o de Caxias, que se encontra devoluto, em vez de constru\u00e7\u00e3o de novas infraestruturas. A ideia \u00e9 remodelar o que j\u00e1 existe.<\/p>\n<h3>Indultos e situa\u00e7\u00e3o dos processos<\/h3>\n<p>Questionada sobre indultos, Rita Alarc\u00e3o J\u00fadice explicou que n\u00e3o foram enviados reparos ao Presidente da Rep\u00fablica. Os pedidos, analisados por advogados, reclusos ou familiares, n\u00e3o cumpriram os crit\u00e9rios necess\u00e1rios. Mais de metade destes casos envolvem crimes contra menores e mulheres.<\/p>\n","protected":false},"excerpt":{"rendered":"<ul>\n<li>A ministra da Justi\u00e7a, Rita Alarc\u00e3o J\u00fadice, disse no parlamento que os inibidores de sinal j\u00e1 est\u00e3o a ser instalados na cadeia de Vale de Judeus e que espera ter um plano de reorganiza\u00e7\u00e3o das pris\u00f5es at\u00e9 mar\u00e7o.<\/li>\n<li>O projeto-piloto de inibidores de sinal, ligado \u00e0 fuga de cinco presos em 2024, ficar\u00e1 em pr\u00e1tica brevemente e, se bem-sucedido, poder\u00e1 ser aplicado nos restantes estabelecimentos prisionais.<\/li>\n<li>A instala\u00e7\u00e3o deveria ter ficado conclu\u00edda no final de 2025; o atraso deveu-se a contrata\u00e7\u00e3o exclu\u00edda por motivos de seguran\u00e7a e a dificuldades na desalfandega de equipamentos importados.<\/li>\n<li>Al\u00e9m de bloquear telem\u00f3veis, os inibidores tamb\u00e9m bloqueiam drones, usados para largar droga e telem\u00f3veis nas pris\u00f5es.<\/li>\n<li>A ministra abordou a sobrelota\u00e7\u00e3o, a necessidade de altera\u00e7\u00f5es estruturais, a poss\u00edvel requalifica\u00e7\u00e3o do reduto sul da pris\u00e3o de Caxias e a cria\u00e7\u00e3o de uma unidade de sa\u00fade mental em Santa Cruz do Bispo; n\u00e3o houve envio de indultos ao Presidente, com mais de metade dos pedidos relacionados com viol\u00eancia contra menores e mulheres.<\/li>\n<\/ul>\n","protected":false},"author":2,"featured_media":157815,"comment_status":"closed","ping_status":"closed","sticky":false,"template":"","format":"standard","meta":{"footnotes":""},"categories":[1],"tags":[2633,2221,3604,803,981,250],"class_list":["post-157810","post","type-post","status-publish","format-standard","has-post-thumbnail","hentry","category-noticias","tag-direitos-humanos","tag-exploracao-de-menores-dependente-ou-em-situacao-vulneravel","tag-indultos","tag-justica","tag-lisboa","tag-seguranca-publica"],"yoast_head":"<!-- This site is optimized with the Yoast SEO plugin v27.2 - https:\/\/yoast.com\/product\/yoast-seo-wordpress\/ -->\n<title>Ministra da Justi\u00e7a espera apresentar plano de reorganiza\u00e7\u00e3o das pris\u00f5es at\u00e9 mar\u00e7o - Portal Tela Portugal<\/title>\n<meta name=\"robots\" content=\"index, follow, max-snippet:-1, max-image-preview:large, max-video-preview:-1\" \/>\n<meta property=\"og:locale\" content=\"pt_PT\" \/>\n<meta property=\"og:type\" content=\"article\" \/>\n<meta property=\"og:title\" content=\"Ministra da Justi\u00e7a espera apresentar plano de reorganiza\u00e7\u00e3o das pris\u00f5es at\u00e9 mar\u00e7o - Portal Tela Portugal\" \/>\n<meta property=\"og:description\" content=\"A ministra da Justi\u00e7a, Rita Alarc\u00e3o J\u00fadice, disse no parlamento que os inibidores de sinal j\u00e1 est\u00e3o a ser instalados na cadeia de Vale de Judeus e que espera ter um plano de reorganiza\u00e7\u00e3o das pris\u00f5es at\u00e9 mar\u00e7o. O projeto-piloto de inibidores de sinal, ligado \u00e0 fuga de cinco presos em 2024, ficar\u00e1 em pr\u00e1tica brevemente e, se bem-sucedido, poder\u00e1 ser aplicado nos restantes estabelecimentos prisionais. A instala\u00e7\u00e3o deveria ter ficado conclu\u00edda no final de 2025; o atraso deveu-se a contrata\u00e7\u00e3o exclu\u00edda por motivos de seguran\u00e7a e a dificuldades na desalfandega de equipamentos importados. Al\u00e9m de bloquear telem\u00f3veis, os inibidores tamb\u00e9m bloqueiam drones, usados para largar droga e telem\u00f3veis nas pris\u00f5es. A ministra abordou a sobrelota\u00e7\u00e3o, a necessidade de altera\u00e7\u00f5es estruturais, a poss\u00edvel requalifica\u00e7\u00e3o do reduto sul da pris\u00e3o de Caxias e a cria\u00e7\u00e3o de uma unidade de sa\u00fade mental em Santa Cruz do Bispo; n\u00e3o houve envio de indultos ao Presidente, com mais de metade dos pedidos relacionados com viol\u00eancia contra menores e mulheres.\" \/>\n<meta property=\"og:url\" content=\"https:\/\/portaltela.pt\/noticias\/2026\/01\/20\/ministra-da-justica-espera-apresentar-plano-de-reorganizacao-das-prisoes-ate-marco\/\" \/>\n<meta property=\"og:site_name\" content=\"Portal Tela Portugal\" \/>\n<meta property=\"article:published_time\" content=\"2026-01-20T19:47:00+00:00\" \/>\n<meta name=\"author\" content=\"Telinha\" \/>\n<meta name=\"twitter:card\" content=\"summary_large_image\" \/>\n<meta name=\"twitter:label1\" content=\"Escrito por\" \/>\n\t<meta name=\"twitter:data1\" content=\"Telinha\" \/>\n\t<meta name=\"twitter:label2\" content=\"Tempo estimado de leitura\" \/>\n\t<meta name=\"twitter:data2\" content=\"2 minutos\" \/>\n<script type=\"application\/ld+json\" class=\"yoast-schema-graph\">{\"@context\":\"https:\/\/schema.org\",\"@graph\":[{\"@type\":\"Article\",\"@id\":\"https:\/\/portaltela.pt\/noticias\/2026\/01\/20\/ministra-da-justica-espera-apresentar-plano-de-reorganizacao-das-prisoes-ate-marco\/#article\",\"isPartOf\":{\"@id\":\"https:\/\/portaltela.pt\/noticias\/2026\/01\/20\/ministra-da-justica-espera-apresentar-plano-de-reorganizacao-das-prisoes-ate-marco\/\"},\"author\":{\"name\":\"Telinha\",\"@id\":\"https:\/\/portaltela.pt\/#\/schema\/person\/c4278d4a6028830caff9ee44b42d32ed\"},\"headline\":\"Ministra da Justi\u00e7a espera apresentar plano de reorganiza\u00e7\u00e3o das pris\u00f5es at\u00e9 mar\u00e7o\",\"datePublished\":\"2026-01-20T19:47:00+00:00\",\"mainEntityOfPage\":{\"@id\":\"https:\/\/portaltela.pt\/noticias\/2026\/01\/20\/ministra-da-justica-espera-apresentar-plano-de-reorganizacao-das-prisoes-ate-marco\/\"},\"wordCount\":409,\"image\":{\"@id\":\"https:\/\/portaltela.pt\/noticias\/2026\/01\/20\/ministra-da-justica-espera-apresentar-plano-de-reorganizacao-das-prisoes-ate-marco\/#primaryimage\"},\"thumbnailUrl\":\"https:\/\/portaltela.pt\/s.01k8rhncp4jt1\/2026\/01\/img_1500x1000uu2026-01-16-00-06-46-2260535.jpg\",\"keywords\":[\"direitos humanos\",\"explora\u00e7\u00e3o de menores dependente ou em situa\u00e7\u00e3o vulner\u00e1vel\",\"indultos\",\"justi\u00e7a\",\"Lisboa\",\"seguran\u00e7a p\u00fablica\"],\"articleSection\":[\"Not\u00edcias\"],\"inLanguage\":\"pt-PT\"},{\"@type\":\"WebPage\",\"@id\":\"https:\/\/portaltela.pt\/noticias\/2026\/01\/20\/ministra-da-justica-espera-apresentar-plano-de-reorganizacao-das-prisoes-ate-marco\/\",\"url\":\"https:\/\/portaltela.pt\/noticias\/2026\/01\/20\/ministra-da-justica-espera-apresentar-plano-de-reorganizacao-das-prisoes-ate-marco\/\",\"name\":\"Ministra da Justi\u00e7a espera apresentar plano de reorganiza\u00e7\u00e3o das pris\u00f5es at\u00e9 mar\u00e7o - Portal Tela Portugal\",\"isPartOf\":{\"@id\":\"https:\/\/portaltela.pt\/#website\"},\"primaryImageOfPage\":{\"@id\":\"https:\/\/portaltela.pt\/noticias\/2026\/01\/20\/ministra-da-justica-espera-apresentar-plano-de-reorganizacao-das-prisoes-ate-marco\/#primaryimage\"},\"image\":{\"@id\":\"https:\/\/portaltela.pt\/noticias\/2026\/01\/20\/ministra-da-justica-espera-apresentar-plano-de-reorganizacao-das-prisoes-ate-marco\/#primaryimage\"},\"thumbnailUrl\":\"https:\/\/portaltela.pt\/s.01k8rhncp4jt1\/2026\/01\/img_1500x1000uu2026-01-16-00-06-46-2260535.jpg\",\"datePublished\":\"2026-01-20T19:47:00+00:00\",\"author\":{\"@id\":\"https:\/\/portaltela.pt\/#\/schema\/person\/c4278d4a6028830caff9ee44b42d32ed\"},\"breadcrumb\":{\"@id\":\"https:\/\/portaltela.pt\/noticias\/2026\/01\/20\/ministra-da-justica-espera-apresentar-plano-de-reorganizacao-das-prisoes-ate-marco\/#breadcrumb\"},\"inLanguage\":\"pt-PT\",\"potentialAction\":[{\"@type\":\"ReadAction\",\"target\":[\"https:\/\/portaltela.pt\/noticias\/2026\/01\/20\/ministra-da-justica-espera-apresentar-plano-de-reorganizacao-das-prisoes-ate-marco\/\"]}]},{\"@type\":\"ImageObject\",\"inLanguage\":\"pt-PT\",\"@id\":\"https:\/\/portaltela.pt\/noticias\/2026\/01\/20\/ministra-da-justica-espera-apresentar-plano-de-reorganizacao-das-prisoes-ate-marco\/#primaryimage\",\"url\":\"https:\/\/portaltela.pt\/s.01k8rhncp4jt1\/2026\/01\/img_1500x1000uu2026-01-16-00-06-46-2260535.jpg\",\"contentUrl\":\"https:\/\/portaltela.pt\/s.01k8rhncp4jt1\/2026\/01\/img_1500x1000uu2026-01-16-00-06-46-2260535.jpg\",\"width\":796,\"height\":448,\"caption\":\"Vale de Judeus\"},{\"@type\":\"BreadcrumbList\",\"@id\":\"https:\/\/portaltela.pt\/noticias\/2026\/01\/20\/ministra-da-justica-espera-apresentar-plano-de-reorganizacao-das-prisoes-ate-marco\/#breadcrumb\",\"itemListElement\":[{\"@type\":\"ListItem\",\"position\":1,\"name\":\"In\u00edcio\",\"item\":\"https:\/\/portaltela.pt\/\"},{\"@type\":\"ListItem\",\"position\":2,\"name\":\"Ministra da Justi\u00e7a espera apresentar plano de reorganiza\u00e7\u00e3o das pris\u00f5es at\u00e9 mar\u00e7o\"}]},{\"@type\":\"WebSite\",\"@id\":\"https:\/\/portaltela.pt\/#website\",\"url\":\"https:\/\/portaltela.pt\/\",\"name\":\"Portal Tela Portugal\",\"description\":\"\",\"potentialAction\":[{\"@type\":\"SearchAction\",\"target\":{\"@type\":\"EntryPoint\",\"urlTemplate\":\"https:\/\/portaltela.pt\/?s={search_term_string}\"},\"query-input\":{\"@type\":\"PropertyValueSpecification\",\"valueRequired\":true,\"valueName\":\"search_term_string\"}}],\"inLanguage\":\"pt-PT\"},{\"@type\":\"Person\",\"@id\":\"https:\/\/portaltela.pt\/#\/schema\/person\/c4278d4a6028830caff9ee44b42d32ed\",\"name\":\"Telinha\",\"image\":{\"@type\":\"ImageObject\",\"inLanguage\":\"pt-PT\",\"@id\":\"https:\/\/portaltela.pt\/s.01k8rhncp4jt1\/2025\/11\/talking-bot-125x125.png\",\"url\":\"https:\/\/portaltela.pt\/s.01k8rhncp4jt1\/2025\/11\/talking-bot-125x125.png\",\"contentUrl\":\"https:\/\/portaltela.pt\/s.01k8rhncp4jt1\/2025\/11\/talking-bot-125x125.png\",\"caption\":\"Telinha\"},\"sameAs\":[\"https:\/\/portaltela.pt\/\"],\"url\":\"https:\/\/portaltela.pt\/por\/367410592786\/\"}]}<\/script>\n<!-- \/ Yoast SEO plugin. -->","yoast_head_json":{"title":"Ministra da Justi\u00e7a espera apresentar plano de reorganiza\u00e7\u00e3o das pris\u00f5es at\u00e9 mar\u00e7o - Portal Tela Portugal","robots":{"index":"index","follow":"follow","max-snippet":"max-snippet:-1","max-image-preview":"max-image-preview:large","max-video-preview":"max-video-preview:-1"},"og_locale":"pt_PT","og_type":"article","og_title":"Ministra da Justi\u00e7a espera apresentar plano de reorganiza\u00e7\u00e3o das pris\u00f5es at\u00e9 mar\u00e7o - Portal Tela Portugal","og_description":"A ministra da Justi\u00e7a, Rita Alarc\u00e3o J\u00fadice, disse no parlamento que os inibidores de sinal j\u00e1 est\u00e3o a ser instalados na cadeia de Vale de Judeus e que espera ter um plano de reorganiza\u00e7\u00e3o das pris\u00f5es at\u00e9 mar\u00e7o. O projeto-piloto de inibidores de sinal, ligado \u00e0 fuga de cinco presos em 2024, ficar\u00e1 em pr\u00e1tica brevemente e, se bem-sucedido, poder\u00e1 ser aplicado nos restantes estabelecimentos prisionais. A instala\u00e7\u00e3o deveria ter ficado conclu\u00edda no final de 2025; o atraso deveu-se a contrata\u00e7\u00e3o exclu\u00edda por motivos de seguran\u00e7a e a dificuldades na desalfandega de equipamentos importados. Al\u00e9m de bloquear telem\u00f3veis, os inibidores tamb\u00e9m bloqueiam drones, usados para largar droga e telem\u00f3veis nas pris\u00f5es. A ministra abordou a sobrelota\u00e7\u00e3o, a necessidade de altera\u00e7\u00f5es estruturais, a poss\u00edvel requalifica\u00e7\u00e3o do reduto sul da pris\u00e3o de Caxias e a cria\u00e7\u00e3o de uma unidade de sa\u00fade mental em Santa Cruz do Bispo; n\u00e3o houve envio de indultos ao Presidente, com mais de metade dos pedidos relacionados com viol\u00eancia contra menores e mulheres.","og_url":"https:\/\/portaltela.pt\/noticias\/2026\/01\/20\/ministra-da-justica-espera-apresentar-plano-de-reorganizacao-das-prisoes-ate-marco\/","og_site_name":"Portal Tela Portugal","article_published_time":"2026-01-20T19:47:00+00:00","author":"Telinha","twitter_card":"summary_large_image","twitter_misc":{"Escrito por":"Telinha","Tempo estimado de leitura":"2 minutos"},"schema":{"@context":"https:\/\/schema.org","@graph":[{"@type":"Article","@id":"https:\/\/portaltela.pt\/noticias\/2026\/01\/20\/ministra-da-justica-espera-apresentar-plano-de-reorganizacao-das-prisoes-ate-marco\/#article","isPartOf":{"@id":"https:\/\/portaltela.pt\/noticias\/2026\/01\/20\/ministra-da-justica-espera-apresentar-plano-de-reorganizacao-das-prisoes-ate-marco\/"},"author":{"name":"Telinha","@id":"https:\/\/portaltela.pt\/#\/schema\/person\/c4278d4a6028830caff9ee44b42d32ed"},"headline":"Ministra da Justi\u00e7a espera apresentar plano de reorganiza\u00e7\u00e3o das pris\u00f5es at\u00e9 mar\u00e7o","datePublished":"2026-01-20T19:47:00+00:00","mainEntityOfPage":{"@id":"https:\/\/portaltela.pt\/noticias\/2026\/01\/20\/ministra-da-justica-espera-apresentar-plano-de-reorganizacao-das-prisoes-ate-marco\/"},"wordCount":409,"image":{"@id":"https:\/\/portaltela.pt\/noticias\/2026\/01\/20\/ministra-da-justica-espera-apresentar-plano-de-reorganizacao-das-prisoes-ate-marco\/#primaryimage"},"thumbnailUrl":"https:\/\/portaltela.pt\/s.01k8rhncp4jt1\/2026\/01\/img_1500x1000uu2026-01-16-00-06-46-2260535.jpg","keywords":["direitos humanos","explora\u00e7\u00e3o de menores dependente ou em situa\u00e7\u00e3o vulner\u00e1vel","indultos","justi\u00e7a","Lisboa","seguran\u00e7a p\u00fablica"],"articleSection":["Not\u00edcias"],"inLanguage":"pt-PT"},{"@type":"WebPage","@id":"https:\/\/portaltela.pt\/noticias\/2026\/01\/20\/ministra-da-justica-espera-apresentar-plano-de-reorganizacao-das-prisoes-ate-marco\/","url":"https:\/\/portaltela.pt\/noticias\/2026\/01\/20\/ministra-da-justica-espera-apresentar-plano-de-reorganizacao-das-prisoes-ate-marco\/","name":"Ministra da Justi\u00e7a espera apresentar plano de reorganiza\u00e7\u00e3o das pris\u00f5es at\u00e9 mar\u00e7o - Portal Tela Portugal","isPartOf":{"@id":"https:\/\/portaltela.pt\/#website"},"primaryImageOfPage":{"@id":"https:\/\/portaltela.pt\/noticias\/2026\/01\/20\/ministra-da-justica-espera-apresentar-plano-de-reorganizacao-das-prisoes-ate-marco\/#primaryimage"},"image":{"@id":"https:\/\/portaltela.pt\/noticias\/2026\/01\/20\/ministra-da-justica-espera-apresentar-plano-de-reorganizacao-das-prisoes-ate-marco\/#primaryimage"},"thumbnailUrl":"https:\/\/portaltela.pt\/s.01k8rhncp4jt1\/2026\/01\/img_1500x1000uu2026-01-16-00-06-46-2260535.jpg","datePublished":"2026-01-20T19:47:00+00:00","author":{"@id":"https:\/\/portaltela.pt\/#\/schema\/person\/c4278d4a6028830caff9ee44b42d32ed"},"breadcrumb":{"@id":"https:\/\/portaltela.pt\/noticias\/2026\/01\/20\/ministra-da-justica-espera-apresentar-plano-de-reorganizacao-das-prisoes-ate-marco\/#breadcrumb"},"inLanguage":"pt-PT","potentialAction":[{"@type":"ReadAction","target":["https:\/\/portaltela.pt\/noticias\/2026\/01\/20\/ministra-da-justica-espera-apresentar-plano-de-reorganizacao-das-prisoes-ate-marco\/"]}]},{"@type":"ImageObject","inLanguage":"pt-PT","@id":"https:\/\/portaltela.pt\/noticias\/2026\/01\/20\/ministra-da-justica-espera-apresentar-plano-de-reorganizacao-das-prisoes-ate-marco\/#primaryimage","url":"https:\/\/portaltela.pt\/s.01k8rhncp4jt1\/2026\/01\/img_1500x1000uu2026-01-16-00-06-46-2260535.jpg","contentUrl":"https:\/\/portaltela.pt\/s.01k8rhncp4jt1\/2026\/01\/img_1500x1000uu2026-01-16-00-06-46-2260535.jpg","width":796,"height":448,"caption":"Vale de Judeus"},{"@type":"BreadcrumbList","@id":"https:\/\/portaltela.pt\/noticias\/2026\/01\/20\/ministra-da-justica-espera-apresentar-plano-de-reorganizacao-das-prisoes-ate-marco\/#breadcrumb","itemListElement":[{"@type":"ListItem","position":1,"name":"In\u00edcio","item":"https:\/\/portaltela.pt\/"},{"@type":"ListItem","position":2,"name":"Ministra da Justi\u00e7a espera apresentar plano de reorganiza\u00e7\u00e3o das pris\u00f5es at\u00e9 mar\u00e7o"}]},{"@type":"WebSite","@id":"https:\/\/portaltela.pt\/#website","url":"https:\/\/portaltela.pt\/","name":"Portal Tela Portugal","description":"","potentialAction":[{"@type":"SearchAction","target":{"@type":"EntryPoint","urlTemplate":"https:\/\/portaltela.pt\/?s={search_term_string}"},"query-input":{"@type":"PropertyValueSpecification","valueRequired":true,"valueName":"search_term_string"}}],"inLanguage":"pt-PT"},{"@type":"Person","@id":"https:\/\/portaltela.pt\/#\/schema\/person\/c4278d4a6028830caff9ee44b42d32ed","name":"Telinha","image":{"@type":"ImageObject","inLanguage":"pt-PT","@id":"https:\/\/portaltela.pt\/s.01k8rhncp4jt1\/2025\/11\/talking-bot-125x125.png","url":"https:\/\/portaltela.pt\/s.01k8rhncp4jt1\/2025\/11\/talking-bot-125x125.png","contentUrl":"https:\/\/portaltela.pt\/s.01k8rhncp4jt1\/2025\/11\/talking-bot-125x125.png","caption":"Telinha"},"sameAs":["https:\/\/portaltela.pt\/"],"url":"https:\/\/portaltela.pt\/por\/367410592786\/"}]}},"_links":{"self":[{"href":"https:\/\/portaltela.pt\/api\/wp\/v2\/posts\/157810","targetHints":{"allow":["GET"]}}],"collection":[{"href":"https:\/\/portaltela.pt\/api\/wp\/v2\/posts"}],"about":[{"href":"https:\/\/portaltela.pt\/api\/wp\/v2\/types\/post"}],"author":[{"embeddable":true,"href":"https:\/\/portaltela.pt\/api\/wp\/v2\/users\/2"}],"replies":[{"embeddable":true,"href":"https:\/\/portaltela.pt\/api\/wp\/v2\/comments?post=157810"}],"version-history":[{"count":0,"href":"https:\/\/portaltela.pt\/api\/wp\/v2\/posts\/157810\/revisions"}],"wp:featuredmedia":[{"embeddable":true,"href":"https:\/\/portaltela.pt\/api\/wp\/v2\/media\/157815"}],"wp:attachment":[{"href":"https:\/\/portaltela.pt\/api\/wp\/v2\/media?parent=157810"}],"wp:term":[{"taxonomy":"category","embeddable":true,"href":"https:\/\/portaltela.pt\/api\/wp\/v2\/categories?post=157810"},{"taxonomy":"post_tag","embeddable":true,"href":"https:\/\/portaltela.pt\/api\/wp\/v2\/tags?post=157810"}],"curies":[{"name":"wp","href":"https:\/\/api.w.org\/{rel}","templated":true}]}}