{"id":157759,"date":"2026-01-20T16:23:00","date_gmt":"2026-01-20T19:23:00","guid":{"rendered":"https:\/\/portaltela.pt\/noticias\/2026\/01\/20\/curdos-e-forcas-sirias-tentam-nova-tregua-de-quatro-dias\/"},"modified":"2026-01-20T16:23:00","modified_gmt":"2026-01-20T19:23:00","slug":"curdos-e-forcas-sirias-tentam-nova-tregua-de-quatro-dias","status":"publish","type":"post","link":"https:\/\/portaltela.pt\/noticias\/internacional\/2026\/01\/20\/curdos-e-forcas-sirias-tentam-nova-tregua-de-quatro-dias\/","title":{"rendered":"Curdos e for\u00e7as s\u00edrias tentam nova tr\u00e9gua de quatro dias"},"content":{"rendered":"<p>O Governo s\u00edrio anunciou um novo cessar-fogo com as For\u00e7as Democr\u00e1ticas S\u00edrias (SDF) por quatro dias, com o objetivo de definir a integra\u00e7\u00e3o da prov\u00edncia de Hasakah no Estado central. O acordo impede a entrada de for\u00e7as s\u00edrias nos centros de Hasakah e Qamishli, caso haja um entendimento.<\/p>\n<p>O an\u00fancio foi feito pela ag\u00eancia estatal Sana, citando a presid\u00eancia s\u00edria. O objetivo \u00e9 chegar a um acordo sobre a integra\u00e7\u00e3o das for\u00e7as militares curdas e das institui\u00e7\u00f5es civis da prov\u00edncia nas estruturas do Ex\u00e9rcito e do Governo de Damasco.<\/p>\n<p>Acordo em quatro dias para Hasakah. Caso seja alcan\u00e7ado, as for\u00e7as s\u00edrias n\u00e3o entrar\u00e3o nas cidades, apenas nos arredores, durante as negocia\u00e7\u00f5es sobre o calend\u00e1rio e os detalhes da integra\u00e7\u00e3o. As aldeias curdas permanecer\u00e3o livres de desloca\u00e7\u00f5es militares, salvo pela presen\u00e7a de for\u00e7as de seguran\u00e7a locais.<\/p>\n<p>Qamishli e Hasakah permanecer\u00e3o sob controlo central apenas com uma presen\u00e7a limitada, enquanto as conversa\u00e7\u00f5es seguem. O Transito entre as zonas administrativas curdas e o centro permanece em discuss\u00e3o, com garantias de direitos lingu\u00edsticos e culturais para a popula\u00e7\u00e3o curda.<\/p>\n<p>Mazloum Abdi, l\u00edder das SDF, dever\u00e1 apresentar ao governo de Sharaa um candidato para o cargo de vice-ministro da Defesa. Participa tamb\u00e9m a proposta de um governador para Hasakah e nomes para representa\u00e7\u00f5es na Assembleia Popular, entre outros nomes para as institui\u00e7\u00f5es estatais s\u00edrias.<\/p>\n<p>A posi\u00e7\u00e3o acordada prev\u00ea a integra\u00e7\u00e3o de todas as for\u00e7as militares e de seguran\u00e7a das SDF no Minist\u00e9rio da Defesa e no Minist\u00e9rio do Interior, bem como a incorpora\u00e7\u00e3o das institui\u00e7\u00f5es civis provinciais no aparato estatal s\u00edrio. Discuss\u00f5es sobre um mecanismo detalhado continuam em aberto.<\/p>\n<p>EUA veem Damasco como principal parceiro. Segundo a Al-Jazeera, Tom Barrack, enviado americano para a S\u00edria, afirmou que o Estado s\u00edrio passa a liderar a luta contra o Daesh, papel anteriormente assumido pelas SDF. Os washingtonianos ressaltaram a necessidade de prote\u00e7\u00e3o dos direitos curdos.<\/p>\n<p>A recente controv\u00e9rsia envolve a pris\u00e3o de Shaddid, onde milhares de militantes do Daesh permanecem detidos. Ataques de fac\u00e7\u00f5es ligadas ao Ex\u00e9rcito s\u00edrio contra as SDF ter\u00e3o dificultado o apoio da coliga\u00e7\u00e3o internacional, segundo relatos de campo.<\/p>\n<p>Segundo a ag\u00eancia, 81 dos 120 combatentes do Daesh que fugiram da pris\u00e3o de Shaddid foram capturados, com as partes a responsabilizarem-se mutuamente pela fuga. Os incidentes e a resposta das parte envolvidas continuam a evoluir em Hasakah e arredores.<\/p>\n","protected":false},"excerpt":{"rendered":"<ul>\n<li>Governo s\u00edrio e For\u00e7as Democr\u00e1ticas S\u00edrias acordam um cessar-fogo de quatro dias para discutir a integra\u00e7\u00e3o da prov\u00edncia de Hasakah no Estado s\u00edrio.<\/li>\n<li>Se houver acordo de integra\u00e7\u00e3o das for\u00e7as curdas e das institui\u00e7\u00f5es civis, o Ex\u00e9rcito s\u00edrio n\u00e3o entrar\u00e1 nos centros das cidades de Hasakah e Qamishli.<\/li>\n<li>O Ex\u00e9rcito ficar\u00e1 apenas nos arredores das cidades; n\u00e3o haver\u00e1 for\u00e7as armadas nas aldeias curdas, exceto for\u00e7as de seguran\u00e7a locais recrutadas entre os residentes.<\/li>\n<li>Mazloum Abdi, l\u00edder das SDF, vai apresentar candidatos para cargos no governo central, incluindo vice-ministro da Defesa e governador de Hasakah.<\/li>\n<li>Os Estados Unidos posicionam-se como principal parceiro na luta contra o Daesh; 81 combatentes capturados j\u00e1 teriam recuperado, entre 120 que fugiram da pris\u00e3o de Shaddid.<\/li>\n<\/ul>\n","protected":false},"author":2,"featured_media":157779,"comment_status":"closed","ping_status":"closed","sticky":false,"template":"","format":"standard","meta":{"footnotes":""},"categories":[4,1],"tags":[3496,2198,3395,1600,62,2036],"class_list":["post-157759","post","type-post","status-publish","format-standard","has-post-thumbnail","hentry","category-internacional","category-noticias","tag-aliancas-internacionais","tag-conflitos-internacionais","tag-daesh","tag-estados-unidos","tag-guerra","tag-negociacoes-internacionais"],"yoast_head":"<!-- This site is optimized with the Yoast SEO plugin v27.2 - https:\/\/yoast.com\/product\/yoast-seo-wordpress\/ -->\n<title>Curdos e for\u00e7as s\u00edrias tentam nova tr\u00e9gua de quatro dias - Portal Tela Portugal<\/title>\n<meta name=\"robots\" content=\"index, follow, max-snippet:-1, max-image-preview:large, max-video-preview:-1\" \/>\n<meta property=\"og:locale\" content=\"pt_PT\" \/>\n<meta property=\"og:type\" content=\"article\" \/>\n<meta property=\"og:title\" content=\"Curdos e for\u00e7as s\u00edrias tentam nova tr\u00e9gua de quatro dias - Portal Tela Portugal\" \/>\n<meta property=\"og:description\" content=\"Governo s\u00edrio e For\u00e7as Democr\u00e1ticas S\u00edrias acordam um cessar-fogo de quatro dias para discutir a integra\u00e7\u00e3o da prov\u00edncia de Hasakah no Estado s\u00edrio. Se houver acordo de integra\u00e7\u00e3o das for\u00e7as curdas e das institui\u00e7\u00f5es civis, o Ex\u00e9rcito s\u00edrio n\u00e3o entrar\u00e1 nos centros das cidades de Hasakah e Qamishli. O Ex\u00e9rcito ficar\u00e1 apenas nos arredores das cidades; n\u00e3o haver\u00e1 for\u00e7as armadas nas aldeias curdas, exceto for\u00e7as de seguran\u00e7a locais recrutadas entre os residentes. Mazloum Abdi, l\u00edder das SDF, vai apresentar candidatos para cargos no governo central, incluindo vice-ministro da Defesa e governador de Hasakah. Os Estados Unidos posicionam-se como principal parceiro na luta contra o Daesh; 81 combatentes capturados j\u00e1 teriam recuperado, entre 120 que fugiram da pris\u00e3o de Shaddid.\" \/>\n<meta property=\"og:url\" content=\"https:\/\/portaltela.pt\/noticias\/2026\/01\/20\/curdos-e-forcas-sirias-tentam-nova-tregua-de-quatro-dias\/\" \/>\n<meta property=\"og:site_name\" content=\"Portal Tela Portugal\" \/>\n<meta property=\"article:published_time\" content=\"2026-01-20T19:23:00+00:00\" \/>\n<meta name=\"author\" content=\"Telinha\" \/>\n<meta name=\"twitter:card\" content=\"summary_large_image\" \/>\n<meta name=\"twitter:label1\" content=\"Escrito por\" \/>\n\t<meta name=\"twitter:data1\" content=\"Telinha\" \/>\n\t<meta name=\"twitter:label2\" content=\"Tempo estimado de leitura\" \/>\n\t<meta name=\"twitter:data2\" content=\"2 minutos\" \/>\n<script type=\"application\/ld+json\" class=\"yoast-schema-graph\">{\"@context\":\"https:\/\/schema.org\",\"@graph\":[{\"@type\":\"Article\",\"@id\":\"https:\/\/portaltela.pt\/noticias\/2026\/01\/20\/curdos-e-forcas-sirias-tentam-nova-tregua-de-quatro-dias\/#article\",\"isPartOf\":{\"@id\":\"https:\/\/portaltela.pt\/noticias\/2026\/01\/20\/curdos-e-forcas-sirias-tentam-nova-tregua-de-quatro-dias\/\"},\"author\":{\"name\":\"Telinha\",\"@id\":\"https:\/\/portaltela.pt\/#\/schema\/person\/c4278d4a6028830caff9ee44b42d32ed\"},\"headline\":\"Curdos e for\u00e7as s\u00edrias tentam nova tr\u00e9gua de quatro dias\",\"datePublished\":\"2026-01-20T19:23:00+00:00\",\"mainEntityOfPage\":{\"@id\":\"https:\/\/portaltela.pt\/noticias\/2026\/01\/20\/curdos-e-forcas-sirias-tentam-nova-tregua-de-quatro-dias\/\"},\"wordCount\":458,\"image\":{\"@id\":\"https:\/\/portaltela.pt\/noticias\/2026\/01\/20\/curdos-e-forcas-sirias-tentam-nova-tregua-de-quatro-dias\/#primaryimage\"},\"thumbnailUrl\":\"https:\/\/portaltela.pt\/s.01k8rhncp4jt1\/2026\/01\/2060788.jpg\",\"keywords\":[\"alian\u00e7as internacionais\",\"conflitos internacionais\",\"Daesh\",\"Estados Unidos\",\"guerra\",\"negocia\u00e7\u00f5es internacionais\"],\"articleSection\":[\"Internacional\",\"Not\u00edcias\"],\"inLanguage\":\"pt-PT\"},{\"@type\":\"WebPage\",\"@id\":\"https:\/\/portaltela.pt\/noticias\/2026\/01\/20\/curdos-e-forcas-sirias-tentam-nova-tregua-de-quatro-dias\/\",\"url\":\"https:\/\/portaltela.pt\/noticias\/2026\/01\/20\/curdos-e-forcas-sirias-tentam-nova-tregua-de-quatro-dias\/\",\"name\":\"Curdos e for\u00e7as s\u00edrias tentam nova tr\u00e9gua de quatro dias - Portal Tela Portugal\",\"isPartOf\":{\"@id\":\"https:\/\/portaltela.pt\/#website\"},\"primaryImageOfPage\":{\"@id\":\"https:\/\/portaltela.pt\/noticias\/2026\/01\/20\/curdos-e-forcas-sirias-tentam-nova-tregua-de-quatro-dias\/#primaryimage\"},\"image\":{\"@id\":\"https:\/\/portaltela.pt\/noticias\/2026\/01\/20\/curdos-e-forcas-sirias-tentam-nova-tregua-de-quatro-dias\/#primaryimage\"},\"thumbnailUrl\":\"https:\/\/portaltela.pt\/s.01k8rhncp4jt1\/2026\/01\/2060788.jpg\",\"datePublished\":\"2026-01-20T19:23:00+00:00\",\"author\":{\"@id\":\"https:\/\/portaltela.pt\/#\/schema\/person\/c4278d4a6028830caff9ee44b42d32ed\"},\"breadcrumb\":{\"@id\":\"https:\/\/portaltela.pt\/noticias\/2026\/01\/20\/curdos-e-forcas-sirias-tentam-nova-tregua-de-quatro-dias\/#breadcrumb\"},\"inLanguage\":\"pt-PT\",\"potentialAction\":[{\"@type\":\"ReadAction\",\"target\":[\"https:\/\/portaltela.pt\/noticias\/2026\/01\/20\/curdos-e-forcas-sirias-tentam-nova-tregua-de-quatro-dias\/\"]}]},{\"@type\":\"ImageObject\",\"inLanguage\":\"pt-PT\",\"@id\":\"https:\/\/portaltela.pt\/noticias\/2026\/01\/20\/curdos-e-forcas-sirias-tentam-nova-tregua-de-quatro-dias\/#primaryimage\",\"url\":\"https:\/\/portaltela.pt\/s.01k8rhncp4jt1\/2026\/01\/2060788.jpg\",\"contentUrl\":\"https:\/\/portaltela.pt\/s.01k8rhncp4jt1\/2026\/01\/2060788.jpg\",\"width\":796,\"height\":448,\"caption\":\"Estados Unidos dizem que os curdos devem aceitar a integra\u00e7\u00e3o no Governo s\u00edrio, liderado por Ahmed al-Sharaa\"},{\"@type\":\"BreadcrumbList\",\"@id\":\"https:\/\/portaltela.pt\/noticias\/2026\/01\/20\/curdos-e-forcas-sirias-tentam-nova-tregua-de-quatro-dias\/#breadcrumb\",\"itemListElement\":[{\"@type\":\"ListItem\",\"position\":1,\"name\":\"In\u00edcio\",\"item\":\"https:\/\/portaltela.pt\/\"},{\"@type\":\"ListItem\",\"position\":2,\"name\":\"Curdos e for\u00e7as s\u00edrias tentam nova tr\u00e9gua de quatro dias\"}]},{\"@type\":\"WebSite\",\"@id\":\"https:\/\/portaltela.pt\/#website\",\"url\":\"https:\/\/portaltela.pt\/\",\"name\":\"Portal Tela Portugal\",\"description\":\"\",\"potentialAction\":[{\"@type\":\"SearchAction\",\"target\":{\"@type\":\"EntryPoint\",\"urlTemplate\":\"https:\/\/portaltela.pt\/?s={search_term_string}\"},\"query-input\":{\"@type\":\"PropertyValueSpecification\",\"valueRequired\":true,\"valueName\":\"search_term_string\"}}],\"inLanguage\":\"pt-PT\"},{\"@type\":\"Person\",\"@id\":\"https:\/\/portaltela.pt\/#\/schema\/person\/c4278d4a6028830caff9ee44b42d32ed\",\"name\":\"Telinha\",\"image\":{\"@type\":\"ImageObject\",\"inLanguage\":\"pt-PT\",\"@id\":\"https:\/\/portaltela.pt\/s.01k8rhncp4jt1\/2025\/11\/talking-bot-125x125.png\",\"url\":\"https:\/\/portaltela.pt\/s.01k8rhncp4jt1\/2025\/11\/talking-bot-125x125.png\",\"contentUrl\":\"https:\/\/portaltela.pt\/s.01k8rhncp4jt1\/2025\/11\/talking-bot-125x125.png\",\"caption\":\"Telinha\"},\"sameAs\":[\"https:\/\/portaltela.pt\/\"],\"url\":\"https:\/\/portaltela.pt\/por\/367410592786\/\"}]}<\/script>\n<!-- \/ Yoast SEO plugin. -->","yoast_head_json":{"title":"Curdos e for\u00e7as s\u00edrias tentam nova tr\u00e9gua de quatro dias - Portal Tela Portugal","robots":{"index":"index","follow":"follow","max-snippet":"max-snippet:-1","max-image-preview":"max-image-preview:large","max-video-preview":"max-video-preview:-1"},"og_locale":"pt_PT","og_type":"article","og_title":"Curdos e for\u00e7as s\u00edrias tentam nova tr\u00e9gua de quatro dias - Portal Tela Portugal","og_description":"Governo s\u00edrio e For\u00e7as Democr\u00e1ticas S\u00edrias acordam um cessar-fogo de quatro dias para discutir a integra\u00e7\u00e3o da prov\u00edncia de Hasakah no Estado s\u00edrio. Se houver acordo de integra\u00e7\u00e3o das for\u00e7as curdas e das institui\u00e7\u00f5es civis, o Ex\u00e9rcito s\u00edrio n\u00e3o entrar\u00e1 nos centros das cidades de Hasakah e Qamishli. O Ex\u00e9rcito ficar\u00e1 apenas nos arredores das cidades; n\u00e3o haver\u00e1 for\u00e7as armadas nas aldeias curdas, exceto for\u00e7as de seguran\u00e7a locais recrutadas entre os residentes. Mazloum Abdi, l\u00edder das SDF, vai apresentar candidatos para cargos no governo central, incluindo vice-ministro da Defesa e governador de Hasakah. Os Estados Unidos posicionam-se como principal parceiro na luta contra o Daesh; 81 combatentes capturados j\u00e1 teriam recuperado, entre 120 que fugiram da pris\u00e3o de Shaddid.","og_url":"https:\/\/portaltela.pt\/noticias\/2026\/01\/20\/curdos-e-forcas-sirias-tentam-nova-tregua-de-quatro-dias\/","og_site_name":"Portal Tela Portugal","article_published_time":"2026-01-20T19:23:00+00:00","author":"Telinha","twitter_card":"summary_large_image","twitter_misc":{"Escrito por":"Telinha","Tempo estimado de leitura":"2 minutos"},"schema":{"@context":"https:\/\/schema.org","@graph":[{"@type":"Article","@id":"https:\/\/portaltela.pt\/noticias\/2026\/01\/20\/curdos-e-forcas-sirias-tentam-nova-tregua-de-quatro-dias\/#article","isPartOf":{"@id":"https:\/\/portaltela.pt\/noticias\/2026\/01\/20\/curdos-e-forcas-sirias-tentam-nova-tregua-de-quatro-dias\/"},"author":{"name":"Telinha","@id":"https:\/\/portaltela.pt\/#\/schema\/person\/c4278d4a6028830caff9ee44b42d32ed"},"headline":"Curdos e for\u00e7as s\u00edrias tentam nova tr\u00e9gua de quatro dias","datePublished":"2026-01-20T19:23:00+00:00","mainEntityOfPage":{"@id":"https:\/\/portaltela.pt\/noticias\/2026\/01\/20\/curdos-e-forcas-sirias-tentam-nova-tregua-de-quatro-dias\/"},"wordCount":458,"image":{"@id":"https:\/\/portaltela.pt\/noticias\/2026\/01\/20\/curdos-e-forcas-sirias-tentam-nova-tregua-de-quatro-dias\/#primaryimage"},"thumbnailUrl":"https:\/\/portaltela.pt\/s.01k8rhncp4jt1\/2026\/01\/2060788.jpg","keywords":["alian\u00e7as internacionais","conflitos internacionais","Daesh","Estados Unidos","guerra","negocia\u00e7\u00f5es internacionais"],"articleSection":["Internacional","Not\u00edcias"],"inLanguage":"pt-PT"},{"@type":"WebPage","@id":"https:\/\/portaltela.pt\/noticias\/2026\/01\/20\/curdos-e-forcas-sirias-tentam-nova-tregua-de-quatro-dias\/","url":"https:\/\/portaltela.pt\/noticias\/2026\/01\/20\/curdos-e-forcas-sirias-tentam-nova-tregua-de-quatro-dias\/","name":"Curdos e for\u00e7as s\u00edrias tentam nova tr\u00e9gua de quatro dias - Portal Tela Portugal","isPartOf":{"@id":"https:\/\/portaltela.pt\/#website"},"primaryImageOfPage":{"@id":"https:\/\/portaltela.pt\/noticias\/2026\/01\/20\/curdos-e-forcas-sirias-tentam-nova-tregua-de-quatro-dias\/#primaryimage"},"image":{"@id":"https:\/\/portaltela.pt\/noticias\/2026\/01\/20\/curdos-e-forcas-sirias-tentam-nova-tregua-de-quatro-dias\/#primaryimage"},"thumbnailUrl":"https:\/\/portaltela.pt\/s.01k8rhncp4jt1\/2026\/01\/2060788.jpg","datePublished":"2026-01-20T19:23:00+00:00","author":{"@id":"https:\/\/portaltela.pt\/#\/schema\/person\/c4278d4a6028830caff9ee44b42d32ed"},"breadcrumb":{"@id":"https:\/\/portaltela.pt\/noticias\/2026\/01\/20\/curdos-e-forcas-sirias-tentam-nova-tregua-de-quatro-dias\/#breadcrumb"},"inLanguage":"pt-PT","potentialAction":[{"@type":"ReadAction","target":["https:\/\/portaltela.pt\/noticias\/2026\/01\/20\/curdos-e-forcas-sirias-tentam-nova-tregua-de-quatro-dias\/"]}]},{"@type":"ImageObject","inLanguage":"pt-PT","@id":"https:\/\/portaltela.pt\/noticias\/2026\/01\/20\/curdos-e-forcas-sirias-tentam-nova-tregua-de-quatro-dias\/#primaryimage","url":"https:\/\/portaltela.pt\/s.01k8rhncp4jt1\/2026\/01\/2060788.jpg","contentUrl":"https:\/\/portaltela.pt\/s.01k8rhncp4jt1\/2026\/01\/2060788.jpg","width":796,"height":448,"caption":"Estados Unidos dizem que os curdos devem aceitar a integra\u00e7\u00e3o no Governo s\u00edrio, liderado por Ahmed al-Sharaa"},{"@type":"BreadcrumbList","@id":"https:\/\/portaltela.pt\/noticias\/2026\/01\/20\/curdos-e-forcas-sirias-tentam-nova-tregua-de-quatro-dias\/#breadcrumb","itemListElement":[{"@type":"ListItem","position":1,"name":"In\u00edcio","item":"https:\/\/portaltela.pt\/"},{"@type":"ListItem","position":2,"name":"Curdos e for\u00e7as s\u00edrias tentam nova tr\u00e9gua de quatro dias"}]},{"@type":"WebSite","@id":"https:\/\/portaltela.pt\/#website","url":"https:\/\/portaltela.pt\/","name":"Portal Tela Portugal","description":"","potentialAction":[{"@type":"SearchAction","target":{"@type":"EntryPoint","urlTemplate":"https:\/\/portaltela.pt\/?s={search_term_string}"},"query-input":{"@type":"PropertyValueSpecification","valueRequired":true,"valueName":"search_term_string"}}],"inLanguage":"pt-PT"},{"@type":"Person","@id":"https:\/\/portaltela.pt\/#\/schema\/person\/c4278d4a6028830caff9ee44b42d32ed","name":"Telinha","image":{"@type":"ImageObject","inLanguage":"pt-PT","@id":"https:\/\/portaltela.pt\/s.01k8rhncp4jt1\/2025\/11\/talking-bot-125x125.png","url":"https:\/\/portaltela.pt\/s.01k8rhncp4jt1\/2025\/11\/talking-bot-125x125.png","contentUrl":"https:\/\/portaltela.pt\/s.01k8rhncp4jt1\/2025\/11\/talking-bot-125x125.png","caption":"Telinha"},"sameAs":["https:\/\/portaltela.pt\/"],"url":"https:\/\/portaltela.pt\/por\/367410592786\/"}]}},"_links":{"self":[{"href":"https:\/\/portaltela.pt\/api\/wp\/v2\/posts\/157759","targetHints":{"allow":["GET"]}}],"collection":[{"href":"https:\/\/portaltela.pt\/api\/wp\/v2\/posts"}],"about":[{"href":"https:\/\/portaltela.pt\/api\/wp\/v2\/types\/post"}],"author":[{"embeddable":true,"href":"https:\/\/portaltela.pt\/api\/wp\/v2\/users\/2"}],"replies":[{"embeddable":true,"href":"https:\/\/portaltela.pt\/api\/wp\/v2\/comments?post=157759"}],"version-history":[{"count":0,"href":"https:\/\/portaltela.pt\/api\/wp\/v2\/posts\/157759\/revisions"}],"wp:featuredmedia":[{"embeddable":true,"href":"https:\/\/portaltela.pt\/api\/wp\/v2\/media\/157779"}],"wp:attachment":[{"href":"https:\/\/portaltela.pt\/api\/wp\/v2\/media?parent=157759"}],"wp:term":[{"taxonomy":"category","embeddable":true,"href":"https:\/\/portaltela.pt\/api\/wp\/v2\/categories?post=157759"},{"taxonomy":"post_tag","embeddable":true,"href":"https:\/\/portaltela.pt\/api\/wp\/v2\/tags?post=157759"}],"curies":[{"name":"wp","href":"https:\/\/api.w.org\/{rel}","templated":true}]}}