{"id":157742,"date":"2026-01-20T16:05:00","date_gmt":"2026-01-20T19:05:00","guid":{"rendered":"https:\/\/portaltela.pt\/noticias\/2026\/01\/20\/onu-alerta-para-inicio-da-era-da-falencia-global-da-agua\/"},"modified":"2026-01-20T16:05:00","modified_gmt":"2026-01-20T19:05:00","slug":"onu-alerta-para-inicio-da-era-da-falencia-global-da-agua","status":"publish","type":"post","link":"https:\/\/portaltela.pt\/noticias\/2026\/01\/20\/onu-alerta-para-inicio-da-era-da-falencia-global-da-agua\/","title":{"rendered":"ONU alerta para in\u00edcio da era da fal\u00eancia global da \u00e1gua"},"content":{"rendered":"<p>Um relat\u00f3rio das Na\u00e7\u00f5es Unidas alerta para o in\u00edcio da chamada era da fal\u00eancia h\u00eddrica global. O documento conclui que muitos sistemas de \u00e1gua j\u00e1 operam acima da capacidade sustent\u00e1vel e pede aos l\u00edderes mundiais uma nova agenda para enfrentar a crise.<\/p>\n<p>O relat\u00f3rio, intitulado Fal\u00eancia H\u00eddrica Global: Viver para Al\u00e9m dos Nossos Meios, aponta que termos como stress ou crise h\u00eddrica n\u00e3o refletem mais a realidade em v\u00e1rias regi\u00f5es, onde danos irrevers\u00edveis j\u00e1 comprometem bacias inteiras. A publica\u00e7\u00e3o surgiu \u00e0 beira de uma reuni\u00e3o de alto n\u00edvel em Dakar, para preparar a Confer\u00eancia Mundial da \u00c1gua de 2026.<\/p>\n<h3>Dados-chave<\/h3>\n<p>Kaveh Madani, principal autor e diretor do UNU-INWEH, afirma que muitos sistemas h\u00eddricos j\u00e1 n\u00e3o conseguem manter o abastecimento, com danos que se estendem a aqu\u00edferos, zonas h\u00famidas e glaciares. O estudo indica que a \u00e1gua dispon\u00edvel est\u00e1 a diminuir e que a gest\u00e3o precisa de mudar de crise para fal\u00eancia para evitar perdas adicionais.<\/p>\n<p>As estat\u00edsticas do relat\u00f3rio s\u00e3o alarmantes: mais de metade dos grandes lagos mundiais perdeu \u00e1gua desde os anos 1990; em cinco d\u00e9cadas, cerca de 410 milh\u00f5es de hectares de zonas h\u00famidas naturais desapareceram. Cerca de 70% dos principais aqu\u00edferos mostram decl\u00ednio, e houve uma redu\u00e7\u00e3o de mais de 30% na massa de gelo desde 1970.<\/p>\n<h3>Impactos humanos e geopol\u00edtica<\/h3>\n<p>Calcula-se que bilh\u00f5es vivam com inseguran\u00e7a h\u00eddrica cr\u00f3nica, com quase 4 mil milh\u00f5es enfrentando escassez severa por pelo menos um m\u00eas anual. Aproximadamente tr\u00eas quartos da popula\u00e7\u00e3o mundial reside em pa\u00edses classificados como inseguros ou criticamente inseguros em termos de \u00e1gua.<\/p>\n<p>O relat\u00f3rio sustenta que a escassez afeta n\u00e3o apenas o fornecimento de \u00e1gua, mas tamb\u00e9m a produ\u00e7\u00e3o de alimentos e a estabilidade social. A agricultura \u00e9 destacada como setor priorit\u00e1rio para reformas que reduzam o consumo h\u00eddrico, especialmente em regi\u00f5es com armazenamento inst\u00e1vel.<\/p>\n<h3>Propostas e pr\u00f3ximos passos<\/h3>\n<p>Os governos s\u00e3o chamados a abandonar a gest\u00e3o de crises e adotar medidas de preven\u00e7\u00e3o de fal\u00eancia h\u00eddrica, com reformas na irriga\u00e7\u00e3o, mudan\u00e7as de culturas e infraestruturas urbanas mais eficientes. O documento destaca a necessidade de coopera\u00e7\u00e3o multilateral para transformar a \u00e1gua num fator de confian\u00e7a entre estados.<\/p>\n<p>O estudo acrescenta que investir em \u00e1gua tamb\u00e9m contribui para mitigar altera\u00e7\u00f5es clim\u00e1ticas, perda de biodiversidade e desertifica\u00e7\u00e3o. O intuito \u00e9 evitar impactos sociais graves, especialmente para pequenos agricultores, comunidades ind\u00edgenas, residentes de baixa renda e mulheres.<\/p>\n<h3>Contexto internacional<\/h3>\n<p>A publica\u00e7\u00e3o refor\u00e7a que a \u00e1gua atravessa fronteiras pol\u00edticas e pode servir de ponte para maior coopera\u00e7\u00e3o. A ONU enfatiza que a gest\u00e3o h\u00eddrica justa \u00e9 essencial para manter paz, estabilidade e coes\u00e3o social em cen\u00e1rios de vulnerabilidade h\u00eddrica.<\/p>\n<p>A ONU e a UNU destacam que a fal\u00eancia h\u00eddrica n\u00e3o \u00e9 uma condena\u00e7\u00e3o, mas um chamado \u00e0 a\u00e7\u00e3o. O relat\u00f3rio refor\u00e7a a urg\u00eancia de decis\u00f5es ambiciosas para proteger pessoas, economias e ecossistemas, com base em dados confi\u00e1veis e planos de implementa\u00e7\u00e3o.<\/p>\n","protected":false},"excerpt":{"rendered":"<ul>\n<li>ONU revela in\u00edcio da \u201cera da fal\u00eancia h\u00eddrica global\u201d e pede lideran\u00e7a para redefinir a agenda mundial da \u00e1gua, em Dakar.<\/li>\n<li>O relat\u00f3rio afirma que muitos sistemas h\u00eddricos j\u00e1 n\u00e3o conseguem recuperar-se, com danos irrevers\u00edveis em bacias hidrogr\u00e1ficas.<\/li>\n<li>Dados indicam que mais da metade dos grandes lagos perdeu \u00e1gua desde a d\u00e9cada de noventa; cerca de 410 milh\u00f5es de hectares de zonas h\u00famidas foram destru\u00eddos nas \u00faltimas cinco d\u00e9cadas.<\/li>\n<li>~Setenta por cento dos principais aqu\u00edferos mostram decl\u00ednio; desde 1970 j\u00e1 se perdeu mais de trinta por cento da massa glaciar; \u00e1gua segura dispon\u00edvel diminuiu.<\/li>\n<li>O estudo estima que mil milh\u00f5es de pessoas vivem com inseguran\u00e7a h\u00eddrica cr\u00f3nica, quase quatro mil milh\u00f5es enfrentam escassez grave por pelo menos um m\u00eas ao ano, e quase tr\u00eas quartos da popula\u00e7\u00e3o mundial est\u00e1 em pa\u00edses com \u00e1gua insegura.<\/li>\n<\/ul>\n","protected":false},"author":2,"featured_media":157773,"comment_status":"closed","ping_status":"closed","sticky":false,"template":"","format":"standard","meta":{"footnotes":""},"categories":[1],"tags":[1503,2665,167,256,3592,3147],"class_list":["post-157742","post","type-post","status-publish","format-standard","has-post-thumbnail","hentry","category-noticias","tag-abastecimento-de-agua","tag-alteracoes-climaticas","tag-ambiente","tag-cooperacao-internacional","tag-desertificacao","tag-gestao-de-recursos-hidricos"],"yoast_head":"<!-- This site is optimized with the Yoast SEO plugin v27.2 - https:\/\/yoast.com\/product\/yoast-seo-wordpress\/ -->\n<title>ONU alerta para in\u00edcio da era da fal\u00eancia global da \u00e1gua - Portal Tela Portugal<\/title>\n<meta name=\"robots\" content=\"index, follow, max-snippet:-1, max-image-preview:large, max-video-preview:-1\" \/>\n<meta property=\"og:locale\" content=\"pt_PT\" \/>\n<meta property=\"og:type\" content=\"article\" \/>\n<meta property=\"og:title\" content=\"ONU alerta para in\u00edcio da era da fal\u00eancia global da \u00e1gua - Portal Tela Portugal\" \/>\n<meta property=\"og:description\" content=\"ONU revela in\u00edcio da \u201cera da fal\u00eancia h\u00eddrica global\u201d e pede lideran\u00e7a para redefinir a agenda mundial da \u00e1gua, em Dakar. O relat\u00f3rio afirma que muitos sistemas h\u00eddricos j\u00e1 n\u00e3o conseguem recuperar-se, com danos irrevers\u00edveis em bacias hidrogr\u00e1ficas. Dados indicam que mais da metade dos grandes lagos perdeu \u00e1gua desde a d\u00e9cada de noventa; cerca de 410 milh\u00f5es de hectares de zonas h\u00famidas foram destru\u00eddos nas \u00faltimas cinco d\u00e9cadas. ~Setenta por cento dos principais aqu\u00edferos mostram decl\u00ednio; desde 1970 j\u00e1 se perdeu mais de trinta por cento da massa glaciar; \u00e1gua segura dispon\u00edvel diminuiu. O estudo estima que mil milh\u00f5es de pessoas vivem com inseguran\u00e7a h\u00eddrica cr\u00f3nica, quase quatro mil milh\u00f5es enfrentam escassez grave por pelo menos um m\u00eas ao ano, e quase tr\u00eas quartos da popula\u00e7\u00e3o mundial est\u00e1 em pa\u00edses com \u00e1gua insegura.\" \/>\n<meta property=\"og:url\" content=\"https:\/\/portaltela.pt\/noticias\/2026\/01\/20\/onu-alerta-para-inicio-da-era-da-falencia-global-da-agua\/\" \/>\n<meta property=\"og:site_name\" content=\"Portal Tela Portugal\" \/>\n<meta property=\"article:published_time\" content=\"2026-01-20T19:05:00+00:00\" \/>\n<meta name=\"author\" content=\"Telinha\" \/>\n<meta name=\"twitter:card\" content=\"summary_large_image\" \/>\n<meta name=\"twitter:label1\" content=\"Escrito por\" \/>\n\t<meta name=\"twitter:data1\" content=\"Telinha\" \/>\n\t<meta name=\"twitter:label2\" content=\"Tempo estimado de leitura\" \/>\n\t<meta name=\"twitter:data2\" content=\"3 minutos\" \/>\n<script type=\"application\/ld+json\" class=\"yoast-schema-graph\">{\"@context\":\"https:\/\/schema.org\",\"@graph\":[{\"@type\":\"Article\",\"@id\":\"https:\/\/portaltela.pt\/noticias\/2026\/01\/20\/onu-alerta-para-inicio-da-era-da-falencia-global-da-agua\/#article\",\"isPartOf\":{\"@id\":\"https:\/\/portaltela.pt\/noticias\/2026\/01\/20\/onu-alerta-para-inicio-da-era-da-falencia-global-da-agua\/\"},\"author\":{\"name\":\"Telinha\",\"@id\":\"https:\/\/portaltela.pt\/#\/schema\/person\/c4278d4a6028830caff9ee44b42d32ed\"},\"headline\":\"ONU alerta para in\u00edcio da era da fal\u00eancia global da \u00e1gua\",\"datePublished\":\"2026-01-20T19:05:00+00:00\",\"mainEntityOfPage\":{\"@id\":\"https:\/\/portaltela.pt\/noticias\/2026\/01\/20\/onu-alerta-para-inicio-da-era-da-falencia-global-da-agua\/\"},\"wordCount\":559,\"image\":{\"@id\":\"https:\/\/portaltela.pt\/noticias\/2026\/01\/20\/onu-alerta-para-inicio-da-era-da-falencia-global-da-agua\/#primaryimage\"},\"thumbnailUrl\":\"https:\/\/portaltela.pt\/s.01k8rhncp4jt1\/2026\/01\/unnamed-file-4207.jpg\",\"keywords\":[\"abastecimento de \u00e1gua\",\"Altera\u00e7\u00f5es Clim\u00e1ticas\",\"ambiente\",\"coopera\u00e7\u00e3o internacional\",\"desertifica\u00e7\u00e3o\",\"Gest\u00e3o de Recursos H\u00eddricos\"],\"articleSection\":[\"Not\u00edcias\"],\"inLanguage\":\"pt-PT\"},{\"@type\":\"WebPage\",\"@id\":\"https:\/\/portaltela.pt\/noticias\/2026\/01\/20\/onu-alerta-para-inicio-da-era-da-falencia-global-da-agua\/\",\"url\":\"https:\/\/portaltela.pt\/noticias\/2026\/01\/20\/onu-alerta-para-inicio-da-era-da-falencia-global-da-agua\/\",\"name\":\"ONU alerta para in\u00edcio da era da fal\u00eancia global da \u00e1gua - Portal Tela Portugal\",\"isPartOf\":{\"@id\":\"https:\/\/portaltela.pt\/#website\"},\"primaryImageOfPage\":{\"@id\":\"https:\/\/portaltela.pt\/noticias\/2026\/01\/20\/onu-alerta-para-inicio-da-era-da-falencia-global-da-agua\/#primaryimage\"},\"image\":{\"@id\":\"https:\/\/portaltela.pt\/noticias\/2026\/01\/20\/onu-alerta-para-inicio-da-era-da-falencia-global-da-agua\/#primaryimage\"},\"thumbnailUrl\":\"https:\/\/portaltela.pt\/s.01k8rhncp4jt1\/2026\/01\/unnamed-file-4207.jpg\",\"datePublished\":\"2026-01-20T19:05:00+00:00\",\"author\":{\"@id\":\"https:\/\/portaltela.pt\/#\/schema\/person\/c4278d4a6028830caff9ee44b42d32ed\"},\"breadcrumb\":{\"@id\":\"https:\/\/portaltela.pt\/noticias\/2026\/01\/20\/onu-alerta-para-inicio-da-era-da-falencia-global-da-agua\/#breadcrumb\"},\"inLanguage\":\"pt-PT\",\"potentialAction\":[{\"@type\":\"ReadAction\",\"target\":[\"https:\/\/portaltela.pt\/noticias\/2026\/01\/20\/onu-alerta-para-inicio-da-era-da-falencia-global-da-agua\/\"]}]},{\"@type\":\"ImageObject\",\"inLanguage\":\"pt-PT\",\"@id\":\"https:\/\/portaltela.pt\/noticias\/2026\/01\/20\/onu-alerta-para-inicio-da-era-da-falencia-global-da-agua\/#primaryimage\",\"url\":\"https:\/\/portaltela.pt\/s.01k8rhncp4jt1\/2026\/01\/unnamed-file-4207.jpg\",\"contentUrl\":\"https:\/\/portaltela.pt\/s.01k8rhncp4jt1\/2026\/01\/unnamed-file-4207.jpg\",\"width\":796,\"height\":448,\"caption\":\"Relat\u00f3rio da ONU declara in\u00edcio da \\\"era da fal\u00eancia global da \u00e1gua\\\"\"},{\"@type\":\"BreadcrumbList\",\"@id\":\"https:\/\/portaltela.pt\/noticias\/2026\/01\/20\/onu-alerta-para-inicio-da-era-da-falencia-global-da-agua\/#breadcrumb\",\"itemListElement\":[{\"@type\":\"ListItem\",\"position\":1,\"name\":\"In\u00edcio\",\"item\":\"https:\/\/portaltela.pt\/\"},{\"@type\":\"ListItem\",\"position\":2,\"name\":\"ONU alerta para in\u00edcio da era da fal\u00eancia global da \u00e1gua\"}]},{\"@type\":\"WebSite\",\"@id\":\"https:\/\/portaltela.pt\/#website\",\"url\":\"https:\/\/portaltela.pt\/\",\"name\":\"Portal Tela Portugal\",\"description\":\"\",\"potentialAction\":[{\"@type\":\"SearchAction\",\"target\":{\"@type\":\"EntryPoint\",\"urlTemplate\":\"https:\/\/portaltela.pt\/?s={search_term_string}\"},\"query-input\":{\"@type\":\"PropertyValueSpecification\",\"valueRequired\":true,\"valueName\":\"search_term_string\"}}],\"inLanguage\":\"pt-PT\"},{\"@type\":\"Person\",\"@id\":\"https:\/\/portaltela.pt\/#\/schema\/person\/c4278d4a6028830caff9ee44b42d32ed\",\"name\":\"Telinha\",\"image\":{\"@type\":\"ImageObject\",\"inLanguage\":\"pt-PT\",\"@id\":\"https:\/\/portaltela.pt\/s.01k8rhncp4jt1\/2025\/11\/talking-bot-125x125.png\",\"url\":\"https:\/\/portaltela.pt\/s.01k8rhncp4jt1\/2025\/11\/talking-bot-125x125.png\",\"contentUrl\":\"https:\/\/portaltela.pt\/s.01k8rhncp4jt1\/2025\/11\/talking-bot-125x125.png\",\"caption\":\"Telinha\"},\"sameAs\":[\"https:\/\/portaltela.pt\/\"],\"url\":\"https:\/\/portaltela.pt\/por\/367410592786\/\"}]}<\/script>\n<!-- \/ Yoast SEO plugin. -->","yoast_head_json":{"title":"ONU alerta para in\u00edcio da era da fal\u00eancia global da \u00e1gua - Portal Tela Portugal","robots":{"index":"index","follow":"follow","max-snippet":"max-snippet:-1","max-image-preview":"max-image-preview:large","max-video-preview":"max-video-preview:-1"},"og_locale":"pt_PT","og_type":"article","og_title":"ONU alerta para in\u00edcio da era da fal\u00eancia global da \u00e1gua - Portal Tela Portugal","og_description":"ONU revela in\u00edcio da \u201cera da fal\u00eancia h\u00eddrica global\u201d e pede lideran\u00e7a para redefinir a agenda mundial da \u00e1gua, em Dakar. O relat\u00f3rio afirma que muitos sistemas h\u00eddricos j\u00e1 n\u00e3o conseguem recuperar-se, com danos irrevers\u00edveis em bacias hidrogr\u00e1ficas. Dados indicam que mais da metade dos grandes lagos perdeu \u00e1gua desde a d\u00e9cada de noventa; cerca de 410 milh\u00f5es de hectares de zonas h\u00famidas foram destru\u00eddos nas \u00faltimas cinco d\u00e9cadas. ~Setenta por cento dos principais aqu\u00edferos mostram decl\u00ednio; desde 1970 j\u00e1 se perdeu mais de trinta por cento da massa glaciar; \u00e1gua segura dispon\u00edvel diminuiu. O estudo estima que mil milh\u00f5es de pessoas vivem com inseguran\u00e7a h\u00eddrica cr\u00f3nica, quase quatro mil milh\u00f5es enfrentam escassez grave por pelo menos um m\u00eas ao ano, e quase tr\u00eas quartos da popula\u00e7\u00e3o mundial est\u00e1 em pa\u00edses com \u00e1gua insegura.","og_url":"https:\/\/portaltela.pt\/noticias\/2026\/01\/20\/onu-alerta-para-inicio-da-era-da-falencia-global-da-agua\/","og_site_name":"Portal Tela Portugal","article_published_time":"2026-01-20T19:05:00+00:00","author":"Telinha","twitter_card":"summary_large_image","twitter_misc":{"Escrito por":"Telinha","Tempo estimado de leitura":"3 minutos"},"schema":{"@context":"https:\/\/schema.org","@graph":[{"@type":"Article","@id":"https:\/\/portaltela.pt\/noticias\/2026\/01\/20\/onu-alerta-para-inicio-da-era-da-falencia-global-da-agua\/#article","isPartOf":{"@id":"https:\/\/portaltela.pt\/noticias\/2026\/01\/20\/onu-alerta-para-inicio-da-era-da-falencia-global-da-agua\/"},"author":{"name":"Telinha","@id":"https:\/\/portaltela.pt\/#\/schema\/person\/c4278d4a6028830caff9ee44b42d32ed"},"headline":"ONU alerta para in\u00edcio da era da fal\u00eancia global da \u00e1gua","datePublished":"2026-01-20T19:05:00+00:00","mainEntityOfPage":{"@id":"https:\/\/portaltela.pt\/noticias\/2026\/01\/20\/onu-alerta-para-inicio-da-era-da-falencia-global-da-agua\/"},"wordCount":559,"image":{"@id":"https:\/\/portaltela.pt\/noticias\/2026\/01\/20\/onu-alerta-para-inicio-da-era-da-falencia-global-da-agua\/#primaryimage"},"thumbnailUrl":"https:\/\/portaltela.pt\/s.01k8rhncp4jt1\/2026\/01\/unnamed-file-4207.jpg","keywords":["abastecimento de \u00e1gua","Altera\u00e7\u00f5es Clim\u00e1ticas","ambiente","coopera\u00e7\u00e3o internacional","desertifica\u00e7\u00e3o","Gest\u00e3o de Recursos H\u00eddricos"],"articleSection":["Not\u00edcias"],"inLanguage":"pt-PT"},{"@type":"WebPage","@id":"https:\/\/portaltela.pt\/noticias\/2026\/01\/20\/onu-alerta-para-inicio-da-era-da-falencia-global-da-agua\/","url":"https:\/\/portaltela.pt\/noticias\/2026\/01\/20\/onu-alerta-para-inicio-da-era-da-falencia-global-da-agua\/","name":"ONU alerta para in\u00edcio da era da fal\u00eancia global da \u00e1gua - Portal Tela Portugal","isPartOf":{"@id":"https:\/\/portaltela.pt\/#website"},"primaryImageOfPage":{"@id":"https:\/\/portaltela.pt\/noticias\/2026\/01\/20\/onu-alerta-para-inicio-da-era-da-falencia-global-da-agua\/#primaryimage"},"image":{"@id":"https:\/\/portaltela.pt\/noticias\/2026\/01\/20\/onu-alerta-para-inicio-da-era-da-falencia-global-da-agua\/#primaryimage"},"thumbnailUrl":"https:\/\/portaltela.pt\/s.01k8rhncp4jt1\/2026\/01\/unnamed-file-4207.jpg","datePublished":"2026-01-20T19:05:00+00:00","author":{"@id":"https:\/\/portaltela.pt\/#\/schema\/person\/c4278d4a6028830caff9ee44b42d32ed"},"breadcrumb":{"@id":"https:\/\/portaltela.pt\/noticias\/2026\/01\/20\/onu-alerta-para-inicio-da-era-da-falencia-global-da-agua\/#breadcrumb"},"inLanguage":"pt-PT","potentialAction":[{"@type":"ReadAction","target":["https:\/\/portaltela.pt\/noticias\/2026\/01\/20\/onu-alerta-para-inicio-da-era-da-falencia-global-da-agua\/"]}]},{"@type":"ImageObject","inLanguage":"pt-PT","@id":"https:\/\/portaltela.pt\/noticias\/2026\/01\/20\/onu-alerta-para-inicio-da-era-da-falencia-global-da-agua\/#primaryimage","url":"https:\/\/portaltela.pt\/s.01k8rhncp4jt1\/2026\/01\/unnamed-file-4207.jpg","contentUrl":"https:\/\/portaltela.pt\/s.01k8rhncp4jt1\/2026\/01\/unnamed-file-4207.jpg","width":796,"height":448,"caption":"Relat\u00f3rio da ONU declara in\u00edcio da \"era da fal\u00eancia global da \u00e1gua\""},{"@type":"BreadcrumbList","@id":"https:\/\/portaltela.pt\/noticias\/2026\/01\/20\/onu-alerta-para-inicio-da-era-da-falencia-global-da-agua\/#breadcrumb","itemListElement":[{"@type":"ListItem","position":1,"name":"In\u00edcio","item":"https:\/\/portaltela.pt\/"},{"@type":"ListItem","position":2,"name":"ONU alerta para in\u00edcio da era da fal\u00eancia global da \u00e1gua"}]},{"@type":"WebSite","@id":"https:\/\/portaltela.pt\/#website","url":"https:\/\/portaltela.pt\/","name":"Portal Tela Portugal","description":"","potentialAction":[{"@type":"SearchAction","target":{"@type":"EntryPoint","urlTemplate":"https:\/\/portaltela.pt\/?s={search_term_string}"},"query-input":{"@type":"PropertyValueSpecification","valueRequired":true,"valueName":"search_term_string"}}],"inLanguage":"pt-PT"},{"@type":"Person","@id":"https:\/\/portaltela.pt\/#\/schema\/person\/c4278d4a6028830caff9ee44b42d32ed","name":"Telinha","image":{"@type":"ImageObject","inLanguage":"pt-PT","@id":"https:\/\/portaltela.pt\/s.01k8rhncp4jt1\/2025\/11\/talking-bot-125x125.png","url":"https:\/\/portaltela.pt\/s.01k8rhncp4jt1\/2025\/11\/talking-bot-125x125.png","contentUrl":"https:\/\/portaltela.pt\/s.01k8rhncp4jt1\/2025\/11\/talking-bot-125x125.png","caption":"Telinha"},"sameAs":["https:\/\/portaltela.pt\/"],"url":"https:\/\/portaltela.pt\/por\/367410592786\/"}]}},"_links":{"self":[{"href":"https:\/\/portaltela.pt\/api\/wp\/v2\/posts\/157742","targetHints":{"allow":["GET"]}}],"collection":[{"href":"https:\/\/portaltela.pt\/api\/wp\/v2\/posts"}],"about":[{"href":"https:\/\/portaltela.pt\/api\/wp\/v2\/types\/post"}],"author":[{"embeddable":true,"href":"https:\/\/portaltela.pt\/api\/wp\/v2\/users\/2"}],"replies":[{"embeddable":true,"href":"https:\/\/portaltela.pt\/api\/wp\/v2\/comments?post=157742"}],"version-history":[{"count":0,"href":"https:\/\/portaltela.pt\/api\/wp\/v2\/posts\/157742\/revisions"}],"wp:featuredmedia":[{"embeddable":true,"href":"https:\/\/portaltela.pt\/api\/wp\/v2\/media\/157773"}],"wp:attachment":[{"href":"https:\/\/portaltela.pt\/api\/wp\/v2\/media?parent=157742"}],"wp:term":[{"taxonomy":"category","embeddable":true,"href":"https:\/\/portaltela.pt\/api\/wp\/v2\/categories?post=157742"},{"taxonomy":"post_tag","embeddable":true,"href":"https:\/\/portaltela.pt\/api\/wp\/v2\/tags?post=157742"}],"curies":[{"name":"wp","href":"https:\/\/api.w.org\/{rel}","templated":true}]}}