{"id":157720,"date":"2026-01-20T16:14:54","date_gmt":"2026-01-20T19:14:54","guid":{"rendered":"https:\/\/portaltela.pt\/noticias\/2026\/01\/20\/barcelona-em-15-o-flick-mira-apenas-vencer-a-liga-dos-campeoes\/"},"modified":"2026-01-20T16:14:54","modified_gmt":"2026-01-20T19:14:54","slug":"barcelona-em-15-o-flick-mira-apenas-vencer-a-liga-dos-campeoes","status":"publish","type":"post","link":"https:\/\/portaltela.pt\/desporto\/futebol\/2026\/01\/20\/barcelona-em-15-o-flick-mira-apenas-vencer-a-liga-dos-campeoes\/","title":{"rendered":"Barcelona em 15.\u00ba, Flick mira apenas vencer a Liga dos Campe\u00f5es"},"content":{"rendered":"<p>O Barcelona ocupa o 15.\u00ba lugar na fase de grupos da Champions League, e o treinador Hansi Flick j\u00e1 pensa nos dois jogos finais contra Slavia de Praga e Copenhaga, com o objetivo de terminar entre os oito primeiros e apurar-se para os oitavos de final.<\/p>\n<p>Flick sublinhou que a Champions \u00e9 uma competi\u00e7\u00e3o de alta press\u00e3o e que o Slavia tem defesa firme e press\u00e3o alta, pelo que o Bar\u00e7a precisa vencer os dois pr\u00f3ximos encontros para somar seis pontos. O t\u00e9cnico apontou ainda que o objetivo do clube \u00e9 ganhar a Champions, destacando o potencial da equipa para evoluir.<\/p>\n<p>O treinador alem\u00e3o tamb\u00e9m atualizou a recupera\u00e7\u00e3o do plantel. Pedri garantiu estar bem e \u00e9 considerado fundamental para o meio-campo, enquanto Raphinha treinou e pode estar dispon\u00edvel para o desafio.<\/p>\n<h3>Condi\u00e7\u00f5es em Praga<\/h3>\n<p>Praga dever\u00e1 registar temperaturas negativas ao longo do dia da partida, algo que Flick brincou considerar favor\u00e1vel para o aquecimento dos jogadores, que ter\u00e3o de correr para se manterem em ritmo. A partida acontece hoje, em terreno do Slavia.<\/p>\n","protected":false},"excerpt":{"rendered":"<ul>\n<li>O Barcelona est\u00e1 no 15.\u00ba lugar da fase de grupos da Liga dos Campe\u00f5es e Flick quer vencer os dois jogos restantes, frente ao Slavia de Praga e ao Copenhaga, para ainda lutar pelos oito primeiros e seguir para os oitavos de final.<\/li>\n<li>O t\u00e9cnico alem\u00e3o afirmou que o objetivo \u00e9 vencer a Champions League e que a equipa tem potencial para evoluir, esperando demonstrar isso no pr\u00f3ximo jogo.<\/li>\n<li>Pedri disse estar bem e \u00e9 considerado pe\u00e7a-chave para o meio-campo; Raphinha treinou e pode estar dispon\u00edvel para a partida.<\/li>\n<li>Em Praga dever\u00e3o registar-se temperaturas negativas ao longo do dia do jogo, algo que Flick brincou que pode obrigar os jogadores a aquecerem mais.<\/li>\n<li>O foco do Bar\u00e7a \u00e9 recuperar pontos e manter a competi\u00e7\u00e3o sob press\u00e3o para chegar aos oitavos de final.<\/li>\n<\/ul>\n","protected":false},"author":2,"featured_media":157724,"comment_status":"closed","ping_status":"closed","sticky":false,"template":"","format":"standard","meta":{"footnotes":""},"categories":[21,24],"tags":[2587,3577,152,32,3338,2893],"class_list":["post-157720","post","type-post","status-publish","format-standard","has-post-thumbnail","hentry","category-desporto","category-futebol","tag-barcelona","tag-champions-league","tag-desporto","tag-futebol","tag-futebol-internacional","tag-raphinha"],"yoast_head":"<!-- This site is optimized with the Yoast SEO plugin v27.2 - https:\/\/yoast.com\/product\/yoast-seo-wordpress\/ -->\n<title>Barcelona em 15.\u00ba, Flick mira apenas vencer a Liga dos Campe\u00f5es - Portal Tela Portugal<\/title>\n<meta name=\"robots\" content=\"index, follow, max-snippet:-1, max-image-preview:large, max-video-preview:-1\" \/>\n<meta property=\"og:locale\" content=\"pt_PT\" \/>\n<meta property=\"og:type\" content=\"article\" \/>\n<meta property=\"og:title\" content=\"Barcelona em 15.\u00ba, Flick mira apenas vencer a Liga dos Campe\u00f5es - Portal Tela Portugal\" \/>\n<meta property=\"og:description\" content=\"O Barcelona est\u00e1 no 15.\u00ba lugar da fase de grupos da Liga dos Campe\u00f5es e Flick quer vencer os dois jogos restantes, frente ao Slavia de Praga e ao Copenhaga, para ainda lutar pelos oito primeiros e seguir para os oitavos de final. O t\u00e9cnico alem\u00e3o afirmou que o objetivo \u00e9 vencer a Champions League e que a equipa tem potencial para evoluir, esperando demonstrar isso no pr\u00f3ximo jogo. Pedri disse estar bem e \u00e9 considerado pe\u00e7a-chave para o meio-campo; Raphinha treinou e pode estar dispon\u00edvel para a partida. Em Praga dever\u00e3o registar-se temperaturas negativas ao longo do dia do jogo, algo que Flick brincou que pode obrigar os jogadores a aquecerem mais. O foco do Bar\u00e7a \u00e9 recuperar pontos e manter a competi\u00e7\u00e3o sob press\u00e3o para chegar aos oitavos de final.\" \/>\n<meta property=\"og:url\" content=\"https:\/\/portaltela.pt\/noticias\/2026\/01\/20\/barcelona-em-15-o-flick-mira-apenas-vencer-a-liga-dos-campeoes\/\" \/>\n<meta property=\"og:site_name\" content=\"Portal Tela Portugal\" \/>\n<meta property=\"article:published_time\" content=\"2026-01-20T19:14:54+00:00\" \/>\n<meta name=\"author\" content=\"Telinha\" \/>\n<meta name=\"twitter:card\" content=\"summary_large_image\" \/>\n<meta name=\"twitter:label1\" content=\"Escrito por\" \/>\n\t<meta name=\"twitter:data1\" content=\"Telinha\" \/>\n\t<meta name=\"twitter:label2\" content=\"Tempo estimado de leitura\" \/>\n\t<meta name=\"twitter:data2\" content=\"1 minuto\" \/>\n<script type=\"application\/ld+json\" class=\"yoast-schema-graph\">{\"@context\":\"https:\/\/schema.org\",\"@graph\":[{\"@type\":\"Article\",\"@id\":\"https:\/\/portaltela.pt\/noticias\/2026\/01\/20\/barcelona-em-15-o-flick-mira-apenas-vencer-a-liga-dos-campeoes\/#article\",\"isPartOf\":{\"@id\":\"https:\/\/portaltela.pt\/noticias\/2026\/01\/20\/barcelona-em-15-o-flick-mira-apenas-vencer-a-liga-dos-campeoes\/\"},\"author\":{\"name\":\"Telinha\",\"@id\":\"https:\/\/portaltela.pt\/#\/schema\/person\/c4278d4a6028830caff9ee44b42d32ed\"},\"headline\":\"Barcelona em 15.\u00ba, Flick mira apenas vencer a Liga dos Campe\u00f5es\",\"datePublished\":\"2026-01-20T19:14:54+00:00\",\"mainEntityOfPage\":{\"@id\":\"https:\/\/portaltela.pt\/noticias\/2026\/01\/20\/barcelona-em-15-o-flick-mira-apenas-vencer-a-liga-dos-campeoes\/\"},\"wordCount\":193,\"image\":{\"@id\":\"https:\/\/portaltela.pt\/noticias\/2026\/01\/20\/barcelona-em-15-o-flick-mira-apenas-vencer-a-liga-dos-campeoes\/#primaryimage\"},\"thumbnailUrl\":\"https:\/\/portaltela.pt\/s.01k8rhncp4jt1\/2026\/01\/61296311-e110-4a24-a841-59ef2dbe8f81.jpg\",\"keywords\":[\"Barcelona\",\"Champions League\",\"desporto\",\"futebol\",\"futebol internacional\",\"Raphinha\"],\"articleSection\":[\"Desporto\",\"Futebol\"],\"inLanguage\":\"pt-PT\"},{\"@type\":\"WebPage\",\"@id\":\"https:\/\/portaltela.pt\/noticias\/2026\/01\/20\/barcelona-em-15-o-flick-mira-apenas-vencer-a-liga-dos-campeoes\/\",\"url\":\"https:\/\/portaltela.pt\/noticias\/2026\/01\/20\/barcelona-em-15-o-flick-mira-apenas-vencer-a-liga-dos-campeoes\/\",\"name\":\"Barcelona em 15.\u00ba, Flick mira apenas vencer a Liga dos Campe\u00f5es - Portal Tela Portugal\",\"isPartOf\":{\"@id\":\"https:\/\/portaltela.pt\/#website\"},\"primaryImageOfPage\":{\"@id\":\"https:\/\/portaltela.pt\/noticias\/2026\/01\/20\/barcelona-em-15-o-flick-mira-apenas-vencer-a-liga-dos-campeoes\/#primaryimage\"},\"image\":{\"@id\":\"https:\/\/portaltela.pt\/noticias\/2026\/01\/20\/barcelona-em-15-o-flick-mira-apenas-vencer-a-liga-dos-campeoes\/#primaryimage\"},\"thumbnailUrl\":\"https:\/\/portaltela.pt\/s.01k8rhncp4jt1\/2026\/01\/61296311-e110-4a24-a841-59ef2dbe8f81.jpg\",\"datePublished\":\"2026-01-20T19:14:54+00:00\",\"author\":{\"@id\":\"https:\/\/portaltela.pt\/#\/schema\/person\/c4278d4a6028830caff9ee44b42d32ed\"},\"breadcrumb\":{\"@id\":\"https:\/\/portaltela.pt\/noticias\/2026\/01\/20\/barcelona-em-15-o-flick-mira-apenas-vencer-a-liga-dos-campeoes\/#breadcrumb\"},\"inLanguage\":\"pt-PT\",\"potentialAction\":[{\"@type\":\"ReadAction\",\"target\":[\"https:\/\/portaltela.pt\/noticias\/2026\/01\/20\/barcelona-em-15-o-flick-mira-apenas-vencer-a-liga-dos-campeoes\/\"]}]},{\"@type\":\"ImageObject\",\"inLanguage\":\"pt-PT\",\"@id\":\"https:\/\/portaltela.pt\/noticias\/2026\/01\/20\/barcelona-em-15-o-flick-mira-apenas-vencer-a-liga-dos-campeoes\/#primaryimage\",\"url\":\"https:\/\/portaltela.pt\/s.01k8rhncp4jt1\/2026\/01\/61296311-e110-4a24-a841-59ef2dbe8f81.jpg\",\"contentUrl\":\"https:\/\/portaltela.pt\/s.01k8rhncp4jt1\/2026\/01\/61296311-e110-4a24-a841-59ef2dbe8f81.jpg\",\"width\":796,\"height\":448,\"caption\":\"Hansi Flick, treinador do Barcelona\"},{\"@type\":\"BreadcrumbList\",\"@id\":\"https:\/\/portaltela.pt\/noticias\/2026\/01\/20\/barcelona-em-15-o-flick-mira-apenas-vencer-a-liga-dos-campeoes\/#breadcrumb\",\"itemListElement\":[{\"@type\":\"ListItem\",\"position\":1,\"name\":\"In\u00edcio\",\"item\":\"https:\/\/portaltela.pt\/\"},{\"@type\":\"ListItem\",\"position\":2,\"name\":\"Barcelona em 15.\u00ba, Flick mira apenas vencer a Liga dos Campe\u00f5es\"}]},{\"@type\":\"WebSite\",\"@id\":\"https:\/\/portaltela.pt\/#website\",\"url\":\"https:\/\/portaltela.pt\/\",\"name\":\"Portal Tela Portugal\",\"description\":\"\",\"potentialAction\":[{\"@type\":\"SearchAction\",\"target\":{\"@type\":\"EntryPoint\",\"urlTemplate\":\"https:\/\/portaltela.pt\/?s={search_term_string}\"},\"query-input\":{\"@type\":\"PropertyValueSpecification\",\"valueRequired\":true,\"valueName\":\"search_term_string\"}}],\"inLanguage\":\"pt-PT\"},{\"@type\":\"Person\",\"@id\":\"https:\/\/portaltela.pt\/#\/schema\/person\/c4278d4a6028830caff9ee44b42d32ed\",\"name\":\"Telinha\",\"image\":{\"@type\":\"ImageObject\",\"inLanguage\":\"pt-PT\",\"@id\":\"https:\/\/portaltela.pt\/s.01k8rhncp4jt1\/2025\/11\/talking-bot-125x125.png\",\"url\":\"https:\/\/portaltela.pt\/s.01k8rhncp4jt1\/2025\/11\/talking-bot-125x125.png\",\"contentUrl\":\"https:\/\/portaltela.pt\/s.01k8rhncp4jt1\/2025\/11\/talking-bot-125x125.png\",\"caption\":\"Telinha\"},\"sameAs\":[\"https:\/\/portaltela.pt\/\"],\"url\":\"https:\/\/portaltela.pt\/por\/367410592786\/\"}]}<\/script>\n<!-- \/ Yoast SEO plugin. -->","yoast_head_json":{"title":"Barcelona em 15.\u00ba, Flick mira apenas vencer a Liga dos Campe\u00f5es - Portal Tela Portugal","robots":{"index":"index","follow":"follow","max-snippet":"max-snippet:-1","max-image-preview":"max-image-preview:large","max-video-preview":"max-video-preview:-1"},"og_locale":"pt_PT","og_type":"article","og_title":"Barcelona em 15.\u00ba, Flick mira apenas vencer a Liga dos Campe\u00f5es - Portal Tela Portugal","og_description":"O Barcelona est\u00e1 no 15.\u00ba lugar da fase de grupos da Liga dos Campe\u00f5es e Flick quer vencer os dois jogos restantes, frente ao Slavia de Praga e ao Copenhaga, para ainda lutar pelos oito primeiros e seguir para os oitavos de final. O t\u00e9cnico alem\u00e3o afirmou que o objetivo \u00e9 vencer a Champions League e que a equipa tem potencial para evoluir, esperando demonstrar isso no pr\u00f3ximo jogo. Pedri disse estar bem e \u00e9 considerado pe\u00e7a-chave para o meio-campo; Raphinha treinou e pode estar dispon\u00edvel para a partida. Em Praga dever\u00e3o registar-se temperaturas negativas ao longo do dia do jogo, algo que Flick brincou que pode obrigar os jogadores a aquecerem mais. O foco do Bar\u00e7a \u00e9 recuperar pontos e manter a competi\u00e7\u00e3o sob press\u00e3o para chegar aos oitavos de final.","og_url":"https:\/\/portaltela.pt\/noticias\/2026\/01\/20\/barcelona-em-15-o-flick-mira-apenas-vencer-a-liga-dos-campeoes\/","og_site_name":"Portal Tela Portugal","article_published_time":"2026-01-20T19:14:54+00:00","author":"Telinha","twitter_card":"summary_large_image","twitter_misc":{"Escrito por":"Telinha","Tempo estimado de leitura":"1 minuto"},"schema":{"@context":"https:\/\/schema.org","@graph":[{"@type":"Article","@id":"https:\/\/portaltela.pt\/noticias\/2026\/01\/20\/barcelona-em-15-o-flick-mira-apenas-vencer-a-liga-dos-campeoes\/#article","isPartOf":{"@id":"https:\/\/portaltela.pt\/noticias\/2026\/01\/20\/barcelona-em-15-o-flick-mira-apenas-vencer-a-liga-dos-campeoes\/"},"author":{"name":"Telinha","@id":"https:\/\/portaltela.pt\/#\/schema\/person\/c4278d4a6028830caff9ee44b42d32ed"},"headline":"Barcelona em 15.\u00ba, Flick mira apenas vencer a Liga dos Campe\u00f5es","datePublished":"2026-01-20T19:14:54+00:00","mainEntityOfPage":{"@id":"https:\/\/portaltela.pt\/noticias\/2026\/01\/20\/barcelona-em-15-o-flick-mira-apenas-vencer-a-liga-dos-campeoes\/"},"wordCount":193,"image":{"@id":"https:\/\/portaltela.pt\/noticias\/2026\/01\/20\/barcelona-em-15-o-flick-mira-apenas-vencer-a-liga-dos-campeoes\/#primaryimage"},"thumbnailUrl":"https:\/\/portaltela.pt\/s.01k8rhncp4jt1\/2026\/01\/61296311-e110-4a24-a841-59ef2dbe8f81.jpg","keywords":["Barcelona","Champions League","desporto","futebol","futebol internacional","Raphinha"],"articleSection":["Desporto","Futebol"],"inLanguage":"pt-PT"},{"@type":"WebPage","@id":"https:\/\/portaltela.pt\/noticias\/2026\/01\/20\/barcelona-em-15-o-flick-mira-apenas-vencer-a-liga-dos-campeoes\/","url":"https:\/\/portaltela.pt\/noticias\/2026\/01\/20\/barcelona-em-15-o-flick-mira-apenas-vencer-a-liga-dos-campeoes\/","name":"Barcelona em 15.\u00ba, Flick mira apenas vencer a Liga dos Campe\u00f5es - Portal Tela Portugal","isPartOf":{"@id":"https:\/\/portaltela.pt\/#website"},"primaryImageOfPage":{"@id":"https:\/\/portaltela.pt\/noticias\/2026\/01\/20\/barcelona-em-15-o-flick-mira-apenas-vencer-a-liga-dos-campeoes\/#primaryimage"},"image":{"@id":"https:\/\/portaltela.pt\/noticias\/2026\/01\/20\/barcelona-em-15-o-flick-mira-apenas-vencer-a-liga-dos-campeoes\/#primaryimage"},"thumbnailUrl":"https:\/\/portaltela.pt\/s.01k8rhncp4jt1\/2026\/01\/61296311-e110-4a24-a841-59ef2dbe8f81.jpg","datePublished":"2026-01-20T19:14:54+00:00","author":{"@id":"https:\/\/portaltela.pt\/#\/schema\/person\/c4278d4a6028830caff9ee44b42d32ed"},"breadcrumb":{"@id":"https:\/\/portaltela.pt\/noticias\/2026\/01\/20\/barcelona-em-15-o-flick-mira-apenas-vencer-a-liga-dos-campeoes\/#breadcrumb"},"inLanguage":"pt-PT","potentialAction":[{"@type":"ReadAction","target":["https:\/\/portaltela.pt\/noticias\/2026\/01\/20\/barcelona-em-15-o-flick-mira-apenas-vencer-a-liga-dos-campeoes\/"]}]},{"@type":"ImageObject","inLanguage":"pt-PT","@id":"https:\/\/portaltela.pt\/noticias\/2026\/01\/20\/barcelona-em-15-o-flick-mira-apenas-vencer-a-liga-dos-campeoes\/#primaryimage","url":"https:\/\/portaltela.pt\/s.01k8rhncp4jt1\/2026\/01\/61296311-e110-4a24-a841-59ef2dbe8f81.jpg","contentUrl":"https:\/\/portaltela.pt\/s.01k8rhncp4jt1\/2026\/01\/61296311-e110-4a24-a841-59ef2dbe8f81.jpg","width":796,"height":448,"caption":"Hansi Flick, treinador do Barcelona"},{"@type":"BreadcrumbList","@id":"https:\/\/portaltela.pt\/noticias\/2026\/01\/20\/barcelona-em-15-o-flick-mira-apenas-vencer-a-liga-dos-campeoes\/#breadcrumb","itemListElement":[{"@type":"ListItem","position":1,"name":"In\u00edcio","item":"https:\/\/portaltela.pt\/"},{"@type":"ListItem","position":2,"name":"Barcelona em 15.\u00ba, Flick mira apenas vencer a Liga dos Campe\u00f5es"}]},{"@type":"WebSite","@id":"https:\/\/portaltela.pt\/#website","url":"https:\/\/portaltela.pt\/","name":"Portal Tela Portugal","description":"","potentialAction":[{"@type":"SearchAction","target":{"@type":"EntryPoint","urlTemplate":"https:\/\/portaltela.pt\/?s={search_term_string}"},"query-input":{"@type":"PropertyValueSpecification","valueRequired":true,"valueName":"search_term_string"}}],"inLanguage":"pt-PT"},{"@type":"Person","@id":"https:\/\/portaltela.pt\/#\/schema\/person\/c4278d4a6028830caff9ee44b42d32ed","name":"Telinha","image":{"@type":"ImageObject","inLanguage":"pt-PT","@id":"https:\/\/portaltela.pt\/s.01k8rhncp4jt1\/2025\/11\/talking-bot-125x125.png","url":"https:\/\/portaltela.pt\/s.01k8rhncp4jt1\/2025\/11\/talking-bot-125x125.png","contentUrl":"https:\/\/portaltela.pt\/s.01k8rhncp4jt1\/2025\/11\/talking-bot-125x125.png","caption":"Telinha"},"sameAs":["https:\/\/portaltela.pt\/"],"url":"https:\/\/portaltela.pt\/por\/367410592786\/"}]}},"_links":{"self":[{"href":"https:\/\/portaltela.pt\/api\/wp\/v2\/posts\/157720","targetHints":{"allow":["GET"]}}],"collection":[{"href":"https:\/\/portaltela.pt\/api\/wp\/v2\/posts"}],"about":[{"href":"https:\/\/portaltela.pt\/api\/wp\/v2\/types\/post"}],"author":[{"embeddable":true,"href":"https:\/\/portaltela.pt\/api\/wp\/v2\/users\/2"}],"replies":[{"embeddable":true,"href":"https:\/\/portaltela.pt\/api\/wp\/v2\/comments?post=157720"}],"version-history":[{"count":0,"href":"https:\/\/portaltela.pt\/api\/wp\/v2\/posts\/157720\/revisions"}],"wp:featuredmedia":[{"embeddable":true,"href":"https:\/\/portaltela.pt\/api\/wp\/v2\/media\/157724"}],"wp:attachment":[{"href":"https:\/\/portaltela.pt\/api\/wp\/v2\/media?parent=157720"}],"wp:term":[{"taxonomy":"category","embeddable":true,"href":"https:\/\/portaltela.pt\/api\/wp\/v2\/categories?post=157720"},{"taxonomy":"post_tag","embeddable":true,"href":"https:\/\/portaltela.pt\/api\/wp\/v2\/tags?post=157720"}],"curies":[{"name":"wp","href":"https:\/\/api.w.org\/{rel}","templated":true}]}}