{"id":157672,"date":"2026-01-20T16:11:35","date_gmt":"2026-01-20T19:11:35","guid":{"rendered":"https:\/\/portaltela.pt\/noticias\/2026\/01\/20\/city-reage-golo-de-cherki-com-assistencia-de-o-reilly\/"},"modified":"2026-01-20T16:11:35","modified_gmt":"2026-01-20T19:11:35","slug":"city-reage-golo-de-cherki-com-assistencia-de-o-reilly","status":"publish","type":"post","link":"https:\/\/portaltela.pt\/desporto\/futebol\/2026\/01\/20\/city-reage-golo-de-cherki-com-assistencia-de-o-reilly\/","title":{"rendered":"City reage: golo de Cherki com assist\u00eancia de O&#8217;Reilly"},"content":{"rendered":"<p>Franc\u00eas fez o 1-3 \u00e0 passagem do minuto 60, numa jogada apresentada como decisiva no encontro da DAZN Champions. O golo surgiu ap\u00f3s uma press\u00e3o que terminou com finaliza\u00e7\u00e3o certeira de Cherki.<\/p>\n<p>A assist\u00eancia que permitiu o tento foi de O&#8217;Reilly, segundo a descri\u00e7\u00e3o do lance. O facto marca a mudan\u00e7a de ritmo do jogo, com o jogador franc\u00eas a ampliar a vantagem da sua equipa no marcador.<\/p>\n<h3>Detalhes do lance<\/h3>\n<p>A a\u00e7\u00e3o ocorreu durante a segunda parte, com Cherki a finalizar ap\u00f3s receber o passe de O&#8217;Reilly. O momento elevou o marcador para 1-3, conforme o relato da transmiss\u00e3o.<\/p>\n<h3>Contexto do duelo<\/h3>\n<p>O desfecho do encontro n\u00e3o consta neste trecho. O duelo insere-se no conjunto de jogos da competi\u00e7\u00e3o da DAZN Champions, com destaque para o duplo momento entre o autor do golo e o autor da assist\u00eancia.<\/p>\n","protected":false},"excerpt":{"rendered":"<ul>\n<li>O franc\u00eas Cherki marcou o golo que fez o 1-3 aos 60 minutos.<\/li>\n<li>A assist\u00eancia foi de O&#8217;Reilly.<\/li>\n<li>O encontro faz parte da competi\u00e7\u00e3o DAZN Champions.<\/li>\n<li>O City reagiu ao tento, buscando responder ao resultado.<\/li>\n<\/ul>\n","protected":false},"author":2,"featured_media":157679,"comment_status":"closed","ping_status":"closed","sticky":false,"template":"","format":"standard","meta":{"footnotes":""},"categories":[21,24],"tags":[2068,3577,1311,32,3338,48],"class_list":["post-157672","post","type-post","status-publish","format-standard","has-post-thumbnail","hentry","category-desporto","category-futebol","tag-assistencias","tag-champions-league","tag-dazn","tag-futebol","tag-futebol-internacional","tag-gols"],"yoast_head":"<!-- This site is optimized with the Yoast SEO plugin v27.2 - https:\/\/yoast.com\/product\/yoast-seo-wordpress\/ -->\n<title>City reage: golo de Cherki com assist\u00eancia de O&#039;Reilly - Portal Tela Portugal<\/title>\n<meta name=\"robots\" content=\"index, follow, max-snippet:-1, max-image-preview:large, max-video-preview:-1\" \/>\n<meta property=\"og:locale\" content=\"pt_PT\" \/>\n<meta property=\"og:type\" content=\"article\" \/>\n<meta property=\"og:title\" content=\"City reage: golo de Cherki com assist\u00eancia de O&#039;Reilly - Portal Tela Portugal\" \/>\n<meta property=\"og:description\" content=\"O franc\u00eas Cherki marcou o golo que fez o 1-3 aos 60 minutos. A assist\u00eancia foi de O&#039;Reilly. O encontro faz parte da competi\u00e7\u00e3o DAZN Champions. O City reagiu ao tento, buscando responder ao resultado.\" \/>\n<meta property=\"og:url\" content=\"https:\/\/portaltela.pt\/noticias\/2026\/01\/20\/city-reage-golo-de-cherki-com-assistencia-de-o-reilly\/\" \/>\n<meta property=\"og:site_name\" content=\"Portal Tela Portugal\" \/>\n<meta property=\"article:published_time\" content=\"2026-01-20T19:11:35+00:00\" \/>\n<meta name=\"author\" content=\"Telinha\" \/>\n<meta name=\"twitter:card\" content=\"summary_large_image\" \/>\n<meta name=\"twitter:label1\" content=\"Escrito por\" \/>\n\t<meta name=\"twitter:data1\" content=\"Telinha\" \/>\n\t<meta name=\"twitter:label2\" content=\"Tempo estimado de leitura\" \/>\n\t<meta name=\"twitter:data2\" content=\"1 minuto\" \/>\n<script type=\"application\/ld+json\" class=\"yoast-schema-graph\">{\"@context\":\"https:\/\/schema.org\",\"@graph\":[{\"@type\":\"Article\",\"@id\":\"https:\/\/portaltela.pt\/noticias\/2026\/01\/20\/city-reage-golo-de-cherki-com-assistencia-de-o-reilly\/#article\",\"isPartOf\":{\"@id\":\"https:\/\/portaltela.pt\/noticias\/2026\/01\/20\/city-reage-golo-de-cherki-com-assistencia-de-o-reilly\/\"},\"author\":{\"name\":\"Telinha\",\"@id\":\"https:\/\/portaltela.pt\/#\/schema\/person\/c4278d4a6028830caff9ee44b42d32ed\"},\"headline\":\"City reage: golo de Cherki com assist\u00eancia de O&#8217;Reilly\",\"datePublished\":\"2026-01-20T19:11:35+00:00\",\"mainEntityOfPage\":{\"@id\":\"https:\/\/portaltela.pt\/noticias\/2026\/01\/20\/city-reage-golo-de-cherki-com-assistencia-de-o-reilly\/\"},\"wordCount\":164,\"image\":{\"@id\":\"https:\/\/portaltela.pt\/noticias\/2026\/01\/20\/city-reage-golo-de-cherki-com-assistencia-de-o-reilly\/#primaryimage\"},\"thumbnailUrl\":\"https:\/\/portaltela.pt\/s.01k8rhncp4jt1\/2026\/01\/11072ad6-cf57-490b-833e-71122f927e89.jpg\",\"keywords\":[\"assist\u00eancias\",\"Champions League\",\"DAZN\",\"futebol\",\"futebol internacional\",\"gols\"],\"articleSection\":[\"Desporto\",\"Futebol\"],\"inLanguage\":\"pt-PT\"},{\"@type\":\"WebPage\",\"@id\":\"https:\/\/portaltela.pt\/noticias\/2026\/01\/20\/city-reage-golo-de-cherki-com-assistencia-de-o-reilly\/\",\"url\":\"https:\/\/portaltela.pt\/noticias\/2026\/01\/20\/city-reage-golo-de-cherki-com-assistencia-de-o-reilly\/\",\"name\":\"City reage: golo de Cherki com assist\u00eancia de O'Reilly - Portal Tela Portugal\",\"isPartOf\":{\"@id\":\"https:\/\/portaltela.pt\/#website\"},\"primaryImageOfPage\":{\"@id\":\"https:\/\/portaltela.pt\/noticias\/2026\/01\/20\/city-reage-golo-de-cherki-com-assistencia-de-o-reilly\/#primaryimage\"},\"image\":{\"@id\":\"https:\/\/portaltela.pt\/noticias\/2026\/01\/20\/city-reage-golo-de-cherki-com-assistencia-de-o-reilly\/#primaryimage\"},\"thumbnailUrl\":\"https:\/\/portaltela.pt\/s.01k8rhncp4jt1\/2026\/01\/11072ad6-cf57-490b-833e-71122f927e89.jpg\",\"datePublished\":\"2026-01-20T19:11:35+00:00\",\"author\":{\"@id\":\"https:\/\/portaltela.pt\/#\/schema\/person\/c4278d4a6028830caff9ee44b42d32ed\"},\"breadcrumb\":{\"@id\":\"https:\/\/portaltela.pt\/noticias\/2026\/01\/20\/city-reage-golo-de-cherki-com-assistencia-de-o-reilly\/#breadcrumb\"},\"inLanguage\":\"pt-PT\",\"potentialAction\":[{\"@type\":\"ReadAction\",\"target\":[\"https:\/\/portaltela.pt\/noticias\/2026\/01\/20\/city-reage-golo-de-cherki-com-assistencia-de-o-reilly\/\"]}]},{\"@type\":\"ImageObject\",\"inLanguage\":\"pt-PT\",\"@id\":\"https:\/\/portaltela.pt\/noticias\/2026\/01\/20\/city-reage-golo-de-cherki-com-assistencia-de-o-reilly\/#primaryimage\",\"url\":\"https:\/\/portaltela.pt\/s.01k8rhncp4jt1\/2026\/01\/11072ad6-cf57-490b-833e-71122f927e89.jpg\",\"contentUrl\":\"https:\/\/portaltela.pt\/s.01k8rhncp4jt1\/2026\/01\/11072ad6-cf57-490b-833e-71122f927e89.jpg\",\"width\":796,\"height\":448,\"caption\":\"City reage: o golo \u00e9 de Cherki, mas esta assist\u00eancia de O'Reilly...\"},{\"@type\":\"BreadcrumbList\",\"@id\":\"https:\/\/portaltela.pt\/noticias\/2026\/01\/20\/city-reage-golo-de-cherki-com-assistencia-de-o-reilly\/#breadcrumb\",\"itemListElement\":[{\"@type\":\"ListItem\",\"position\":1,\"name\":\"In\u00edcio\",\"item\":\"https:\/\/portaltela.pt\/\"},{\"@type\":\"ListItem\",\"position\":2,\"name\":\"City reage: golo de Cherki com assist\u00eancia de O&#8217;Reilly\"}]},{\"@type\":\"WebSite\",\"@id\":\"https:\/\/portaltela.pt\/#website\",\"url\":\"https:\/\/portaltela.pt\/\",\"name\":\"Portal Tela Portugal\",\"description\":\"\",\"potentialAction\":[{\"@type\":\"SearchAction\",\"target\":{\"@type\":\"EntryPoint\",\"urlTemplate\":\"https:\/\/portaltela.pt\/?s={search_term_string}\"},\"query-input\":{\"@type\":\"PropertyValueSpecification\",\"valueRequired\":true,\"valueName\":\"search_term_string\"}}],\"inLanguage\":\"pt-PT\"},{\"@type\":\"Person\",\"@id\":\"https:\/\/portaltela.pt\/#\/schema\/person\/c4278d4a6028830caff9ee44b42d32ed\",\"name\":\"Telinha\",\"image\":{\"@type\":\"ImageObject\",\"inLanguage\":\"pt-PT\",\"@id\":\"https:\/\/portaltela.pt\/s.01k8rhncp4jt1\/2025\/11\/talking-bot-125x125.png\",\"url\":\"https:\/\/portaltela.pt\/s.01k8rhncp4jt1\/2025\/11\/talking-bot-125x125.png\",\"contentUrl\":\"https:\/\/portaltela.pt\/s.01k8rhncp4jt1\/2025\/11\/talking-bot-125x125.png\",\"caption\":\"Telinha\"},\"sameAs\":[\"https:\/\/portaltela.pt\/\"],\"url\":\"https:\/\/portaltela.pt\/por\/367410592786\/\"}]}<\/script>\n<!-- \/ Yoast SEO plugin. -->","yoast_head_json":{"title":"City reage: golo de Cherki com assist\u00eancia de O'Reilly - Portal Tela Portugal","robots":{"index":"index","follow":"follow","max-snippet":"max-snippet:-1","max-image-preview":"max-image-preview:large","max-video-preview":"max-video-preview:-1"},"og_locale":"pt_PT","og_type":"article","og_title":"City reage: golo de Cherki com assist\u00eancia de O'Reilly - Portal Tela Portugal","og_description":"O franc\u00eas Cherki marcou o golo que fez o 1-3 aos 60 minutos. A assist\u00eancia foi de O'Reilly. O encontro faz parte da competi\u00e7\u00e3o DAZN Champions. O City reagiu ao tento, buscando responder ao resultado.","og_url":"https:\/\/portaltela.pt\/noticias\/2026\/01\/20\/city-reage-golo-de-cherki-com-assistencia-de-o-reilly\/","og_site_name":"Portal Tela Portugal","article_published_time":"2026-01-20T19:11:35+00:00","author":"Telinha","twitter_card":"summary_large_image","twitter_misc":{"Escrito por":"Telinha","Tempo estimado de leitura":"1 minuto"},"schema":{"@context":"https:\/\/schema.org","@graph":[{"@type":"Article","@id":"https:\/\/portaltela.pt\/noticias\/2026\/01\/20\/city-reage-golo-de-cherki-com-assistencia-de-o-reilly\/#article","isPartOf":{"@id":"https:\/\/portaltela.pt\/noticias\/2026\/01\/20\/city-reage-golo-de-cherki-com-assistencia-de-o-reilly\/"},"author":{"name":"Telinha","@id":"https:\/\/portaltela.pt\/#\/schema\/person\/c4278d4a6028830caff9ee44b42d32ed"},"headline":"City reage: golo de Cherki com assist\u00eancia de O&#8217;Reilly","datePublished":"2026-01-20T19:11:35+00:00","mainEntityOfPage":{"@id":"https:\/\/portaltela.pt\/noticias\/2026\/01\/20\/city-reage-golo-de-cherki-com-assistencia-de-o-reilly\/"},"wordCount":164,"image":{"@id":"https:\/\/portaltela.pt\/noticias\/2026\/01\/20\/city-reage-golo-de-cherki-com-assistencia-de-o-reilly\/#primaryimage"},"thumbnailUrl":"https:\/\/portaltela.pt\/s.01k8rhncp4jt1\/2026\/01\/11072ad6-cf57-490b-833e-71122f927e89.jpg","keywords":["assist\u00eancias","Champions League","DAZN","futebol","futebol internacional","gols"],"articleSection":["Desporto","Futebol"],"inLanguage":"pt-PT"},{"@type":"WebPage","@id":"https:\/\/portaltela.pt\/noticias\/2026\/01\/20\/city-reage-golo-de-cherki-com-assistencia-de-o-reilly\/","url":"https:\/\/portaltela.pt\/noticias\/2026\/01\/20\/city-reage-golo-de-cherki-com-assistencia-de-o-reilly\/","name":"City reage: golo de Cherki com assist\u00eancia de O'Reilly - Portal Tela Portugal","isPartOf":{"@id":"https:\/\/portaltela.pt\/#website"},"primaryImageOfPage":{"@id":"https:\/\/portaltela.pt\/noticias\/2026\/01\/20\/city-reage-golo-de-cherki-com-assistencia-de-o-reilly\/#primaryimage"},"image":{"@id":"https:\/\/portaltela.pt\/noticias\/2026\/01\/20\/city-reage-golo-de-cherki-com-assistencia-de-o-reilly\/#primaryimage"},"thumbnailUrl":"https:\/\/portaltela.pt\/s.01k8rhncp4jt1\/2026\/01\/11072ad6-cf57-490b-833e-71122f927e89.jpg","datePublished":"2026-01-20T19:11:35+00:00","author":{"@id":"https:\/\/portaltela.pt\/#\/schema\/person\/c4278d4a6028830caff9ee44b42d32ed"},"breadcrumb":{"@id":"https:\/\/portaltela.pt\/noticias\/2026\/01\/20\/city-reage-golo-de-cherki-com-assistencia-de-o-reilly\/#breadcrumb"},"inLanguage":"pt-PT","potentialAction":[{"@type":"ReadAction","target":["https:\/\/portaltela.pt\/noticias\/2026\/01\/20\/city-reage-golo-de-cherki-com-assistencia-de-o-reilly\/"]}]},{"@type":"ImageObject","inLanguage":"pt-PT","@id":"https:\/\/portaltela.pt\/noticias\/2026\/01\/20\/city-reage-golo-de-cherki-com-assistencia-de-o-reilly\/#primaryimage","url":"https:\/\/portaltela.pt\/s.01k8rhncp4jt1\/2026\/01\/11072ad6-cf57-490b-833e-71122f927e89.jpg","contentUrl":"https:\/\/portaltela.pt\/s.01k8rhncp4jt1\/2026\/01\/11072ad6-cf57-490b-833e-71122f927e89.jpg","width":796,"height":448,"caption":"City reage: o golo \u00e9 de Cherki, mas esta assist\u00eancia de O'Reilly..."},{"@type":"BreadcrumbList","@id":"https:\/\/portaltela.pt\/noticias\/2026\/01\/20\/city-reage-golo-de-cherki-com-assistencia-de-o-reilly\/#breadcrumb","itemListElement":[{"@type":"ListItem","position":1,"name":"In\u00edcio","item":"https:\/\/portaltela.pt\/"},{"@type":"ListItem","position":2,"name":"City reage: golo de Cherki com assist\u00eancia de O&#8217;Reilly"}]},{"@type":"WebSite","@id":"https:\/\/portaltela.pt\/#website","url":"https:\/\/portaltela.pt\/","name":"Portal Tela Portugal","description":"","potentialAction":[{"@type":"SearchAction","target":{"@type":"EntryPoint","urlTemplate":"https:\/\/portaltela.pt\/?s={search_term_string}"},"query-input":{"@type":"PropertyValueSpecification","valueRequired":true,"valueName":"search_term_string"}}],"inLanguage":"pt-PT"},{"@type":"Person","@id":"https:\/\/portaltela.pt\/#\/schema\/person\/c4278d4a6028830caff9ee44b42d32ed","name":"Telinha","image":{"@type":"ImageObject","inLanguage":"pt-PT","@id":"https:\/\/portaltela.pt\/s.01k8rhncp4jt1\/2025\/11\/talking-bot-125x125.png","url":"https:\/\/portaltela.pt\/s.01k8rhncp4jt1\/2025\/11\/talking-bot-125x125.png","contentUrl":"https:\/\/portaltela.pt\/s.01k8rhncp4jt1\/2025\/11\/talking-bot-125x125.png","caption":"Telinha"},"sameAs":["https:\/\/portaltela.pt\/"],"url":"https:\/\/portaltela.pt\/por\/367410592786\/"}]}},"_links":{"self":[{"href":"https:\/\/portaltela.pt\/api\/wp\/v2\/posts\/157672","targetHints":{"allow":["GET"]}}],"collection":[{"href":"https:\/\/portaltela.pt\/api\/wp\/v2\/posts"}],"about":[{"href":"https:\/\/portaltela.pt\/api\/wp\/v2\/types\/post"}],"author":[{"embeddable":true,"href":"https:\/\/portaltela.pt\/api\/wp\/v2\/users\/2"}],"replies":[{"embeddable":true,"href":"https:\/\/portaltela.pt\/api\/wp\/v2\/comments?post=157672"}],"version-history":[{"count":0,"href":"https:\/\/portaltela.pt\/api\/wp\/v2\/posts\/157672\/revisions"}],"wp:featuredmedia":[{"embeddable":true,"href":"https:\/\/portaltela.pt\/api\/wp\/v2\/media\/157679"}],"wp:attachment":[{"href":"https:\/\/portaltela.pt\/api\/wp\/v2\/media?parent=157672"}],"wp:term":[{"taxonomy":"category","embeddable":true,"href":"https:\/\/portaltela.pt\/api\/wp\/v2\/categories?post=157672"},{"taxonomy":"post_tag","embeddable":true,"href":"https:\/\/portaltela.pt\/api\/wp\/v2\/tags?post=157672"}],"curies":[{"name":"wp","href":"https:\/\/api.w.org\/{rel}","templated":true}]}}