{"id":157496,"date":"2026-01-20T15:27:45","date_gmt":"2026-01-20T18:27:45","guid":{"rendered":"https:\/\/portaltela.pt\/noticias\/2026\/01\/20\/obras-na-caparica-criam-duas-rotundas-e-condicionam-transito\/"},"modified":"2026-01-20T15:27:45","modified_gmt":"2026-01-20T18:27:45","slug":"obras-na-caparica-criam-duas-rotundas-e-condicionam-transito","status":"publish","type":"post","link":"https:\/\/portaltela.pt\/noticias\/2026\/01\/20\/obras-na-caparica-criam-duas-rotundas-e-condicionam-transito\/","title":{"rendered":"Obras na Caparica criam duas rotundas e condicionam tr\u00e2nsito"},"content":{"rendered":"<p>A circula\u00e7\u00e3o autom\u00f3vel na Avenida Elias Garcia e na Rua da Bela Vista, no Monte da Caparica, vai sofrer condicionamentos entre 19 de janeiro e 12 de junho de 2026, devido a obras de urbaniza\u00e7\u00e3o municipal. O objetivo \u00e9 a constru\u00e7\u00e3o de duas rotundas na via de acesso ao futuro espa\u00e7o comercial da Mercadona. O atraso previsto surge no \u00e2mbito de uma empreitada organizada pela C\u00e2mara Municipal de Almada, com divulga\u00e7\u00e3o pelo Almada Online.<\/p>\n<p>Os trabalhos decorrem em duas fases ao longo do per\u00edodo indicado. A interven\u00e7\u00e3o n\u00e3o implica cortes totais dos sentidos, assegurando fluxo cont\u00ednuo em ambos os sentidos consoante a fase. Na fase 1, o sentido Sul\u2013Norte permanece ativo na Avenida Elias Garcia. Na fase 2, o sentido Norte\u2013Sul mant\u00e9m-se na Rua da Bela Vista durante os trabalhos.<\/p>\n<h3>Detalhes das fases<\/h3>\n<p>A primeira fase mant\u00e9m o eixo Sul\u2013Norte na Avenida Elias Garcia, com desvio pontual conforme a sinal\u00e9tica. Na segunda fase, a Rua da Bela Vista passa a manter o sentido Norte\u2013Sul durante a interven\u00e7\u00e3o. A sinaliza\u00e7\u00e3o prevista respeita a largura m\u00ednima de via para permitir circula\u00e7\u00e3o.<\/p>\n<h3>Seguran\u00e7a e acessos<\/h3>\n<p>A C\u00e2mara garante a passagem de Autocarros da Carris Metropolitana. Ser\u00e3o implementados planos de sinaliza\u00e7\u00e3o tempor\u00e1ria que asseguram acesso a emerg\u00eancias, garagens, bens e servi\u00e7os, bem como a circula\u00e7\u00e3o de pe\u00f5es. Motoristas devem seguir a sinaliza\u00e7\u00e3o no terreno e prever poss\u00edveis atrasos.<\/p>\n","protected":false},"excerpt":{"rendered":"<ul>\n<li>Condicionamentos de tr\u00e2nsito na Avenida Elias Garcia e na Rua da Bela Vista, Monte da Caparica, de 19 de janeiro a 12 de junho de 2026, devido a obras de urbaniza\u00e7\u00e3o para duas rotundas junto ao futuro espa\u00e7o da Mercadona.<\/li>\n<li>A obra ocorre em duas fases: fase 1 na Avenida Elias Garcia com o sentido Sul\u2013Norte sempre aberto; fase 2 na Rua da Bela Vista com o sentido Norte\u2013Sul assegurado.<\/li>\n<li>A sinaliza\u00e7\u00e3o manter\u00e1 a largura m\u00ednima de via necess\u00e1ria e os autocarros da Carris Metropolitana ter\u00e3o passagem garantida.<\/li>\n<li>Em frente ao local, existir\u00e3o planos de sinaliza\u00e7\u00e3o tempor\u00e1ria que asseguram o acesso de emerg\u00eancias, garagens, bens e servi\u00e7os, bem como a circula\u00e7\u00e3o de pe\u00f5es.<\/li>\n<li>Os automobilistas devem seguir a sinaliza\u00e7\u00e3o e prever potenciais atrasos durante o per\u00edodo de obras.<\/li>\n<\/ul>\n","protected":false},"author":2,"featured_media":157563,"comment_status":"closed","ping_status":"closed","sticky":false,"template":"","format":"standard","meta":{"footnotes":""},"categories":[1],"tags":[1373,798,1935,3263,1629,189],"class_list":["post-157496","post","type-post","status-publish","format-standard","has-post-thumbnail","hentry","category-noticias","tag-almada","tag-carris-metropolitana","tag-emergencias","tag-mobilidade-urbana","tag-transito","tag-urbanismo"],"yoast_head":"<!-- This site is optimized with the Yoast SEO plugin v27.2 - https:\/\/yoast.com\/product\/yoast-seo-wordpress\/ -->\n<title>Obras na Caparica criam duas rotundas e condicionam tr\u00e2nsito - Portal Tela Portugal<\/title>\n<meta name=\"robots\" content=\"index, follow, max-snippet:-1, max-image-preview:large, max-video-preview:-1\" \/>\n<meta property=\"og:locale\" content=\"pt_PT\" \/>\n<meta property=\"og:type\" content=\"article\" \/>\n<meta property=\"og:title\" content=\"Obras na Caparica criam duas rotundas e condicionam tr\u00e2nsito - Portal Tela Portugal\" \/>\n<meta property=\"og:description\" content=\"Condicionamentos de tr\u00e2nsito na Avenida Elias Garcia e na Rua da Bela Vista, Monte da Caparica, de 19 de janeiro a 12 de junho de 2026, devido a obras de urbaniza\u00e7\u00e3o para duas rotundas junto ao futuro espa\u00e7o da Mercadona. A obra ocorre em duas fases: fase 1 na Avenida Elias Garcia com o sentido Sul\u2013Norte sempre aberto; fase 2 na Rua da Bela Vista com o sentido Norte\u2013Sul assegurado. A sinaliza\u00e7\u00e3o manter\u00e1 a largura m\u00ednima de via necess\u00e1ria e os autocarros da Carris Metropolitana ter\u00e3o passagem garantida. Em frente ao local, existir\u00e3o planos de sinaliza\u00e7\u00e3o tempor\u00e1ria que asseguram o acesso de emerg\u00eancias, garagens, bens e servi\u00e7os, bem como a circula\u00e7\u00e3o de pe\u00f5es. Os automobilistas devem seguir a sinaliza\u00e7\u00e3o e prever potenciais atrasos durante o per\u00edodo de obras.\" \/>\n<meta property=\"og:url\" content=\"https:\/\/portaltela.pt\/noticias\/2026\/01\/20\/obras-na-caparica-criam-duas-rotundas-e-condicionam-transito\/\" \/>\n<meta property=\"og:site_name\" content=\"Portal Tela Portugal\" \/>\n<meta property=\"article:published_time\" content=\"2026-01-20T18:27:45+00:00\" \/>\n<meta name=\"author\" content=\"Telinha\" \/>\n<meta name=\"twitter:card\" content=\"summary_large_image\" \/>\n<meta name=\"twitter:label1\" content=\"Escrito por\" \/>\n\t<meta name=\"twitter:data1\" content=\"Telinha\" \/>\n\t<meta name=\"twitter:label2\" content=\"Tempo estimado de leitura\" \/>\n\t<meta name=\"twitter:data2\" content=\"1 minuto\" \/>\n<script type=\"application\/ld+json\" class=\"yoast-schema-graph\">{\"@context\":\"https:\/\/schema.org\",\"@graph\":[{\"@type\":\"Article\",\"@id\":\"https:\/\/portaltela.pt\/noticias\/2026\/01\/20\/obras-na-caparica-criam-duas-rotundas-e-condicionam-transito\/#article\",\"isPartOf\":{\"@id\":\"https:\/\/portaltela.pt\/noticias\/2026\/01\/20\/obras-na-caparica-criam-duas-rotundas-e-condicionam-transito\/\"},\"author\":{\"name\":\"Telinha\",\"@id\":\"https:\/\/portaltela.pt\/#\/schema\/person\/c4278d4a6028830caff9ee44b42d32ed\"},\"headline\":\"Obras na Caparica criam duas rotundas e condicionam tr\u00e2nsito\",\"datePublished\":\"2026-01-20T18:27:45+00:00\",\"mainEntityOfPage\":{\"@id\":\"https:\/\/portaltela.pt\/noticias\/2026\/01\/20\/obras-na-caparica-criam-duas-rotundas-e-condicionam-transito\/\"},\"wordCount\":261,\"image\":{\"@id\":\"https:\/\/portaltela.pt\/noticias\/2026\/01\/20\/obras-na-caparica-criam-duas-rotundas-e-condicionam-transito\/#primaryimage\"},\"thumbnailUrl\":\"https:\/\/portaltela.pt\/s.01k8rhncp4jt1\/2026\/01\/unnamed-file-4198.jpg\",\"keywords\":[\"Almada\",\"Carris Metropolitana\",\"emerg\u00eancias\",\"mobilidade urbana\",\"tr\u00e2nsito\",\"urbanismo\"],\"articleSection\":[\"Not\u00edcias\"],\"inLanguage\":\"pt-PT\"},{\"@type\":\"WebPage\",\"@id\":\"https:\/\/portaltela.pt\/noticias\/2026\/01\/20\/obras-na-caparica-criam-duas-rotundas-e-condicionam-transito\/\",\"url\":\"https:\/\/portaltela.pt\/noticias\/2026\/01\/20\/obras-na-caparica-criam-duas-rotundas-e-condicionam-transito\/\",\"name\":\"Obras na Caparica criam duas rotundas e condicionam tr\u00e2nsito - Portal Tela Portugal\",\"isPartOf\":{\"@id\":\"https:\/\/portaltela.pt\/#website\"},\"primaryImageOfPage\":{\"@id\":\"https:\/\/portaltela.pt\/noticias\/2026\/01\/20\/obras-na-caparica-criam-duas-rotundas-e-condicionam-transito\/#primaryimage\"},\"image\":{\"@id\":\"https:\/\/portaltela.pt\/noticias\/2026\/01\/20\/obras-na-caparica-criam-duas-rotundas-e-condicionam-transito\/#primaryimage\"},\"thumbnailUrl\":\"https:\/\/portaltela.pt\/s.01k8rhncp4jt1\/2026\/01\/unnamed-file-4198.jpg\",\"datePublished\":\"2026-01-20T18:27:45+00:00\",\"author\":{\"@id\":\"https:\/\/portaltela.pt\/#\/schema\/person\/c4278d4a6028830caff9ee44b42d32ed\"},\"breadcrumb\":{\"@id\":\"https:\/\/portaltela.pt\/noticias\/2026\/01\/20\/obras-na-caparica-criam-duas-rotundas-e-condicionam-transito\/#breadcrumb\"},\"inLanguage\":\"pt-PT\",\"potentialAction\":[{\"@type\":\"ReadAction\",\"target\":[\"https:\/\/portaltela.pt\/noticias\/2026\/01\/20\/obras-na-caparica-criam-duas-rotundas-e-condicionam-transito\/\"]}]},{\"@type\":\"ImageObject\",\"inLanguage\":\"pt-PT\",\"@id\":\"https:\/\/portaltela.pt\/noticias\/2026\/01\/20\/obras-na-caparica-criam-duas-rotundas-e-condicionam-transito\/#primaryimage\",\"url\":\"https:\/\/portaltela.pt\/s.01k8rhncp4jt1\/2026\/01\/unnamed-file-4198.jpg\",\"contentUrl\":\"https:\/\/portaltela.pt\/s.01k8rhncp4jt1\/2026\/01\/unnamed-file-4198.jpg\",\"width\":796,\"height\":448,\"caption\":\"Monte da Caparica: obras para duas novas rotundas condicionam tr\u00e2nsito\"},{\"@type\":\"BreadcrumbList\",\"@id\":\"https:\/\/portaltela.pt\/noticias\/2026\/01\/20\/obras-na-caparica-criam-duas-rotundas-e-condicionam-transito\/#breadcrumb\",\"itemListElement\":[{\"@type\":\"ListItem\",\"position\":1,\"name\":\"In\u00edcio\",\"item\":\"https:\/\/portaltela.pt\/\"},{\"@type\":\"ListItem\",\"position\":2,\"name\":\"Obras na Caparica criam duas rotundas e condicionam tr\u00e2nsito\"}]},{\"@type\":\"WebSite\",\"@id\":\"https:\/\/portaltela.pt\/#website\",\"url\":\"https:\/\/portaltela.pt\/\",\"name\":\"Portal Tela Portugal\",\"description\":\"\",\"potentialAction\":[{\"@type\":\"SearchAction\",\"target\":{\"@type\":\"EntryPoint\",\"urlTemplate\":\"https:\/\/portaltela.pt\/?s={search_term_string}\"},\"query-input\":{\"@type\":\"PropertyValueSpecification\",\"valueRequired\":true,\"valueName\":\"search_term_string\"}}],\"inLanguage\":\"pt-PT\"},{\"@type\":\"Person\",\"@id\":\"https:\/\/portaltela.pt\/#\/schema\/person\/c4278d4a6028830caff9ee44b42d32ed\",\"name\":\"Telinha\",\"image\":{\"@type\":\"ImageObject\",\"inLanguage\":\"pt-PT\",\"@id\":\"https:\/\/portaltela.pt\/s.01k8rhncp4jt1\/2025\/11\/talking-bot-125x125.png\",\"url\":\"https:\/\/portaltela.pt\/s.01k8rhncp4jt1\/2025\/11\/talking-bot-125x125.png\",\"contentUrl\":\"https:\/\/portaltela.pt\/s.01k8rhncp4jt1\/2025\/11\/talking-bot-125x125.png\",\"caption\":\"Telinha\"},\"sameAs\":[\"https:\/\/portaltela.pt\/\"],\"url\":\"https:\/\/portaltela.pt\/por\/367410592786\/\"}]}<\/script>\n<!-- \/ Yoast SEO plugin. -->","yoast_head_json":{"title":"Obras na Caparica criam duas rotundas e condicionam tr\u00e2nsito - Portal Tela Portugal","robots":{"index":"index","follow":"follow","max-snippet":"max-snippet:-1","max-image-preview":"max-image-preview:large","max-video-preview":"max-video-preview:-1"},"og_locale":"pt_PT","og_type":"article","og_title":"Obras na Caparica criam duas rotundas e condicionam tr\u00e2nsito - Portal Tela Portugal","og_description":"Condicionamentos de tr\u00e2nsito na Avenida Elias Garcia e na Rua da Bela Vista, Monte da Caparica, de 19 de janeiro a 12 de junho de 2026, devido a obras de urbaniza\u00e7\u00e3o para duas rotundas junto ao futuro espa\u00e7o da Mercadona. A obra ocorre em duas fases: fase 1 na Avenida Elias Garcia com o sentido Sul\u2013Norte sempre aberto; fase 2 na Rua da Bela Vista com o sentido Norte\u2013Sul assegurado. A sinaliza\u00e7\u00e3o manter\u00e1 a largura m\u00ednima de via necess\u00e1ria e os autocarros da Carris Metropolitana ter\u00e3o passagem garantida. Em frente ao local, existir\u00e3o planos de sinaliza\u00e7\u00e3o tempor\u00e1ria que asseguram o acesso de emerg\u00eancias, garagens, bens e servi\u00e7os, bem como a circula\u00e7\u00e3o de pe\u00f5es. Os automobilistas devem seguir a sinaliza\u00e7\u00e3o e prever potenciais atrasos durante o per\u00edodo de obras.","og_url":"https:\/\/portaltela.pt\/noticias\/2026\/01\/20\/obras-na-caparica-criam-duas-rotundas-e-condicionam-transito\/","og_site_name":"Portal Tela Portugal","article_published_time":"2026-01-20T18:27:45+00:00","author":"Telinha","twitter_card":"summary_large_image","twitter_misc":{"Escrito por":"Telinha","Tempo estimado de leitura":"1 minuto"},"schema":{"@context":"https:\/\/schema.org","@graph":[{"@type":"Article","@id":"https:\/\/portaltela.pt\/noticias\/2026\/01\/20\/obras-na-caparica-criam-duas-rotundas-e-condicionam-transito\/#article","isPartOf":{"@id":"https:\/\/portaltela.pt\/noticias\/2026\/01\/20\/obras-na-caparica-criam-duas-rotundas-e-condicionam-transito\/"},"author":{"name":"Telinha","@id":"https:\/\/portaltela.pt\/#\/schema\/person\/c4278d4a6028830caff9ee44b42d32ed"},"headline":"Obras na Caparica criam duas rotundas e condicionam tr\u00e2nsito","datePublished":"2026-01-20T18:27:45+00:00","mainEntityOfPage":{"@id":"https:\/\/portaltela.pt\/noticias\/2026\/01\/20\/obras-na-caparica-criam-duas-rotundas-e-condicionam-transito\/"},"wordCount":261,"image":{"@id":"https:\/\/portaltela.pt\/noticias\/2026\/01\/20\/obras-na-caparica-criam-duas-rotundas-e-condicionam-transito\/#primaryimage"},"thumbnailUrl":"https:\/\/portaltela.pt\/s.01k8rhncp4jt1\/2026\/01\/unnamed-file-4198.jpg","keywords":["Almada","Carris Metropolitana","emerg\u00eancias","mobilidade urbana","tr\u00e2nsito","urbanismo"],"articleSection":["Not\u00edcias"],"inLanguage":"pt-PT"},{"@type":"WebPage","@id":"https:\/\/portaltela.pt\/noticias\/2026\/01\/20\/obras-na-caparica-criam-duas-rotundas-e-condicionam-transito\/","url":"https:\/\/portaltela.pt\/noticias\/2026\/01\/20\/obras-na-caparica-criam-duas-rotundas-e-condicionam-transito\/","name":"Obras na Caparica criam duas rotundas e condicionam tr\u00e2nsito - Portal Tela Portugal","isPartOf":{"@id":"https:\/\/portaltela.pt\/#website"},"primaryImageOfPage":{"@id":"https:\/\/portaltela.pt\/noticias\/2026\/01\/20\/obras-na-caparica-criam-duas-rotundas-e-condicionam-transito\/#primaryimage"},"image":{"@id":"https:\/\/portaltela.pt\/noticias\/2026\/01\/20\/obras-na-caparica-criam-duas-rotundas-e-condicionam-transito\/#primaryimage"},"thumbnailUrl":"https:\/\/portaltela.pt\/s.01k8rhncp4jt1\/2026\/01\/unnamed-file-4198.jpg","datePublished":"2026-01-20T18:27:45+00:00","author":{"@id":"https:\/\/portaltela.pt\/#\/schema\/person\/c4278d4a6028830caff9ee44b42d32ed"},"breadcrumb":{"@id":"https:\/\/portaltela.pt\/noticias\/2026\/01\/20\/obras-na-caparica-criam-duas-rotundas-e-condicionam-transito\/#breadcrumb"},"inLanguage":"pt-PT","potentialAction":[{"@type":"ReadAction","target":["https:\/\/portaltela.pt\/noticias\/2026\/01\/20\/obras-na-caparica-criam-duas-rotundas-e-condicionam-transito\/"]}]},{"@type":"ImageObject","inLanguage":"pt-PT","@id":"https:\/\/portaltela.pt\/noticias\/2026\/01\/20\/obras-na-caparica-criam-duas-rotundas-e-condicionam-transito\/#primaryimage","url":"https:\/\/portaltela.pt\/s.01k8rhncp4jt1\/2026\/01\/unnamed-file-4198.jpg","contentUrl":"https:\/\/portaltela.pt\/s.01k8rhncp4jt1\/2026\/01\/unnamed-file-4198.jpg","width":796,"height":448,"caption":"Monte da Caparica: obras para duas novas rotundas condicionam tr\u00e2nsito"},{"@type":"BreadcrumbList","@id":"https:\/\/portaltela.pt\/noticias\/2026\/01\/20\/obras-na-caparica-criam-duas-rotundas-e-condicionam-transito\/#breadcrumb","itemListElement":[{"@type":"ListItem","position":1,"name":"In\u00edcio","item":"https:\/\/portaltela.pt\/"},{"@type":"ListItem","position":2,"name":"Obras na Caparica criam duas rotundas e condicionam tr\u00e2nsito"}]},{"@type":"WebSite","@id":"https:\/\/portaltela.pt\/#website","url":"https:\/\/portaltela.pt\/","name":"Portal Tela Portugal","description":"","potentialAction":[{"@type":"SearchAction","target":{"@type":"EntryPoint","urlTemplate":"https:\/\/portaltela.pt\/?s={search_term_string}"},"query-input":{"@type":"PropertyValueSpecification","valueRequired":true,"valueName":"search_term_string"}}],"inLanguage":"pt-PT"},{"@type":"Person","@id":"https:\/\/portaltela.pt\/#\/schema\/person\/c4278d4a6028830caff9ee44b42d32ed","name":"Telinha","image":{"@type":"ImageObject","inLanguage":"pt-PT","@id":"https:\/\/portaltela.pt\/s.01k8rhncp4jt1\/2025\/11\/talking-bot-125x125.png","url":"https:\/\/portaltela.pt\/s.01k8rhncp4jt1\/2025\/11\/talking-bot-125x125.png","contentUrl":"https:\/\/portaltela.pt\/s.01k8rhncp4jt1\/2025\/11\/talking-bot-125x125.png","caption":"Telinha"},"sameAs":["https:\/\/portaltela.pt\/"],"url":"https:\/\/portaltela.pt\/por\/367410592786\/"}]}},"_links":{"self":[{"href":"https:\/\/portaltela.pt\/api\/wp\/v2\/posts\/157496","targetHints":{"allow":["GET"]}}],"collection":[{"href":"https:\/\/portaltela.pt\/api\/wp\/v2\/posts"}],"about":[{"href":"https:\/\/portaltela.pt\/api\/wp\/v2\/types\/post"}],"author":[{"embeddable":true,"href":"https:\/\/portaltela.pt\/api\/wp\/v2\/users\/2"}],"replies":[{"embeddable":true,"href":"https:\/\/portaltela.pt\/api\/wp\/v2\/comments?post=157496"}],"version-history":[{"count":0,"href":"https:\/\/portaltela.pt\/api\/wp\/v2\/posts\/157496\/revisions"}],"wp:featuredmedia":[{"embeddable":true,"href":"https:\/\/portaltela.pt\/api\/wp\/v2\/media\/157563"}],"wp:attachment":[{"href":"https:\/\/portaltela.pt\/api\/wp\/v2\/media?parent=157496"}],"wp:term":[{"taxonomy":"category","embeddable":true,"href":"https:\/\/portaltela.pt\/api\/wp\/v2\/categories?post=157496"},{"taxonomy":"post_tag","embeddable":true,"href":"https:\/\/portaltela.pt\/api\/wp\/v2\/tags?post=157496"}],"curies":[{"name":"wp","href":"https:\/\/api.w.org\/{rel}","templated":true}]}}