{"id":157488,"date":"2026-01-20T15:21:49","date_gmt":"2026-01-20T18:21:49","guid":{"rendered":"https:\/\/portaltela.pt\/noticias\/2026\/01\/20\/utad-recebe-170-alunos-do-secundario-de-baiao-em-projeto-de-ciencias-agrarias\/"},"modified":"2026-01-20T15:21:49","modified_gmt":"2026-01-20T18:21:49","slug":"utad-recebe-170-alunos-do-secundario-de-baiao-em-projeto-de-ciencias-agrarias","status":"publish","type":"post","link":"https:\/\/portaltela.pt\/noticias\/2026\/01\/20\/utad-recebe-170-alunos-do-secundario-de-baiao-em-projeto-de-ciencias-agrarias\/","title":{"rendered":"UTAD recebe 170 alunos do secund\u00e1rio de Bai\u00e3o em projeto de ci\u00eancias agr\u00e1rias"},"content":{"rendered":"<p>A Escola de Ci\u00eancias Agr\u00e1rias e Veterin\u00e1rias (ECAV) da UTAD recebe, na quinta-feira, 22 de janeiro, 170 alunos do ensino secund\u00e1rio do Agrupamento de Escolas do Vale do Ovil, Bai\u00e3o. A visita insere-se no projeto AgroEduca Futuro, financiado pelo Plano de Recupera\u00e7\u00e3o e Resili\u00eancia (PRR), com o objetivo de aproximar os jovens das ci\u00eancias agr\u00e1rias.<\/p>\n<p>O programa, j\u00e1 com cerca de 1.000 participantes, visa promover o interesse pelas profiss\u00f5es do setor, fomentar a literacia cient\u00edfica e valorizar a sustentabilidade e a inova\u00e7\u00e3o na agricultura. A iniciativa aposta num contacto direto com o ensino superior, antes do t\u00e9rmino do projeto.<\/p>\n<p>Durante o dia, os alunos v\u00e3o participar em oito atividades paralelas, em hor\u00e1rios rotativos. Entre as propostas est\u00e3o ateliers como *M\u00e3os na L\u00e3 \u2013 da Ovelha ao Fio* e *Tecnologia e Tradi\u00e7\u00e3o: o saber dos enchidos*, al\u00e9m de demonstra\u00e7\u00f5es com drones. At\u00e9 ao final do projeto, est\u00e1 prevista a participa\u00e7\u00e3o de mais alunos.<\/p>\n<h3>Atividades e objetivos<\/h3>\n<p>As atividades previstas pretendem promover conhecimento t\u00e9cnico e sensibilizar para a inova\u00e7\u00e3o agr\u00edcola. O formato em rotatividade facilita o envolvimento de todos, permitindo explorar v\u00e1rias \u00e1reas da agronomia e da tecnologia associada.<\/p>\n<p>A iniciativa refor\u00e7a o contacto com o ensino superior e serve de ponte entre o ensino secund\u00e1rio e as oportunidades acad\u00e9micas no segmento agroalimentar. Est\u00e3o abertas perspetivas de participa\u00e7\u00e3o adicionais de alunos ao longo do projeto.<\/p>\n","protected":false},"excerpt":{"rendered":"<ul>\n<li>A Escola de Ci\u00eancias Agr\u00e1rias e Veterin\u00e1rias (ECAV) da UTAD recebe na quinta-feira, 22 de janeiro, 170 alunos do ensino secund\u00e1rio do agrupamento de Bai\u00e3o.<\/li>\n<li>A iniciativa enquadra-se no projeto AgroEduca Futuro, financiado pelo Plano de Recupera\u00e7\u00e3o e Resili\u00eancia (PRR), que visa aproximar os jovens das ci\u00eancias agr\u00e1rias.<\/li>\n<li>O programa j\u00e1 conta com cerca de 1.000 participantes e prev\u00ea mais 600 at\u00e9 ao fim.<\/li>\n<li>Os alunos v\u00e3o participar em oito atividades paralelas, em hor\u00e1rios rotativos, com ateli\u00eas como \u201cM\u00e3os na L\u00e3 \u2013 da Ovelha ao Fio\u201d e \u201cTecnologia e Tradi\u00e7\u00e3o: o saber dos enchidos\u201d e demonstra\u00e7\u00f5es com drones.<\/li>\n<li>O objetivo \u00e9 estimular o interesse pelas profiss\u00f5es do setor, promover a literacia cient\u00edfica e valorizar a sustentabilidade e inova\u00e7\u00e3o na agricultura.<\/li>\n<\/ul>\n","protected":false},"author":2,"featured_media":157550,"comment_status":"closed","ping_status":"closed","sticky":false,"template":"","format":"standard","meta":{"footnotes":""},"categories":[1],"tags":[179,760,1369,163,33,3458],"class_list":["post-157488","post","type-post","status-publish","format-standard","has-post-thumbnail","hentry","category-noticias","tag-agricultura","tag-agroalimentar","tag-baiao","tag-educacao","tag-inovacao","tag-utad"],"yoast_head":"<!-- This site is optimized with the Yoast SEO plugin v27.2 - https:\/\/yoast.com\/product\/yoast-seo-wordpress\/ -->\n<title>UTAD recebe 170 alunos do secund\u00e1rio de Bai\u00e3o em projeto de ci\u00eancias agr\u00e1rias - Portal Tela Portugal<\/title>\n<meta name=\"robots\" content=\"index, follow, max-snippet:-1, max-image-preview:large, max-video-preview:-1\" \/>\n<meta property=\"og:locale\" content=\"pt_PT\" \/>\n<meta property=\"og:type\" content=\"article\" \/>\n<meta property=\"og:title\" content=\"UTAD recebe 170 alunos do secund\u00e1rio de Bai\u00e3o em projeto de ci\u00eancias agr\u00e1rias - Portal Tela Portugal\" \/>\n<meta property=\"og:description\" content=\"A Escola de Ci\u00eancias Agr\u00e1rias e Veterin\u00e1rias (ECAV) da UTAD recebe na quinta-feira, 22 de janeiro, 170 alunos do ensino secund\u00e1rio do agrupamento de Bai\u00e3o. A iniciativa enquadra-se no projeto AgroEduca Futuro, financiado pelo Plano de Recupera\u00e7\u00e3o e Resili\u00eancia (PRR), que visa aproximar os jovens das ci\u00eancias agr\u00e1rias. O programa j\u00e1 conta com cerca de 1.000 participantes e prev\u00ea mais 600 at\u00e9 ao fim. Os alunos v\u00e3o participar em oito atividades paralelas, em hor\u00e1rios rotativos, com ateli\u00eas como \u201cM\u00e3os na L\u00e3 \u2013 da Ovelha ao Fio\u201d e \u201cTecnologia e Tradi\u00e7\u00e3o: o saber dos enchidos\u201d e demonstra\u00e7\u00f5es com drones. O objetivo \u00e9 estimular o interesse pelas profiss\u00f5es do setor, promover a literacia cient\u00edfica e valorizar a sustentabilidade e inova\u00e7\u00e3o na agricultura.\" \/>\n<meta property=\"og:url\" content=\"https:\/\/portaltela.pt\/noticias\/2026\/01\/20\/utad-recebe-170-alunos-do-secundario-de-baiao-em-projeto-de-ciencias-agrarias\/\" \/>\n<meta property=\"og:site_name\" content=\"Portal Tela Portugal\" \/>\n<meta property=\"article:published_time\" content=\"2026-01-20T18:21:49+00:00\" \/>\n<meta name=\"author\" content=\"Telinha\" \/>\n<meta name=\"twitter:card\" content=\"summary_large_image\" \/>\n<meta name=\"twitter:label1\" content=\"Escrito por\" \/>\n\t<meta name=\"twitter:data1\" content=\"Telinha\" \/>\n\t<meta name=\"twitter:label2\" content=\"Tempo estimado de leitura\" \/>\n\t<meta name=\"twitter:data2\" content=\"1 minuto\" \/>\n<script type=\"application\/ld+json\" class=\"yoast-schema-graph\">{\"@context\":\"https:\/\/schema.org\",\"@graph\":[{\"@type\":\"Article\",\"@id\":\"https:\/\/portaltela.pt\/noticias\/2026\/01\/20\/utad-recebe-170-alunos-do-secundario-de-baiao-em-projeto-de-ciencias-agrarias\/#article\",\"isPartOf\":{\"@id\":\"https:\/\/portaltela.pt\/noticias\/2026\/01\/20\/utad-recebe-170-alunos-do-secundario-de-baiao-em-projeto-de-ciencias-agrarias\/\"},\"author\":{\"name\":\"Telinha\",\"@id\":\"https:\/\/portaltela.pt\/#\/schema\/person\/c4278d4a6028830caff9ee44b42d32ed\"},\"headline\":\"UTAD recebe 170 alunos do secund\u00e1rio de Bai\u00e3o em projeto de ci\u00eancias agr\u00e1rias\",\"datePublished\":\"2026-01-20T18:21:49+00:00\",\"mainEntityOfPage\":{\"@id\":\"https:\/\/portaltela.pt\/noticias\/2026\/01\/20\/utad-recebe-170-alunos-do-secundario-de-baiao-em-projeto-de-ciencias-agrarias\/\"},\"wordCount\":265,\"image\":{\"@id\":\"https:\/\/portaltela.pt\/noticias\/2026\/01\/20\/utad-recebe-170-alunos-do-secundario-de-baiao-em-projeto-de-ciencias-agrarias\/#primaryimage\"},\"thumbnailUrl\":\"https:\/\/portaltela.pt\/s.01k8rhncp4jt1\/2026\/01\/unnamed-file-4197.jpg\",\"keywords\":[\"agricultura\",\"agroalimentar\",\"Bai\u00e3o\",\"educa\u00e7\u00e3o\",\"inova\u00e7\u00e3o\",\"UTAD\"],\"articleSection\":[\"Not\u00edcias\"],\"inLanguage\":\"pt-PT\"},{\"@type\":\"WebPage\",\"@id\":\"https:\/\/portaltela.pt\/noticias\/2026\/01\/20\/utad-recebe-170-alunos-do-secundario-de-baiao-em-projeto-de-ciencias-agrarias\/\",\"url\":\"https:\/\/portaltela.pt\/noticias\/2026\/01\/20\/utad-recebe-170-alunos-do-secundario-de-baiao-em-projeto-de-ciencias-agrarias\/\",\"name\":\"UTAD recebe 170 alunos do secund\u00e1rio de Bai\u00e3o em projeto de ci\u00eancias agr\u00e1rias - Portal Tela Portugal\",\"isPartOf\":{\"@id\":\"https:\/\/portaltela.pt\/#website\"},\"primaryImageOfPage\":{\"@id\":\"https:\/\/portaltela.pt\/noticias\/2026\/01\/20\/utad-recebe-170-alunos-do-secundario-de-baiao-em-projeto-de-ciencias-agrarias\/#primaryimage\"},\"image\":{\"@id\":\"https:\/\/portaltela.pt\/noticias\/2026\/01\/20\/utad-recebe-170-alunos-do-secundario-de-baiao-em-projeto-de-ciencias-agrarias\/#primaryimage\"},\"thumbnailUrl\":\"https:\/\/portaltela.pt\/s.01k8rhncp4jt1\/2026\/01\/unnamed-file-4197.jpg\",\"datePublished\":\"2026-01-20T18:21:49+00:00\",\"author\":{\"@id\":\"https:\/\/portaltela.pt\/#\/schema\/person\/c4278d4a6028830caff9ee44b42d32ed\"},\"breadcrumb\":{\"@id\":\"https:\/\/portaltela.pt\/noticias\/2026\/01\/20\/utad-recebe-170-alunos-do-secundario-de-baiao-em-projeto-de-ciencias-agrarias\/#breadcrumb\"},\"inLanguage\":\"pt-PT\",\"potentialAction\":[{\"@type\":\"ReadAction\",\"target\":[\"https:\/\/portaltela.pt\/noticias\/2026\/01\/20\/utad-recebe-170-alunos-do-secundario-de-baiao-em-projeto-de-ciencias-agrarias\/\"]}]},{\"@type\":\"ImageObject\",\"inLanguage\":\"pt-PT\",\"@id\":\"https:\/\/portaltela.pt\/noticias\/2026\/01\/20\/utad-recebe-170-alunos-do-secundario-de-baiao-em-projeto-de-ciencias-agrarias\/#primaryimage\",\"url\":\"https:\/\/portaltela.pt\/s.01k8rhncp4jt1\/2026\/01\/unnamed-file-4197.jpg\",\"contentUrl\":\"https:\/\/portaltela.pt\/s.01k8rhncp4jt1\/2026\/01\/unnamed-file-4197.jpg\",\"width\":796,\"height\":448,\"caption\":\"UTAD recebe 170 alunos do secund\u00e1rio de Bai\u00e3o em projeto de ci\u00eancias agr\u00e1rias\"},{\"@type\":\"BreadcrumbList\",\"@id\":\"https:\/\/portaltela.pt\/noticias\/2026\/01\/20\/utad-recebe-170-alunos-do-secundario-de-baiao-em-projeto-de-ciencias-agrarias\/#breadcrumb\",\"itemListElement\":[{\"@type\":\"ListItem\",\"position\":1,\"name\":\"In\u00edcio\",\"item\":\"https:\/\/portaltela.pt\/\"},{\"@type\":\"ListItem\",\"position\":2,\"name\":\"UTAD recebe 170 alunos do secund\u00e1rio de Bai\u00e3o em projeto de ci\u00eancias agr\u00e1rias\"}]},{\"@type\":\"WebSite\",\"@id\":\"https:\/\/portaltela.pt\/#website\",\"url\":\"https:\/\/portaltela.pt\/\",\"name\":\"Portal Tela Portugal\",\"description\":\"\",\"potentialAction\":[{\"@type\":\"SearchAction\",\"target\":{\"@type\":\"EntryPoint\",\"urlTemplate\":\"https:\/\/portaltela.pt\/?s={search_term_string}\"},\"query-input\":{\"@type\":\"PropertyValueSpecification\",\"valueRequired\":true,\"valueName\":\"search_term_string\"}}],\"inLanguage\":\"pt-PT\"},{\"@type\":\"Person\",\"@id\":\"https:\/\/portaltela.pt\/#\/schema\/person\/c4278d4a6028830caff9ee44b42d32ed\",\"name\":\"Telinha\",\"image\":{\"@type\":\"ImageObject\",\"inLanguage\":\"pt-PT\",\"@id\":\"https:\/\/portaltela.pt\/s.01k8rhncp4jt1\/2025\/11\/talking-bot-125x125.png\",\"url\":\"https:\/\/portaltela.pt\/s.01k8rhncp4jt1\/2025\/11\/talking-bot-125x125.png\",\"contentUrl\":\"https:\/\/portaltela.pt\/s.01k8rhncp4jt1\/2025\/11\/talking-bot-125x125.png\",\"caption\":\"Telinha\"},\"sameAs\":[\"https:\/\/portaltela.pt\/\"],\"url\":\"https:\/\/portaltela.pt\/por\/367410592786\/\"}]}<\/script>\n<!-- \/ Yoast SEO plugin. -->","yoast_head_json":{"title":"UTAD recebe 170 alunos do secund\u00e1rio de Bai\u00e3o em projeto de ci\u00eancias agr\u00e1rias - Portal Tela Portugal","robots":{"index":"index","follow":"follow","max-snippet":"max-snippet:-1","max-image-preview":"max-image-preview:large","max-video-preview":"max-video-preview:-1"},"og_locale":"pt_PT","og_type":"article","og_title":"UTAD recebe 170 alunos do secund\u00e1rio de Bai\u00e3o em projeto de ci\u00eancias agr\u00e1rias - Portal Tela Portugal","og_description":"A Escola de Ci\u00eancias Agr\u00e1rias e Veterin\u00e1rias (ECAV) da UTAD recebe na quinta-feira, 22 de janeiro, 170 alunos do ensino secund\u00e1rio do agrupamento de Bai\u00e3o. A iniciativa enquadra-se no projeto AgroEduca Futuro, financiado pelo Plano de Recupera\u00e7\u00e3o e Resili\u00eancia (PRR), que visa aproximar os jovens das ci\u00eancias agr\u00e1rias. O programa j\u00e1 conta com cerca de 1.000 participantes e prev\u00ea mais 600 at\u00e9 ao fim. Os alunos v\u00e3o participar em oito atividades paralelas, em hor\u00e1rios rotativos, com ateli\u00eas como \u201cM\u00e3os na L\u00e3 \u2013 da Ovelha ao Fio\u201d e \u201cTecnologia e Tradi\u00e7\u00e3o: o saber dos enchidos\u201d e demonstra\u00e7\u00f5es com drones. O objetivo \u00e9 estimular o interesse pelas profiss\u00f5es do setor, promover a literacia cient\u00edfica e valorizar a sustentabilidade e inova\u00e7\u00e3o na agricultura.","og_url":"https:\/\/portaltela.pt\/noticias\/2026\/01\/20\/utad-recebe-170-alunos-do-secundario-de-baiao-em-projeto-de-ciencias-agrarias\/","og_site_name":"Portal Tela Portugal","article_published_time":"2026-01-20T18:21:49+00:00","author":"Telinha","twitter_card":"summary_large_image","twitter_misc":{"Escrito por":"Telinha","Tempo estimado de leitura":"1 minuto"},"schema":{"@context":"https:\/\/schema.org","@graph":[{"@type":"Article","@id":"https:\/\/portaltela.pt\/noticias\/2026\/01\/20\/utad-recebe-170-alunos-do-secundario-de-baiao-em-projeto-de-ciencias-agrarias\/#article","isPartOf":{"@id":"https:\/\/portaltela.pt\/noticias\/2026\/01\/20\/utad-recebe-170-alunos-do-secundario-de-baiao-em-projeto-de-ciencias-agrarias\/"},"author":{"name":"Telinha","@id":"https:\/\/portaltela.pt\/#\/schema\/person\/c4278d4a6028830caff9ee44b42d32ed"},"headline":"UTAD recebe 170 alunos do secund\u00e1rio de Bai\u00e3o em projeto de ci\u00eancias agr\u00e1rias","datePublished":"2026-01-20T18:21:49+00:00","mainEntityOfPage":{"@id":"https:\/\/portaltela.pt\/noticias\/2026\/01\/20\/utad-recebe-170-alunos-do-secundario-de-baiao-em-projeto-de-ciencias-agrarias\/"},"wordCount":265,"image":{"@id":"https:\/\/portaltela.pt\/noticias\/2026\/01\/20\/utad-recebe-170-alunos-do-secundario-de-baiao-em-projeto-de-ciencias-agrarias\/#primaryimage"},"thumbnailUrl":"https:\/\/portaltela.pt\/s.01k8rhncp4jt1\/2026\/01\/unnamed-file-4197.jpg","keywords":["agricultura","agroalimentar","Bai\u00e3o","educa\u00e7\u00e3o","inova\u00e7\u00e3o","UTAD"],"articleSection":["Not\u00edcias"],"inLanguage":"pt-PT"},{"@type":"WebPage","@id":"https:\/\/portaltela.pt\/noticias\/2026\/01\/20\/utad-recebe-170-alunos-do-secundario-de-baiao-em-projeto-de-ciencias-agrarias\/","url":"https:\/\/portaltela.pt\/noticias\/2026\/01\/20\/utad-recebe-170-alunos-do-secundario-de-baiao-em-projeto-de-ciencias-agrarias\/","name":"UTAD recebe 170 alunos do secund\u00e1rio de Bai\u00e3o em projeto de ci\u00eancias agr\u00e1rias - Portal Tela Portugal","isPartOf":{"@id":"https:\/\/portaltela.pt\/#website"},"primaryImageOfPage":{"@id":"https:\/\/portaltela.pt\/noticias\/2026\/01\/20\/utad-recebe-170-alunos-do-secundario-de-baiao-em-projeto-de-ciencias-agrarias\/#primaryimage"},"image":{"@id":"https:\/\/portaltela.pt\/noticias\/2026\/01\/20\/utad-recebe-170-alunos-do-secundario-de-baiao-em-projeto-de-ciencias-agrarias\/#primaryimage"},"thumbnailUrl":"https:\/\/portaltela.pt\/s.01k8rhncp4jt1\/2026\/01\/unnamed-file-4197.jpg","datePublished":"2026-01-20T18:21:49+00:00","author":{"@id":"https:\/\/portaltela.pt\/#\/schema\/person\/c4278d4a6028830caff9ee44b42d32ed"},"breadcrumb":{"@id":"https:\/\/portaltela.pt\/noticias\/2026\/01\/20\/utad-recebe-170-alunos-do-secundario-de-baiao-em-projeto-de-ciencias-agrarias\/#breadcrumb"},"inLanguage":"pt-PT","potentialAction":[{"@type":"ReadAction","target":["https:\/\/portaltela.pt\/noticias\/2026\/01\/20\/utad-recebe-170-alunos-do-secundario-de-baiao-em-projeto-de-ciencias-agrarias\/"]}]},{"@type":"ImageObject","inLanguage":"pt-PT","@id":"https:\/\/portaltela.pt\/noticias\/2026\/01\/20\/utad-recebe-170-alunos-do-secundario-de-baiao-em-projeto-de-ciencias-agrarias\/#primaryimage","url":"https:\/\/portaltela.pt\/s.01k8rhncp4jt1\/2026\/01\/unnamed-file-4197.jpg","contentUrl":"https:\/\/portaltela.pt\/s.01k8rhncp4jt1\/2026\/01\/unnamed-file-4197.jpg","width":796,"height":448,"caption":"UTAD recebe 170 alunos do secund\u00e1rio de Bai\u00e3o em projeto de ci\u00eancias agr\u00e1rias"},{"@type":"BreadcrumbList","@id":"https:\/\/portaltela.pt\/noticias\/2026\/01\/20\/utad-recebe-170-alunos-do-secundario-de-baiao-em-projeto-de-ciencias-agrarias\/#breadcrumb","itemListElement":[{"@type":"ListItem","position":1,"name":"In\u00edcio","item":"https:\/\/portaltela.pt\/"},{"@type":"ListItem","position":2,"name":"UTAD recebe 170 alunos do secund\u00e1rio de Bai\u00e3o em projeto de ci\u00eancias agr\u00e1rias"}]},{"@type":"WebSite","@id":"https:\/\/portaltela.pt\/#website","url":"https:\/\/portaltela.pt\/","name":"Portal Tela Portugal","description":"","potentialAction":[{"@type":"SearchAction","target":{"@type":"EntryPoint","urlTemplate":"https:\/\/portaltela.pt\/?s={search_term_string}"},"query-input":{"@type":"PropertyValueSpecification","valueRequired":true,"valueName":"search_term_string"}}],"inLanguage":"pt-PT"},{"@type":"Person","@id":"https:\/\/portaltela.pt\/#\/schema\/person\/c4278d4a6028830caff9ee44b42d32ed","name":"Telinha","image":{"@type":"ImageObject","inLanguage":"pt-PT","@id":"https:\/\/portaltela.pt\/s.01k8rhncp4jt1\/2025\/11\/talking-bot-125x125.png","url":"https:\/\/portaltela.pt\/s.01k8rhncp4jt1\/2025\/11\/talking-bot-125x125.png","contentUrl":"https:\/\/portaltela.pt\/s.01k8rhncp4jt1\/2025\/11\/talking-bot-125x125.png","caption":"Telinha"},"sameAs":["https:\/\/portaltela.pt\/"],"url":"https:\/\/portaltela.pt\/por\/367410592786\/"}]}},"_links":{"self":[{"href":"https:\/\/portaltela.pt\/api\/wp\/v2\/posts\/157488","targetHints":{"allow":["GET"]}}],"collection":[{"href":"https:\/\/portaltela.pt\/api\/wp\/v2\/posts"}],"about":[{"href":"https:\/\/portaltela.pt\/api\/wp\/v2\/types\/post"}],"author":[{"embeddable":true,"href":"https:\/\/portaltela.pt\/api\/wp\/v2\/users\/2"}],"replies":[{"embeddable":true,"href":"https:\/\/portaltela.pt\/api\/wp\/v2\/comments?post=157488"}],"version-history":[{"count":0,"href":"https:\/\/portaltela.pt\/api\/wp\/v2\/posts\/157488\/revisions"}],"wp:featuredmedia":[{"embeddable":true,"href":"https:\/\/portaltela.pt\/api\/wp\/v2\/media\/157550"}],"wp:attachment":[{"href":"https:\/\/portaltela.pt\/api\/wp\/v2\/media?parent=157488"}],"wp:term":[{"taxonomy":"category","embeddable":true,"href":"https:\/\/portaltela.pt\/api\/wp\/v2\/categories?post=157488"},{"taxonomy":"post_tag","embeddable":true,"href":"https:\/\/portaltela.pt\/api\/wp\/v2\/tags?post=157488"}],"curies":[{"name":"wp","href":"https:\/\/api.w.org\/{rel}","templated":true}]}}