{"id":157424,"date":"2026-01-20T15:40:26","date_gmt":"2026-01-20T18:40:26","guid":{"rendered":"https:\/\/portaltela.pt\/noticias\/2026\/01\/20\/audi-revela-o-carro-com-que-vai-competir-no-mundial-de-formula-1\/"},"modified":"2026-01-20T15:40:26","modified_gmt":"2026-01-20T18:40:26","slug":"audi-revela-o-carro-com-que-vai-competir-no-mundial-de-formula-1","status":"publish","type":"post","link":"https:\/\/portaltela.pt\/desporto\/2026\/01\/20\/audi-revela-o-carro-com-que-vai-competir-no-mundial-de-formula-1\/","title":{"rendered":"Audi revela o carro com que vai competir no Mundial de F\u00f3rmula 1"},"content":{"rendered":"<p>A Audi revelou hoje o carro com que vai disputar o Mundial de F\u00f3rmula 1. A apresenta\u00e7\u00e3o ocorre numa altura em que a marca est\u00e1 a ampliar a sua opera\u00e7\u00e3o no desporto autom\u00f3vel.<\/p>\n<p>Segundo a fabricante, o modelo destina-se a competir no pr\u00f3ximo campeonato. N\u00e3o foram divulgados detalhes completos sobre o motor nem sobre a equipa t\u00e9cnica envolvida.<\/p>\n<p>A revela\u00e7\u00e3o aconteceu atrav\u00e9s de comunica\u00e7\u00f5es oficiais da Audi, que n\u00e3o detalharam a data exata de estreia nem o calend\u00e1rio inicial de corridas.<\/p>\n<p>Fontes pr\u00f3ximas da marca indicam que o objetivo \u00e9 fortalecer a presen\u00e7a da Audi na F\u00f3rmula 1 e melhorar a visibilidade global da empresa.<\/p>\n<p>A Audi n\u00e3o forneceu informa\u00e7\u00f5es adicionais sobre custos, patrocinadores ou parcerias para a nova aventura na categoria m\u00e1xima do automobilismo.<\/p>\n","protected":false},"excerpt":{"rendered":"<ul>\n<li>A Audi revelou o carro com que vai competir no Mundial de F\u00f3rmula 1.<\/li>\n<li>O material divulgado confirma a exist\u00eancia do &#8220;novo Audi&#8221; para a competi\u00e7\u00e3o.<\/li>\n<li>As imagens associadas mostram o design do carro da Audi.<\/li>\n<li>O an\u00fancio indica que o ve\u00edculo far\u00e1 parte da participa\u00e7\u00e3o da marca no campeonato global de F\u00f3rmula 1.<\/li>\n<li>N\u00e3o h\u00e1 informa\u00e7\u00f5es adicionais sobre especifica\u00e7\u00f5es no texto apresentado.<\/li>\n<\/ul>\n","protected":false},"author":2,"featured_media":157430,"comment_status":"closed","ping_status":"closed","sticky":false,"template":"","format":"standard","meta":{"footnotes":""},"categories":[21],"tags":[2371,152,3339,3189,81],"class_list":["post-157424","post","type-post","status-publish","format-standard","has-post-thumbnail","hentry","category-desporto","tag-automoveis","tag-desporto","tag-desporto-motorizado","tag-formula-1","tag-internacionais"],"yoast_head":"<!-- This site is optimized with the Yoast SEO plugin v27.2 - https:\/\/yoast.com\/product\/yoast-seo-wordpress\/ -->\n<title>Audi revela o carro com que vai competir no Mundial de F\u00f3rmula 1 - Portal Tela Portugal<\/title>\n<meta name=\"robots\" content=\"index, follow, max-snippet:-1, max-image-preview:large, max-video-preview:-1\" \/>\n<meta property=\"og:locale\" content=\"pt_PT\" \/>\n<meta property=\"og:type\" content=\"article\" \/>\n<meta property=\"og:title\" content=\"Audi revela o carro com que vai competir no Mundial de F\u00f3rmula 1 - Portal Tela Portugal\" \/>\n<meta property=\"og:description\" content=\"A Audi revelou o carro com que vai competir no Mundial de F\u00f3rmula 1. O material divulgado confirma a exist\u00eancia do &quot;novo Audi&quot; para a competi\u00e7\u00e3o. As imagens associadas mostram o design do carro da Audi. O an\u00fancio indica que o ve\u00edculo far\u00e1 parte da participa\u00e7\u00e3o da marca no campeonato global de F\u00f3rmula 1. N\u00e3o h\u00e1 informa\u00e7\u00f5es adicionais sobre especifica\u00e7\u00f5es no texto apresentado.\" \/>\n<meta property=\"og:url\" content=\"https:\/\/portaltela.pt\/noticias\/2026\/01\/20\/audi-revela-o-carro-com-que-vai-competir-no-mundial-de-formula-1\/\" \/>\n<meta property=\"og:site_name\" content=\"Portal Tela Portugal\" \/>\n<meta property=\"article:published_time\" content=\"2026-01-20T18:40:26+00:00\" \/>\n<meta name=\"author\" content=\"Telinha\" \/>\n<meta name=\"twitter:card\" content=\"summary_large_image\" \/>\n<meta name=\"twitter:label1\" content=\"Escrito por\" \/>\n\t<meta name=\"twitter:data1\" content=\"Telinha\" \/>\n\t<meta name=\"twitter:label2\" content=\"Tempo estimado de leitura\" \/>\n\t<meta name=\"twitter:data2\" content=\"1 minuto\" \/>\n<script type=\"application\/ld+json\" class=\"yoast-schema-graph\">{\"@context\":\"https:\/\/schema.org\",\"@graph\":[{\"@type\":\"Article\",\"@id\":\"https:\/\/portaltela.pt\/noticias\/2026\/01\/20\/audi-revela-o-carro-com-que-vai-competir-no-mundial-de-formula-1\/#article\",\"isPartOf\":{\"@id\":\"https:\/\/portaltela.pt\/noticias\/2026\/01\/20\/audi-revela-o-carro-com-que-vai-competir-no-mundial-de-formula-1\/\"},\"author\":{\"name\":\"Telinha\",\"@id\":\"https:\/\/portaltela.pt\/#\/schema\/person\/c4278d4a6028830caff9ee44b42d32ed\"},\"headline\":\"Audi revela o carro com que vai competir no Mundial de F\u00f3rmula 1\",\"datePublished\":\"2026-01-20T18:40:26+00:00\",\"mainEntityOfPage\":{\"@id\":\"https:\/\/portaltela.pt\/noticias\/2026\/01\/20\/audi-revela-o-carro-com-que-vai-competir-no-mundial-de-formula-1\/\"},\"wordCount\":153,\"image\":{\"@id\":\"https:\/\/portaltela.pt\/noticias\/2026\/01\/20\/audi-revela-o-carro-com-que-vai-competir-no-mundial-de-formula-1\/#primaryimage\"},\"thumbnailUrl\":\"https:\/\/portaltela.pt\/s.01k8rhncp4jt1\/2026\/01\/a6dd3e20-4e76-4d59-bb0e-28f340077c62.jpg\",\"keywords\":[\"Autom\u00f3veis\",\"desporto\",\"desporto motorizado\",\"F\u00f3rmula 1\",\"internacionais\"],\"articleSection\":[\"Desporto\"],\"inLanguage\":\"pt-PT\"},{\"@type\":\"WebPage\",\"@id\":\"https:\/\/portaltela.pt\/noticias\/2026\/01\/20\/audi-revela-o-carro-com-que-vai-competir-no-mundial-de-formula-1\/\",\"url\":\"https:\/\/portaltela.pt\/noticias\/2026\/01\/20\/audi-revela-o-carro-com-que-vai-competir-no-mundial-de-formula-1\/\",\"name\":\"Audi revela o carro com que vai competir no Mundial de F\u00f3rmula 1 - Portal Tela Portugal\",\"isPartOf\":{\"@id\":\"https:\/\/portaltela.pt\/#website\"},\"primaryImageOfPage\":{\"@id\":\"https:\/\/portaltela.pt\/noticias\/2026\/01\/20\/audi-revela-o-carro-com-que-vai-competir-no-mundial-de-formula-1\/#primaryimage\"},\"image\":{\"@id\":\"https:\/\/portaltela.pt\/noticias\/2026\/01\/20\/audi-revela-o-carro-com-que-vai-competir-no-mundial-de-formula-1\/#primaryimage\"},\"thumbnailUrl\":\"https:\/\/portaltela.pt\/s.01k8rhncp4jt1\/2026\/01\/a6dd3e20-4e76-4d59-bb0e-28f340077c62.jpg\",\"datePublished\":\"2026-01-20T18:40:26+00:00\",\"author\":{\"@id\":\"https:\/\/portaltela.pt\/#\/schema\/person\/c4278d4a6028830caff9ee44b42d32ed\"},\"breadcrumb\":{\"@id\":\"https:\/\/portaltela.pt\/noticias\/2026\/01\/20\/audi-revela-o-carro-com-que-vai-competir-no-mundial-de-formula-1\/#breadcrumb\"},\"inLanguage\":\"pt-PT\",\"potentialAction\":[{\"@type\":\"ReadAction\",\"target\":[\"https:\/\/portaltela.pt\/noticias\/2026\/01\/20\/audi-revela-o-carro-com-que-vai-competir-no-mundial-de-formula-1\/\"]}]},{\"@type\":\"ImageObject\",\"inLanguage\":\"pt-PT\",\"@id\":\"https:\/\/portaltela.pt\/noticias\/2026\/01\/20\/audi-revela-o-carro-com-que-vai-competir-no-mundial-de-formula-1\/#primaryimage\",\"url\":\"https:\/\/portaltela.pt\/s.01k8rhncp4jt1\/2026\/01\/a6dd3e20-4e76-4d59-bb0e-28f340077c62.jpg\",\"contentUrl\":\"https:\/\/portaltela.pt\/s.01k8rhncp4jt1\/2026\/01\/a6dd3e20-4e76-4d59-bb0e-28f340077c62.jpg\",\"width\":796,\"height\":448,\"caption\":\"O novo Audi\"},{\"@type\":\"BreadcrumbList\",\"@id\":\"https:\/\/portaltela.pt\/noticias\/2026\/01\/20\/audi-revela-o-carro-com-que-vai-competir-no-mundial-de-formula-1\/#breadcrumb\",\"itemListElement\":[{\"@type\":\"ListItem\",\"position\":1,\"name\":\"In\u00edcio\",\"item\":\"https:\/\/portaltela.pt\/\"},{\"@type\":\"ListItem\",\"position\":2,\"name\":\"Audi revela o carro com que vai competir no Mundial de F\u00f3rmula 1\"}]},{\"@type\":\"WebSite\",\"@id\":\"https:\/\/portaltela.pt\/#website\",\"url\":\"https:\/\/portaltela.pt\/\",\"name\":\"Portal Tela Portugal\",\"description\":\"\",\"potentialAction\":[{\"@type\":\"SearchAction\",\"target\":{\"@type\":\"EntryPoint\",\"urlTemplate\":\"https:\/\/portaltela.pt\/?s={search_term_string}\"},\"query-input\":{\"@type\":\"PropertyValueSpecification\",\"valueRequired\":true,\"valueName\":\"search_term_string\"}}],\"inLanguage\":\"pt-PT\"},{\"@type\":\"Person\",\"@id\":\"https:\/\/portaltela.pt\/#\/schema\/person\/c4278d4a6028830caff9ee44b42d32ed\",\"name\":\"Telinha\",\"image\":{\"@type\":\"ImageObject\",\"inLanguage\":\"pt-PT\",\"@id\":\"https:\/\/portaltela.pt\/s.01k8rhncp4jt1\/2025\/11\/talking-bot-125x125.png\",\"url\":\"https:\/\/portaltela.pt\/s.01k8rhncp4jt1\/2025\/11\/talking-bot-125x125.png\",\"contentUrl\":\"https:\/\/portaltela.pt\/s.01k8rhncp4jt1\/2025\/11\/talking-bot-125x125.png\",\"caption\":\"Telinha\"},\"sameAs\":[\"https:\/\/portaltela.pt\/\"],\"url\":\"https:\/\/portaltela.pt\/por\/367410592786\/\"}]}<\/script>\n<!-- \/ Yoast SEO plugin. -->","yoast_head_json":{"title":"Audi revela o carro com que vai competir no Mundial de F\u00f3rmula 1 - Portal Tela Portugal","robots":{"index":"index","follow":"follow","max-snippet":"max-snippet:-1","max-image-preview":"max-image-preview:large","max-video-preview":"max-video-preview:-1"},"og_locale":"pt_PT","og_type":"article","og_title":"Audi revela o carro com que vai competir no Mundial de F\u00f3rmula 1 - Portal Tela Portugal","og_description":"A Audi revelou o carro com que vai competir no Mundial de F\u00f3rmula 1. O material divulgado confirma a exist\u00eancia do \"novo Audi\" para a competi\u00e7\u00e3o. As imagens associadas mostram o design do carro da Audi. O an\u00fancio indica que o ve\u00edculo far\u00e1 parte da participa\u00e7\u00e3o da marca no campeonato global de F\u00f3rmula 1. N\u00e3o h\u00e1 informa\u00e7\u00f5es adicionais sobre especifica\u00e7\u00f5es no texto apresentado.","og_url":"https:\/\/portaltela.pt\/noticias\/2026\/01\/20\/audi-revela-o-carro-com-que-vai-competir-no-mundial-de-formula-1\/","og_site_name":"Portal Tela Portugal","article_published_time":"2026-01-20T18:40:26+00:00","author":"Telinha","twitter_card":"summary_large_image","twitter_misc":{"Escrito por":"Telinha","Tempo estimado de leitura":"1 minuto"},"schema":{"@context":"https:\/\/schema.org","@graph":[{"@type":"Article","@id":"https:\/\/portaltela.pt\/noticias\/2026\/01\/20\/audi-revela-o-carro-com-que-vai-competir-no-mundial-de-formula-1\/#article","isPartOf":{"@id":"https:\/\/portaltela.pt\/noticias\/2026\/01\/20\/audi-revela-o-carro-com-que-vai-competir-no-mundial-de-formula-1\/"},"author":{"name":"Telinha","@id":"https:\/\/portaltela.pt\/#\/schema\/person\/c4278d4a6028830caff9ee44b42d32ed"},"headline":"Audi revela o carro com que vai competir no Mundial de F\u00f3rmula 1","datePublished":"2026-01-20T18:40:26+00:00","mainEntityOfPage":{"@id":"https:\/\/portaltela.pt\/noticias\/2026\/01\/20\/audi-revela-o-carro-com-que-vai-competir-no-mundial-de-formula-1\/"},"wordCount":153,"image":{"@id":"https:\/\/portaltela.pt\/noticias\/2026\/01\/20\/audi-revela-o-carro-com-que-vai-competir-no-mundial-de-formula-1\/#primaryimage"},"thumbnailUrl":"https:\/\/portaltela.pt\/s.01k8rhncp4jt1\/2026\/01\/a6dd3e20-4e76-4d59-bb0e-28f340077c62.jpg","keywords":["Autom\u00f3veis","desporto","desporto motorizado","F\u00f3rmula 1","internacionais"],"articleSection":["Desporto"],"inLanguage":"pt-PT"},{"@type":"WebPage","@id":"https:\/\/portaltela.pt\/noticias\/2026\/01\/20\/audi-revela-o-carro-com-que-vai-competir-no-mundial-de-formula-1\/","url":"https:\/\/portaltela.pt\/noticias\/2026\/01\/20\/audi-revela-o-carro-com-que-vai-competir-no-mundial-de-formula-1\/","name":"Audi revela o carro com que vai competir no Mundial de F\u00f3rmula 1 - Portal Tela Portugal","isPartOf":{"@id":"https:\/\/portaltela.pt\/#website"},"primaryImageOfPage":{"@id":"https:\/\/portaltela.pt\/noticias\/2026\/01\/20\/audi-revela-o-carro-com-que-vai-competir-no-mundial-de-formula-1\/#primaryimage"},"image":{"@id":"https:\/\/portaltela.pt\/noticias\/2026\/01\/20\/audi-revela-o-carro-com-que-vai-competir-no-mundial-de-formula-1\/#primaryimage"},"thumbnailUrl":"https:\/\/portaltela.pt\/s.01k8rhncp4jt1\/2026\/01\/a6dd3e20-4e76-4d59-bb0e-28f340077c62.jpg","datePublished":"2026-01-20T18:40:26+00:00","author":{"@id":"https:\/\/portaltela.pt\/#\/schema\/person\/c4278d4a6028830caff9ee44b42d32ed"},"breadcrumb":{"@id":"https:\/\/portaltela.pt\/noticias\/2026\/01\/20\/audi-revela-o-carro-com-que-vai-competir-no-mundial-de-formula-1\/#breadcrumb"},"inLanguage":"pt-PT","potentialAction":[{"@type":"ReadAction","target":["https:\/\/portaltela.pt\/noticias\/2026\/01\/20\/audi-revela-o-carro-com-que-vai-competir-no-mundial-de-formula-1\/"]}]},{"@type":"ImageObject","inLanguage":"pt-PT","@id":"https:\/\/portaltela.pt\/noticias\/2026\/01\/20\/audi-revela-o-carro-com-que-vai-competir-no-mundial-de-formula-1\/#primaryimage","url":"https:\/\/portaltela.pt\/s.01k8rhncp4jt1\/2026\/01\/a6dd3e20-4e76-4d59-bb0e-28f340077c62.jpg","contentUrl":"https:\/\/portaltela.pt\/s.01k8rhncp4jt1\/2026\/01\/a6dd3e20-4e76-4d59-bb0e-28f340077c62.jpg","width":796,"height":448,"caption":"O novo Audi"},{"@type":"BreadcrumbList","@id":"https:\/\/portaltela.pt\/noticias\/2026\/01\/20\/audi-revela-o-carro-com-que-vai-competir-no-mundial-de-formula-1\/#breadcrumb","itemListElement":[{"@type":"ListItem","position":1,"name":"In\u00edcio","item":"https:\/\/portaltela.pt\/"},{"@type":"ListItem","position":2,"name":"Audi revela o carro com que vai competir no Mundial de F\u00f3rmula 1"}]},{"@type":"WebSite","@id":"https:\/\/portaltela.pt\/#website","url":"https:\/\/portaltela.pt\/","name":"Portal Tela Portugal","description":"","potentialAction":[{"@type":"SearchAction","target":{"@type":"EntryPoint","urlTemplate":"https:\/\/portaltela.pt\/?s={search_term_string}"},"query-input":{"@type":"PropertyValueSpecification","valueRequired":true,"valueName":"search_term_string"}}],"inLanguage":"pt-PT"},{"@type":"Person","@id":"https:\/\/portaltela.pt\/#\/schema\/person\/c4278d4a6028830caff9ee44b42d32ed","name":"Telinha","image":{"@type":"ImageObject","inLanguage":"pt-PT","@id":"https:\/\/portaltela.pt\/s.01k8rhncp4jt1\/2025\/11\/talking-bot-125x125.png","url":"https:\/\/portaltela.pt\/s.01k8rhncp4jt1\/2025\/11\/talking-bot-125x125.png","contentUrl":"https:\/\/portaltela.pt\/s.01k8rhncp4jt1\/2025\/11\/talking-bot-125x125.png","caption":"Telinha"},"sameAs":["https:\/\/portaltela.pt\/"],"url":"https:\/\/portaltela.pt\/por\/367410592786\/"}]}},"_links":{"self":[{"href":"https:\/\/portaltela.pt\/api\/wp\/v2\/posts\/157424","targetHints":{"allow":["GET"]}}],"collection":[{"href":"https:\/\/portaltela.pt\/api\/wp\/v2\/posts"}],"about":[{"href":"https:\/\/portaltela.pt\/api\/wp\/v2\/types\/post"}],"author":[{"embeddable":true,"href":"https:\/\/portaltela.pt\/api\/wp\/v2\/users\/2"}],"replies":[{"embeddable":true,"href":"https:\/\/portaltela.pt\/api\/wp\/v2\/comments?post=157424"}],"version-history":[{"count":0,"href":"https:\/\/portaltela.pt\/api\/wp\/v2\/posts\/157424\/revisions"}],"wp:featuredmedia":[{"embeddable":true,"href":"https:\/\/portaltela.pt\/api\/wp\/v2\/media\/157430"}],"wp:attachment":[{"href":"https:\/\/portaltela.pt\/api\/wp\/v2\/media?parent=157424"}],"wp:term":[{"taxonomy":"category","embeddable":true,"href":"https:\/\/portaltela.pt\/api\/wp\/v2\/categories?post=157424"},{"taxonomy":"post_tag","embeddable":true,"href":"https:\/\/portaltela.pt\/api\/wp\/v2\/tags?post=157424"}],"curies":[{"name":"wp","href":"https:\/\/api.w.org\/{rel}","templated":true}]}}