{"id":157370,"date":"2026-01-20T15:16:26","date_gmt":"2026-01-20T18:16:26","guid":{"rendered":"https:\/\/portaltela.pt\/noticias\/2026\/01\/20\/claque-do-sporting-afasta-da-operacao-da-pj-e-desmente-ligacao-com-grupo-1143\/"},"modified":"2026-01-20T15:16:26","modified_gmt":"2026-01-20T18:16:26","slug":"claque-do-sporting-afasta-da-operacao-da-pj-e-desmente-ligacao-com-grupo-1143","status":"publish","type":"post","link":"https:\/\/portaltela.pt\/noticias\/2026\/01\/20\/claque-do-sporting-afasta-da-operacao-da-pj-e-desmente-ligacao-com-grupo-1143\/","title":{"rendered":"Claque do Sporting afasta da opera\u00e7\u00e3o da PJ e desmente liga\u00e7\u00e3o com grupo 1143"},"content":{"rendered":"<p>A claque do Sporting afastou-se, de forma p\u00fablica, de qualquer liga\u00e7\u00e3o com a opera\u00e7\u00e3o policial Irmandade, realizada pela Pol\u00edcia Judici\u00e1ria. O comunicado afirma que n\u00e3o existem liga\u00e7\u00f5es ou perten\u00e7as ao grupo 1143 \u00e0 Juventude Leonina, assegurando que nunca ir\u00e3o pertencer \u00e0 claque.<\/p>\n<p>A PJ desmantelou hoje uma associa\u00e7\u00e3o acusada de crimes de discrimina\u00e7\u00e3o, incitamento ao \u00f3dio e \u00e0 viol\u00eancia, amea\u00e7as agravadas, coa\u00e7\u00e3o, ofensas \u00e0 integridade f\u00edsica qualificada e deten\u00e7\u00e3o de armas proibidas. A megaopera\u00e7\u00e3o decorreu em todo o pa\u00eds e houve 37 detidos com antecedentes criminais, com liga\u00e7\u00f5es a grupos de \u00f3dio internacionais.<\/p>\n<p>A investiga\u00e7\u00e3o envolve ainda 15 arguidos adicionais, com 65 buscas realizadas e a participa\u00e7\u00e3o de cerca de 300 elementos da PJ. Os detidos t\u00eam entre 30 e 54 anos e teriam difundido ideologia nazi com o objetivo de intimidar minorias \u00e9tnicas, segundo a procuradoria.<\/p>\n<h3>Rea\u00e7\u00e3o da Juventude Leonina<\/h3>\n<p>A Juventude Leonina afirma que o grupo n\u00e3o pratica discrimina\u00e7\u00e3o nem ideologias extremistas e que o racismo foi expulso da bancada h\u00e1 anos. O comunicado ressalta o amor ao Sporting como \u00fanica linha pol\u00edtica, defendendo valores de uni\u00e3o, respeito e inclus\u00e3o.<\/p>\n<p>Segundo a PJ, a opera\u00e7\u00e3o incide sobre a ideologia de extrema-direita violenta, com material de propaganda neonazi apreendido, bem como armas e equipamento t\u00e1tico. O inqu\u00e9rito, liderado pelo DIAP de Lisboa, visa medidas de coa\u00e7\u00e3o para os arguidos presentes no interrogat\u00f3rio judicial de quarta-feira no Tribunal Central de Instru\u00e7\u00e3o Criminal de Lisboa.<\/p>\n<p>A opera\u00e7\u00e3o circula entre dados oficiais que descrevem a rede como com atua\u00e7\u00e3o nacional e com liga\u00e7\u00f5es transnacionais. A PJ refor\u00e7a que as investiga\u00e7\u00f5es continuam para esclarecer responsabilidades individuais e poss\u00edveis ramifica\u00e7\u00f5es pol\u00edticas ou criminosas.<\/p>\n","protected":false},"excerpt":{"rendered":"<ul>\n<li>A claque Juventude Leonina afastou-se da opera\u00e7\u00e3o policial designada \u201cIrmandade\u201d, assegurando que nenhum membro do grupo denominado 1143 faz parte da Juventude Leonina.<\/li>\n<li>A Pol\u00edcia Judici\u00e1ria desmantelou uma associa\u00e7\u00e3o que praticava discrimina\u00e7\u00e3o e incitamento ao \u00f3dio e \u00e0 viol\u00eancia, com 37 deten\u00e7\u00f5es e 15 arguidos adicionais, numa opera\u00e7\u00e3o de \u00e2mbito nacional que incluiu 65 buscas e mobilizou cerca de 300 agentes.<\/li>\n<li>Segundo o Correio da Manh\u00e3, alguns visados teriam liga\u00e7\u00f5es a Super Drag\u00f5es e \u00e0 Juventude Leonina, mas os respons\u00e1veis da claque distanciam-se de qualquer movimento extremista.<\/li>\n<li>A claque afirma que n\u00e3o h\u00e1 espa\u00e7o para \u00f3dio na bancada e que o racismo foi expulso, destacando que a \u00fanica \u201cpol\u00edtica extrema\u201d \u00e9 o amor ao Sporting Clube de Portugal.<\/li>\n<li>Os detidos, com idades entre 30 e 54 anos, s\u00e3o acusados de promover ideologia nazi e crimes associados; foram apreendidos material de propaganda neonazi, armas proibidas e equipamento t\u00e1tico, cabendo \u00e0 PJ o primeiro interrogat\u00f3rio no Tribunal Central de Instru\u00e7\u00e3o Criminal de Lisboa.<\/li>\n<\/ul>\n","protected":false},"author":2,"featured_media":157399,"comment_status":"closed","ping_status":"closed","sticky":false,"template":"","format":"standard","meta":{"footnotes":""},"categories":[1],"tags":[3547,177,1695,3446,3524,1802],"class_list":["post-157370","post","type-post","status-publish","format-standard","has-post-thumbnail","hentry","category-noticias","tag-armas-proibidas","tag-crimes","tag-discriminacao","tag-extremismo","tag-juventude-leonina","tag-policia-judiciaria"],"yoast_head":"<!-- This site is optimized with the Yoast SEO plugin v27.2 - https:\/\/yoast.com\/product\/yoast-seo-wordpress\/ -->\n<title>Claque do Sporting afasta da opera\u00e7\u00e3o da PJ e desmente liga\u00e7\u00e3o com grupo 1143 - Portal Tela Portugal<\/title>\n<meta name=\"robots\" content=\"index, follow, max-snippet:-1, max-image-preview:large, max-video-preview:-1\" \/>\n<meta property=\"og:locale\" content=\"pt_PT\" \/>\n<meta property=\"og:type\" content=\"article\" \/>\n<meta property=\"og:title\" content=\"Claque do Sporting afasta da opera\u00e7\u00e3o da PJ e desmente liga\u00e7\u00e3o com grupo 1143 - Portal Tela Portugal\" \/>\n<meta property=\"og:description\" content=\"A claque Juventude Leonina afastou-se da opera\u00e7\u00e3o policial designada \u201cIrmandade\u201d, assegurando que nenhum membro do grupo denominado 1143 faz parte da Juventude Leonina. A Pol\u00edcia Judici\u00e1ria desmantelou uma associa\u00e7\u00e3o que praticava discrimina\u00e7\u00e3o e incitamento ao \u00f3dio e \u00e0 viol\u00eancia, com 37 deten\u00e7\u00f5es e 15 arguidos adicionais, numa opera\u00e7\u00e3o de \u00e2mbito nacional que incluiu 65 buscas e mobilizou cerca de 300 agentes. Segundo o Correio da Manh\u00e3, alguns visados teriam liga\u00e7\u00f5es a Super Drag\u00f5es e \u00e0 Juventude Leonina, mas os respons\u00e1veis da claque distanciam-se de qualquer movimento extremista. A claque afirma que n\u00e3o h\u00e1 espa\u00e7o para \u00f3dio na bancada e que o racismo foi expulso, destacando que a \u00fanica \u201cpol\u00edtica extrema\u201d \u00e9 o amor ao Sporting Clube de Portugal. Os detidos, com idades entre 30 e 54 anos, s\u00e3o acusados de promover ideologia nazi e crimes associados; foram apreendidos material de propaganda neonazi, armas proibidas e equipamento t\u00e1tico, cabendo \u00e0 PJ o primeiro interrogat\u00f3rio no Tribunal Central de Instru\u00e7\u00e3o Criminal de Lisboa.\" \/>\n<meta property=\"og:url\" content=\"https:\/\/portaltela.pt\/noticias\/2026\/01\/20\/claque-do-sporting-afasta-da-operacao-da-pj-e-desmente-ligacao-com-grupo-1143\/\" \/>\n<meta property=\"og:site_name\" content=\"Portal Tela Portugal\" \/>\n<meta property=\"article:published_time\" content=\"2026-01-20T18:16:26+00:00\" \/>\n<meta name=\"author\" content=\"Telinha\" \/>\n<meta name=\"twitter:card\" content=\"summary_large_image\" \/>\n<meta name=\"twitter:label1\" content=\"Escrito por\" \/>\n\t<meta name=\"twitter:data1\" content=\"Telinha\" \/>\n\t<meta name=\"twitter:label2\" content=\"Tempo estimado de leitura\" \/>\n\t<meta name=\"twitter:data2\" content=\"2 minutos\" \/>\n<script type=\"application\/ld+json\" class=\"yoast-schema-graph\">{\"@context\":\"https:\/\/schema.org\",\"@graph\":[{\"@type\":\"Article\",\"@id\":\"https:\/\/portaltela.pt\/noticias\/2026\/01\/20\/claque-do-sporting-afasta-da-operacao-da-pj-e-desmente-ligacao-com-grupo-1143\/#article\",\"isPartOf\":{\"@id\":\"https:\/\/portaltela.pt\/noticias\/2026\/01\/20\/claque-do-sporting-afasta-da-operacao-da-pj-e-desmente-ligacao-com-grupo-1143\/\"},\"author\":{\"name\":\"Telinha\",\"@id\":\"https:\/\/portaltela.pt\/#\/schema\/person\/c4278d4a6028830caff9ee44b42d32ed\"},\"headline\":\"Claque do Sporting afasta da opera\u00e7\u00e3o da PJ e desmente liga\u00e7\u00e3o com grupo 1143\",\"datePublished\":\"2026-01-20T18:16:26+00:00\",\"mainEntityOfPage\":{\"@id\":\"https:\/\/portaltela.pt\/noticias\/2026\/01\/20\/claque-do-sporting-afasta-da-operacao-da-pj-e-desmente-ligacao-com-grupo-1143\/\"},\"wordCount\":315,\"image\":{\"@id\":\"https:\/\/portaltela.pt\/noticias\/2026\/01\/20\/claque-do-sporting-afasta-da-operacao-da-pj-e-desmente-ligacao-com-grupo-1143\/#primaryimage\"},\"thumbnailUrl\":\"https:\/\/portaltela.pt\/s.01k8rhncp4jt1\/2026\/01\/img_1200x721uu2026-01-20-18-14-55-2416035.jpg\",\"keywords\":[\"armas proibidas\",\"crimes\",\"discrimina\u00e7\u00e3o\",\"extremismo\",\"Juventude Leonina\",\"Pol\u00edcia Judici\u00e1ria\"],\"articleSection\":[\"Not\u00edcias\"],\"inLanguage\":\"pt-PT\"},{\"@type\":\"WebPage\",\"@id\":\"https:\/\/portaltela.pt\/noticias\/2026\/01\/20\/claque-do-sporting-afasta-da-operacao-da-pj-e-desmente-ligacao-com-grupo-1143\/\",\"url\":\"https:\/\/portaltela.pt\/noticias\/2026\/01\/20\/claque-do-sporting-afasta-da-operacao-da-pj-e-desmente-ligacao-com-grupo-1143\/\",\"name\":\"Claque do Sporting afasta da opera\u00e7\u00e3o da PJ e desmente liga\u00e7\u00e3o com grupo 1143 - Portal Tela Portugal\",\"isPartOf\":{\"@id\":\"https:\/\/portaltela.pt\/#website\"},\"primaryImageOfPage\":{\"@id\":\"https:\/\/portaltela.pt\/noticias\/2026\/01\/20\/claque-do-sporting-afasta-da-operacao-da-pj-e-desmente-ligacao-com-grupo-1143\/#primaryimage\"},\"image\":{\"@id\":\"https:\/\/portaltela.pt\/noticias\/2026\/01\/20\/claque-do-sporting-afasta-da-operacao-da-pj-e-desmente-ligacao-com-grupo-1143\/#primaryimage\"},\"thumbnailUrl\":\"https:\/\/portaltela.pt\/s.01k8rhncp4jt1\/2026\/01\/img_1200x721uu2026-01-20-18-14-55-2416035.jpg\",\"datePublished\":\"2026-01-20T18:16:26+00:00\",\"author\":{\"@id\":\"https:\/\/portaltela.pt\/#\/schema\/person\/c4278d4a6028830caff9ee44b42d32ed\"},\"breadcrumb\":{\"@id\":\"https:\/\/portaltela.pt\/noticias\/2026\/01\/20\/claque-do-sporting-afasta-da-operacao-da-pj-e-desmente-ligacao-com-grupo-1143\/#breadcrumb\"},\"inLanguage\":\"pt-PT\",\"potentialAction\":[{\"@type\":\"ReadAction\",\"target\":[\"https:\/\/portaltela.pt\/noticias\/2026\/01\/20\/claque-do-sporting-afasta-da-operacao-da-pj-e-desmente-ligacao-com-grupo-1143\/\"]}]},{\"@type\":\"ImageObject\",\"inLanguage\":\"pt-PT\",\"@id\":\"https:\/\/portaltela.pt\/noticias\/2026\/01\/20\/claque-do-sporting-afasta-da-operacao-da-pj-e-desmente-ligacao-com-grupo-1143\/#primaryimage\",\"url\":\"https:\/\/portaltela.pt\/s.01k8rhncp4jt1\/2026\/01\/img_1200x721uu2026-01-20-18-14-55-2416035.jpg\",\"contentUrl\":\"https:\/\/portaltela.pt\/s.01k8rhncp4jt1\/2026\/01\/img_1200x721uu2026-01-20-18-14-55-2416035.jpg\",\"width\":796,\"height\":448,\"caption\":\"Claque do Sporting nega liga\u00e7\u00e3o a crimes de \u00f3dio investigados pela PJ\"},{\"@type\":\"BreadcrumbList\",\"@id\":\"https:\/\/portaltela.pt\/noticias\/2026\/01\/20\/claque-do-sporting-afasta-da-operacao-da-pj-e-desmente-ligacao-com-grupo-1143\/#breadcrumb\",\"itemListElement\":[{\"@type\":\"ListItem\",\"position\":1,\"name\":\"In\u00edcio\",\"item\":\"https:\/\/portaltela.pt\/\"},{\"@type\":\"ListItem\",\"position\":2,\"name\":\"Claque do Sporting afasta da opera\u00e7\u00e3o da PJ e desmente liga\u00e7\u00e3o com grupo 1143\"}]},{\"@type\":\"WebSite\",\"@id\":\"https:\/\/portaltela.pt\/#website\",\"url\":\"https:\/\/portaltela.pt\/\",\"name\":\"Portal Tela Portugal\",\"description\":\"\",\"potentialAction\":[{\"@type\":\"SearchAction\",\"target\":{\"@type\":\"EntryPoint\",\"urlTemplate\":\"https:\/\/portaltela.pt\/?s={search_term_string}\"},\"query-input\":{\"@type\":\"PropertyValueSpecification\",\"valueRequired\":true,\"valueName\":\"search_term_string\"}}],\"inLanguage\":\"pt-PT\"},{\"@type\":\"Person\",\"@id\":\"https:\/\/portaltela.pt\/#\/schema\/person\/c4278d4a6028830caff9ee44b42d32ed\",\"name\":\"Telinha\",\"image\":{\"@type\":\"ImageObject\",\"inLanguage\":\"pt-PT\",\"@id\":\"https:\/\/portaltela.pt\/s.01k8rhncp4jt1\/2025\/11\/talking-bot-125x125.png\",\"url\":\"https:\/\/portaltela.pt\/s.01k8rhncp4jt1\/2025\/11\/talking-bot-125x125.png\",\"contentUrl\":\"https:\/\/portaltela.pt\/s.01k8rhncp4jt1\/2025\/11\/talking-bot-125x125.png\",\"caption\":\"Telinha\"},\"sameAs\":[\"https:\/\/portaltela.pt\/\"],\"url\":\"https:\/\/portaltela.pt\/por\/367410592786\/\"}]}<\/script>\n<!-- \/ Yoast SEO plugin. -->","yoast_head_json":{"title":"Claque do Sporting afasta da opera\u00e7\u00e3o da PJ e desmente liga\u00e7\u00e3o com grupo 1143 - Portal Tela Portugal","robots":{"index":"index","follow":"follow","max-snippet":"max-snippet:-1","max-image-preview":"max-image-preview:large","max-video-preview":"max-video-preview:-1"},"og_locale":"pt_PT","og_type":"article","og_title":"Claque do Sporting afasta da opera\u00e7\u00e3o da PJ e desmente liga\u00e7\u00e3o com grupo 1143 - Portal Tela Portugal","og_description":"A claque Juventude Leonina afastou-se da opera\u00e7\u00e3o policial designada \u201cIrmandade\u201d, assegurando que nenhum membro do grupo denominado 1143 faz parte da Juventude Leonina. A Pol\u00edcia Judici\u00e1ria desmantelou uma associa\u00e7\u00e3o que praticava discrimina\u00e7\u00e3o e incitamento ao \u00f3dio e \u00e0 viol\u00eancia, com 37 deten\u00e7\u00f5es e 15 arguidos adicionais, numa opera\u00e7\u00e3o de \u00e2mbito nacional que incluiu 65 buscas e mobilizou cerca de 300 agentes. Segundo o Correio da Manh\u00e3, alguns visados teriam liga\u00e7\u00f5es a Super Drag\u00f5es e \u00e0 Juventude Leonina, mas os respons\u00e1veis da claque distanciam-se de qualquer movimento extremista. A claque afirma que n\u00e3o h\u00e1 espa\u00e7o para \u00f3dio na bancada e que o racismo foi expulso, destacando que a \u00fanica \u201cpol\u00edtica extrema\u201d \u00e9 o amor ao Sporting Clube de Portugal. Os detidos, com idades entre 30 e 54 anos, s\u00e3o acusados de promover ideologia nazi e crimes associados; foram apreendidos material de propaganda neonazi, armas proibidas e equipamento t\u00e1tico, cabendo \u00e0 PJ o primeiro interrogat\u00f3rio no Tribunal Central de Instru\u00e7\u00e3o Criminal de Lisboa.","og_url":"https:\/\/portaltela.pt\/noticias\/2026\/01\/20\/claque-do-sporting-afasta-da-operacao-da-pj-e-desmente-ligacao-com-grupo-1143\/","og_site_name":"Portal Tela Portugal","article_published_time":"2026-01-20T18:16:26+00:00","author":"Telinha","twitter_card":"summary_large_image","twitter_misc":{"Escrito por":"Telinha","Tempo estimado de leitura":"2 minutos"},"schema":{"@context":"https:\/\/schema.org","@graph":[{"@type":"Article","@id":"https:\/\/portaltela.pt\/noticias\/2026\/01\/20\/claque-do-sporting-afasta-da-operacao-da-pj-e-desmente-ligacao-com-grupo-1143\/#article","isPartOf":{"@id":"https:\/\/portaltela.pt\/noticias\/2026\/01\/20\/claque-do-sporting-afasta-da-operacao-da-pj-e-desmente-ligacao-com-grupo-1143\/"},"author":{"name":"Telinha","@id":"https:\/\/portaltela.pt\/#\/schema\/person\/c4278d4a6028830caff9ee44b42d32ed"},"headline":"Claque do Sporting afasta da opera\u00e7\u00e3o da PJ e desmente liga\u00e7\u00e3o com grupo 1143","datePublished":"2026-01-20T18:16:26+00:00","mainEntityOfPage":{"@id":"https:\/\/portaltela.pt\/noticias\/2026\/01\/20\/claque-do-sporting-afasta-da-operacao-da-pj-e-desmente-ligacao-com-grupo-1143\/"},"wordCount":315,"image":{"@id":"https:\/\/portaltela.pt\/noticias\/2026\/01\/20\/claque-do-sporting-afasta-da-operacao-da-pj-e-desmente-ligacao-com-grupo-1143\/#primaryimage"},"thumbnailUrl":"https:\/\/portaltela.pt\/s.01k8rhncp4jt1\/2026\/01\/img_1200x721uu2026-01-20-18-14-55-2416035.jpg","keywords":["armas proibidas","crimes","discrimina\u00e7\u00e3o","extremismo","Juventude Leonina","Pol\u00edcia Judici\u00e1ria"],"articleSection":["Not\u00edcias"],"inLanguage":"pt-PT"},{"@type":"WebPage","@id":"https:\/\/portaltela.pt\/noticias\/2026\/01\/20\/claque-do-sporting-afasta-da-operacao-da-pj-e-desmente-ligacao-com-grupo-1143\/","url":"https:\/\/portaltela.pt\/noticias\/2026\/01\/20\/claque-do-sporting-afasta-da-operacao-da-pj-e-desmente-ligacao-com-grupo-1143\/","name":"Claque do Sporting afasta da opera\u00e7\u00e3o da PJ e desmente liga\u00e7\u00e3o com grupo 1143 - Portal Tela Portugal","isPartOf":{"@id":"https:\/\/portaltela.pt\/#website"},"primaryImageOfPage":{"@id":"https:\/\/portaltela.pt\/noticias\/2026\/01\/20\/claque-do-sporting-afasta-da-operacao-da-pj-e-desmente-ligacao-com-grupo-1143\/#primaryimage"},"image":{"@id":"https:\/\/portaltela.pt\/noticias\/2026\/01\/20\/claque-do-sporting-afasta-da-operacao-da-pj-e-desmente-ligacao-com-grupo-1143\/#primaryimage"},"thumbnailUrl":"https:\/\/portaltela.pt\/s.01k8rhncp4jt1\/2026\/01\/img_1200x721uu2026-01-20-18-14-55-2416035.jpg","datePublished":"2026-01-20T18:16:26+00:00","author":{"@id":"https:\/\/portaltela.pt\/#\/schema\/person\/c4278d4a6028830caff9ee44b42d32ed"},"breadcrumb":{"@id":"https:\/\/portaltela.pt\/noticias\/2026\/01\/20\/claque-do-sporting-afasta-da-operacao-da-pj-e-desmente-ligacao-com-grupo-1143\/#breadcrumb"},"inLanguage":"pt-PT","potentialAction":[{"@type":"ReadAction","target":["https:\/\/portaltela.pt\/noticias\/2026\/01\/20\/claque-do-sporting-afasta-da-operacao-da-pj-e-desmente-ligacao-com-grupo-1143\/"]}]},{"@type":"ImageObject","inLanguage":"pt-PT","@id":"https:\/\/portaltela.pt\/noticias\/2026\/01\/20\/claque-do-sporting-afasta-da-operacao-da-pj-e-desmente-ligacao-com-grupo-1143\/#primaryimage","url":"https:\/\/portaltela.pt\/s.01k8rhncp4jt1\/2026\/01\/img_1200x721uu2026-01-20-18-14-55-2416035.jpg","contentUrl":"https:\/\/portaltela.pt\/s.01k8rhncp4jt1\/2026\/01\/img_1200x721uu2026-01-20-18-14-55-2416035.jpg","width":796,"height":448,"caption":"Claque do Sporting nega liga\u00e7\u00e3o a crimes de \u00f3dio investigados pela PJ"},{"@type":"BreadcrumbList","@id":"https:\/\/portaltela.pt\/noticias\/2026\/01\/20\/claque-do-sporting-afasta-da-operacao-da-pj-e-desmente-ligacao-com-grupo-1143\/#breadcrumb","itemListElement":[{"@type":"ListItem","position":1,"name":"In\u00edcio","item":"https:\/\/portaltela.pt\/"},{"@type":"ListItem","position":2,"name":"Claque do Sporting afasta da opera\u00e7\u00e3o da PJ e desmente liga\u00e7\u00e3o com grupo 1143"}]},{"@type":"WebSite","@id":"https:\/\/portaltela.pt\/#website","url":"https:\/\/portaltela.pt\/","name":"Portal Tela Portugal","description":"","potentialAction":[{"@type":"SearchAction","target":{"@type":"EntryPoint","urlTemplate":"https:\/\/portaltela.pt\/?s={search_term_string}"},"query-input":{"@type":"PropertyValueSpecification","valueRequired":true,"valueName":"search_term_string"}}],"inLanguage":"pt-PT"},{"@type":"Person","@id":"https:\/\/portaltela.pt\/#\/schema\/person\/c4278d4a6028830caff9ee44b42d32ed","name":"Telinha","image":{"@type":"ImageObject","inLanguage":"pt-PT","@id":"https:\/\/portaltela.pt\/s.01k8rhncp4jt1\/2025\/11\/talking-bot-125x125.png","url":"https:\/\/portaltela.pt\/s.01k8rhncp4jt1\/2025\/11\/talking-bot-125x125.png","contentUrl":"https:\/\/portaltela.pt\/s.01k8rhncp4jt1\/2025\/11\/talking-bot-125x125.png","caption":"Telinha"},"sameAs":["https:\/\/portaltela.pt\/"],"url":"https:\/\/portaltela.pt\/por\/367410592786\/"}]}},"_links":{"self":[{"href":"https:\/\/portaltela.pt\/api\/wp\/v2\/posts\/157370","targetHints":{"allow":["GET"]}}],"collection":[{"href":"https:\/\/portaltela.pt\/api\/wp\/v2\/posts"}],"about":[{"href":"https:\/\/portaltela.pt\/api\/wp\/v2\/types\/post"}],"author":[{"embeddable":true,"href":"https:\/\/portaltela.pt\/api\/wp\/v2\/users\/2"}],"replies":[{"embeddable":true,"href":"https:\/\/portaltela.pt\/api\/wp\/v2\/comments?post=157370"}],"version-history":[{"count":0,"href":"https:\/\/portaltela.pt\/api\/wp\/v2\/posts\/157370\/revisions"}],"wp:featuredmedia":[{"embeddable":true,"href":"https:\/\/portaltela.pt\/api\/wp\/v2\/media\/157399"}],"wp:attachment":[{"href":"https:\/\/portaltela.pt\/api\/wp\/v2\/media?parent=157370"}],"wp:term":[{"taxonomy":"category","embeddable":true,"href":"https:\/\/portaltela.pt\/api\/wp\/v2\/categories?post=157370"},{"taxonomy":"post_tag","embeddable":true,"href":"https:\/\/portaltela.pt\/api\/wp\/v2\/tags?post=157370"}],"curies":[{"name":"wp","href":"https:\/\/api.w.org\/{rel}","templated":true}]}}