{"id":157358,"date":"2026-01-20T15:19:00","date_gmt":"2026-01-20T18:19:00","guid":{"rendered":"https:\/\/portaltela.pt\/noticias\/2026\/01\/20\/onu-alerta-para-falencia-global-da-agua\/"},"modified":"2026-01-20T15:19:00","modified_gmt":"2026-01-20T18:19:00","slug":"onu-alerta-para-falencia-global-da-agua","status":"publish","type":"post","link":"https:\/\/portaltela.pt\/noticias\/2026\/01\/20\/onu-alerta-para-falencia-global-da-agua\/","title":{"rendered":"ONU alerta para fal\u00eancia global da \u00e1gua"},"content":{"rendered":"<p>O relat\u00f3rio divulgado pela ONU alerta para o in\u00edcio de uma era de fal\u00eancia h\u00eddrica global. Cientistas da UNU-INWEH descrevem um cen\u00e1rio em que a \u00e1gua deixa de ser um recurso abundante para muitos, passando a ser escasso e degradado. A mensagem \u00e9 de urg\u00eancia e de necessidade de mudan\u00e7a de pol\u00edticas.<\/p>\n<p>Segundo o estudo, v\u00e1rias bacias j\u00e1 mostram danos irrevers\u00edveis. Aqu\u00edferos esgotados, solos degradados, zonas h\u00famidas reduzidas e biodiversidade perdida comp\u00f5em o quadro. O relat\u00f3rio afirma que a situa\u00e7\u00e3o n\u00e3o \u00e9 tempor\u00e1ria nem recuper\u00e1vel por vias tradicionais.<\/p>\n<p>O documento, intitulado Fal\u00eancia h\u00eddrica global: vivendo al\u00e9m dos nossos meios hidrol\u00f3gicos na era p\u00f3s-crise, apela a uma reformula\u00e7\u00e3o da agenda mundial da \u00e1gua. O objetivo \u00e9 reconhecer o estado de fal\u00eancia e orientar decis\u00f5es r\u00e1pidas.<\/p>\n<h3>O que levou \u00e0 fal\u00eancia h\u00eddrica<\/h3>\n<p>O texto aponta fatores como o uso excessivo de \u00e1gua, o aquecimento global e a polui\u00e7\u00e3o. Explicita que o planeta vive acima dos seus recursos h\u00eddricos dispon\u00edveis em v\u00e1rias regi\u00f5es, com impactos na agricultura e na vida urbana.<\/p>\n<p>Milhares de agricultores s\u00e3o citados como examples de press\u00e3o sobre fontes de \u00e1gua cada vez mais raras. Sem mudan\u00e7a para pr\u00e1ticas agr\u00edcolas eficientes em termos de \u00e1gua, a situa\u00e7\u00e3o pode piorar rapidamente.<\/p>\n<h3>Quando e onde acontece a discuss\u00e3o<\/h3>\n<p>O relat\u00f3rio surge antes de uma reuni\u00e3o de alto n\u00edvel em Dakar, no final de janeiro, preparada para a Confer\u00eancia da \u00c1gua da ONU. O evento global est\u00e1 programado para 2 a 4 de dezembro, nos Emirados \u00c1rabes Unidos.<\/p>\n<p>A ONU sublinha que a \u00e1gua n\u00e3o \u00e9 apenas uma quest\u00e3o ambiental, mas uma responsabilidade que atravessa fronteiras. A coopera\u00e7\u00e3o internacional \u00e9 apresentada como caminho para estabilizar recursos e reduzir conflitos.<\/p>\n<h3>O que se prop\u00f5e fazer a seguir<\/h3>\n<p>Entre as medidas est\u00e3o o monitorizar da fal\u00eancia h\u00eddrica com ferramentas modernas, como observa\u00e7\u00e3o da Terra, intelig\u00eancia artificial e modelagem integrada. Prop\u00f5e-se tamb\u00e9m elevar a \u00e1gua na agenda clim\u00e1tica, de biodiversidade e desertifica\u00e7\u00e3o.<\/p>\n<p>O relat\u00f3rio enfatiza ainda a necessidade de financiamento e de uma nova agenda global da \u00e1gua. O objetivo \u00e9 proteger comunidades vulner\u00e1veis, reduzir desigualdades e manter a paz social e a seguran\u00e7a.<\/p>\n<h3>Como lidar com a realidade atual<\/h3>\n<p>Os autores defendem uma transi\u00e7\u00e3o para uma agricultura inteligente, uma gest\u00e3o mais justa dos recursos e pol\u00edticas que reflitam a gravidade do problema. Mesmo com cr\u00edticas, o texto mant\u00e9m um tom de apelo \u00e0 honestidade e \u00e0 a\u00e7\u00e3o.<\/p>\n<p>A mensagem final \u00e9 clara: declarar fal\u00eancia h\u00eddrica n\u00e3o \u00e9 desistir, \u00e9 recome\u00e7ar. Reconhecer o fen\u00f3meno pode orientar decis\u00f5es dif\u00edceis que protejam pessoas, economias e ecossistemas.<\/p>\n","protected":false},"excerpt":{"rendered":"<ul>\n<li>A Organiza\u00e7\u00e3o das Na\u00e7\u00f5es Unidas alerta para o in\u00edcio de uma era de fal\u00eancia h\u00eddrica global, com a \u00e1gua a tornar-se um recurso cada vez mais limitado e a provocar danos irrevers\u00edveis em bacias, aqu\u00edferos, solos e biodiversidade.<\/li>\n<li>O relat\u00f3rio sustenta que o conceito tradicional de stress h\u00eddrico j\u00e1 n\u00e3o basta: muitos sistemas de \u00e1gua j\u00e1 falharam e n\u00e3o h\u00e1 retorno aos n\u00edveis hist\u00f3ricos, mesmo com redu\u00e7\u00f5es de emiss\u00f5es.<\/li>\n<li>Milh\u00f5es de agricultores dependem de fontes de \u00e1gua cada vez mais escassas para cultivar, aumentando a urg\u00eancia de uma transi\u00e7\u00e3o para uma agricultura inteligente em termos de \u00e1gua.<\/li>\n<li>Prop\u00f5e\u2011se uma nova agenda global da \u00e1gua, com maior financiamento, monitoriza\u00e7\u00e3o por observa\u00e7\u00e3o da Terra e IA, e uma coopera\u00e7\u00e3o mais ampla entre pa\u00edses para enfrentar a pobreza h\u00eddrica.<\/li>\n<li>O documento ser\u00e1 discutido em Dakar, na prepara\u00e7\u00e3o da Confer\u00eancia da ONU sobre a \u00c1gua, e defende gest\u00e3o justa da fal\u00eancia h\u00eddrica para proteger comunidades vulner\u00e1veis e evitar conflitos.<\/li>\n<\/ul>\n","protected":false},"author":2,"featured_media":157396,"comment_status":"closed","ping_status":"closed","sticky":false,"template":"","format":"standard","meta":{"footnotes":""},"categories":[1],"tags":[1503,1090,2665,256,3592,3147],"class_list":["post-157358","post","type-post","status-publish","format-standard","has-post-thumbnail","hentry","category-noticias","tag-abastecimento-de-agua","tag-agua","tag-alteracoes-climaticas","tag-cooperacao-internacional","tag-desertificacao","tag-gestao-de-recursos-hidricos"],"yoast_head":"<!-- This site is optimized with the Yoast SEO plugin v27.2 - https:\/\/yoast.com\/product\/yoast-seo-wordpress\/ -->\n<title>ONU alerta para fal\u00eancia global da \u00e1gua - Portal Tela Portugal<\/title>\n<meta name=\"robots\" content=\"index, follow, max-snippet:-1, max-image-preview:large, max-video-preview:-1\" \/>\n<meta property=\"og:locale\" content=\"pt_PT\" \/>\n<meta property=\"og:type\" content=\"article\" \/>\n<meta property=\"og:title\" content=\"ONU alerta para fal\u00eancia global da \u00e1gua - Portal Tela Portugal\" \/>\n<meta property=\"og:description\" content=\"A Organiza\u00e7\u00e3o das Na\u00e7\u00f5es Unidas alerta para o in\u00edcio de uma era de fal\u00eancia h\u00eddrica global, com a \u00e1gua a tornar-se um recurso cada vez mais limitado e a provocar danos irrevers\u00edveis em bacias, aqu\u00edferos, solos e biodiversidade. O relat\u00f3rio sustenta que o conceito tradicional de stress h\u00eddrico j\u00e1 n\u00e3o basta: muitos sistemas de \u00e1gua j\u00e1 falharam e n\u00e3o h\u00e1 retorno aos n\u00edveis hist\u00f3ricos, mesmo com redu\u00e7\u00f5es de emiss\u00f5es. Milh\u00f5es de agricultores dependem de fontes de \u00e1gua cada vez mais escassas para cultivar, aumentando a urg\u00eancia de uma transi\u00e7\u00e3o para uma agricultura inteligente em termos de \u00e1gua. Prop\u00f5e\u2011se uma nova agenda global da \u00e1gua, com maior financiamento, monitoriza\u00e7\u00e3o por observa\u00e7\u00e3o da Terra e IA, e uma coopera\u00e7\u00e3o mais ampla entre pa\u00edses para enfrentar a pobreza h\u00eddrica. O documento ser\u00e1 discutido em Dakar, na prepara\u00e7\u00e3o da Confer\u00eancia da ONU sobre a \u00c1gua, e defende gest\u00e3o justa da fal\u00eancia h\u00eddrica para proteger comunidades vulner\u00e1veis e evitar conflitos.\" \/>\n<meta property=\"og:url\" content=\"https:\/\/portaltela.pt\/noticias\/2026\/01\/20\/onu-alerta-para-falencia-global-da-agua\/\" \/>\n<meta property=\"og:site_name\" content=\"Portal Tela Portugal\" \/>\n<meta property=\"article:published_time\" content=\"2026-01-20T18:19:00+00:00\" \/>\n<meta name=\"author\" content=\"Telinha\" \/>\n<meta name=\"twitter:card\" content=\"summary_large_image\" \/>\n<meta name=\"twitter:label1\" content=\"Escrito por\" \/>\n\t<meta name=\"twitter:data1\" content=\"Telinha\" \/>\n\t<meta name=\"twitter:label2\" content=\"Tempo estimado de leitura\" \/>\n\t<meta name=\"twitter:data2\" content=\"2 minutos\" \/>\n<script type=\"application\/ld+json\" class=\"yoast-schema-graph\">{\"@context\":\"https:\/\/schema.org\",\"@graph\":[{\"@type\":\"Article\",\"@id\":\"https:\/\/portaltela.pt\/noticias\/2026\/01\/20\/onu-alerta-para-falencia-global-da-agua\/#article\",\"isPartOf\":{\"@id\":\"https:\/\/portaltela.pt\/noticias\/2026\/01\/20\/onu-alerta-para-falencia-global-da-agua\/\"},\"author\":{\"name\":\"Telinha\",\"@id\":\"https:\/\/portaltela.pt\/#\/schema\/person\/c4278d4a6028830caff9ee44b42d32ed\"},\"headline\":\"ONU alerta para fal\u00eancia global da \u00e1gua\",\"datePublished\":\"2026-01-20T18:19:00+00:00\",\"mainEntityOfPage\":{\"@id\":\"https:\/\/portaltela.pt\/noticias\/2026\/01\/20\/onu-alerta-para-falencia-global-da-agua\/\"},\"wordCount\":486,\"image\":{\"@id\":\"https:\/\/portaltela.pt\/noticias\/2026\/01\/20\/onu-alerta-para-falencia-global-da-agua\/#primaryimage\"},\"thumbnailUrl\":\"https:\/\/portaltela.pt\/s.01k8rhncp4jt1\/2026\/01\/2060664.jpg\",\"keywords\":[\"abastecimento de \u00e1gua\",\"\u00e1gua\",\"Altera\u00e7\u00f5es Clim\u00e1ticas\",\"coopera\u00e7\u00e3o internacional\",\"desertifica\u00e7\u00e3o\",\"Gest\u00e3o de Recursos H\u00eddricos\"],\"articleSection\":[\"Not\u00edcias\"],\"inLanguage\":\"pt-PT\"},{\"@type\":\"WebPage\",\"@id\":\"https:\/\/portaltela.pt\/noticias\/2026\/01\/20\/onu-alerta-para-falencia-global-da-agua\/\",\"url\":\"https:\/\/portaltela.pt\/noticias\/2026\/01\/20\/onu-alerta-para-falencia-global-da-agua\/\",\"name\":\"ONU alerta para fal\u00eancia global da \u00e1gua - Portal Tela Portugal\",\"isPartOf\":{\"@id\":\"https:\/\/portaltela.pt\/#website\"},\"primaryImageOfPage\":{\"@id\":\"https:\/\/portaltela.pt\/noticias\/2026\/01\/20\/onu-alerta-para-falencia-global-da-agua\/#primaryimage\"},\"image\":{\"@id\":\"https:\/\/portaltela.pt\/noticias\/2026\/01\/20\/onu-alerta-para-falencia-global-da-agua\/#primaryimage\"},\"thumbnailUrl\":\"https:\/\/portaltela.pt\/s.01k8rhncp4jt1\/2026\/01\/2060664.jpg\",\"datePublished\":\"2026-01-20T18:19:00+00:00\",\"author\":{\"@id\":\"https:\/\/portaltela.pt\/#\/schema\/person\/c4278d4a6028830caff9ee44b42d32ed\"},\"breadcrumb\":{\"@id\":\"https:\/\/portaltela.pt\/noticias\/2026\/01\/20\/onu-alerta-para-falencia-global-da-agua\/#breadcrumb\"},\"inLanguage\":\"pt-PT\",\"potentialAction\":[{\"@type\":\"ReadAction\",\"target\":[\"https:\/\/portaltela.pt\/noticias\/2026\/01\/20\/onu-alerta-para-falencia-global-da-agua\/\"]}]},{\"@type\":\"ImageObject\",\"inLanguage\":\"pt-PT\",\"@id\":\"https:\/\/portaltela.pt\/noticias\/2026\/01\/20\/onu-alerta-para-falencia-global-da-agua\/#primaryimage\",\"url\":\"https:\/\/portaltela.pt\/s.01k8rhncp4jt1\/2026\/01\/2060664.jpg\",\"contentUrl\":\"https:\/\/portaltela.pt\/s.01k8rhncp4jt1\/2026\/01\/2060664.jpg\",\"width\":796,\"height\":448,\"caption\":\"As \u00e1rvores morrem devido \u00e0 eros\u00e3o natural na base da paisagem de Mesa, a oeste de Charters Towers, Queensland\"},{\"@type\":\"BreadcrumbList\",\"@id\":\"https:\/\/portaltela.pt\/noticias\/2026\/01\/20\/onu-alerta-para-falencia-global-da-agua\/#breadcrumb\",\"itemListElement\":[{\"@type\":\"ListItem\",\"position\":1,\"name\":\"In\u00edcio\",\"item\":\"https:\/\/portaltela.pt\/\"},{\"@type\":\"ListItem\",\"position\":2,\"name\":\"ONU alerta para fal\u00eancia global da \u00e1gua\"}]},{\"@type\":\"WebSite\",\"@id\":\"https:\/\/portaltela.pt\/#website\",\"url\":\"https:\/\/portaltela.pt\/\",\"name\":\"Portal Tela Portugal\",\"description\":\"\",\"potentialAction\":[{\"@type\":\"SearchAction\",\"target\":{\"@type\":\"EntryPoint\",\"urlTemplate\":\"https:\/\/portaltela.pt\/?s={search_term_string}\"},\"query-input\":{\"@type\":\"PropertyValueSpecification\",\"valueRequired\":true,\"valueName\":\"search_term_string\"}}],\"inLanguage\":\"pt-PT\"},{\"@type\":\"Person\",\"@id\":\"https:\/\/portaltela.pt\/#\/schema\/person\/c4278d4a6028830caff9ee44b42d32ed\",\"name\":\"Telinha\",\"image\":{\"@type\":\"ImageObject\",\"inLanguage\":\"pt-PT\",\"@id\":\"https:\/\/portaltela.pt\/s.01k8rhncp4jt1\/2025\/11\/talking-bot-125x125.png\",\"url\":\"https:\/\/portaltela.pt\/s.01k8rhncp4jt1\/2025\/11\/talking-bot-125x125.png\",\"contentUrl\":\"https:\/\/portaltela.pt\/s.01k8rhncp4jt1\/2025\/11\/talking-bot-125x125.png\",\"caption\":\"Telinha\"},\"sameAs\":[\"https:\/\/portaltela.pt\/\"],\"url\":\"https:\/\/portaltela.pt\/por\/367410592786\/\"}]}<\/script>\n<!-- \/ Yoast SEO plugin. -->","yoast_head_json":{"title":"ONU alerta para fal\u00eancia global da \u00e1gua - Portal Tela Portugal","robots":{"index":"index","follow":"follow","max-snippet":"max-snippet:-1","max-image-preview":"max-image-preview:large","max-video-preview":"max-video-preview:-1"},"og_locale":"pt_PT","og_type":"article","og_title":"ONU alerta para fal\u00eancia global da \u00e1gua - Portal Tela Portugal","og_description":"A Organiza\u00e7\u00e3o das Na\u00e7\u00f5es Unidas alerta para o in\u00edcio de uma era de fal\u00eancia h\u00eddrica global, com a \u00e1gua a tornar-se um recurso cada vez mais limitado e a provocar danos irrevers\u00edveis em bacias, aqu\u00edferos, solos e biodiversidade. O relat\u00f3rio sustenta que o conceito tradicional de stress h\u00eddrico j\u00e1 n\u00e3o basta: muitos sistemas de \u00e1gua j\u00e1 falharam e n\u00e3o h\u00e1 retorno aos n\u00edveis hist\u00f3ricos, mesmo com redu\u00e7\u00f5es de emiss\u00f5es. Milh\u00f5es de agricultores dependem de fontes de \u00e1gua cada vez mais escassas para cultivar, aumentando a urg\u00eancia de uma transi\u00e7\u00e3o para uma agricultura inteligente em termos de \u00e1gua. Prop\u00f5e\u2011se uma nova agenda global da \u00e1gua, com maior financiamento, monitoriza\u00e7\u00e3o por observa\u00e7\u00e3o da Terra e IA, e uma coopera\u00e7\u00e3o mais ampla entre pa\u00edses para enfrentar a pobreza h\u00eddrica. O documento ser\u00e1 discutido em Dakar, na prepara\u00e7\u00e3o da Confer\u00eancia da ONU sobre a \u00c1gua, e defende gest\u00e3o justa da fal\u00eancia h\u00eddrica para proteger comunidades vulner\u00e1veis e evitar conflitos.","og_url":"https:\/\/portaltela.pt\/noticias\/2026\/01\/20\/onu-alerta-para-falencia-global-da-agua\/","og_site_name":"Portal Tela Portugal","article_published_time":"2026-01-20T18:19:00+00:00","author":"Telinha","twitter_card":"summary_large_image","twitter_misc":{"Escrito por":"Telinha","Tempo estimado de leitura":"2 minutos"},"schema":{"@context":"https:\/\/schema.org","@graph":[{"@type":"Article","@id":"https:\/\/portaltela.pt\/noticias\/2026\/01\/20\/onu-alerta-para-falencia-global-da-agua\/#article","isPartOf":{"@id":"https:\/\/portaltela.pt\/noticias\/2026\/01\/20\/onu-alerta-para-falencia-global-da-agua\/"},"author":{"name":"Telinha","@id":"https:\/\/portaltela.pt\/#\/schema\/person\/c4278d4a6028830caff9ee44b42d32ed"},"headline":"ONU alerta para fal\u00eancia global da \u00e1gua","datePublished":"2026-01-20T18:19:00+00:00","mainEntityOfPage":{"@id":"https:\/\/portaltela.pt\/noticias\/2026\/01\/20\/onu-alerta-para-falencia-global-da-agua\/"},"wordCount":486,"image":{"@id":"https:\/\/portaltela.pt\/noticias\/2026\/01\/20\/onu-alerta-para-falencia-global-da-agua\/#primaryimage"},"thumbnailUrl":"https:\/\/portaltela.pt\/s.01k8rhncp4jt1\/2026\/01\/2060664.jpg","keywords":["abastecimento de \u00e1gua","\u00e1gua","Altera\u00e7\u00f5es Clim\u00e1ticas","coopera\u00e7\u00e3o internacional","desertifica\u00e7\u00e3o","Gest\u00e3o de Recursos H\u00eddricos"],"articleSection":["Not\u00edcias"],"inLanguage":"pt-PT"},{"@type":"WebPage","@id":"https:\/\/portaltela.pt\/noticias\/2026\/01\/20\/onu-alerta-para-falencia-global-da-agua\/","url":"https:\/\/portaltela.pt\/noticias\/2026\/01\/20\/onu-alerta-para-falencia-global-da-agua\/","name":"ONU alerta para fal\u00eancia global da \u00e1gua - Portal Tela Portugal","isPartOf":{"@id":"https:\/\/portaltela.pt\/#website"},"primaryImageOfPage":{"@id":"https:\/\/portaltela.pt\/noticias\/2026\/01\/20\/onu-alerta-para-falencia-global-da-agua\/#primaryimage"},"image":{"@id":"https:\/\/portaltela.pt\/noticias\/2026\/01\/20\/onu-alerta-para-falencia-global-da-agua\/#primaryimage"},"thumbnailUrl":"https:\/\/portaltela.pt\/s.01k8rhncp4jt1\/2026\/01\/2060664.jpg","datePublished":"2026-01-20T18:19:00+00:00","author":{"@id":"https:\/\/portaltela.pt\/#\/schema\/person\/c4278d4a6028830caff9ee44b42d32ed"},"breadcrumb":{"@id":"https:\/\/portaltela.pt\/noticias\/2026\/01\/20\/onu-alerta-para-falencia-global-da-agua\/#breadcrumb"},"inLanguage":"pt-PT","potentialAction":[{"@type":"ReadAction","target":["https:\/\/portaltela.pt\/noticias\/2026\/01\/20\/onu-alerta-para-falencia-global-da-agua\/"]}]},{"@type":"ImageObject","inLanguage":"pt-PT","@id":"https:\/\/portaltela.pt\/noticias\/2026\/01\/20\/onu-alerta-para-falencia-global-da-agua\/#primaryimage","url":"https:\/\/portaltela.pt\/s.01k8rhncp4jt1\/2026\/01\/2060664.jpg","contentUrl":"https:\/\/portaltela.pt\/s.01k8rhncp4jt1\/2026\/01\/2060664.jpg","width":796,"height":448,"caption":"As \u00e1rvores morrem devido \u00e0 eros\u00e3o natural na base da paisagem de Mesa, a oeste de Charters Towers, Queensland"},{"@type":"BreadcrumbList","@id":"https:\/\/portaltela.pt\/noticias\/2026\/01\/20\/onu-alerta-para-falencia-global-da-agua\/#breadcrumb","itemListElement":[{"@type":"ListItem","position":1,"name":"In\u00edcio","item":"https:\/\/portaltela.pt\/"},{"@type":"ListItem","position":2,"name":"ONU alerta para fal\u00eancia global da \u00e1gua"}]},{"@type":"WebSite","@id":"https:\/\/portaltela.pt\/#website","url":"https:\/\/portaltela.pt\/","name":"Portal Tela Portugal","description":"","potentialAction":[{"@type":"SearchAction","target":{"@type":"EntryPoint","urlTemplate":"https:\/\/portaltela.pt\/?s={search_term_string}"},"query-input":{"@type":"PropertyValueSpecification","valueRequired":true,"valueName":"search_term_string"}}],"inLanguage":"pt-PT"},{"@type":"Person","@id":"https:\/\/portaltela.pt\/#\/schema\/person\/c4278d4a6028830caff9ee44b42d32ed","name":"Telinha","image":{"@type":"ImageObject","inLanguage":"pt-PT","@id":"https:\/\/portaltela.pt\/s.01k8rhncp4jt1\/2025\/11\/talking-bot-125x125.png","url":"https:\/\/portaltela.pt\/s.01k8rhncp4jt1\/2025\/11\/talking-bot-125x125.png","contentUrl":"https:\/\/portaltela.pt\/s.01k8rhncp4jt1\/2025\/11\/talking-bot-125x125.png","caption":"Telinha"},"sameAs":["https:\/\/portaltela.pt\/"],"url":"https:\/\/portaltela.pt\/por\/367410592786\/"}]}},"_links":{"self":[{"href":"https:\/\/portaltela.pt\/api\/wp\/v2\/posts\/157358","targetHints":{"allow":["GET"]}}],"collection":[{"href":"https:\/\/portaltela.pt\/api\/wp\/v2\/posts"}],"about":[{"href":"https:\/\/portaltela.pt\/api\/wp\/v2\/types\/post"}],"author":[{"embeddable":true,"href":"https:\/\/portaltela.pt\/api\/wp\/v2\/users\/2"}],"replies":[{"embeddable":true,"href":"https:\/\/portaltela.pt\/api\/wp\/v2\/comments?post=157358"}],"version-history":[{"count":0,"href":"https:\/\/portaltela.pt\/api\/wp\/v2\/posts\/157358\/revisions"}],"wp:featuredmedia":[{"embeddable":true,"href":"https:\/\/portaltela.pt\/api\/wp\/v2\/media\/157396"}],"wp:attachment":[{"href":"https:\/\/portaltela.pt\/api\/wp\/v2\/media?parent=157358"}],"wp:term":[{"taxonomy":"category","embeddable":true,"href":"https:\/\/portaltela.pt\/api\/wp\/v2\/categories?post=157358"},{"taxonomy":"post_tag","embeddable":true,"href":"https:\/\/portaltela.pt\/api\/wp\/v2\/tags?post=157358"}],"curies":[{"name":"wp","href":"https:\/\/api.w.org\/{rel}","templated":true}]}}