{"id":157257,"date":"2026-01-20T14:29:52","date_gmt":"2026-01-20T17:29:52","guid":{"rendered":"https:\/\/portaltela.pt\/noticias\/2026\/01\/20\/brahim-vira-alvo-de-criticas-apos-falhar-penalti-decisivo\/"},"modified":"2026-01-20T14:29:52","modified_gmt":"2026-01-20T17:29:52","slug":"brahim-vira-alvo-de-criticas-apos-falhar-penalti-decisivo","status":"publish","type":"post","link":"https:\/\/portaltela.pt\/desporto\/futebol\/2026\/01\/20\/brahim-vira-alvo-de-criticas-apos-falhar-penalti-decisivo\/","title":{"rendered":"Brahim vira alvo de cr\u00edticas ap\u00f3s falhar pen\u00e1lti decisivo"},"content":{"rendered":"<p>O jogo decisivo da CAN 2023, realizado no est\u00e1dio Prince Moulay Abdellah, em Rabate, ficou marcado pelo momento em que tudo parecia definir-se nos descontos. Brahim D\u00edaz assumeu a responsabilidade num pen\u00e1lti para Marrocos, ap\u00f3s o golo de Hakimi ter sido anulado, numa final onde o Senegal lutava para manter o empate.<\/p>\n<p>Com o \u00e1rbitro congol\u00eas Jean Ndala a apitar, a equipa marroquina ainda teve a oportunidade de finalizar o tempo regulamentar. A tentativa de Panenka de Brahim saiu a meio g\u00e1s, levando o jogo a prolongamento e gerando tumultos entre adeptos e jogadores.<\/p>\n<h3>Rea\u00e7\u00e3o e desfecho<\/h3>\n<p>O Senegal venceu o t\u00edtulo com um golo de Pape Gueye no prolongamento, ap\u00f3s o penalti falhado por Brahim. O jogador do Real Madrid, de 26 anos, foi o melhor marcador da CAN, com cinco tentos.<\/p>\n<p>Pelo lado marroquino, o epis\u00f3dio gerou grande desgaste emocional. Brahim Diaz recebeu o pr\u00e9mio de melhor marcador, sob a entrega de Gianni Infantino, presidente da FIFA, mas expressou pedido de desculpas nas redes sociais 24 horas depois.<\/p>\n<p>Entre as rea\u00e7\u00f5es p\u00fablicas, destacam-se mensagens de apoio de colegas como Jude Bellingham, Vinicius J\u00fanior e \u00c1lvaro Carreras. Lu\u00eds Enrique, treinador do PSG, apelou ao senso de contexto, lembrando que falhas acontecem no desporto.<\/p>\n<p>Herv\u00e9 Renard, ex-treinador de Marrocos, foi mais cr\u00edtico ao pen\u00e1lti desperdi\u00e7ado, afirmando que falhar \u00e9 compreens\u00edvel, mas o epis\u00f3dio prejudica o pa\u00eds. Renard apontou, ainda, que a controv\u00e9rsia come\u00e7ou com a anula\u00e7\u00e3o de um golo advers\u00e1rio.<\/p>\n","protected":false},"excerpt":{"rendered":"<ul>\n<li>Na final da CAN, disputada em Rabat, Brahim D\u00edaz falhou um pen\u00e1lti nos minutos de compensa\u00e7\u00e3o (90+24) e o jogo seguiu para prolongamento.<\/li>\n<li>Antes disso, houve pol\u00e9mica com um golo anulado a favor de Marrocos e a decis\u00e3o de juniores dos Senegalenses de abandonarem o campo, regressando cerca de 15 minutos depois.<\/li>\n<li>No prolongamento, o Senegal venceu por 1-0 com golo de Pape Gueye; Brahim D\u00edaz foi substitu\u00eddo na primeira metade da prolonga\u00e7\u00e3o.<\/li>\n<li>D\u00edaz terminou a CAN como o melhor marcados com cinco golos; pouco depois pediu desculpas publicamente nas redes sociais.<\/li>\n<li>Rea\u00e7\u00f5es p\u00fablicas variaram entre apoio de companheiros e cr\u00edticas, com coment\u00e1rios de figuras do futebol internacional sobre o ter falhado o pen\u00e1lti.<\/li>\n<\/ul>\n","protected":false},"author":2,"featured_media":157290,"comment_status":"closed","ping_status":"closed","sticky":false,"template":"","format":"standard","meta":{"footnotes":""},"categories":[21,24],"tags":[2997,32,1015,1885,2057,1883],"class_list":["post-157257","post","type-post","status-publish","format-standard","has-post-thumbnail","hentry","category-desporto","category-futebol","tag-brahim-diaz","tag-futebol","tag-marrocos","tag-penalti","tag-selecao-nacional","tag-senegal"],"yoast_head":"<!-- This site is optimized with the Yoast SEO plugin v27.2 - https:\/\/yoast.com\/product\/yoast-seo-wordpress\/ -->\n<title>Brahim vira alvo de cr\u00edticas ap\u00f3s falhar pen\u00e1lti decisivo - Portal Tela Portugal<\/title>\n<meta name=\"robots\" content=\"index, follow, max-snippet:-1, max-image-preview:large, max-video-preview:-1\" \/>\n<meta property=\"og:locale\" content=\"pt_PT\" \/>\n<meta property=\"og:type\" content=\"article\" \/>\n<meta property=\"og:title\" content=\"Brahim vira alvo de cr\u00edticas ap\u00f3s falhar pen\u00e1lti decisivo - Portal Tela Portugal\" \/>\n<meta property=\"og:description\" content=\"Na final da CAN, disputada em Rabat, Brahim D\u00edaz falhou um pen\u00e1lti nos minutos de compensa\u00e7\u00e3o (90+24) e o jogo seguiu para prolongamento. Antes disso, houve pol\u00e9mica com um golo anulado a favor de Marrocos e a decis\u00e3o de juniores dos Senegalenses de abandonarem o campo, regressando cerca de 15 minutos depois. No prolongamento, o Senegal venceu por 1-0 com golo de Pape Gueye; Brahim D\u00edaz foi substitu\u00eddo na primeira metade da prolonga\u00e7\u00e3o. D\u00edaz terminou a CAN como o melhor marcados com cinco golos; pouco depois pediu desculpas publicamente nas redes sociais. Rea\u00e7\u00f5es p\u00fablicas variaram entre apoio de companheiros e cr\u00edticas, com coment\u00e1rios de figuras do futebol internacional sobre o ter falhado o pen\u00e1lti.\" \/>\n<meta property=\"og:url\" content=\"https:\/\/portaltela.pt\/noticias\/2026\/01\/20\/brahim-vira-alvo-de-criticas-apos-falhar-penalti-decisivo\/\" \/>\n<meta property=\"og:site_name\" content=\"Portal Tela Portugal\" \/>\n<meta property=\"article:published_time\" content=\"2026-01-20T17:29:52+00:00\" \/>\n<meta name=\"author\" content=\"Telinha\" \/>\n<meta name=\"twitter:card\" content=\"summary_large_image\" \/>\n<meta name=\"twitter:label1\" content=\"Escrito por\" \/>\n\t<meta name=\"twitter:data1\" content=\"Telinha\" \/>\n\t<meta name=\"twitter:label2\" content=\"Tempo estimado de leitura\" \/>\n\t<meta name=\"twitter:data2\" content=\"1 minuto\" \/>\n<script type=\"application\/ld+json\" class=\"yoast-schema-graph\">{\"@context\":\"https:\/\/schema.org\",\"@graph\":[{\"@type\":\"Article\",\"@id\":\"https:\/\/portaltela.pt\/noticias\/2026\/01\/20\/brahim-vira-alvo-de-criticas-apos-falhar-penalti-decisivo\/#article\",\"isPartOf\":{\"@id\":\"https:\/\/portaltela.pt\/noticias\/2026\/01\/20\/brahim-vira-alvo-de-criticas-apos-falhar-penalti-decisivo\/\"},\"author\":{\"name\":\"Telinha\",\"@id\":\"https:\/\/portaltela.pt\/#\/schema\/person\/c4278d4a6028830caff9ee44b42d32ed\"},\"headline\":\"Brahim vira alvo de cr\u00edticas ap\u00f3s falhar pen\u00e1lti decisivo\",\"datePublished\":\"2026-01-20T17:29:52+00:00\",\"mainEntityOfPage\":{\"@id\":\"https:\/\/portaltela.pt\/noticias\/2026\/01\/20\/brahim-vira-alvo-de-criticas-apos-falhar-penalti-decisivo\/\"},\"wordCount\":273,\"image\":{\"@id\":\"https:\/\/portaltela.pt\/noticias\/2026\/01\/20\/brahim-vira-alvo-de-criticas-apos-falhar-penalti-decisivo\/#primaryimage\"},\"thumbnailUrl\":\"https:\/\/portaltela.pt\/s.01k8rhncp4jt1\/2026\/01\/unnamed-file-4184.jpg\",\"keywords\":[\"Brahim D\u00edaz\",\"futebol\",\"Marrocos\",\"pen\u00e1lti\",\"Sele\u00e7\u00e3o Nacional\",\"Senegal\"],\"articleSection\":[\"Desporto\",\"Futebol\"],\"inLanguage\":\"pt-PT\"},{\"@type\":\"WebPage\",\"@id\":\"https:\/\/portaltela.pt\/noticias\/2026\/01\/20\/brahim-vira-alvo-de-criticas-apos-falhar-penalti-decisivo\/\",\"url\":\"https:\/\/portaltela.pt\/noticias\/2026\/01\/20\/brahim-vira-alvo-de-criticas-apos-falhar-penalti-decisivo\/\",\"name\":\"Brahim vira alvo de cr\u00edticas ap\u00f3s falhar pen\u00e1lti decisivo - Portal Tela Portugal\",\"isPartOf\":{\"@id\":\"https:\/\/portaltela.pt\/#website\"},\"primaryImageOfPage\":{\"@id\":\"https:\/\/portaltela.pt\/noticias\/2026\/01\/20\/brahim-vira-alvo-de-criticas-apos-falhar-penalti-decisivo\/#primaryimage\"},\"image\":{\"@id\":\"https:\/\/portaltela.pt\/noticias\/2026\/01\/20\/brahim-vira-alvo-de-criticas-apos-falhar-penalti-decisivo\/#primaryimage\"},\"thumbnailUrl\":\"https:\/\/portaltela.pt\/s.01k8rhncp4jt1\/2026\/01\/unnamed-file-4184.jpg\",\"datePublished\":\"2026-01-20T17:29:52+00:00\",\"author\":{\"@id\":\"https:\/\/portaltela.pt\/#\/schema\/person\/c4278d4a6028830caff9ee44b42d32ed\"},\"breadcrumb\":{\"@id\":\"https:\/\/portaltela.pt\/noticias\/2026\/01\/20\/brahim-vira-alvo-de-criticas-apos-falhar-penalti-decisivo\/#breadcrumb\"},\"inLanguage\":\"pt-PT\",\"potentialAction\":[{\"@type\":\"ReadAction\",\"target\":[\"https:\/\/portaltela.pt\/noticias\/2026\/01\/20\/brahim-vira-alvo-de-criticas-apos-falhar-penalti-decisivo\/\"]}]},{\"@type\":\"ImageObject\",\"inLanguage\":\"pt-PT\",\"@id\":\"https:\/\/portaltela.pt\/noticias\/2026\/01\/20\/brahim-vira-alvo-de-criticas-apos-falhar-penalti-decisivo\/#primaryimage\",\"url\":\"https:\/\/portaltela.pt\/s.01k8rhncp4jt1\/2026\/01\/unnamed-file-4184.jpg\",\"contentUrl\":\"https:\/\/portaltela.pt\/s.01k8rhncp4jt1\/2026\/01\/unnamed-file-4184.jpg\",\"width\":796,\"height\":448,\"caption\":\"Brahim D\u00edaz desperdi\u00e7ou a oportunidade de dar o principal t\u00edtulo continental a Marrocos 50 anos depois\"},{\"@type\":\"BreadcrumbList\",\"@id\":\"https:\/\/portaltela.pt\/noticias\/2026\/01\/20\/brahim-vira-alvo-de-criticas-apos-falhar-penalti-decisivo\/#breadcrumb\",\"itemListElement\":[{\"@type\":\"ListItem\",\"position\":1,\"name\":\"In\u00edcio\",\"item\":\"https:\/\/portaltela.pt\/\"},{\"@type\":\"ListItem\",\"position\":2,\"name\":\"Brahim vira alvo de cr\u00edticas ap\u00f3s falhar pen\u00e1lti decisivo\"}]},{\"@type\":\"WebSite\",\"@id\":\"https:\/\/portaltela.pt\/#website\",\"url\":\"https:\/\/portaltela.pt\/\",\"name\":\"Portal Tela Portugal\",\"description\":\"\",\"potentialAction\":[{\"@type\":\"SearchAction\",\"target\":{\"@type\":\"EntryPoint\",\"urlTemplate\":\"https:\/\/portaltela.pt\/?s={search_term_string}\"},\"query-input\":{\"@type\":\"PropertyValueSpecification\",\"valueRequired\":true,\"valueName\":\"search_term_string\"}}],\"inLanguage\":\"pt-PT\"},{\"@type\":\"Person\",\"@id\":\"https:\/\/portaltela.pt\/#\/schema\/person\/c4278d4a6028830caff9ee44b42d32ed\",\"name\":\"Telinha\",\"image\":{\"@type\":\"ImageObject\",\"inLanguage\":\"pt-PT\",\"@id\":\"https:\/\/portaltela.pt\/s.01k8rhncp4jt1\/2025\/11\/talking-bot-125x125.png\",\"url\":\"https:\/\/portaltela.pt\/s.01k8rhncp4jt1\/2025\/11\/talking-bot-125x125.png\",\"contentUrl\":\"https:\/\/portaltela.pt\/s.01k8rhncp4jt1\/2025\/11\/talking-bot-125x125.png\",\"caption\":\"Telinha\"},\"sameAs\":[\"https:\/\/portaltela.pt\/\"],\"url\":\"https:\/\/portaltela.pt\/por\/367410592786\/\"}]}<\/script>\n<!-- \/ Yoast SEO plugin. -->","yoast_head_json":{"title":"Brahim vira alvo de cr\u00edticas ap\u00f3s falhar pen\u00e1lti decisivo - Portal Tela Portugal","robots":{"index":"index","follow":"follow","max-snippet":"max-snippet:-1","max-image-preview":"max-image-preview:large","max-video-preview":"max-video-preview:-1"},"og_locale":"pt_PT","og_type":"article","og_title":"Brahim vira alvo de cr\u00edticas ap\u00f3s falhar pen\u00e1lti decisivo - Portal Tela Portugal","og_description":"Na final da CAN, disputada em Rabat, Brahim D\u00edaz falhou um pen\u00e1lti nos minutos de compensa\u00e7\u00e3o (90+24) e o jogo seguiu para prolongamento. Antes disso, houve pol\u00e9mica com um golo anulado a favor de Marrocos e a decis\u00e3o de juniores dos Senegalenses de abandonarem o campo, regressando cerca de 15 minutos depois. No prolongamento, o Senegal venceu por 1-0 com golo de Pape Gueye; Brahim D\u00edaz foi substitu\u00eddo na primeira metade da prolonga\u00e7\u00e3o. D\u00edaz terminou a CAN como o melhor marcados com cinco golos; pouco depois pediu desculpas publicamente nas redes sociais. Rea\u00e7\u00f5es p\u00fablicas variaram entre apoio de companheiros e cr\u00edticas, com coment\u00e1rios de figuras do futebol internacional sobre o ter falhado o pen\u00e1lti.","og_url":"https:\/\/portaltela.pt\/noticias\/2026\/01\/20\/brahim-vira-alvo-de-criticas-apos-falhar-penalti-decisivo\/","og_site_name":"Portal Tela Portugal","article_published_time":"2026-01-20T17:29:52+00:00","author":"Telinha","twitter_card":"summary_large_image","twitter_misc":{"Escrito por":"Telinha","Tempo estimado de leitura":"1 minuto"},"schema":{"@context":"https:\/\/schema.org","@graph":[{"@type":"Article","@id":"https:\/\/portaltela.pt\/noticias\/2026\/01\/20\/brahim-vira-alvo-de-criticas-apos-falhar-penalti-decisivo\/#article","isPartOf":{"@id":"https:\/\/portaltela.pt\/noticias\/2026\/01\/20\/brahim-vira-alvo-de-criticas-apos-falhar-penalti-decisivo\/"},"author":{"name":"Telinha","@id":"https:\/\/portaltela.pt\/#\/schema\/person\/c4278d4a6028830caff9ee44b42d32ed"},"headline":"Brahim vira alvo de cr\u00edticas ap\u00f3s falhar pen\u00e1lti decisivo","datePublished":"2026-01-20T17:29:52+00:00","mainEntityOfPage":{"@id":"https:\/\/portaltela.pt\/noticias\/2026\/01\/20\/brahim-vira-alvo-de-criticas-apos-falhar-penalti-decisivo\/"},"wordCount":273,"image":{"@id":"https:\/\/portaltela.pt\/noticias\/2026\/01\/20\/brahim-vira-alvo-de-criticas-apos-falhar-penalti-decisivo\/#primaryimage"},"thumbnailUrl":"https:\/\/portaltela.pt\/s.01k8rhncp4jt1\/2026\/01\/unnamed-file-4184.jpg","keywords":["Brahim D\u00edaz","futebol","Marrocos","pen\u00e1lti","Sele\u00e7\u00e3o Nacional","Senegal"],"articleSection":["Desporto","Futebol"],"inLanguage":"pt-PT"},{"@type":"WebPage","@id":"https:\/\/portaltela.pt\/noticias\/2026\/01\/20\/brahim-vira-alvo-de-criticas-apos-falhar-penalti-decisivo\/","url":"https:\/\/portaltela.pt\/noticias\/2026\/01\/20\/brahim-vira-alvo-de-criticas-apos-falhar-penalti-decisivo\/","name":"Brahim vira alvo de cr\u00edticas ap\u00f3s falhar pen\u00e1lti decisivo - Portal Tela Portugal","isPartOf":{"@id":"https:\/\/portaltela.pt\/#website"},"primaryImageOfPage":{"@id":"https:\/\/portaltela.pt\/noticias\/2026\/01\/20\/brahim-vira-alvo-de-criticas-apos-falhar-penalti-decisivo\/#primaryimage"},"image":{"@id":"https:\/\/portaltela.pt\/noticias\/2026\/01\/20\/brahim-vira-alvo-de-criticas-apos-falhar-penalti-decisivo\/#primaryimage"},"thumbnailUrl":"https:\/\/portaltela.pt\/s.01k8rhncp4jt1\/2026\/01\/unnamed-file-4184.jpg","datePublished":"2026-01-20T17:29:52+00:00","author":{"@id":"https:\/\/portaltela.pt\/#\/schema\/person\/c4278d4a6028830caff9ee44b42d32ed"},"breadcrumb":{"@id":"https:\/\/portaltela.pt\/noticias\/2026\/01\/20\/brahim-vira-alvo-de-criticas-apos-falhar-penalti-decisivo\/#breadcrumb"},"inLanguage":"pt-PT","potentialAction":[{"@type":"ReadAction","target":["https:\/\/portaltela.pt\/noticias\/2026\/01\/20\/brahim-vira-alvo-de-criticas-apos-falhar-penalti-decisivo\/"]}]},{"@type":"ImageObject","inLanguage":"pt-PT","@id":"https:\/\/portaltela.pt\/noticias\/2026\/01\/20\/brahim-vira-alvo-de-criticas-apos-falhar-penalti-decisivo\/#primaryimage","url":"https:\/\/portaltela.pt\/s.01k8rhncp4jt1\/2026\/01\/unnamed-file-4184.jpg","contentUrl":"https:\/\/portaltela.pt\/s.01k8rhncp4jt1\/2026\/01\/unnamed-file-4184.jpg","width":796,"height":448,"caption":"Brahim D\u00edaz desperdi\u00e7ou a oportunidade de dar o principal t\u00edtulo continental a Marrocos 50 anos depois"},{"@type":"BreadcrumbList","@id":"https:\/\/portaltela.pt\/noticias\/2026\/01\/20\/brahim-vira-alvo-de-criticas-apos-falhar-penalti-decisivo\/#breadcrumb","itemListElement":[{"@type":"ListItem","position":1,"name":"In\u00edcio","item":"https:\/\/portaltela.pt\/"},{"@type":"ListItem","position":2,"name":"Brahim vira alvo de cr\u00edticas ap\u00f3s falhar pen\u00e1lti decisivo"}]},{"@type":"WebSite","@id":"https:\/\/portaltela.pt\/#website","url":"https:\/\/portaltela.pt\/","name":"Portal Tela Portugal","description":"","potentialAction":[{"@type":"SearchAction","target":{"@type":"EntryPoint","urlTemplate":"https:\/\/portaltela.pt\/?s={search_term_string}"},"query-input":{"@type":"PropertyValueSpecification","valueRequired":true,"valueName":"search_term_string"}}],"inLanguage":"pt-PT"},{"@type":"Person","@id":"https:\/\/portaltela.pt\/#\/schema\/person\/c4278d4a6028830caff9ee44b42d32ed","name":"Telinha","image":{"@type":"ImageObject","inLanguage":"pt-PT","@id":"https:\/\/portaltela.pt\/s.01k8rhncp4jt1\/2025\/11\/talking-bot-125x125.png","url":"https:\/\/portaltela.pt\/s.01k8rhncp4jt1\/2025\/11\/talking-bot-125x125.png","contentUrl":"https:\/\/portaltela.pt\/s.01k8rhncp4jt1\/2025\/11\/talking-bot-125x125.png","caption":"Telinha"},"sameAs":["https:\/\/portaltela.pt\/"],"url":"https:\/\/portaltela.pt\/por\/367410592786\/"}]}},"_links":{"self":[{"href":"https:\/\/portaltela.pt\/api\/wp\/v2\/posts\/157257","targetHints":{"allow":["GET"]}}],"collection":[{"href":"https:\/\/portaltela.pt\/api\/wp\/v2\/posts"}],"about":[{"href":"https:\/\/portaltela.pt\/api\/wp\/v2\/types\/post"}],"author":[{"embeddable":true,"href":"https:\/\/portaltela.pt\/api\/wp\/v2\/users\/2"}],"replies":[{"embeddable":true,"href":"https:\/\/portaltela.pt\/api\/wp\/v2\/comments?post=157257"}],"version-history":[{"count":0,"href":"https:\/\/portaltela.pt\/api\/wp\/v2\/posts\/157257\/revisions"}],"wp:featuredmedia":[{"embeddable":true,"href":"https:\/\/portaltela.pt\/api\/wp\/v2\/media\/157290"}],"wp:attachment":[{"href":"https:\/\/portaltela.pt\/api\/wp\/v2\/media?parent=157257"}],"wp:term":[{"taxonomy":"category","embeddable":true,"href":"https:\/\/portaltela.pt\/api\/wp\/v2\/categories?post=157257"},{"taxonomy":"post_tag","embeddable":true,"href":"https:\/\/portaltela.pt\/api\/wp\/v2\/tags?post=157257"}],"curies":[{"name":"wp","href":"https:\/\/api.w.org\/{rel}","templated":true}]}}