{"id":157239,"date":"2026-01-20T14:29:12","date_gmt":"2026-01-20T17:29:12","guid":{"rendered":"https:\/\/portaltela.pt\/noticias\/2026\/01\/20\/santa-casa-de-seia-lanca-impulsionamente-para-defice-cognitivo-ligeiro\/"},"modified":"2026-01-20T14:29:12","modified_gmt":"2026-01-20T17:29:12","slug":"santa-casa-de-seia-lanca-impulsionamente-para-defice-cognitivo-ligeiro","status":"publish","type":"post","link":"https:\/\/portaltela.pt\/noticias\/2026\/01\/20\/santa-casa-de-seia-lanca-impulsionamente-para-defice-cognitivo-ligeiro\/","title":{"rendered":"Santa Casa de Seia lan\u00e7a ImpulsionaMente para D\u00e9fice Cognitivo Ligeiro"},"content":{"rendered":"<p>A Miseric\u00f3rdia de Seia lan\u00e7ou o projeto ImpulsionaMente \u2013 Interven\u00e7\u00e3o no D\u00e9fice Cognitivo Ligeiro, integrado na val\u00eancia Cuidar em Dem\u00eancia. Destina-se a pessoas com 55+ anos com D\u00e9fice Cognitivo Ligeiro ou em fases iniciais de dem\u00eancia, com interven\u00e7\u00e3o gratuita.<\/p>\n<p>O objetivo geral \u00e9 melhorar a qualidade de vida e o apoio social, promovendo dete\u00e7\u00e3o precoce, interven\u00e7\u00e3o cognitiva e psicol\u00f3gica e literacia em sa\u00fade, para envelhecimento ativo.<\/p>\n<p>A equipa envolvida \u00e9 multidisciplinar, contando com Psicologia, Fisioterapia, Terapia da Fala, Anima\u00e7\u00e3o Sociocultural e Servi\u00e7o Social, assegurando uma interven\u00e7\u00e3o abrangente e ajustada a cada pessoa.<\/p>\n<p>Entre os objetivos espec\u00edficos est\u00e3o a dete\u00e7\u00e3o de decl\u00ednio cognitivo na comunidade, interven\u00e7\u00e3o para retardar a progress\u00e3o do DCL e redu\u00e7\u00e3o do impacto emocional nas fun\u00e7\u00f5es cognitivas, com melhoria da qualidade de vida.<\/p>\n<p>A iniciativa refor\u00e7a o compromisso com interven\u00e7\u00e3o precoce na dem\u00eancia, proximidade \u00e0 comunidade e respostas especializadas baseadas em evid\u00eancia. Informa\u00e7\u00f5es: cuidaremdemencia@misericordiadeseia.pt, 963 684 950.<\/p>\n<p>Projeto apoiado pela Portugal Inova\u00e7\u00e3o Social 2030, atrav\u00e9s de Fundos da Uni\u00e3o Europeia.<\/p>\n","protected":false},"excerpt":{"rendered":"<ul>\n<li>A Miseric\u00f3rdia de Seia iniciou o projeto ImpulsionaMente \u2013 Interven\u00e7\u00e3o no D\u00e9fice Cognitivo Ligeiro, dirigido a pessoas com 55 ou mais anos com D\u00e9fice Cognitivo Ligeiro ou fases iniciais de dem\u00eancia, com interven\u00e7\u00e3o gratuita.<\/li>\n<li>O objetivo \u00e9 melhorar a qualidade de vida e o apoio social, atrav\u00e9s de dete\u00e7\u00e3o precoce, interven\u00e7\u00e3o cognitiva e psicol\u00f3gica, e refor\u00e7o da literacia em sa\u00fade, promovendo um envelhecimento ativo.<\/li>\n<li>A interven\u00e7\u00e3o \u00e9 desenvolvida por uma equipa multidisciplinar (Psicologia, Fisioterapia, Terapia da Fala, Anima\u00e7\u00e3o Sociocultural e Servi\u00e7o Social), assegurando um acompanhamento ajustado a cada pessoa.<\/li>\n<li>Entre os objetivos est\u00e3o a dete\u00e7\u00e3o na comunidade de decl\u00ednio cognitivo ligeiro e sintomatologia depressiva\/ansiosa, a interven\u00e7\u00e3o para retardar a evolu\u00e7\u00e3o do DCL, e o aumento da literacia em sa\u00fade psicol\u00f3gica e cognitiva.<\/li>\n<li>Contactos para informa\u00e7\u00e3o: cuidaremdemencia@misericordiadeseia.pt ou 963 684 950. O projeto \u00e9 apoiado pela Portugal Inova\u00e7\u00e3o Social 2030, com fundos da Uni\u00e3o Europeia.<\/li>\n<\/ul>\n","protected":false},"author":2,"featured_media":157283,"comment_status":"closed","ping_status":"closed","sticky":false,"template":"","format":"standard","meta":{"footnotes":""},"categories":[1],"tags":[3591,2264,972,2249,172,3590],"class_list":["post-157239","post","type-post","status-publish","format-standard","has-post-thumbnail","hentry","category-noticias","tag-animacao-sociocultural","tag-fisioterapia","tag-literacia-em-saude","tag-psicologia","tag-saude","tag-terapia-da-fala"],"yoast_head":"<!-- This site is optimized with the Yoast SEO plugin v27.2 - https:\/\/yoast.com\/product\/yoast-seo-wordpress\/ -->\n<title>Santa Casa de Seia lan\u00e7a ImpulsionaMente para D\u00e9fice Cognitivo Ligeiro - Portal Tela Portugal<\/title>\n<meta name=\"robots\" content=\"index, follow, max-snippet:-1, max-image-preview:large, max-video-preview:-1\" \/>\n<meta property=\"og:locale\" content=\"pt_PT\" \/>\n<meta property=\"og:type\" content=\"article\" \/>\n<meta property=\"og:title\" content=\"Santa Casa de Seia lan\u00e7a ImpulsionaMente para D\u00e9fice Cognitivo Ligeiro - Portal Tela Portugal\" \/>\n<meta property=\"og:description\" content=\"A Miseric\u00f3rdia de Seia iniciou o projeto ImpulsionaMente \u2013 Interven\u00e7\u00e3o no D\u00e9fice Cognitivo Ligeiro, dirigido a pessoas com 55 ou mais anos com D\u00e9fice Cognitivo Ligeiro ou fases iniciais de dem\u00eancia, com interven\u00e7\u00e3o gratuita. O objetivo \u00e9 melhorar a qualidade de vida e o apoio social, atrav\u00e9s de dete\u00e7\u00e3o precoce, interven\u00e7\u00e3o cognitiva e psicol\u00f3gica, e refor\u00e7o da literacia em sa\u00fade, promovendo um envelhecimento ativo. A interven\u00e7\u00e3o \u00e9 desenvolvida por uma equipa multidisciplinar (Psicologia, Fisioterapia, Terapia da Fala, Anima\u00e7\u00e3o Sociocultural e Servi\u00e7o Social), assegurando um acompanhamento ajustado a cada pessoa. Entre os objetivos est\u00e3o a dete\u00e7\u00e3o na comunidade de decl\u00ednio cognitivo ligeiro e sintomatologia depressiva\/ansiosa, a interven\u00e7\u00e3o para retardar a evolu\u00e7\u00e3o do DCL, e o aumento da literacia em sa\u00fade psicol\u00f3gica e cognitiva. Contactos para informa\u00e7\u00e3o: cuidaremdemencia@misericordiadeseia.pt ou 963 684 950. O projeto \u00e9 apoiado pela Portugal Inova\u00e7\u00e3o Social 2030, com fundos da Uni\u00e3o Europeia.\" \/>\n<meta property=\"og:url\" content=\"https:\/\/portaltela.pt\/noticias\/2026\/01\/20\/santa-casa-de-seia-lanca-impulsionamente-para-defice-cognitivo-ligeiro\/\" \/>\n<meta property=\"og:site_name\" content=\"Portal Tela Portugal\" \/>\n<meta property=\"article:published_time\" content=\"2026-01-20T17:29:12+00:00\" \/>\n<meta name=\"author\" content=\"Telinha\" \/>\n<meta name=\"twitter:card\" content=\"summary_large_image\" \/>\n<meta name=\"twitter:label1\" content=\"Escrito por\" \/>\n\t<meta name=\"twitter:data1\" content=\"Telinha\" \/>\n\t<meta name=\"twitter:label2\" content=\"Tempo estimado de leitura\" \/>\n\t<meta name=\"twitter:data2\" content=\"1 minuto\" \/>\n<script type=\"application\/ld+json\" class=\"yoast-schema-graph\">{\"@context\":\"https:\/\/schema.org\",\"@graph\":[{\"@type\":\"Article\",\"@id\":\"https:\/\/portaltela.pt\/noticias\/2026\/01\/20\/santa-casa-de-seia-lanca-impulsionamente-para-defice-cognitivo-ligeiro\/#article\",\"isPartOf\":{\"@id\":\"https:\/\/portaltela.pt\/noticias\/2026\/01\/20\/santa-casa-de-seia-lanca-impulsionamente-para-defice-cognitivo-ligeiro\/\"},\"author\":{\"name\":\"Telinha\",\"@id\":\"https:\/\/portaltela.pt\/#\/schema\/person\/c4278d4a6028830caff9ee44b42d32ed\"},\"headline\":\"Santa Casa de Seia lan\u00e7a ImpulsionaMente para D\u00e9fice Cognitivo Ligeiro\",\"datePublished\":\"2026-01-20T17:29:12+00:00\",\"mainEntityOfPage\":{\"@id\":\"https:\/\/portaltela.pt\/noticias\/2026\/01\/20\/santa-casa-de-seia-lanca-impulsionamente-para-defice-cognitivo-ligeiro\/\"},\"wordCount\":199,\"image\":{\"@id\":\"https:\/\/portaltela.pt\/noticias\/2026\/01\/20\/santa-casa-de-seia-lanca-impulsionamente-para-defice-cognitivo-ligeiro\/#primaryimage\"},\"thumbnailUrl\":\"https:\/\/portaltela.pt\/s.01k8rhncp4jt1\/2026\/01\/unnamed-file-4183.jpg\",\"keywords\":[\"Anima\u00e7\u00e3o Sociocultural\",\"fisioterapia\",\"literacia em sa\u00fade\",\"psicologia\",\"sa\u00fade\",\"Terapia da Fala\"],\"articleSection\":[\"Not\u00edcias\"],\"inLanguage\":\"pt-PT\"},{\"@type\":\"WebPage\",\"@id\":\"https:\/\/portaltela.pt\/noticias\/2026\/01\/20\/santa-casa-de-seia-lanca-impulsionamente-para-defice-cognitivo-ligeiro\/\",\"url\":\"https:\/\/portaltela.pt\/noticias\/2026\/01\/20\/santa-casa-de-seia-lanca-impulsionamente-para-defice-cognitivo-ligeiro\/\",\"name\":\"Santa Casa de Seia lan\u00e7a ImpulsionaMente para D\u00e9fice Cognitivo Ligeiro - Portal Tela Portugal\",\"isPartOf\":{\"@id\":\"https:\/\/portaltela.pt\/#website\"},\"primaryImageOfPage\":{\"@id\":\"https:\/\/portaltela.pt\/noticias\/2026\/01\/20\/santa-casa-de-seia-lanca-impulsionamente-para-defice-cognitivo-ligeiro\/#primaryimage\"},\"image\":{\"@id\":\"https:\/\/portaltela.pt\/noticias\/2026\/01\/20\/santa-casa-de-seia-lanca-impulsionamente-para-defice-cognitivo-ligeiro\/#primaryimage\"},\"thumbnailUrl\":\"https:\/\/portaltela.pt\/s.01k8rhncp4jt1\/2026\/01\/unnamed-file-4183.jpg\",\"datePublished\":\"2026-01-20T17:29:12+00:00\",\"author\":{\"@id\":\"https:\/\/portaltela.pt\/#\/schema\/person\/c4278d4a6028830caff9ee44b42d32ed\"},\"breadcrumb\":{\"@id\":\"https:\/\/portaltela.pt\/noticias\/2026\/01\/20\/santa-casa-de-seia-lanca-impulsionamente-para-defice-cognitivo-ligeiro\/#breadcrumb\"},\"inLanguage\":\"pt-PT\",\"potentialAction\":[{\"@type\":\"ReadAction\",\"target\":[\"https:\/\/portaltela.pt\/noticias\/2026\/01\/20\/santa-casa-de-seia-lanca-impulsionamente-para-defice-cognitivo-ligeiro\/\"]}]},{\"@type\":\"ImageObject\",\"inLanguage\":\"pt-PT\",\"@id\":\"https:\/\/portaltela.pt\/noticias\/2026\/01\/20\/santa-casa-de-seia-lanca-impulsionamente-para-defice-cognitivo-ligeiro\/#primaryimage\",\"url\":\"https:\/\/portaltela.pt\/s.01k8rhncp4jt1\/2026\/01\/unnamed-file-4183.jpg\",\"contentUrl\":\"https:\/\/portaltela.pt\/s.01k8rhncp4jt1\/2026\/01\/unnamed-file-4183.jpg\",\"width\":796,\"height\":448,\"caption\":\"Santa Casa da Miseric\u00f3rdia de Seia iniciou projeto \u201cImpulsionaMente\u201d para interven\u00e7\u00e3o no D\u00e9fice Cognitivo Ligeiro\"},{\"@type\":\"BreadcrumbList\",\"@id\":\"https:\/\/portaltela.pt\/noticias\/2026\/01\/20\/santa-casa-de-seia-lanca-impulsionamente-para-defice-cognitivo-ligeiro\/#breadcrumb\",\"itemListElement\":[{\"@type\":\"ListItem\",\"position\":1,\"name\":\"In\u00edcio\",\"item\":\"https:\/\/portaltela.pt\/\"},{\"@type\":\"ListItem\",\"position\":2,\"name\":\"Santa Casa de Seia lan\u00e7a ImpulsionaMente para D\u00e9fice Cognitivo Ligeiro\"}]},{\"@type\":\"WebSite\",\"@id\":\"https:\/\/portaltela.pt\/#website\",\"url\":\"https:\/\/portaltela.pt\/\",\"name\":\"Portal Tela Portugal\",\"description\":\"\",\"potentialAction\":[{\"@type\":\"SearchAction\",\"target\":{\"@type\":\"EntryPoint\",\"urlTemplate\":\"https:\/\/portaltela.pt\/?s={search_term_string}\"},\"query-input\":{\"@type\":\"PropertyValueSpecification\",\"valueRequired\":true,\"valueName\":\"search_term_string\"}}],\"inLanguage\":\"pt-PT\"},{\"@type\":\"Person\",\"@id\":\"https:\/\/portaltela.pt\/#\/schema\/person\/c4278d4a6028830caff9ee44b42d32ed\",\"name\":\"Telinha\",\"image\":{\"@type\":\"ImageObject\",\"inLanguage\":\"pt-PT\",\"@id\":\"https:\/\/portaltela.pt\/s.01k8rhncp4jt1\/2025\/11\/talking-bot-125x125.png\",\"url\":\"https:\/\/portaltela.pt\/s.01k8rhncp4jt1\/2025\/11\/talking-bot-125x125.png\",\"contentUrl\":\"https:\/\/portaltela.pt\/s.01k8rhncp4jt1\/2025\/11\/talking-bot-125x125.png\",\"caption\":\"Telinha\"},\"sameAs\":[\"https:\/\/portaltela.pt\/\"],\"url\":\"https:\/\/portaltela.pt\/por\/367410592786\/\"}]}<\/script>\n<!-- \/ Yoast SEO plugin. -->","yoast_head_json":{"title":"Santa Casa de Seia lan\u00e7a ImpulsionaMente para D\u00e9fice Cognitivo Ligeiro - Portal Tela Portugal","robots":{"index":"index","follow":"follow","max-snippet":"max-snippet:-1","max-image-preview":"max-image-preview:large","max-video-preview":"max-video-preview:-1"},"og_locale":"pt_PT","og_type":"article","og_title":"Santa Casa de Seia lan\u00e7a ImpulsionaMente para D\u00e9fice Cognitivo Ligeiro - Portal Tela Portugal","og_description":"A Miseric\u00f3rdia de Seia iniciou o projeto ImpulsionaMente \u2013 Interven\u00e7\u00e3o no D\u00e9fice Cognitivo Ligeiro, dirigido a pessoas com 55 ou mais anos com D\u00e9fice Cognitivo Ligeiro ou fases iniciais de dem\u00eancia, com interven\u00e7\u00e3o gratuita. O objetivo \u00e9 melhorar a qualidade de vida e o apoio social, atrav\u00e9s de dete\u00e7\u00e3o precoce, interven\u00e7\u00e3o cognitiva e psicol\u00f3gica, e refor\u00e7o da literacia em sa\u00fade, promovendo um envelhecimento ativo. A interven\u00e7\u00e3o \u00e9 desenvolvida por uma equipa multidisciplinar (Psicologia, Fisioterapia, Terapia da Fala, Anima\u00e7\u00e3o Sociocultural e Servi\u00e7o Social), assegurando um acompanhamento ajustado a cada pessoa. Entre os objetivos est\u00e3o a dete\u00e7\u00e3o na comunidade de decl\u00ednio cognitivo ligeiro e sintomatologia depressiva\/ansiosa, a interven\u00e7\u00e3o para retardar a evolu\u00e7\u00e3o do DCL, e o aumento da literacia em sa\u00fade psicol\u00f3gica e cognitiva. Contactos para informa\u00e7\u00e3o: cuidaremdemencia@misericordiadeseia.pt ou 963 684 950. O projeto \u00e9 apoiado pela Portugal Inova\u00e7\u00e3o Social 2030, com fundos da Uni\u00e3o Europeia.","og_url":"https:\/\/portaltela.pt\/noticias\/2026\/01\/20\/santa-casa-de-seia-lanca-impulsionamente-para-defice-cognitivo-ligeiro\/","og_site_name":"Portal Tela Portugal","article_published_time":"2026-01-20T17:29:12+00:00","author":"Telinha","twitter_card":"summary_large_image","twitter_misc":{"Escrito por":"Telinha","Tempo estimado de leitura":"1 minuto"},"schema":{"@context":"https:\/\/schema.org","@graph":[{"@type":"Article","@id":"https:\/\/portaltela.pt\/noticias\/2026\/01\/20\/santa-casa-de-seia-lanca-impulsionamente-para-defice-cognitivo-ligeiro\/#article","isPartOf":{"@id":"https:\/\/portaltela.pt\/noticias\/2026\/01\/20\/santa-casa-de-seia-lanca-impulsionamente-para-defice-cognitivo-ligeiro\/"},"author":{"name":"Telinha","@id":"https:\/\/portaltela.pt\/#\/schema\/person\/c4278d4a6028830caff9ee44b42d32ed"},"headline":"Santa Casa de Seia lan\u00e7a ImpulsionaMente para D\u00e9fice Cognitivo Ligeiro","datePublished":"2026-01-20T17:29:12+00:00","mainEntityOfPage":{"@id":"https:\/\/portaltela.pt\/noticias\/2026\/01\/20\/santa-casa-de-seia-lanca-impulsionamente-para-defice-cognitivo-ligeiro\/"},"wordCount":199,"image":{"@id":"https:\/\/portaltela.pt\/noticias\/2026\/01\/20\/santa-casa-de-seia-lanca-impulsionamente-para-defice-cognitivo-ligeiro\/#primaryimage"},"thumbnailUrl":"https:\/\/portaltela.pt\/s.01k8rhncp4jt1\/2026\/01\/unnamed-file-4183.jpg","keywords":["Anima\u00e7\u00e3o Sociocultural","fisioterapia","literacia em sa\u00fade","psicologia","sa\u00fade","Terapia da Fala"],"articleSection":["Not\u00edcias"],"inLanguage":"pt-PT"},{"@type":"WebPage","@id":"https:\/\/portaltela.pt\/noticias\/2026\/01\/20\/santa-casa-de-seia-lanca-impulsionamente-para-defice-cognitivo-ligeiro\/","url":"https:\/\/portaltela.pt\/noticias\/2026\/01\/20\/santa-casa-de-seia-lanca-impulsionamente-para-defice-cognitivo-ligeiro\/","name":"Santa Casa de Seia lan\u00e7a ImpulsionaMente para D\u00e9fice Cognitivo Ligeiro - Portal Tela Portugal","isPartOf":{"@id":"https:\/\/portaltela.pt\/#website"},"primaryImageOfPage":{"@id":"https:\/\/portaltela.pt\/noticias\/2026\/01\/20\/santa-casa-de-seia-lanca-impulsionamente-para-defice-cognitivo-ligeiro\/#primaryimage"},"image":{"@id":"https:\/\/portaltela.pt\/noticias\/2026\/01\/20\/santa-casa-de-seia-lanca-impulsionamente-para-defice-cognitivo-ligeiro\/#primaryimage"},"thumbnailUrl":"https:\/\/portaltela.pt\/s.01k8rhncp4jt1\/2026\/01\/unnamed-file-4183.jpg","datePublished":"2026-01-20T17:29:12+00:00","author":{"@id":"https:\/\/portaltela.pt\/#\/schema\/person\/c4278d4a6028830caff9ee44b42d32ed"},"breadcrumb":{"@id":"https:\/\/portaltela.pt\/noticias\/2026\/01\/20\/santa-casa-de-seia-lanca-impulsionamente-para-defice-cognitivo-ligeiro\/#breadcrumb"},"inLanguage":"pt-PT","potentialAction":[{"@type":"ReadAction","target":["https:\/\/portaltela.pt\/noticias\/2026\/01\/20\/santa-casa-de-seia-lanca-impulsionamente-para-defice-cognitivo-ligeiro\/"]}]},{"@type":"ImageObject","inLanguage":"pt-PT","@id":"https:\/\/portaltela.pt\/noticias\/2026\/01\/20\/santa-casa-de-seia-lanca-impulsionamente-para-defice-cognitivo-ligeiro\/#primaryimage","url":"https:\/\/portaltela.pt\/s.01k8rhncp4jt1\/2026\/01\/unnamed-file-4183.jpg","contentUrl":"https:\/\/portaltela.pt\/s.01k8rhncp4jt1\/2026\/01\/unnamed-file-4183.jpg","width":796,"height":448,"caption":"Santa Casa da Miseric\u00f3rdia de Seia iniciou projeto \u201cImpulsionaMente\u201d para interven\u00e7\u00e3o no D\u00e9fice Cognitivo Ligeiro"},{"@type":"BreadcrumbList","@id":"https:\/\/portaltela.pt\/noticias\/2026\/01\/20\/santa-casa-de-seia-lanca-impulsionamente-para-defice-cognitivo-ligeiro\/#breadcrumb","itemListElement":[{"@type":"ListItem","position":1,"name":"In\u00edcio","item":"https:\/\/portaltela.pt\/"},{"@type":"ListItem","position":2,"name":"Santa Casa de Seia lan\u00e7a ImpulsionaMente para D\u00e9fice Cognitivo Ligeiro"}]},{"@type":"WebSite","@id":"https:\/\/portaltela.pt\/#website","url":"https:\/\/portaltela.pt\/","name":"Portal Tela Portugal","description":"","potentialAction":[{"@type":"SearchAction","target":{"@type":"EntryPoint","urlTemplate":"https:\/\/portaltela.pt\/?s={search_term_string}"},"query-input":{"@type":"PropertyValueSpecification","valueRequired":true,"valueName":"search_term_string"}}],"inLanguage":"pt-PT"},{"@type":"Person","@id":"https:\/\/portaltela.pt\/#\/schema\/person\/c4278d4a6028830caff9ee44b42d32ed","name":"Telinha","image":{"@type":"ImageObject","inLanguage":"pt-PT","@id":"https:\/\/portaltela.pt\/s.01k8rhncp4jt1\/2025\/11\/talking-bot-125x125.png","url":"https:\/\/portaltela.pt\/s.01k8rhncp4jt1\/2025\/11\/talking-bot-125x125.png","contentUrl":"https:\/\/portaltela.pt\/s.01k8rhncp4jt1\/2025\/11\/talking-bot-125x125.png","caption":"Telinha"},"sameAs":["https:\/\/portaltela.pt\/"],"url":"https:\/\/portaltela.pt\/por\/367410592786\/"}]}},"_links":{"self":[{"href":"https:\/\/portaltela.pt\/api\/wp\/v2\/posts\/157239","targetHints":{"allow":["GET"]}}],"collection":[{"href":"https:\/\/portaltela.pt\/api\/wp\/v2\/posts"}],"about":[{"href":"https:\/\/portaltela.pt\/api\/wp\/v2\/types\/post"}],"author":[{"embeddable":true,"href":"https:\/\/portaltela.pt\/api\/wp\/v2\/users\/2"}],"replies":[{"embeddable":true,"href":"https:\/\/portaltela.pt\/api\/wp\/v2\/comments?post=157239"}],"version-history":[{"count":0,"href":"https:\/\/portaltela.pt\/api\/wp\/v2\/posts\/157239\/revisions"}],"wp:featuredmedia":[{"embeddable":true,"href":"https:\/\/portaltela.pt\/api\/wp\/v2\/media\/157283"}],"wp:attachment":[{"href":"https:\/\/portaltela.pt\/api\/wp\/v2\/media?parent=157239"}],"wp:term":[{"taxonomy":"category","embeddable":true,"href":"https:\/\/portaltela.pt\/api\/wp\/v2\/categories?post=157239"},{"taxonomy":"post_tag","embeddable":true,"href":"https:\/\/portaltela.pt\/api\/wp\/v2\/tags?post=157239"}],"curies":[{"name":"wp","href":"https:\/\/api.w.org\/{rel}","templated":true}]}}