{"id":157233,"date":"2026-01-20T14:35:00","date_gmt":"2026-01-20T17:35:00","guid":{"rendered":"https:\/\/portaltela.pt\/noticias\/2026\/01\/20\/reserva-marinha-d-carlos-entra-em-consulta-publica\/"},"modified":"2026-01-20T14:35:00","modified_gmt":"2026-01-20T17:35:00","slug":"reserva-marinha-d-carlos-entra-em-consulta-publica","status":"publish","type":"post","link":"https:\/\/portaltela.pt\/noticias\/2026\/01\/20\/reserva-marinha-d-carlos-entra-em-consulta-publica\/","title":{"rendered":"Reserva marinha D. Carlos entra em consulta p\u00fablica"},"content":{"rendered":"<p>A reserva natural marinha D. Carlos abriu hoje o processo de consulta p\u00fablica. O objetivo \u00e9 definir a maior \u00e1rea marinha protegida de Portugal, abrangendo montes submarinos de Madeira-Tore, o Banco de Gorringe e o Monte Josephine. A mudan\u00e7a visa proteger a biodiversidade e ordenar a gest\u00e3o do oceano.<\/p>\n<p>A \u00e1rea prevista da reserva \u00e9 de 173 mil km2, quase o dobro do territ\u00f3rio emerso de Portugal. O Governo afirma que o registo ajudar\u00e1 Portugal a alcan\u00e7ar 25% de \u00e1rea marinha protegida sob soberania at\u00e9 2030, em linha com metas nacionais e internacionais.<\/p>\n<p>A consulta p\u00fablica decorre at\u00e9 6 de mar\u00e7o. O processo envolve o Minist\u00e9rio do Ambiente e Energia e o Minist\u00e9rio da Agricultura e Mar, com base t\u00e9cnica e cient\u00edfica para a classifica\u00e7\u00e3o e prote\u00e7\u00e3o dos ecossistemas.<\/p>\n<h3>\u00c2mbito e implica\u00e7\u00f5es<\/h3>\n<p>A reserva incluir\u00e1 montes submarinos e bancos como o Monte Seine, o Monte Amp\u00e8re e o Banco Coral Patch, reconhecidos pela sua elevada produtividade. Ser\u00e1 tamb\u00e9m refor\u00e7ada a classifica\u00e7\u00e3o do Banco de Gorringe como Zona Especial de Conserva\u00e7\u00e3o (ZEC).<\/p>\n<p>O Governo destaca ecossistemas de grande valor, incluindo recifes de cianobact\u00e9rias frias, jardins de gorg\u00f3nias e \u00e1reas com endemismos. Estes ambientes funcionam como \u00e1reas de alimenta\u00e7\u00e3o e reprodu\u00e7\u00e3o de v\u00e1rias esp\u00e9cies.<\/p>\n<p>A\u00e7\u00e3o conjunta de minist\u00e9rios pretende refor\u00e7ar a prote\u00e7\u00e3o sem comprometer atividades pesqueiras. O regime atual assegura pescarias artesanais de baixo impacto, com medidas de compatibilidade ambiental.<\/p>\n<p>A presidente da Madeira, presidente da regi\u00e3o, e autoridades destacaram o equil\u00edbrio entre conserva\u00e7\u00e3o e economia azul. A consulta envolve ainda a Universidade e investigadores de oceanografia, reconhecendo o legado de D. Carlos.<\/p>\n","protected":false},"excerpt":{"rendered":"<ul>\n<li>A Reserva Natural Marinha D. Carlos entrou em consulta p\u00fablica, com o prazo at\u00e9 6 de mar\u00e7o.<\/li>\n<li>A \u00e1rea alvo \u00e9 de 173 mil quil\u00f3metros quadrados, incluindo os montes submarinos de Madeira-Tore e Banco de Gorringe, visando 25% da \u00e1rea marinha nacional protegida.<\/li>\n<li>O nome da reserva presta homenagem a D. Carlos, fundador da oceanografia em Portugal, reconhecendo o seu legado cient\u00edfico.<\/li>\n<li>A regi\u00e3o inclui montes e bancos submarinos de grande produtividade, recifes de corais, jardins de gorg\u00f3nias e ecossistemas fr\u00e1geis, valorizando a biodiversidade marinha.<\/li>\n<li>O governo afirma que a prote\u00e7\u00e3o n\u00e3o compromete a pesca artesanal de baixo impacto e refor\u00e7a compromissos com metas europeias de proteger at\u00e9 30% do oceano at\u00e9 2030.<\/li>\n<\/ul>\n","protected":false},"author":2,"featured_media":157249,"comment_status":"closed","ping_status":"closed","sticky":false,"template":"","format":"standard","meta":{"footnotes":""},"categories":[1],"tags":[167,1002,755,1003,811,2182],"class_list":["post-157233","post","type-post","status-publish","format-standard","has-post-thumbnail","hentry","category-noticias","tag-ambiente","tag-conservacao-da-natureza-e-da-biodiversidade-incluindo-especies-prioritarias-e-vigilancia-ambiental","tag-desenvolvimento-sustentavel","tag-economia-azul","tag-protecao-ambiental","tag-zona-especial-de-conservacao"],"yoast_head":"<!-- This site is optimized with the Yoast SEO plugin v27.2 - https:\/\/yoast.com\/product\/yoast-seo-wordpress\/ -->\n<title>Reserva marinha D. Carlos entra em consulta p\u00fablica - Portal Tela Portugal<\/title>\n<meta name=\"robots\" content=\"index, follow, max-snippet:-1, max-image-preview:large, max-video-preview:-1\" \/>\n<meta property=\"og:locale\" content=\"pt_PT\" \/>\n<meta property=\"og:type\" content=\"article\" \/>\n<meta property=\"og:title\" content=\"Reserva marinha D. Carlos entra em consulta p\u00fablica - Portal Tela Portugal\" \/>\n<meta property=\"og:description\" content=\"A Reserva Natural Marinha D. Carlos entrou em consulta p\u00fablica, com o prazo at\u00e9 6 de mar\u00e7o. A \u00e1rea alvo \u00e9 de 173 mil quil\u00f3metros quadrados, incluindo os montes submarinos de Madeira-Tore e Banco de Gorringe, visando 25% da \u00e1rea marinha nacional protegida. O nome da reserva presta homenagem a D. Carlos, fundador da oceanografia em Portugal, reconhecendo o seu legado cient\u00edfico. A regi\u00e3o inclui montes e bancos submarinos de grande produtividade, recifes de corais, jardins de gorg\u00f3nias e ecossistemas fr\u00e1geis, valorizando a biodiversidade marinha. O governo afirma que a prote\u00e7\u00e3o n\u00e3o compromete a pesca artesanal de baixo impacto e refor\u00e7a compromissos com metas europeias de proteger at\u00e9 30% do oceano at\u00e9 2030.\" \/>\n<meta property=\"og:url\" content=\"https:\/\/portaltela.pt\/noticias\/2026\/01\/20\/reserva-marinha-d-carlos-entra-em-consulta-publica\/\" \/>\n<meta property=\"og:site_name\" content=\"Portal Tela Portugal\" \/>\n<meta property=\"article:published_time\" content=\"2026-01-20T17:35:00+00:00\" \/>\n<meta name=\"author\" content=\"Telinha\" \/>\n<meta name=\"twitter:card\" content=\"summary_large_image\" \/>\n<meta name=\"twitter:label1\" content=\"Escrito por\" \/>\n\t<meta name=\"twitter:data1\" content=\"Telinha\" \/>\n\t<meta name=\"twitter:label2\" content=\"Tempo estimado de leitura\" \/>\n\t<meta name=\"twitter:data2\" content=\"1 minuto\" \/>\n<script type=\"application\/ld+json\" class=\"yoast-schema-graph\">{\"@context\":\"https:\/\/schema.org\",\"@graph\":[{\"@type\":\"Article\",\"@id\":\"https:\/\/portaltela.pt\/noticias\/2026\/01\/20\/reserva-marinha-d-carlos-entra-em-consulta-publica\/#article\",\"isPartOf\":{\"@id\":\"https:\/\/portaltela.pt\/noticias\/2026\/01\/20\/reserva-marinha-d-carlos-entra-em-consulta-publica\/\"},\"author\":{\"name\":\"Telinha\",\"@id\":\"https:\/\/portaltela.pt\/#\/schema\/person\/c4278d4a6028830caff9ee44b42d32ed\"},\"headline\":\"Reserva marinha D. Carlos entra em consulta p\u00fablica\",\"datePublished\":\"2026-01-20T17:35:00+00:00\",\"mainEntityOfPage\":{\"@id\":\"https:\/\/portaltela.pt\/noticias\/2026\/01\/20\/reserva-marinha-d-carlos-entra-em-consulta-publica\/\"},\"wordCount\":296,\"image\":{\"@id\":\"https:\/\/portaltela.pt\/noticias\/2026\/01\/20\/reserva-marinha-d-carlos-entra-em-consulta-publica\/#primaryimage\"},\"thumbnailUrl\":\"https:\/\/portaltela.pt\/s.01k8rhncp4jt1\/2026\/01\/570627471_17945115564059022_3048785025865152715_n.jpg\",\"keywords\":[\"ambiente\",\"conserva\u00e7\u00e3o da natureza e da biodiversidade, incluindo esp\u00e9cies priorit\u00e1rias e vigil\u00e2ncia ambiental\",\"desenvolvimento sustent\u00e1vel\",\"economia azul\",\"prote\u00e7\u00e3o ambiental\",\"Zona Especial de Conserva\u00e7\u00e3o\"],\"articleSection\":[\"Not\u00edcias\"],\"inLanguage\":\"pt-PT\"},{\"@type\":\"WebPage\",\"@id\":\"https:\/\/portaltela.pt\/noticias\/2026\/01\/20\/reserva-marinha-d-carlos-entra-em-consulta-publica\/\",\"url\":\"https:\/\/portaltela.pt\/noticias\/2026\/01\/20\/reserva-marinha-d-carlos-entra-em-consulta-publica\/\",\"name\":\"Reserva marinha D. Carlos entra em consulta p\u00fablica - Portal Tela Portugal\",\"isPartOf\":{\"@id\":\"https:\/\/portaltela.pt\/#website\"},\"primaryImageOfPage\":{\"@id\":\"https:\/\/portaltela.pt\/noticias\/2026\/01\/20\/reserva-marinha-d-carlos-entra-em-consulta-publica\/#primaryimage\"},\"image\":{\"@id\":\"https:\/\/portaltela.pt\/noticias\/2026\/01\/20\/reserva-marinha-d-carlos-entra-em-consulta-publica\/#primaryimage\"},\"thumbnailUrl\":\"https:\/\/portaltela.pt\/s.01k8rhncp4jt1\/2026\/01\/570627471_17945115564059022_3048785025865152715_n.jpg\",\"datePublished\":\"2026-01-20T17:35:00+00:00\",\"author\":{\"@id\":\"https:\/\/portaltela.pt\/#\/schema\/person\/c4278d4a6028830caff9ee44b42d32ed\"},\"breadcrumb\":{\"@id\":\"https:\/\/portaltela.pt\/noticias\/2026\/01\/20\/reserva-marinha-d-carlos-entra-em-consulta-publica\/#breadcrumb\"},\"inLanguage\":\"pt-PT\",\"potentialAction\":[{\"@type\":\"ReadAction\",\"target\":[\"https:\/\/portaltela.pt\/noticias\/2026\/01\/20\/reserva-marinha-d-carlos-entra-em-consulta-publica\/\"]}]},{\"@type\":\"ImageObject\",\"inLanguage\":\"pt-PT\",\"@id\":\"https:\/\/portaltela.pt\/noticias\/2026\/01\/20\/reserva-marinha-d-carlos-entra-em-consulta-publica\/#primaryimage\",\"url\":\"https:\/\/portaltela.pt\/s.01k8rhncp4jt1\/2026\/01\/570627471_17945115564059022_3048785025865152715_n.jpg\",\"contentUrl\":\"https:\/\/portaltela.pt\/s.01k8rhncp4jt1\/2026\/01\/570627471_17945115564059022_3048785025865152715_n.jpg\",\"width\":796,\"height\":448,\"caption\":\"Reserva marinha D. Carlos entra em consulta p\u00fablica\"},{\"@type\":\"BreadcrumbList\",\"@id\":\"https:\/\/portaltela.pt\/noticias\/2026\/01\/20\/reserva-marinha-d-carlos-entra-em-consulta-publica\/#breadcrumb\",\"itemListElement\":[{\"@type\":\"ListItem\",\"position\":1,\"name\":\"In\u00edcio\",\"item\":\"https:\/\/portaltela.pt\/\"},{\"@type\":\"ListItem\",\"position\":2,\"name\":\"Reserva marinha D. Carlos entra em consulta p\u00fablica\"}]},{\"@type\":\"WebSite\",\"@id\":\"https:\/\/portaltela.pt\/#website\",\"url\":\"https:\/\/portaltela.pt\/\",\"name\":\"Portal Tela Portugal\",\"description\":\"\",\"potentialAction\":[{\"@type\":\"SearchAction\",\"target\":{\"@type\":\"EntryPoint\",\"urlTemplate\":\"https:\/\/portaltela.pt\/?s={search_term_string}\"},\"query-input\":{\"@type\":\"PropertyValueSpecification\",\"valueRequired\":true,\"valueName\":\"search_term_string\"}}],\"inLanguage\":\"pt-PT\"},{\"@type\":\"Person\",\"@id\":\"https:\/\/portaltela.pt\/#\/schema\/person\/c4278d4a6028830caff9ee44b42d32ed\",\"name\":\"Telinha\",\"image\":{\"@type\":\"ImageObject\",\"inLanguage\":\"pt-PT\",\"@id\":\"https:\/\/portaltela.pt\/s.01k8rhncp4jt1\/2025\/11\/talking-bot-125x125.png\",\"url\":\"https:\/\/portaltela.pt\/s.01k8rhncp4jt1\/2025\/11\/talking-bot-125x125.png\",\"contentUrl\":\"https:\/\/portaltela.pt\/s.01k8rhncp4jt1\/2025\/11\/talking-bot-125x125.png\",\"caption\":\"Telinha\"},\"sameAs\":[\"https:\/\/portaltela.pt\/\"],\"url\":\"https:\/\/portaltela.pt\/por\/367410592786\/\"}]}<\/script>\n<!-- \/ Yoast SEO plugin. -->","yoast_head_json":{"title":"Reserva marinha D. Carlos entra em consulta p\u00fablica - Portal Tela Portugal","robots":{"index":"index","follow":"follow","max-snippet":"max-snippet:-1","max-image-preview":"max-image-preview:large","max-video-preview":"max-video-preview:-1"},"og_locale":"pt_PT","og_type":"article","og_title":"Reserva marinha D. Carlos entra em consulta p\u00fablica - Portal Tela Portugal","og_description":"A Reserva Natural Marinha D. Carlos entrou em consulta p\u00fablica, com o prazo at\u00e9 6 de mar\u00e7o. A \u00e1rea alvo \u00e9 de 173 mil quil\u00f3metros quadrados, incluindo os montes submarinos de Madeira-Tore e Banco de Gorringe, visando 25% da \u00e1rea marinha nacional protegida. O nome da reserva presta homenagem a D. Carlos, fundador da oceanografia em Portugal, reconhecendo o seu legado cient\u00edfico. A regi\u00e3o inclui montes e bancos submarinos de grande produtividade, recifes de corais, jardins de gorg\u00f3nias e ecossistemas fr\u00e1geis, valorizando a biodiversidade marinha. O governo afirma que a prote\u00e7\u00e3o n\u00e3o compromete a pesca artesanal de baixo impacto e refor\u00e7a compromissos com metas europeias de proteger at\u00e9 30% do oceano at\u00e9 2030.","og_url":"https:\/\/portaltela.pt\/noticias\/2026\/01\/20\/reserva-marinha-d-carlos-entra-em-consulta-publica\/","og_site_name":"Portal Tela Portugal","article_published_time":"2026-01-20T17:35:00+00:00","author":"Telinha","twitter_card":"summary_large_image","twitter_misc":{"Escrito por":"Telinha","Tempo estimado de leitura":"1 minuto"},"schema":{"@context":"https:\/\/schema.org","@graph":[{"@type":"Article","@id":"https:\/\/portaltela.pt\/noticias\/2026\/01\/20\/reserva-marinha-d-carlos-entra-em-consulta-publica\/#article","isPartOf":{"@id":"https:\/\/portaltela.pt\/noticias\/2026\/01\/20\/reserva-marinha-d-carlos-entra-em-consulta-publica\/"},"author":{"name":"Telinha","@id":"https:\/\/portaltela.pt\/#\/schema\/person\/c4278d4a6028830caff9ee44b42d32ed"},"headline":"Reserva marinha D. Carlos entra em consulta p\u00fablica","datePublished":"2026-01-20T17:35:00+00:00","mainEntityOfPage":{"@id":"https:\/\/portaltela.pt\/noticias\/2026\/01\/20\/reserva-marinha-d-carlos-entra-em-consulta-publica\/"},"wordCount":296,"image":{"@id":"https:\/\/portaltela.pt\/noticias\/2026\/01\/20\/reserva-marinha-d-carlos-entra-em-consulta-publica\/#primaryimage"},"thumbnailUrl":"https:\/\/portaltela.pt\/s.01k8rhncp4jt1\/2026\/01\/570627471_17945115564059022_3048785025865152715_n.jpg","keywords":["ambiente","conserva\u00e7\u00e3o da natureza e da biodiversidade, incluindo esp\u00e9cies priorit\u00e1rias e vigil\u00e2ncia ambiental","desenvolvimento sustent\u00e1vel","economia azul","prote\u00e7\u00e3o ambiental","Zona Especial de Conserva\u00e7\u00e3o"],"articleSection":["Not\u00edcias"],"inLanguage":"pt-PT"},{"@type":"WebPage","@id":"https:\/\/portaltela.pt\/noticias\/2026\/01\/20\/reserva-marinha-d-carlos-entra-em-consulta-publica\/","url":"https:\/\/portaltela.pt\/noticias\/2026\/01\/20\/reserva-marinha-d-carlos-entra-em-consulta-publica\/","name":"Reserva marinha D. Carlos entra em consulta p\u00fablica - Portal Tela Portugal","isPartOf":{"@id":"https:\/\/portaltela.pt\/#website"},"primaryImageOfPage":{"@id":"https:\/\/portaltela.pt\/noticias\/2026\/01\/20\/reserva-marinha-d-carlos-entra-em-consulta-publica\/#primaryimage"},"image":{"@id":"https:\/\/portaltela.pt\/noticias\/2026\/01\/20\/reserva-marinha-d-carlos-entra-em-consulta-publica\/#primaryimage"},"thumbnailUrl":"https:\/\/portaltela.pt\/s.01k8rhncp4jt1\/2026\/01\/570627471_17945115564059022_3048785025865152715_n.jpg","datePublished":"2026-01-20T17:35:00+00:00","author":{"@id":"https:\/\/portaltela.pt\/#\/schema\/person\/c4278d4a6028830caff9ee44b42d32ed"},"breadcrumb":{"@id":"https:\/\/portaltela.pt\/noticias\/2026\/01\/20\/reserva-marinha-d-carlos-entra-em-consulta-publica\/#breadcrumb"},"inLanguage":"pt-PT","potentialAction":[{"@type":"ReadAction","target":["https:\/\/portaltela.pt\/noticias\/2026\/01\/20\/reserva-marinha-d-carlos-entra-em-consulta-publica\/"]}]},{"@type":"ImageObject","inLanguage":"pt-PT","@id":"https:\/\/portaltela.pt\/noticias\/2026\/01\/20\/reserva-marinha-d-carlos-entra-em-consulta-publica\/#primaryimage","url":"https:\/\/portaltela.pt\/s.01k8rhncp4jt1\/2026\/01\/570627471_17945115564059022_3048785025865152715_n.jpg","contentUrl":"https:\/\/portaltela.pt\/s.01k8rhncp4jt1\/2026\/01\/570627471_17945115564059022_3048785025865152715_n.jpg","width":796,"height":448,"caption":"Reserva marinha D. Carlos entra em consulta p\u00fablica"},{"@type":"BreadcrumbList","@id":"https:\/\/portaltela.pt\/noticias\/2026\/01\/20\/reserva-marinha-d-carlos-entra-em-consulta-publica\/#breadcrumb","itemListElement":[{"@type":"ListItem","position":1,"name":"In\u00edcio","item":"https:\/\/portaltela.pt\/"},{"@type":"ListItem","position":2,"name":"Reserva marinha D. Carlos entra em consulta p\u00fablica"}]},{"@type":"WebSite","@id":"https:\/\/portaltela.pt\/#website","url":"https:\/\/portaltela.pt\/","name":"Portal Tela Portugal","description":"","potentialAction":[{"@type":"SearchAction","target":{"@type":"EntryPoint","urlTemplate":"https:\/\/portaltela.pt\/?s={search_term_string}"},"query-input":{"@type":"PropertyValueSpecification","valueRequired":true,"valueName":"search_term_string"}}],"inLanguage":"pt-PT"},{"@type":"Person","@id":"https:\/\/portaltela.pt\/#\/schema\/person\/c4278d4a6028830caff9ee44b42d32ed","name":"Telinha","image":{"@type":"ImageObject","inLanguage":"pt-PT","@id":"https:\/\/portaltela.pt\/s.01k8rhncp4jt1\/2025\/11\/talking-bot-125x125.png","url":"https:\/\/portaltela.pt\/s.01k8rhncp4jt1\/2025\/11\/talking-bot-125x125.png","contentUrl":"https:\/\/portaltela.pt\/s.01k8rhncp4jt1\/2025\/11\/talking-bot-125x125.png","caption":"Telinha"},"sameAs":["https:\/\/portaltela.pt\/"],"url":"https:\/\/portaltela.pt\/por\/367410592786\/"}]}},"_links":{"self":[{"href":"https:\/\/portaltela.pt\/api\/wp\/v2\/posts\/157233","targetHints":{"allow":["GET"]}}],"collection":[{"href":"https:\/\/portaltela.pt\/api\/wp\/v2\/posts"}],"about":[{"href":"https:\/\/portaltela.pt\/api\/wp\/v2\/types\/post"}],"author":[{"embeddable":true,"href":"https:\/\/portaltela.pt\/api\/wp\/v2\/users\/2"}],"replies":[{"embeddable":true,"href":"https:\/\/portaltela.pt\/api\/wp\/v2\/comments?post=157233"}],"version-history":[{"count":0,"href":"https:\/\/portaltela.pt\/api\/wp\/v2\/posts\/157233\/revisions"}],"wp:featuredmedia":[{"embeddable":true,"href":"https:\/\/portaltela.pt\/api\/wp\/v2\/media\/157249"}],"wp:attachment":[{"href":"https:\/\/portaltela.pt\/api\/wp\/v2\/media?parent=157233"}],"wp:term":[{"taxonomy":"category","embeddable":true,"href":"https:\/\/portaltela.pt\/api\/wp\/v2\/categories?post=157233"},{"taxonomy":"post_tag","embeddable":true,"href":"https:\/\/portaltela.pt\/api\/wp\/v2\/tags?post=157233"}],"curies":[{"name":"wp","href":"https:\/\/api.w.org\/{rel}","templated":true}]}}