{"id":157231,"date":"2026-01-20T14:56:00","date_gmt":"2026-01-20T17:56:00","guid":{"rendered":"https:\/\/portaltela.pt\/noticias\/2026\/01\/20\/leo-caeiro-comenta-reencontro-entre-liliana-filipa-e-daniel-gregorio\/"},"modified":"2026-01-20T14:56:00","modified_gmt":"2026-01-20T17:56:00","slug":"leo-caeiro-comenta-reencontro-entre-liliana-filipa-e-daniel-gregorio","status":"publish","type":"post","link":"https:\/\/portaltela.pt\/noticias\/2026\/01\/20\/leo-caeiro-comenta-reencontro-entre-liliana-filipa-e-daniel-gregorio\/","title":{"rendered":"L\u00e9o Caeiro comenta reencontro entre Liliana Filipa e Daniel Greg\u00f3rio"},"content":{"rendered":"<p>O comentador do programa Tarde das Estrelas, L\u00e9o Caeiro, falou sobre o reencontro entre Liliana Filipa e Daniel Greg\u00f3rio. O epis\u00f3dio ocorreu recentemente, sendo analisado no debate televisivo.<\/p>\n<p>Segundo o comentarista, Liliana Filipa ficou chateada por ver o ex-noivo, o que gerou um momento de desconforto durante a reuni\u00e3o. A situa\u00e7\u00e3o teria ficado vis\u00edvel para os presentes.<\/p>\n<p>Apesar do ambiente tenso, Caeiro disse que ambas as partes mantiveram civismo e respeito, mesmo com as emo\u00e7\u00f5es \u00e0 flor da pele. O reencontro \u00e9 visto como uma oportunidade de reflex\u00e3o para Liliana.<\/p>\n<h3>Rea\u00e7\u00e3o nas redes<\/h3>\n<p>O momento gerou coment\u00e1rios entre seguidores, com apoio a Liliana por parte de alguns f\u00e3s e cr\u00edticas de outros. O debate ganhou destaque nas redes sociais e no pr\u00f3prio programa.<\/p>\n<p>O Tarde das Estrelas, emitido pela CMTV, conta com v\u00e1rios comentadores especializados em entretenimento, ci\u00eancia e sociedade, avaliando epis\u00f3dios com celebridades.<\/p>\n","protected":false},"excerpt":{"rendered":"<ul>\n<li>L\u00e9o Caeiro, comentador do programa Tarde das Estrelas, comentou o reencontro entre Liliana Filipa e Daniel Greg\u00f3rio.<\/li>\n<li>Segundo o comentarista, Liliana ficou chateada por v\u00ea-lo, o que tornou o momento desconfort\u00e1vel.<\/li>\n<li>Apesar do clima tenso, ambos mantiveram postura c\u00edvica e respeitosa durante o encontro.<\/li>\n<li>Nas redes sociais houve apoio a Liliana e cr\u00edticas \u00e0 sua rea\u00e7\u00e3o; o epis\u00f3dio suscitou discuss\u00f5es sobre manter a calma em situa\u00e7\u00f5es delicadas.<\/li>\n<li>O programa Tarde das Estrelas \u00e9 transmitido pela CMTV e conta com v\u00e1rios comentadores especializados em entretenimento e sociedade.<\/li>\n<\/ul>\n","protected":false},"author":2,"featured_media":157243,"comment_status":"closed","ping_status":"closed","sticky":false,"template":"","format":"standard","meta":{"footnotes":""},"categories":[12,1],"tags":[26,76,2778,78,40,2318],"class_list":["post-157231","post","type-post","status-publish","format-standard","has-post-thumbnail","hentry","category-entretenimento","category-noticias","tag-acontecimentos-internacionais","tag-celebridades","tag-cmtv","tag-famosos","tag-pessoas","tag-sociedade"],"yoast_head":"<!-- This site is optimized with the Yoast SEO plugin v27.2 - https:\/\/yoast.com\/product\/yoast-seo-wordpress\/ -->\n<title>L\u00e9o Caeiro comenta reencontro entre Liliana Filipa e Daniel Greg\u00f3rio - Portal Tela Portugal<\/title>\n<meta name=\"robots\" content=\"index, follow, max-snippet:-1, max-image-preview:large, max-video-preview:-1\" \/>\n<meta property=\"og:locale\" content=\"pt_PT\" \/>\n<meta property=\"og:type\" content=\"article\" \/>\n<meta property=\"og:title\" content=\"L\u00e9o Caeiro comenta reencontro entre Liliana Filipa e Daniel Greg\u00f3rio - Portal Tela Portugal\" \/>\n<meta property=\"og:description\" content=\"L\u00e9o Caeiro, comentador do programa Tarde das Estrelas, comentou o reencontro entre Liliana Filipa e Daniel Greg\u00f3rio. Segundo o comentarista, Liliana ficou chateada por v\u00ea-lo, o que tornou o momento desconfort\u00e1vel. Apesar do clima tenso, ambos mantiveram postura c\u00edvica e respeitosa durante o encontro. Nas redes sociais houve apoio a Liliana e cr\u00edticas \u00e0 sua rea\u00e7\u00e3o; o epis\u00f3dio suscitou discuss\u00f5es sobre manter a calma em situa\u00e7\u00f5es delicadas. O programa Tarde das Estrelas \u00e9 transmitido pela CMTV e conta com v\u00e1rios comentadores especializados em entretenimento e sociedade.\" \/>\n<meta property=\"og:url\" content=\"https:\/\/portaltela.pt\/noticias\/2026\/01\/20\/leo-caeiro-comenta-reencontro-entre-liliana-filipa-e-daniel-gregorio\/\" \/>\n<meta property=\"og:site_name\" content=\"Portal Tela Portugal\" \/>\n<meta property=\"article:published_time\" content=\"2026-01-20T17:56:00+00:00\" \/>\n<meta name=\"author\" content=\"Telinha\" \/>\n<meta name=\"twitter:card\" content=\"summary_large_image\" \/>\n<meta name=\"twitter:label1\" content=\"Escrito por\" \/>\n\t<meta name=\"twitter:data1\" content=\"Telinha\" \/>\n\t<meta name=\"twitter:label2\" content=\"Tempo estimado de leitura\" \/>\n\t<meta name=\"twitter:data2\" content=\"1 minuto\" \/>\n<script type=\"application\/ld+json\" class=\"yoast-schema-graph\">{\"@context\":\"https:\/\/schema.org\",\"@graph\":[{\"@type\":\"Article\",\"@id\":\"https:\/\/portaltela.pt\/noticias\/2026\/01\/20\/leo-caeiro-comenta-reencontro-entre-liliana-filipa-e-daniel-gregorio\/#article\",\"isPartOf\":{\"@id\":\"https:\/\/portaltela.pt\/noticias\/2026\/01\/20\/leo-caeiro-comenta-reencontro-entre-liliana-filipa-e-daniel-gregorio\/\"},\"author\":{\"name\":\"Telinha\",\"@id\":\"https:\/\/portaltela.pt\/#\/schema\/person\/c4278d4a6028830caff9ee44b42d32ed\"},\"headline\":\"L\u00e9o Caeiro comenta reencontro entre Liliana Filipa e Daniel Greg\u00f3rio\",\"datePublished\":\"2026-01-20T17:56:00+00:00\",\"mainEntityOfPage\":{\"@id\":\"https:\/\/portaltela.pt\/noticias\/2026\/01\/20\/leo-caeiro-comenta-reencontro-entre-liliana-filipa-e-daniel-gregorio\/\"},\"wordCount\":170,\"image\":{\"@id\":\"https:\/\/portaltela.pt\/noticias\/2026\/01\/20\/leo-caeiro-comenta-reencontro-entre-liliana-filipa-e-daniel-gregorio\/#primaryimage\"},\"thumbnailUrl\":\"https:\/\/portaltela.pt\/s.01k8rhncp4jt1\/2026\/01\/img_1280x722uu2026-01-20-17-58-59-2261546.jpg\",\"keywords\":[\"acontecimentos internacionais\",\"celebridades\",\"CMTV\",\"famosos\",\"pessoas\",\"sociedade\"],\"articleSection\":[\"Entretenimento\",\"Not\u00edcias\"],\"inLanguage\":\"pt-PT\"},{\"@type\":\"WebPage\",\"@id\":\"https:\/\/portaltela.pt\/noticias\/2026\/01\/20\/leo-caeiro-comenta-reencontro-entre-liliana-filipa-e-daniel-gregorio\/\",\"url\":\"https:\/\/portaltela.pt\/noticias\/2026\/01\/20\/leo-caeiro-comenta-reencontro-entre-liliana-filipa-e-daniel-gregorio\/\",\"name\":\"L\u00e9o Caeiro comenta reencontro entre Liliana Filipa e Daniel Greg\u00f3rio - Portal Tela Portugal\",\"isPartOf\":{\"@id\":\"https:\/\/portaltela.pt\/#website\"},\"primaryImageOfPage\":{\"@id\":\"https:\/\/portaltela.pt\/noticias\/2026\/01\/20\/leo-caeiro-comenta-reencontro-entre-liliana-filipa-e-daniel-gregorio\/#primaryimage\"},\"image\":{\"@id\":\"https:\/\/portaltela.pt\/noticias\/2026\/01\/20\/leo-caeiro-comenta-reencontro-entre-liliana-filipa-e-daniel-gregorio\/#primaryimage\"},\"thumbnailUrl\":\"https:\/\/portaltela.pt\/s.01k8rhncp4jt1\/2026\/01\/img_1280x722uu2026-01-20-17-58-59-2261546.jpg\",\"datePublished\":\"2026-01-20T17:56:00+00:00\",\"author\":{\"@id\":\"https:\/\/portaltela.pt\/#\/schema\/person\/c4278d4a6028830caff9ee44b42d32ed\"},\"breadcrumb\":{\"@id\":\"https:\/\/portaltela.pt\/noticias\/2026\/01\/20\/leo-caeiro-comenta-reencontro-entre-liliana-filipa-e-daniel-gregorio\/#breadcrumb\"},\"inLanguage\":\"pt-PT\",\"potentialAction\":[{\"@type\":\"ReadAction\",\"target\":[\"https:\/\/portaltela.pt\/noticias\/2026\/01\/20\/leo-caeiro-comenta-reencontro-entre-liliana-filipa-e-daniel-gregorio\/\"]}]},{\"@type\":\"ImageObject\",\"inLanguage\":\"pt-PT\",\"@id\":\"https:\/\/portaltela.pt\/noticias\/2026\/01\/20\/leo-caeiro-comenta-reencontro-entre-liliana-filipa-e-daniel-gregorio\/#primaryimage\",\"url\":\"https:\/\/portaltela.pt\/s.01k8rhncp4jt1\/2026\/01\/img_1280x722uu2026-01-20-17-58-59-2261546.jpg\",\"contentUrl\":\"https:\/\/portaltela.pt\/s.01k8rhncp4jt1\/2026\/01\/img_1280x722uu2026-01-20-17-58-59-2261546.jpg\",\"width\":796,\"height\":448,\"caption\":\"Ficou chateada por v\u00ea-lo: L\u00e9o Caeiro sobre reencontro entre Liliana Filipa e Daniel Greg\u00f3rio\"},{\"@type\":\"BreadcrumbList\",\"@id\":\"https:\/\/portaltela.pt\/noticias\/2026\/01\/20\/leo-caeiro-comenta-reencontro-entre-liliana-filipa-e-daniel-gregorio\/#breadcrumb\",\"itemListElement\":[{\"@type\":\"ListItem\",\"position\":1,\"name\":\"In\u00edcio\",\"item\":\"https:\/\/portaltela.pt\/\"},{\"@type\":\"ListItem\",\"position\":2,\"name\":\"L\u00e9o Caeiro comenta reencontro entre Liliana Filipa e Daniel Greg\u00f3rio\"}]},{\"@type\":\"WebSite\",\"@id\":\"https:\/\/portaltela.pt\/#website\",\"url\":\"https:\/\/portaltela.pt\/\",\"name\":\"Portal Tela Portugal\",\"description\":\"\",\"potentialAction\":[{\"@type\":\"SearchAction\",\"target\":{\"@type\":\"EntryPoint\",\"urlTemplate\":\"https:\/\/portaltela.pt\/?s={search_term_string}\"},\"query-input\":{\"@type\":\"PropertyValueSpecification\",\"valueRequired\":true,\"valueName\":\"search_term_string\"}}],\"inLanguage\":\"pt-PT\"},{\"@type\":\"Person\",\"@id\":\"https:\/\/portaltela.pt\/#\/schema\/person\/c4278d4a6028830caff9ee44b42d32ed\",\"name\":\"Telinha\",\"image\":{\"@type\":\"ImageObject\",\"inLanguage\":\"pt-PT\",\"@id\":\"https:\/\/portaltela.pt\/s.01k8rhncp4jt1\/2025\/11\/talking-bot-125x125.png\",\"url\":\"https:\/\/portaltela.pt\/s.01k8rhncp4jt1\/2025\/11\/talking-bot-125x125.png\",\"contentUrl\":\"https:\/\/portaltela.pt\/s.01k8rhncp4jt1\/2025\/11\/talking-bot-125x125.png\",\"caption\":\"Telinha\"},\"sameAs\":[\"https:\/\/portaltela.pt\/\"],\"url\":\"https:\/\/portaltela.pt\/por\/367410592786\/\"}]}<\/script>\n<!-- \/ Yoast SEO plugin. -->","yoast_head_json":{"title":"L\u00e9o Caeiro comenta reencontro entre Liliana Filipa e Daniel Greg\u00f3rio - Portal Tela Portugal","robots":{"index":"index","follow":"follow","max-snippet":"max-snippet:-1","max-image-preview":"max-image-preview:large","max-video-preview":"max-video-preview:-1"},"og_locale":"pt_PT","og_type":"article","og_title":"L\u00e9o Caeiro comenta reencontro entre Liliana Filipa e Daniel Greg\u00f3rio - Portal Tela Portugal","og_description":"L\u00e9o Caeiro, comentador do programa Tarde das Estrelas, comentou o reencontro entre Liliana Filipa e Daniel Greg\u00f3rio. Segundo o comentarista, Liliana ficou chateada por v\u00ea-lo, o que tornou o momento desconfort\u00e1vel. Apesar do clima tenso, ambos mantiveram postura c\u00edvica e respeitosa durante o encontro. Nas redes sociais houve apoio a Liliana e cr\u00edticas \u00e0 sua rea\u00e7\u00e3o; o epis\u00f3dio suscitou discuss\u00f5es sobre manter a calma em situa\u00e7\u00f5es delicadas. O programa Tarde das Estrelas \u00e9 transmitido pela CMTV e conta com v\u00e1rios comentadores especializados em entretenimento e sociedade.","og_url":"https:\/\/portaltela.pt\/noticias\/2026\/01\/20\/leo-caeiro-comenta-reencontro-entre-liliana-filipa-e-daniel-gregorio\/","og_site_name":"Portal Tela Portugal","article_published_time":"2026-01-20T17:56:00+00:00","author":"Telinha","twitter_card":"summary_large_image","twitter_misc":{"Escrito por":"Telinha","Tempo estimado de leitura":"1 minuto"},"schema":{"@context":"https:\/\/schema.org","@graph":[{"@type":"Article","@id":"https:\/\/portaltela.pt\/noticias\/2026\/01\/20\/leo-caeiro-comenta-reencontro-entre-liliana-filipa-e-daniel-gregorio\/#article","isPartOf":{"@id":"https:\/\/portaltela.pt\/noticias\/2026\/01\/20\/leo-caeiro-comenta-reencontro-entre-liliana-filipa-e-daniel-gregorio\/"},"author":{"name":"Telinha","@id":"https:\/\/portaltela.pt\/#\/schema\/person\/c4278d4a6028830caff9ee44b42d32ed"},"headline":"L\u00e9o Caeiro comenta reencontro entre Liliana Filipa e Daniel Greg\u00f3rio","datePublished":"2026-01-20T17:56:00+00:00","mainEntityOfPage":{"@id":"https:\/\/portaltela.pt\/noticias\/2026\/01\/20\/leo-caeiro-comenta-reencontro-entre-liliana-filipa-e-daniel-gregorio\/"},"wordCount":170,"image":{"@id":"https:\/\/portaltela.pt\/noticias\/2026\/01\/20\/leo-caeiro-comenta-reencontro-entre-liliana-filipa-e-daniel-gregorio\/#primaryimage"},"thumbnailUrl":"https:\/\/portaltela.pt\/s.01k8rhncp4jt1\/2026\/01\/img_1280x722uu2026-01-20-17-58-59-2261546.jpg","keywords":["acontecimentos internacionais","celebridades","CMTV","famosos","pessoas","sociedade"],"articleSection":["Entretenimento","Not\u00edcias"],"inLanguage":"pt-PT"},{"@type":"WebPage","@id":"https:\/\/portaltela.pt\/noticias\/2026\/01\/20\/leo-caeiro-comenta-reencontro-entre-liliana-filipa-e-daniel-gregorio\/","url":"https:\/\/portaltela.pt\/noticias\/2026\/01\/20\/leo-caeiro-comenta-reencontro-entre-liliana-filipa-e-daniel-gregorio\/","name":"L\u00e9o Caeiro comenta reencontro entre Liliana Filipa e Daniel Greg\u00f3rio - Portal Tela Portugal","isPartOf":{"@id":"https:\/\/portaltela.pt\/#website"},"primaryImageOfPage":{"@id":"https:\/\/portaltela.pt\/noticias\/2026\/01\/20\/leo-caeiro-comenta-reencontro-entre-liliana-filipa-e-daniel-gregorio\/#primaryimage"},"image":{"@id":"https:\/\/portaltela.pt\/noticias\/2026\/01\/20\/leo-caeiro-comenta-reencontro-entre-liliana-filipa-e-daniel-gregorio\/#primaryimage"},"thumbnailUrl":"https:\/\/portaltela.pt\/s.01k8rhncp4jt1\/2026\/01\/img_1280x722uu2026-01-20-17-58-59-2261546.jpg","datePublished":"2026-01-20T17:56:00+00:00","author":{"@id":"https:\/\/portaltela.pt\/#\/schema\/person\/c4278d4a6028830caff9ee44b42d32ed"},"breadcrumb":{"@id":"https:\/\/portaltela.pt\/noticias\/2026\/01\/20\/leo-caeiro-comenta-reencontro-entre-liliana-filipa-e-daniel-gregorio\/#breadcrumb"},"inLanguage":"pt-PT","potentialAction":[{"@type":"ReadAction","target":["https:\/\/portaltela.pt\/noticias\/2026\/01\/20\/leo-caeiro-comenta-reencontro-entre-liliana-filipa-e-daniel-gregorio\/"]}]},{"@type":"ImageObject","inLanguage":"pt-PT","@id":"https:\/\/portaltela.pt\/noticias\/2026\/01\/20\/leo-caeiro-comenta-reencontro-entre-liliana-filipa-e-daniel-gregorio\/#primaryimage","url":"https:\/\/portaltela.pt\/s.01k8rhncp4jt1\/2026\/01\/img_1280x722uu2026-01-20-17-58-59-2261546.jpg","contentUrl":"https:\/\/portaltela.pt\/s.01k8rhncp4jt1\/2026\/01\/img_1280x722uu2026-01-20-17-58-59-2261546.jpg","width":796,"height":448,"caption":"Ficou chateada por v\u00ea-lo: L\u00e9o Caeiro sobre reencontro entre Liliana Filipa e Daniel Greg\u00f3rio"},{"@type":"BreadcrumbList","@id":"https:\/\/portaltela.pt\/noticias\/2026\/01\/20\/leo-caeiro-comenta-reencontro-entre-liliana-filipa-e-daniel-gregorio\/#breadcrumb","itemListElement":[{"@type":"ListItem","position":1,"name":"In\u00edcio","item":"https:\/\/portaltela.pt\/"},{"@type":"ListItem","position":2,"name":"L\u00e9o Caeiro comenta reencontro entre Liliana Filipa e Daniel Greg\u00f3rio"}]},{"@type":"WebSite","@id":"https:\/\/portaltela.pt\/#website","url":"https:\/\/portaltela.pt\/","name":"Portal Tela Portugal","description":"","potentialAction":[{"@type":"SearchAction","target":{"@type":"EntryPoint","urlTemplate":"https:\/\/portaltela.pt\/?s={search_term_string}"},"query-input":{"@type":"PropertyValueSpecification","valueRequired":true,"valueName":"search_term_string"}}],"inLanguage":"pt-PT"},{"@type":"Person","@id":"https:\/\/portaltela.pt\/#\/schema\/person\/c4278d4a6028830caff9ee44b42d32ed","name":"Telinha","image":{"@type":"ImageObject","inLanguage":"pt-PT","@id":"https:\/\/portaltela.pt\/s.01k8rhncp4jt1\/2025\/11\/talking-bot-125x125.png","url":"https:\/\/portaltela.pt\/s.01k8rhncp4jt1\/2025\/11\/talking-bot-125x125.png","contentUrl":"https:\/\/portaltela.pt\/s.01k8rhncp4jt1\/2025\/11\/talking-bot-125x125.png","caption":"Telinha"},"sameAs":["https:\/\/portaltela.pt\/"],"url":"https:\/\/portaltela.pt\/por\/367410592786\/"}]}},"_links":{"self":[{"href":"https:\/\/portaltela.pt\/api\/wp\/v2\/posts\/157231","targetHints":{"allow":["GET"]}}],"collection":[{"href":"https:\/\/portaltela.pt\/api\/wp\/v2\/posts"}],"about":[{"href":"https:\/\/portaltela.pt\/api\/wp\/v2\/types\/post"}],"author":[{"embeddable":true,"href":"https:\/\/portaltela.pt\/api\/wp\/v2\/users\/2"}],"replies":[{"embeddable":true,"href":"https:\/\/portaltela.pt\/api\/wp\/v2\/comments?post=157231"}],"version-history":[{"count":0,"href":"https:\/\/portaltela.pt\/api\/wp\/v2\/posts\/157231\/revisions"}],"wp:featuredmedia":[{"embeddable":true,"href":"https:\/\/portaltela.pt\/api\/wp\/v2\/media\/157243"}],"wp:attachment":[{"href":"https:\/\/portaltela.pt\/api\/wp\/v2\/media?parent=157231"}],"wp:term":[{"taxonomy":"category","embeddable":true,"href":"https:\/\/portaltela.pt\/api\/wp\/v2\/categories?post=157231"},{"taxonomy":"post_tag","embeddable":true,"href":"https:\/\/portaltela.pt\/api\/wp\/v2\/tags?post=157231"}],"curies":[{"name":"wp","href":"https:\/\/api.w.org\/{rel}","templated":true}]}}