{"id":157164,"date":"2026-01-20T14:29:00","date_gmt":"2026-01-20T17:29:00","guid":{"rendered":"https:\/\/portaltela.pt\/noticias\/2026\/01\/20\/brahim-falha-penalti-decisivo-e-fica-na-mira-das-criticas\/"},"modified":"2026-01-20T14:29:00","modified_gmt":"2026-01-20T17:29:00","slug":"brahim-falha-penalti-decisivo-e-fica-na-mira-das-criticas","status":"publish","type":"post","link":"https:\/\/portaltela.pt\/desporto\/futebol\/2026\/01\/20\/brahim-falha-penalti-decisivo-e-fica-na-mira-das-criticas\/","title":{"rendered":"Brahim falha pen\u00e1lti decisivo e fica na mira das cr\u00edticas"},"content":{"rendered":"<p>O choque entre Marrocos e Senegal na final da CAN 2026, disputada em Rabat, terminou com a vit\u00f3ria do Senegal ap\u00f3s uma s\u00e9rie de incidentes dentro e fora do campo. No tempo regulamentar, um golo anulado de forma pol\u00e9mica por falta de Achraf Hakimi alimentou o dramaticismo. Na fase decisiva, o \u00e1rbitro Jean Ndala assinalou uma grande penalidade a favor de Marrocos nos instantes finais.<\/p>\n<p>Os marroquinos tentaram aproveitar a vantagem, mas os adeptos do Senegal reagiram de forma contundente, levando a equipa a abandonar temporariamente o relvado. Cerca de 15 minutos depois, o conjunto regressou para tentar fechar o jogo, ainda com um pen\u00e1lti pela frente. Brahim D\u00edaz assumiu a cobran\u00e7a, mas a tentativa de Panenka n\u00e3o surtiu o efeito desejado e o encontro seguiu para o prolongamento.<\/p>\n<p>No tempo extra, o Senegal acabou por marcar, com Pape Gueye a fazer o golo decisivo. Assim, Marrocos mant\u00e9m-se sem alcan\u00e7ar a CAN em paralelo com o t\u00edtulo de 1976, apesar de ter vencido tr\u00eas das \u00faltimas quatro edi\u00e7\u00f5es do CHAN. O pa\u00eds tamb\u00e9m soma o t\u00edtulo da Ta\u00e7a das Na\u00e7\u00f5es \u00c1rabes, conquistado recentemente.<\/p>\n<p>A n\u00edvel individual, Brahim D\u00edaz ficou marcado pela frustra\u00e7\u00e3o ap\u00f3s o pen\u00e1lti falhado, ainda que tenha terminado como melhor marcador da competi\u00e7\u00e3o, com cinco golos. O espanhol do Real Madrid recebeu o pr\u00e9mio na presen\u00e7a de Gianni Infantino, presidente da FIFA, ainda que tenha sido alvo de cr\u00edticas p\u00fablicas ap\u00f3s o jogo.<\/p>\n<p>Horas depois, o desempenho nas redes sociais trouxe mensagens de apoio de colegas de equipa e de figuras c\u00e9lebres do futebol, refor\u00e7ando o apoio a Brahim. Em contrapartida, houve cr\u00edticas de respons\u00e1veis t\u00e9cnicos, com Herv\u00e9 Renard a manifestar desagrado pela falha em contextos decisivos, destacando o impacto para o pa\u00eds e o continente.<\/p>\n<p>A imprensa mostrou v\u00e1rias leituras sobre o desfecho, apontando para decis\u00f5es arbitrales contestadas e para o impacto emocional na equipa marroquina. O caso ficar\u00e1 marcado pela combina\u00e7\u00e3o de uma penalidade pol\u00e9mica, a rea\u00e7\u00e3o coletiva e o desempenho individual de Brahim D\u00edaz.<\/p>\n","protected":false},"excerpt":{"rendered":"<ul>\n<li>Na final da Ta\u00e7a das Na\u00e7\u00f5es Africanas disputada em Rabat, Brahim D\u00edaz falhou o pen\u00e1lti decisivo nos 90+24 minutos, levando o jogo a prolongamento.<\/li>\n<li>Os jogadores do Senegal chegaram a abandonar o relvado ap\u00f3s a decis\u00e3o de arbitragem, regressando cerca de 15 minutos depois; o Senegal venceu o trof\u00e9u com um golo de Pape Gueye no prolongamento.<\/li>\n<li>Brahim D\u00edaz foi o melhor marcador da competi\u00e7\u00e3o, com cinco golos, e recebeu mensagens de apoio de colegas e de figuras do mundo do futebol, como Gianni Infantino.<\/li>\n<li>O jogador pediu desculpas publicamente nas redes sociais, reconhecendo a faute e dizendo que vai tentar recuperar a desilus\u00e3o.<\/li>\n<li>As reac\u00e7\u00f5es inclu\u00edram defesa de Lu\u00eds Enrique e cr\u00edticas de Herv\u00e9 Renard ao pen\u00e1lti desperdi\u00e7ado, com o contexto da final a gerar controv\u00e9rsia ao longo das \u00faltimas horas.<\/li>\n<\/ul>\n","protected":false},"author":2,"featured_media":157189,"comment_status":"closed","ping_status":"closed","sticky":false,"template":"","format":"standard","meta":{"footnotes":""},"categories":[21,24],"tags":[2997,32,3338,1015,1885,1883],"class_list":["post-157164","post","type-post","status-publish","format-standard","has-post-thumbnail","hentry","category-desporto","category-futebol","tag-brahim-diaz","tag-futebol","tag-futebol-internacional","tag-marrocos","tag-penalti","tag-senegal"],"yoast_head":"<!-- This site is optimized with the Yoast SEO plugin v27.2 - https:\/\/yoast.com\/product\/yoast-seo-wordpress\/ -->\n<title>Brahim falha pen\u00e1lti decisivo e fica na mira das cr\u00edticas - Portal Tela Portugal<\/title>\n<meta name=\"robots\" content=\"index, follow, max-snippet:-1, max-image-preview:large, max-video-preview:-1\" \/>\n<meta property=\"og:locale\" content=\"pt_PT\" \/>\n<meta property=\"og:type\" content=\"article\" \/>\n<meta property=\"og:title\" content=\"Brahim falha pen\u00e1lti decisivo e fica na mira das cr\u00edticas - Portal Tela Portugal\" \/>\n<meta property=\"og:description\" content=\"Na final da Ta\u00e7a das Na\u00e7\u00f5es Africanas disputada em Rabat, Brahim D\u00edaz falhou o pen\u00e1lti decisivo nos 90+24 minutos, levando o jogo a prolongamento. Os jogadores do Senegal chegaram a abandonar o relvado ap\u00f3s a decis\u00e3o de arbitragem, regressando cerca de 15 minutos depois; o Senegal venceu o trof\u00e9u com um golo de Pape Gueye no prolongamento. Brahim D\u00edaz foi o melhor marcador da competi\u00e7\u00e3o, com cinco golos, e recebeu mensagens de apoio de colegas e de figuras do mundo do futebol, como Gianni Infantino. O jogador pediu desculpas publicamente nas redes sociais, reconhecendo a faute e dizendo que vai tentar recuperar a desilus\u00e3o. As reac\u00e7\u00f5es inclu\u00edram defesa de Lu\u00eds Enrique e cr\u00edticas de Herv\u00e9 Renard ao pen\u00e1lti desperdi\u00e7ado, com o contexto da final a gerar controv\u00e9rsia ao longo das \u00faltimas horas.\" \/>\n<meta property=\"og:url\" content=\"https:\/\/portaltela.pt\/noticias\/2026\/01\/20\/brahim-falha-penalti-decisivo-e-fica-na-mira-das-criticas\/\" \/>\n<meta property=\"og:site_name\" content=\"Portal Tela Portugal\" \/>\n<meta property=\"article:published_time\" content=\"2026-01-20T17:29:00+00:00\" \/>\n<meta name=\"author\" content=\"Telinha\" \/>\n<meta name=\"twitter:card\" content=\"summary_large_image\" \/>\n<meta name=\"twitter:label1\" content=\"Escrito por\" \/>\n\t<meta name=\"twitter:data1\" content=\"Telinha\" \/>\n\t<meta name=\"twitter:label2\" content=\"Tempo estimado de leitura\" \/>\n\t<meta name=\"twitter:data2\" content=\"2 minutos\" \/>\n<script type=\"application\/ld+json\" class=\"yoast-schema-graph\">{\"@context\":\"https:\/\/schema.org\",\"@graph\":[{\"@type\":\"Article\",\"@id\":\"https:\/\/portaltela.pt\/noticias\/2026\/01\/20\/brahim-falha-penalti-decisivo-e-fica-na-mira-das-criticas\/#article\",\"isPartOf\":{\"@id\":\"https:\/\/portaltela.pt\/noticias\/2026\/01\/20\/brahim-falha-penalti-decisivo-e-fica-na-mira-das-criticas\/\"},\"author\":{\"name\":\"Telinha\",\"@id\":\"https:\/\/portaltela.pt\/#\/schema\/person\/c4278d4a6028830caff9ee44b42d32ed\"},\"headline\":\"Brahim falha pen\u00e1lti decisivo e fica na mira das cr\u00edticas\",\"datePublished\":\"2026-01-20T17:29:00+00:00\",\"mainEntityOfPage\":{\"@id\":\"https:\/\/portaltela.pt\/noticias\/2026\/01\/20\/brahim-falha-penalti-decisivo-e-fica-na-mira-das-criticas\/\"},\"wordCount\":379,\"image\":{\"@id\":\"https:\/\/portaltela.pt\/noticias\/2026\/01\/20\/brahim-falha-penalti-decisivo-e-fica-na-mira-das-criticas\/#primaryimage\"},\"thumbnailUrl\":\"https:\/\/portaltela.pt\/s.01k8rhncp4jt1\/2026\/01\/gettyimages-2256419952.jpg\",\"keywords\":[\"Brahim D\u00edaz\",\"futebol\",\"futebol internacional\",\"Marrocos\",\"pen\u00e1lti\",\"Senegal\"],\"articleSection\":[\"Desporto\",\"Futebol\"],\"inLanguage\":\"pt-PT\"},{\"@type\":\"WebPage\",\"@id\":\"https:\/\/portaltela.pt\/noticias\/2026\/01\/20\/brahim-falha-penalti-decisivo-e-fica-na-mira-das-criticas\/\",\"url\":\"https:\/\/portaltela.pt\/noticias\/2026\/01\/20\/brahim-falha-penalti-decisivo-e-fica-na-mira-das-criticas\/\",\"name\":\"Brahim falha pen\u00e1lti decisivo e fica na mira das cr\u00edticas - Portal Tela Portugal\",\"isPartOf\":{\"@id\":\"https:\/\/portaltela.pt\/#website\"},\"primaryImageOfPage\":{\"@id\":\"https:\/\/portaltela.pt\/noticias\/2026\/01\/20\/brahim-falha-penalti-decisivo-e-fica-na-mira-das-criticas\/#primaryimage\"},\"image\":{\"@id\":\"https:\/\/portaltela.pt\/noticias\/2026\/01\/20\/brahim-falha-penalti-decisivo-e-fica-na-mira-das-criticas\/#primaryimage\"},\"thumbnailUrl\":\"https:\/\/portaltela.pt\/s.01k8rhncp4jt1\/2026\/01\/gettyimages-2256419952.jpg\",\"datePublished\":\"2026-01-20T17:29:00+00:00\",\"author\":{\"@id\":\"https:\/\/portaltela.pt\/#\/schema\/person\/c4278d4a6028830caff9ee44b42d32ed\"},\"breadcrumb\":{\"@id\":\"https:\/\/portaltela.pt\/noticias\/2026\/01\/20\/brahim-falha-penalti-decisivo-e-fica-na-mira-das-criticas\/#breadcrumb\"},\"inLanguage\":\"pt-PT\",\"potentialAction\":[{\"@type\":\"ReadAction\",\"target\":[\"https:\/\/portaltela.pt\/noticias\/2026\/01\/20\/brahim-falha-penalti-decisivo-e-fica-na-mira-das-criticas\/\"]}]},{\"@type\":\"ImageObject\",\"inLanguage\":\"pt-PT\",\"@id\":\"https:\/\/portaltela.pt\/noticias\/2026\/01\/20\/brahim-falha-penalti-decisivo-e-fica-na-mira-das-criticas\/#primaryimage\",\"url\":\"https:\/\/portaltela.pt\/s.01k8rhncp4jt1\/2026\/01\/gettyimages-2256419952.jpg\",\"contentUrl\":\"https:\/\/portaltela.pt\/s.01k8rhncp4jt1\/2026\/01\/gettyimages-2256419952.jpg\",\"width\":796,\"height\":448,\"caption\":\"Photo\"},{\"@type\":\"BreadcrumbList\",\"@id\":\"https:\/\/portaltela.pt\/noticias\/2026\/01\/20\/brahim-falha-penalti-decisivo-e-fica-na-mira-das-criticas\/#breadcrumb\",\"itemListElement\":[{\"@type\":\"ListItem\",\"position\":1,\"name\":\"In\u00edcio\",\"item\":\"https:\/\/portaltela.pt\/\"},{\"@type\":\"ListItem\",\"position\":2,\"name\":\"Brahim falha pen\u00e1lti decisivo e fica na mira das cr\u00edticas\"}]},{\"@type\":\"WebSite\",\"@id\":\"https:\/\/portaltela.pt\/#website\",\"url\":\"https:\/\/portaltela.pt\/\",\"name\":\"Portal Tela Portugal\",\"description\":\"\",\"potentialAction\":[{\"@type\":\"SearchAction\",\"target\":{\"@type\":\"EntryPoint\",\"urlTemplate\":\"https:\/\/portaltela.pt\/?s={search_term_string}\"},\"query-input\":{\"@type\":\"PropertyValueSpecification\",\"valueRequired\":true,\"valueName\":\"search_term_string\"}}],\"inLanguage\":\"pt-PT\"},{\"@type\":\"Person\",\"@id\":\"https:\/\/portaltela.pt\/#\/schema\/person\/c4278d4a6028830caff9ee44b42d32ed\",\"name\":\"Telinha\",\"image\":{\"@type\":\"ImageObject\",\"inLanguage\":\"pt-PT\",\"@id\":\"https:\/\/portaltela.pt\/s.01k8rhncp4jt1\/2025\/11\/talking-bot-125x125.png\",\"url\":\"https:\/\/portaltela.pt\/s.01k8rhncp4jt1\/2025\/11\/talking-bot-125x125.png\",\"contentUrl\":\"https:\/\/portaltela.pt\/s.01k8rhncp4jt1\/2025\/11\/talking-bot-125x125.png\",\"caption\":\"Telinha\"},\"sameAs\":[\"https:\/\/portaltela.pt\/\"],\"url\":\"https:\/\/portaltela.pt\/por\/367410592786\/\"}]}<\/script>\n<!-- \/ Yoast SEO plugin. -->","yoast_head_json":{"title":"Brahim falha pen\u00e1lti decisivo e fica na mira das cr\u00edticas - Portal Tela Portugal","robots":{"index":"index","follow":"follow","max-snippet":"max-snippet:-1","max-image-preview":"max-image-preview:large","max-video-preview":"max-video-preview:-1"},"og_locale":"pt_PT","og_type":"article","og_title":"Brahim falha pen\u00e1lti decisivo e fica na mira das cr\u00edticas - Portal Tela Portugal","og_description":"Na final da Ta\u00e7a das Na\u00e7\u00f5es Africanas disputada em Rabat, Brahim D\u00edaz falhou o pen\u00e1lti decisivo nos 90+24 minutos, levando o jogo a prolongamento. Os jogadores do Senegal chegaram a abandonar o relvado ap\u00f3s a decis\u00e3o de arbitragem, regressando cerca de 15 minutos depois; o Senegal venceu o trof\u00e9u com um golo de Pape Gueye no prolongamento. Brahim D\u00edaz foi o melhor marcador da competi\u00e7\u00e3o, com cinco golos, e recebeu mensagens de apoio de colegas e de figuras do mundo do futebol, como Gianni Infantino. O jogador pediu desculpas publicamente nas redes sociais, reconhecendo a faute e dizendo que vai tentar recuperar a desilus\u00e3o. As reac\u00e7\u00f5es inclu\u00edram defesa de Lu\u00eds Enrique e cr\u00edticas de Herv\u00e9 Renard ao pen\u00e1lti desperdi\u00e7ado, com o contexto da final a gerar controv\u00e9rsia ao longo das \u00faltimas horas.","og_url":"https:\/\/portaltela.pt\/noticias\/2026\/01\/20\/brahim-falha-penalti-decisivo-e-fica-na-mira-das-criticas\/","og_site_name":"Portal Tela Portugal","article_published_time":"2026-01-20T17:29:00+00:00","author":"Telinha","twitter_card":"summary_large_image","twitter_misc":{"Escrito por":"Telinha","Tempo estimado de leitura":"2 minutos"},"schema":{"@context":"https:\/\/schema.org","@graph":[{"@type":"Article","@id":"https:\/\/portaltela.pt\/noticias\/2026\/01\/20\/brahim-falha-penalti-decisivo-e-fica-na-mira-das-criticas\/#article","isPartOf":{"@id":"https:\/\/portaltela.pt\/noticias\/2026\/01\/20\/brahim-falha-penalti-decisivo-e-fica-na-mira-das-criticas\/"},"author":{"name":"Telinha","@id":"https:\/\/portaltela.pt\/#\/schema\/person\/c4278d4a6028830caff9ee44b42d32ed"},"headline":"Brahim falha pen\u00e1lti decisivo e fica na mira das cr\u00edticas","datePublished":"2026-01-20T17:29:00+00:00","mainEntityOfPage":{"@id":"https:\/\/portaltela.pt\/noticias\/2026\/01\/20\/brahim-falha-penalti-decisivo-e-fica-na-mira-das-criticas\/"},"wordCount":379,"image":{"@id":"https:\/\/portaltela.pt\/noticias\/2026\/01\/20\/brahim-falha-penalti-decisivo-e-fica-na-mira-das-criticas\/#primaryimage"},"thumbnailUrl":"https:\/\/portaltela.pt\/s.01k8rhncp4jt1\/2026\/01\/gettyimages-2256419952.jpg","keywords":["Brahim D\u00edaz","futebol","futebol internacional","Marrocos","pen\u00e1lti","Senegal"],"articleSection":["Desporto","Futebol"],"inLanguage":"pt-PT"},{"@type":"WebPage","@id":"https:\/\/portaltela.pt\/noticias\/2026\/01\/20\/brahim-falha-penalti-decisivo-e-fica-na-mira-das-criticas\/","url":"https:\/\/portaltela.pt\/noticias\/2026\/01\/20\/brahim-falha-penalti-decisivo-e-fica-na-mira-das-criticas\/","name":"Brahim falha pen\u00e1lti decisivo e fica na mira das cr\u00edticas - Portal Tela Portugal","isPartOf":{"@id":"https:\/\/portaltela.pt\/#website"},"primaryImageOfPage":{"@id":"https:\/\/portaltela.pt\/noticias\/2026\/01\/20\/brahim-falha-penalti-decisivo-e-fica-na-mira-das-criticas\/#primaryimage"},"image":{"@id":"https:\/\/portaltela.pt\/noticias\/2026\/01\/20\/brahim-falha-penalti-decisivo-e-fica-na-mira-das-criticas\/#primaryimage"},"thumbnailUrl":"https:\/\/portaltela.pt\/s.01k8rhncp4jt1\/2026\/01\/gettyimages-2256419952.jpg","datePublished":"2026-01-20T17:29:00+00:00","author":{"@id":"https:\/\/portaltela.pt\/#\/schema\/person\/c4278d4a6028830caff9ee44b42d32ed"},"breadcrumb":{"@id":"https:\/\/portaltela.pt\/noticias\/2026\/01\/20\/brahim-falha-penalti-decisivo-e-fica-na-mira-das-criticas\/#breadcrumb"},"inLanguage":"pt-PT","potentialAction":[{"@type":"ReadAction","target":["https:\/\/portaltela.pt\/noticias\/2026\/01\/20\/brahim-falha-penalti-decisivo-e-fica-na-mira-das-criticas\/"]}]},{"@type":"ImageObject","inLanguage":"pt-PT","@id":"https:\/\/portaltela.pt\/noticias\/2026\/01\/20\/brahim-falha-penalti-decisivo-e-fica-na-mira-das-criticas\/#primaryimage","url":"https:\/\/portaltela.pt\/s.01k8rhncp4jt1\/2026\/01\/gettyimages-2256419952.jpg","contentUrl":"https:\/\/portaltela.pt\/s.01k8rhncp4jt1\/2026\/01\/gettyimages-2256419952.jpg","width":796,"height":448,"caption":"Photo"},{"@type":"BreadcrumbList","@id":"https:\/\/portaltela.pt\/noticias\/2026\/01\/20\/brahim-falha-penalti-decisivo-e-fica-na-mira-das-criticas\/#breadcrumb","itemListElement":[{"@type":"ListItem","position":1,"name":"In\u00edcio","item":"https:\/\/portaltela.pt\/"},{"@type":"ListItem","position":2,"name":"Brahim falha pen\u00e1lti decisivo e fica na mira das cr\u00edticas"}]},{"@type":"WebSite","@id":"https:\/\/portaltela.pt\/#website","url":"https:\/\/portaltela.pt\/","name":"Portal Tela Portugal","description":"","potentialAction":[{"@type":"SearchAction","target":{"@type":"EntryPoint","urlTemplate":"https:\/\/portaltela.pt\/?s={search_term_string}"},"query-input":{"@type":"PropertyValueSpecification","valueRequired":true,"valueName":"search_term_string"}}],"inLanguage":"pt-PT"},{"@type":"Person","@id":"https:\/\/portaltela.pt\/#\/schema\/person\/c4278d4a6028830caff9ee44b42d32ed","name":"Telinha","image":{"@type":"ImageObject","inLanguage":"pt-PT","@id":"https:\/\/portaltela.pt\/s.01k8rhncp4jt1\/2025\/11\/talking-bot-125x125.png","url":"https:\/\/portaltela.pt\/s.01k8rhncp4jt1\/2025\/11\/talking-bot-125x125.png","contentUrl":"https:\/\/portaltela.pt\/s.01k8rhncp4jt1\/2025\/11\/talking-bot-125x125.png","caption":"Telinha"},"sameAs":["https:\/\/portaltela.pt\/"],"url":"https:\/\/portaltela.pt\/por\/367410592786\/"}]}},"_links":{"self":[{"href":"https:\/\/portaltela.pt\/api\/wp\/v2\/posts\/157164","targetHints":{"allow":["GET"]}}],"collection":[{"href":"https:\/\/portaltela.pt\/api\/wp\/v2\/posts"}],"about":[{"href":"https:\/\/portaltela.pt\/api\/wp\/v2\/types\/post"}],"author":[{"embeddable":true,"href":"https:\/\/portaltela.pt\/api\/wp\/v2\/users\/2"}],"replies":[{"embeddable":true,"href":"https:\/\/portaltela.pt\/api\/wp\/v2\/comments?post=157164"}],"version-history":[{"count":0,"href":"https:\/\/portaltela.pt\/api\/wp\/v2\/posts\/157164\/revisions"}],"wp:featuredmedia":[{"embeddable":true,"href":"https:\/\/portaltela.pt\/api\/wp\/v2\/media\/157189"}],"wp:attachment":[{"href":"https:\/\/portaltela.pt\/api\/wp\/v2\/media?parent=157164"}],"wp:term":[{"taxonomy":"category","embeddable":true,"href":"https:\/\/portaltela.pt\/api\/wp\/v2\/categories?post=157164"},{"taxonomy":"post_tag","embeddable":true,"href":"https:\/\/portaltela.pt\/api\/wp\/v2\/tags?post=157164"}],"curies":[{"name":"wp","href":"https:\/\/api.w.org\/{rel}","templated":true}]}}