{"id":157064,"date":"2026-01-20T14:16:50","date_gmt":"2026-01-20T17:16:50","guid":{"rendered":"https:\/\/portaltela.pt\/noticias\/2026\/01\/20\/inauguracao-do-museu-de-pintura-naif-e-restauro-da-capela-mor-de-sao-saturnino-satao\/"},"modified":"2026-01-20T14:16:50","modified_gmt":"2026-01-20T17:16:50","slug":"inauguracao-do-museu-de-pintura-naif-e-restauro-da-capela-mor-de-sao-saturnino-satao","status":"publish","type":"post","link":"https:\/\/portaltela.pt\/noticias\/2026\/01\/20\/inauguracao-do-museu-de-pintura-naif-e-restauro-da-capela-mor-de-sao-saturnino-satao\/","title":{"rendered":"Inaugura\u00e7\u00e3o do Museu de Pintura Na\u00eff e Restauro da Capela Mor de S\u00e3o Saturnino, S\u00e1t\u00e3o"},"content":{"rendered":"<p>O dia 19 de janeiro de 2026 fica marcado em S\u00e1t\u00e3o pela inaugura\u00e7\u00e3o do Museu de Pintura Na\u00eff, em Pedrosas, e pela apresenta\u00e7\u00e3o do Restauro da Capela Mor de S\u00e3o Saturnino. O museu resulta da doa\u00e7\u00e3o da casa do s\u00e9culo XVIII e da cole\u00e7\u00e3o de obras Na\u00eff de Herm\u00ednio Ferreira.<\/p>\n<p>A cerim\u00f3nia contou com a presen\u00e7a da Ministra da Cultura, Margarida Balseiro Lopes, bem como representantes civis, militares, religiosos e meios de comunica\u00e7\u00e3o. A moldura humana das Pedrosas e de S\u00e1t\u00e3o acompanhou as cerim\u00f3nias ao longo da manh\u00e3.<\/p>\n<h3>Inaugura\u00e7\u00e3o do Museu de Pintura Na\u00eff<\/h3>\n<p>O lan\u00e7amento iniciou com o descerrar da placa inaugural, seguido pela atua\u00e7\u00e3o do grupo musical Zaatam. Discursos oficiais marcaram o momento, e houve uma visita guiada ao espa\u00e7o.<\/p>\n<h3>Restauro da Capela Mor de S\u00e3o Saturnino<\/h3>\n<p>A inaugura\u00e7\u00e3o do restauro decorreu em simult\u00e2neo, com atua\u00e7\u00e3o do Grupo Coral das Pedrosas. Os intervenientes destacou-se o Presidente da C\u00e2mara, Alexandre Vaz, e o Bispo de Viseu, Ant\u00f3nio Luciano, que presidiram aos discursos.<\/p>\n<p>Ana Bidarra apresentou as obras efetuadas no restauro, complementando a cerim\u00f3nia com uma interven\u00e7\u00e3o cultural.<\/p>\n<p>O Museu de Pintura Na\u00eff abre ao p\u00fablico no dia 22 de janeiro, com hor\u00e1rios: quinta e sexta das 09h00 \u00e0s 13h00 e 14h00 \u00e0s 17h00; s\u00e1bado e domingo das 14h00 \u00e0s 17h00.<\/p>\n","protected":false},"excerpt":{"rendered":"<ul>\n<li>Em 19 de janeiro de 2026, S\u00e1t\u00e3o inaugurou o Museu de Pintura Na\u00eff e o Restauro da Capela Mor de S\u00e3o Saturnino, nas Pedrosas.<\/li>\n<li>O museu resulta da doa\u00e7\u00e3o de uma casa do s\u00e9culo XVIII e da cole\u00e7\u00e3o de arte na\u00eff de Herm\u00ednio Ferreira; a cerim\u00f3nia incluiu a inaugura\u00e7\u00e3o do espa\u00e7o e a apresenta\u00e7\u00e3o de obras.<\/li>\n<li>A ministra da Cultura, Margarida Balseiro Lopes, esteve presente, num evento que reuniu v\u00e1rias entidades civis, militares, religiosas e comunidade local.<\/li>\n<li>Depois do descerramento da placa, atuou o grupo Zaatam, houve visita guiada ao museu e, para o restauro da capela, atuou o Grupo Coral das Pedrosas, com discursos do presidente da C\u00e2mara Municipal de S\u00e1t\u00e3o e do bispo de Viseu.<\/li>\n<li>O Museu de Pintura Na\u00eff abre ao p\u00fablico no dia 22 de janeiro, com hor\u00e1rios quinta e sexta-feira, das 09h00 \u00e0s 13h00 e das 14h00 \u00e0s 17h00, e s\u00e1bado e domingo, das 14h00 \u00e0s 17h00.<\/li>\n<\/ul>\n","protected":false},"author":2,"featured_media":157077,"comment_status":"closed","ping_status":"closed","sticky":false,"template":"","format":"standard","meta":{"footnotes":""},"categories":[1],"tags":[70,145,2954,1192,248,1801],"class_list":["post-157064","post","type-post","status-publish","format-standard","has-post-thumbnail","hentry","category-noticias","tag-arte","tag-cultura","tag-museus-e-monumentos-de-portugal","tag-museus-arquivos","tag-pintura","tag-satao"],"yoast_head":"<!-- This site is optimized with the Yoast SEO plugin v27.2 - https:\/\/yoast.com\/product\/yoast-seo-wordpress\/ -->\n<title>Inaugura\u00e7\u00e3o do Museu de Pintura Na\u00eff e Restauro da Capela Mor de S\u00e3o Saturnino, S\u00e1t\u00e3o - Portal Tela Portugal<\/title>\n<meta name=\"robots\" content=\"index, follow, max-snippet:-1, max-image-preview:large, max-video-preview:-1\" \/>\n<meta property=\"og:locale\" content=\"pt_PT\" \/>\n<meta property=\"og:type\" content=\"article\" \/>\n<meta property=\"og:title\" content=\"Inaugura\u00e7\u00e3o do Museu de Pintura Na\u00eff e Restauro da Capela Mor de S\u00e3o Saturnino, S\u00e1t\u00e3o - Portal Tela Portugal\" \/>\n<meta property=\"og:description\" content=\"Em 19 de janeiro de 2026, S\u00e1t\u00e3o inaugurou o Museu de Pintura Na\u00eff e o Restauro da Capela Mor de S\u00e3o Saturnino, nas Pedrosas. O museu resulta da doa\u00e7\u00e3o de uma casa do s\u00e9culo XVIII e da cole\u00e7\u00e3o de arte na\u00eff de Herm\u00ednio Ferreira; a cerim\u00f3nia incluiu a inaugura\u00e7\u00e3o do espa\u00e7o e a apresenta\u00e7\u00e3o de obras. A ministra da Cultura, Margarida Balseiro Lopes, esteve presente, num evento que reuniu v\u00e1rias entidades civis, militares, religiosas e comunidade local. Depois do descerramento da placa, atuou o grupo Zaatam, houve visita guiada ao museu e, para o restauro da capela, atuou o Grupo Coral das Pedrosas, com discursos do presidente da C\u00e2mara Municipal de S\u00e1t\u00e3o e do bispo de Viseu. O Museu de Pintura Na\u00eff abre ao p\u00fablico no dia 22 de janeiro, com hor\u00e1rios quinta e sexta-feira, das 09h00 \u00e0s 13h00 e das 14h00 \u00e0s 17h00, e s\u00e1bado e domingo, das 14h00 \u00e0s 17h00.\" \/>\n<meta property=\"og:url\" content=\"https:\/\/portaltela.pt\/noticias\/2026\/01\/20\/inauguracao-do-museu-de-pintura-naif-e-restauro-da-capela-mor-de-sao-saturnino-satao\/\" \/>\n<meta property=\"og:site_name\" content=\"Portal Tela Portugal\" \/>\n<meta property=\"article:published_time\" content=\"2026-01-20T17:16:50+00:00\" \/>\n<meta name=\"author\" content=\"Telinha\" \/>\n<meta name=\"twitter:card\" content=\"summary_large_image\" \/>\n<meta name=\"twitter:label1\" content=\"Escrito por\" \/>\n\t<meta name=\"twitter:data1\" content=\"Telinha\" \/>\n\t<meta name=\"twitter:label2\" content=\"Tempo estimado de leitura\" \/>\n\t<meta name=\"twitter:data2\" content=\"1 minuto\" \/>\n<script type=\"application\/ld+json\" class=\"yoast-schema-graph\">{\"@context\":\"https:\/\/schema.org\",\"@graph\":[{\"@type\":\"Article\",\"@id\":\"https:\/\/portaltela.pt\/noticias\/2026\/01\/20\/inauguracao-do-museu-de-pintura-naif-e-restauro-da-capela-mor-de-sao-saturnino-satao\/#article\",\"isPartOf\":{\"@id\":\"https:\/\/portaltela.pt\/noticias\/2026\/01\/20\/inauguracao-do-museu-de-pintura-naif-e-restauro-da-capela-mor-de-sao-saturnino-satao\/\"},\"author\":{\"name\":\"Telinha\",\"@id\":\"https:\/\/portaltela.pt\/#\/schema\/person\/c4278d4a6028830caff9ee44b42d32ed\"},\"headline\":\"Inaugura\u00e7\u00e3o do Museu de Pintura Na\u00eff e Restauro da Capela Mor de S\u00e3o Saturnino, S\u00e1t\u00e3o\",\"datePublished\":\"2026-01-20T17:16:50+00:00\",\"mainEntityOfPage\":{\"@id\":\"https:\/\/portaltela.pt\/noticias\/2026\/01\/20\/inauguracao-do-museu-de-pintura-naif-e-restauro-da-capela-mor-de-sao-saturnino-satao\/\"},\"wordCount\":262,\"image\":{\"@id\":\"https:\/\/portaltela.pt\/noticias\/2026\/01\/20\/inauguracao-do-museu-de-pintura-naif-e-restauro-da-capela-mor-de-sao-saturnino-satao\/#primaryimage\"},\"thumbnailUrl\":\"https:\/\/portaltela.pt\/s.01k8rhncp4jt1\/2026\/01\/unnamed-file-4169.jpg\",\"keywords\":[\"arte\",\"cultura\",\"Museus e Monumentos de Portugal\",\"museus\/arquivos\",\"pintura\",\"S\u00e1t\u00e3o\"],\"articleSection\":[\"Not\u00edcias\"],\"inLanguage\":\"pt-PT\"},{\"@type\":\"WebPage\",\"@id\":\"https:\/\/portaltela.pt\/noticias\/2026\/01\/20\/inauguracao-do-museu-de-pintura-naif-e-restauro-da-capela-mor-de-sao-saturnino-satao\/\",\"url\":\"https:\/\/portaltela.pt\/noticias\/2026\/01\/20\/inauguracao-do-museu-de-pintura-naif-e-restauro-da-capela-mor-de-sao-saturnino-satao\/\",\"name\":\"Inaugura\u00e7\u00e3o do Museu de Pintura Na\u00eff e Restauro da Capela Mor de S\u00e3o Saturnino, S\u00e1t\u00e3o - Portal Tela Portugal\",\"isPartOf\":{\"@id\":\"https:\/\/portaltela.pt\/#website\"},\"primaryImageOfPage\":{\"@id\":\"https:\/\/portaltela.pt\/noticias\/2026\/01\/20\/inauguracao-do-museu-de-pintura-naif-e-restauro-da-capela-mor-de-sao-saturnino-satao\/#primaryimage\"},\"image\":{\"@id\":\"https:\/\/portaltela.pt\/noticias\/2026\/01\/20\/inauguracao-do-museu-de-pintura-naif-e-restauro-da-capela-mor-de-sao-saturnino-satao\/#primaryimage\"},\"thumbnailUrl\":\"https:\/\/portaltela.pt\/s.01k8rhncp4jt1\/2026\/01\/unnamed-file-4169.jpg\",\"datePublished\":\"2026-01-20T17:16:50+00:00\",\"author\":{\"@id\":\"https:\/\/portaltela.pt\/#\/schema\/person\/c4278d4a6028830caff9ee44b42d32ed\"},\"breadcrumb\":{\"@id\":\"https:\/\/portaltela.pt\/noticias\/2026\/01\/20\/inauguracao-do-museu-de-pintura-naif-e-restauro-da-capela-mor-de-sao-saturnino-satao\/#breadcrumb\"},\"inLanguage\":\"pt-PT\",\"potentialAction\":[{\"@type\":\"ReadAction\",\"target\":[\"https:\/\/portaltela.pt\/noticias\/2026\/01\/20\/inauguracao-do-museu-de-pintura-naif-e-restauro-da-capela-mor-de-sao-saturnino-satao\/\"]}]},{\"@type\":\"ImageObject\",\"inLanguage\":\"pt-PT\",\"@id\":\"https:\/\/portaltela.pt\/noticias\/2026\/01\/20\/inauguracao-do-museu-de-pintura-naif-e-restauro-da-capela-mor-de-sao-saturnino-satao\/#primaryimage\",\"url\":\"https:\/\/portaltela.pt\/s.01k8rhncp4jt1\/2026\/01\/unnamed-file-4169.jpg\",\"contentUrl\":\"https:\/\/portaltela.pt\/s.01k8rhncp4jt1\/2026\/01\/unnamed-file-4169.jpg\",\"width\":796,\"height\":448,\"caption\":\"Inaugura\u00e7\u00e3o do Museu de Pintura Na\u00eff e do Restauro da Capela Mor de S\u00e3o Saturnino em S\u00e1t\u00e3o\"},{\"@type\":\"BreadcrumbList\",\"@id\":\"https:\/\/portaltela.pt\/noticias\/2026\/01\/20\/inauguracao-do-museu-de-pintura-naif-e-restauro-da-capela-mor-de-sao-saturnino-satao\/#breadcrumb\",\"itemListElement\":[{\"@type\":\"ListItem\",\"position\":1,\"name\":\"In\u00edcio\",\"item\":\"https:\/\/portaltela.pt\/\"},{\"@type\":\"ListItem\",\"position\":2,\"name\":\"Inaugura\u00e7\u00e3o do Museu de Pintura Na\u00eff e Restauro da Capela Mor de S\u00e3o Saturnino, S\u00e1t\u00e3o\"}]},{\"@type\":\"WebSite\",\"@id\":\"https:\/\/portaltela.pt\/#website\",\"url\":\"https:\/\/portaltela.pt\/\",\"name\":\"Portal Tela Portugal\",\"description\":\"\",\"potentialAction\":[{\"@type\":\"SearchAction\",\"target\":{\"@type\":\"EntryPoint\",\"urlTemplate\":\"https:\/\/portaltela.pt\/?s={search_term_string}\"},\"query-input\":{\"@type\":\"PropertyValueSpecification\",\"valueRequired\":true,\"valueName\":\"search_term_string\"}}],\"inLanguage\":\"pt-PT\"},{\"@type\":\"Person\",\"@id\":\"https:\/\/portaltela.pt\/#\/schema\/person\/c4278d4a6028830caff9ee44b42d32ed\",\"name\":\"Telinha\",\"image\":{\"@type\":\"ImageObject\",\"inLanguage\":\"pt-PT\",\"@id\":\"https:\/\/portaltela.pt\/s.01k8rhncp4jt1\/2025\/11\/talking-bot-125x125.png\",\"url\":\"https:\/\/portaltela.pt\/s.01k8rhncp4jt1\/2025\/11\/talking-bot-125x125.png\",\"contentUrl\":\"https:\/\/portaltela.pt\/s.01k8rhncp4jt1\/2025\/11\/talking-bot-125x125.png\",\"caption\":\"Telinha\"},\"sameAs\":[\"https:\/\/portaltela.pt\/\"],\"url\":\"https:\/\/portaltela.pt\/por\/367410592786\/\"}]}<\/script>\n<!-- \/ Yoast SEO plugin. -->","yoast_head_json":{"title":"Inaugura\u00e7\u00e3o do Museu de Pintura Na\u00eff e Restauro da Capela Mor de S\u00e3o Saturnino, S\u00e1t\u00e3o - Portal Tela Portugal","robots":{"index":"index","follow":"follow","max-snippet":"max-snippet:-1","max-image-preview":"max-image-preview:large","max-video-preview":"max-video-preview:-1"},"og_locale":"pt_PT","og_type":"article","og_title":"Inaugura\u00e7\u00e3o do Museu de Pintura Na\u00eff e Restauro da Capela Mor de S\u00e3o Saturnino, S\u00e1t\u00e3o - Portal Tela Portugal","og_description":"Em 19 de janeiro de 2026, S\u00e1t\u00e3o inaugurou o Museu de Pintura Na\u00eff e o Restauro da Capela Mor de S\u00e3o Saturnino, nas Pedrosas. O museu resulta da doa\u00e7\u00e3o de uma casa do s\u00e9culo XVIII e da cole\u00e7\u00e3o de arte na\u00eff de Herm\u00ednio Ferreira; a cerim\u00f3nia incluiu a inaugura\u00e7\u00e3o do espa\u00e7o e a apresenta\u00e7\u00e3o de obras. A ministra da Cultura, Margarida Balseiro Lopes, esteve presente, num evento que reuniu v\u00e1rias entidades civis, militares, religiosas e comunidade local. Depois do descerramento da placa, atuou o grupo Zaatam, houve visita guiada ao museu e, para o restauro da capela, atuou o Grupo Coral das Pedrosas, com discursos do presidente da C\u00e2mara Municipal de S\u00e1t\u00e3o e do bispo de Viseu. O Museu de Pintura Na\u00eff abre ao p\u00fablico no dia 22 de janeiro, com hor\u00e1rios quinta e sexta-feira, das 09h00 \u00e0s 13h00 e das 14h00 \u00e0s 17h00, e s\u00e1bado e domingo, das 14h00 \u00e0s 17h00.","og_url":"https:\/\/portaltela.pt\/noticias\/2026\/01\/20\/inauguracao-do-museu-de-pintura-naif-e-restauro-da-capela-mor-de-sao-saturnino-satao\/","og_site_name":"Portal Tela Portugal","article_published_time":"2026-01-20T17:16:50+00:00","author":"Telinha","twitter_card":"summary_large_image","twitter_misc":{"Escrito por":"Telinha","Tempo estimado de leitura":"1 minuto"},"schema":{"@context":"https:\/\/schema.org","@graph":[{"@type":"Article","@id":"https:\/\/portaltela.pt\/noticias\/2026\/01\/20\/inauguracao-do-museu-de-pintura-naif-e-restauro-da-capela-mor-de-sao-saturnino-satao\/#article","isPartOf":{"@id":"https:\/\/portaltela.pt\/noticias\/2026\/01\/20\/inauguracao-do-museu-de-pintura-naif-e-restauro-da-capela-mor-de-sao-saturnino-satao\/"},"author":{"name":"Telinha","@id":"https:\/\/portaltela.pt\/#\/schema\/person\/c4278d4a6028830caff9ee44b42d32ed"},"headline":"Inaugura\u00e7\u00e3o do Museu de Pintura Na\u00eff e Restauro da Capela Mor de S\u00e3o Saturnino, S\u00e1t\u00e3o","datePublished":"2026-01-20T17:16:50+00:00","mainEntityOfPage":{"@id":"https:\/\/portaltela.pt\/noticias\/2026\/01\/20\/inauguracao-do-museu-de-pintura-naif-e-restauro-da-capela-mor-de-sao-saturnino-satao\/"},"wordCount":262,"image":{"@id":"https:\/\/portaltela.pt\/noticias\/2026\/01\/20\/inauguracao-do-museu-de-pintura-naif-e-restauro-da-capela-mor-de-sao-saturnino-satao\/#primaryimage"},"thumbnailUrl":"https:\/\/portaltela.pt\/s.01k8rhncp4jt1\/2026\/01\/unnamed-file-4169.jpg","keywords":["arte","cultura","Museus e Monumentos de Portugal","museus\/arquivos","pintura","S\u00e1t\u00e3o"],"articleSection":["Not\u00edcias"],"inLanguage":"pt-PT"},{"@type":"WebPage","@id":"https:\/\/portaltela.pt\/noticias\/2026\/01\/20\/inauguracao-do-museu-de-pintura-naif-e-restauro-da-capela-mor-de-sao-saturnino-satao\/","url":"https:\/\/portaltela.pt\/noticias\/2026\/01\/20\/inauguracao-do-museu-de-pintura-naif-e-restauro-da-capela-mor-de-sao-saturnino-satao\/","name":"Inaugura\u00e7\u00e3o do Museu de Pintura Na\u00eff e Restauro da Capela Mor de S\u00e3o Saturnino, S\u00e1t\u00e3o - Portal Tela Portugal","isPartOf":{"@id":"https:\/\/portaltela.pt\/#website"},"primaryImageOfPage":{"@id":"https:\/\/portaltela.pt\/noticias\/2026\/01\/20\/inauguracao-do-museu-de-pintura-naif-e-restauro-da-capela-mor-de-sao-saturnino-satao\/#primaryimage"},"image":{"@id":"https:\/\/portaltela.pt\/noticias\/2026\/01\/20\/inauguracao-do-museu-de-pintura-naif-e-restauro-da-capela-mor-de-sao-saturnino-satao\/#primaryimage"},"thumbnailUrl":"https:\/\/portaltela.pt\/s.01k8rhncp4jt1\/2026\/01\/unnamed-file-4169.jpg","datePublished":"2026-01-20T17:16:50+00:00","author":{"@id":"https:\/\/portaltela.pt\/#\/schema\/person\/c4278d4a6028830caff9ee44b42d32ed"},"breadcrumb":{"@id":"https:\/\/portaltela.pt\/noticias\/2026\/01\/20\/inauguracao-do-museu-de-pintura-naif-e-restauro-da-capela-mor-de-sao-saturnino-satao\/#breadcrumb"},"inLanguage":"pt-PT","potentialAction":[{"@type":"ReadAction","target":["https:\/\/portaltela.pt\/noticias\/2026\/01\/20\/inauguracao-do-museu-de-pintura-naif-e-restauro-da-capela-mor-de-sao-saturnino-satao\/"]}]},{"@type":"ImageObject","inLanguage":"pt-PT","@id":"https:\/\/portaltela.pt\/noticias\/2026\/01\/20\/inauguracao-do-museu-de-pintura-naif-e-restauro-da-capela-mor-de-sao-saturnino-satao\/#primaryimage","url":"https:\/\/portaltela.pt\/s.01k8rhncp4jt1\/2026\/01\/unnamed-file-4169.jpg","contentUrl":"https:\/\/portaltela.pt\/s.01k8rhncp4jt1\/2026\/01\/unnamed-file-4169.jpg","width":796,"height":448,"caption":"Inaugura\u00e7\u00e3o do Museu de Pintura Na\u00eff e do Restauro da Capela Mor de S\u00e3o Saturnino em S\u00e1t\u00e3o"},{"@type":"BreadcrumbList","@id":"https:\/\/portaltela.pt\/noticias\/2026\/01\/20\/inauguracao-do-museu-de-pintura-naif-e-restauro-da-capela-mor-de-sao-saturnino-satao\/#breadcrumb","itemListElement":[{"@type":"ListItem","position":1,"name":"In\u00edcio","item":"https:\/\/portaltela.pt\/"},{"@type":"ListItem","position":2,"name":"Inaugura\u00e7\u00e3o do Museu de Pintura Na\u00eff e Restauro da Capela Mor de S\u00e3o Saturnino, S\u00e1t\u00e3o"}]},{"@type":"WebSite","@id":"https:\/\/portaltela.pt\/#website","url":"https:\/\/portaltela.pt\/","name":"Portal Tela Portugal","description":"","potentialAction":[{"@type":"SearchAction","target":{"@type":"EntryPoint","urlTemplate":"https:\/\/portaltela.pt\/?s={search_term_string}"},"query-input":{"@type":"PropertyValueSpecification","valueRequired":true,"valueName":"search_term_string"}}],"inLanguage":"pt-PT"},{"@type":"Person","@id":"https:\/\/portaltela.pt\/#\/schema\/person\/c4278d4a6028830caff9ee44b42d32ed","name":"Telinha","image":{"@type":"ImageObject","inLanguage":"pt-PT","@id":"https:\/\/portaltela.pt\/s.01k8rhncp4jt1\/2025\/11\/talking-bot-125x125.png","url":"https:\/\/portaltela.pt\/s.01k8rhncp4jt1\/2025\/11\/talking-bot-125x125.png","contentUrl":"https:\/\/portaltela.pt\/s.01k8rhncp4jt1\/2025\/11\/talking-bot-125x125.png","caption":"Telinha"},"sameAs":["https:\/\/portaltela.pt\/"],"url":"https:\/\/portaltela.pt\/por\/367410592786\/"}]}},"_links":{"self":[{"href":"https:\/\/portaltela.pt\/api\/wp\/v2\/posts\/157064","targetHints":{"allow":["GET"]}}],"collection":[{"href":"https:\/\/portaltela.pt\/api\/wp\/v2\/posts"}],"about":[{"href":"https:\/\/portaltela.pt\/api\/wp\/v2\/types\/post"}],"author":[{"embeddable":true,"href":"https:\/\/portaltela.pt\/api\/wp\/v2\/users\/2"}],"replies":[{"embeddable":true,"href":"https:\/\/portaltela.pt\/api\/wp\/v2\/comments?post=157064"}],"version-history":[{"count":0,"href":"https:\/\/portaltela.pt\/api\/wp\/v2\/posts\/157064\/revisions"}],"wp:featuredmedia":[{"embeddable":true,"href":"https:\/\/portaltela.pt\/api\/wp\/v2\/media\/157077"}],"wp:attachment":[{"href":"https:\/\/portaltela.pt\/api\/wp\/v2\/media?parent=157064"}],"wp:term":[{"taxonomy":"category","embeddable":true,"href":"https:\/\/portaltela.pt\/api\/wp\/v2\/categories?post=157064"},{"taxonomy":"post_tag","embeddable":true,"href":"https:\/\/portaltela.pt\/api\/wp\/v2\/tags?post=157064"}],"curies":[{"name":"wp","href":"https:\/\/api.w.org\/{rel}","templated":true}]}}