{"id":157003,"date":"2026-01-20T14:13:42","date_gmt":"2026-01-20T17:13:42","guid":{"rendered":"https:\/\/portaltela.pt\/noticias\/2026\/01\/20\/joao-paulo-sousa-recorda-acidente-grave-que-o-levou-a-tomar-decisao-radical\/"},"modified":"2026-01-20T14:13:42","modified_gmt":"2026-01-20T17:13:42","slug":"joao-paulo-sousa-recorda-acidente-grave-que-o-levou-a-tomar-decisao-radical","status":"publish","type":"post","link":"https:\/\/portaltela.pt\/noticias\/2026\/01\/20\/joao-paulo-sousa-recorda-acidente-grave-que-o-levou-a-tomar-decisao-radical\/","title":{"rendered":"Jo\u00e3o Paulo Sousa recorda acidente grave que o levou a tomar decis\u00e3o radical"},"content":{"rendered":"<p>Jo\u00e3o Paulo Sousa recorreu \u00e0s redes sociais para recordar um momento decisivo da sua vida. Nesta segunda-feira, 19 de janeiro, o apresentador abriu uma caixa de perguntas no Instagram e respondeu a curiosidades dos seguidores. O tema central foi um acidente ocorrido em 2016 que o levou a alterar h\u00e1bitos.<\/p>\n<p>O apresentador do Doming\u00e3o, da SIC, explicou que o acidente foi grave e que a rea\u00e7\u00e3o da mulher, Adriana Gomes, pesou na decis\u00e3o. A situa\u00e7\u00e3o n\u00e3o ficou apenas pela gravidade do epis\u00f3dio, mas pela forma como a companheira assustou-se com as consequ\u00eancias.<\/p>\n<p>Apesar de ainda gostar de motas, Sousa afirmou ter passado a colocar a fam\u00edlia em primeiro lugar. Diz que, de vez em quando, ainda anda em motas de amigos, mas n\u00e3o pretende ter uma mota pr\u00f3pria. O custo humano do acidente foi determinante na decis\u00e3o.<\/p>\n<h3>Mudan\u00e7a de prioridade<\/h3>\n<p>No final, refor\u00e7ou que escolheu priorizar a fam\u00edlia em vez dos prazeres pessoais. Reafirmou, no entanto, o gosto antigo por motociclos, mas assume que a recupera\u00e7\u00e3o foi o elemento decisivo para a altera\u00e7\u00e3o de rumo.<\/p>\n","protected":false},"excerpt":{"rendered":"<ul>\n<li>Jo\u00e3o Paulo Sousa recordou num live de perguntas no Instagram um momento dif\u00edcil da sua vida, em que falou de um grave acidente ocorrido em 2016.<\/li>\n<li>A rea\u00e7\u00e3o da sua mulher, Adriana Gomes, foi determinante para tomar a decis\u00e3o de deixar de ter mota.<\/li>\n<li>O apresentador explicou que continua a gostar de motas, mas j\u00e1 n\u00e3o tem uma mota pr\u00f3pria e s\u00f3 anda em motas de amigos.<\/li>\n<li>Disse que privilegiou a fam\u00edlia e que a recupera\u00e7\u00e3o do acidente pesou mais do que os prazeres pessoais.<\/li>\n<li>Refor\u00e7ou que, apesar de o gostar, optou por colocar a fam\u00edlia em primeiro lugar e n\u00e3o voltar a ter mota pr\u00f3pria.<\/li>\n<\/ul>\n","protected":false},"author":2,"featured_media":157030,"comment_status":"closed","ping_status":"closed","sticky":false,"template":"","format":"standard","meta":{"footnotes":""},"categories":[12,1],"tags":[2088,64,148,3585,1196],"class_list":["post-157003","post","type-post","status-publish","format-standard","has-post-thumbnail","hentry","category-entretenimento","category-noticias","tag-acidente-de-viacao","tag-familia","tag-familias","tag-motas","tag-vida-privada"],"yoast_head":"<!-- This site is optimized with the Yoast SEO plugin v27.2 - https:\/\/yoast.com\/product\/yoast-seo-wordpress\/ -->\n<title>Jo\u00e3o Paulo Sousa recorda acidente grave que o levou a tomar decis\u00e3o radical - Portal Tela Portugal<\/title>\n<meta name=\"robots\" content=\"index, follow, max-snippet:-1, max-image-preview:large, max-video-preview:-1\" \/>\n<meta property=\"og:locale\" content=\"pt_PT\" \/>\n<meta property=\"og:type\" content=\"article\" \/>\n<meta property=\"og:title\" content=\"Jo\u00e3o Paulo Sousa recorda acidente grave que o levou a tomar decis\u00e3o radical - Portal Tela Portugal\" \/>\n<meta property=\"og:description\" content=\"Jo\u00e3o Paulo Sousa recordou num live de perguntas no Instagram um momento dif\u00edcil da sua vida, em que falou de um grave acidente ocorrido em 2016. A rea\u00e7\u00e3o da sua mulher, Adriana Gomes, foi determinante para tomar a decis\u00e3o de deixar de ter mota. O apresentador explicou que continua a gostar de motas, mas j\u00e1 n\u00e3o tem uma mota pr\u00f3pria e s\u00f3 anda em motas de amigos. Disse que privilegiou a fam\u00edlia e que a recupera\u00e7\u00e3o do acidente pesou mais do que os prazeres pessoais. Refor\u00e7ou que, apesar de o gostar, optou por colocar a fam\u00edlia em primeiro lugar e n\u00e3o voltar a ter mota pr\u00f3pria.\" \/>\n<meta property=\"og:url\" content=\"https:\/\/portaltela.pt\/noticias\/2026\/01\/20\/joao-paulo-sousa-recorda-acidente-grave-que-o-levou-a-tomar-decisao-radical\/\" \/>\n<meta property=\"og:site_name\" content=\"Portal Tela Portugal\" \/>\n<meta property=\"article:published_time\" content=\"2026-01-20T17:13:42+00:00\" \/>\n<meta name=\"author\" content=\"Telinha\" \/>\n<meta name=\"twitter:card\" content=\"summary_large_image\" \/>\n<meta name=\"twitter:label1\" content=\"Escrito por\" \/>\n\t<meta name=\"twitter:data1\" content=\"Telinha\" \/>\n\t<meta name=\"twitter:label2\" content=\"Tempo estimado de leitura\" \/>\n\t<meta name=\"twitter:data2\" content=\"1 minuto\" \/>\n<script type=\"application\/ld+json\" class=\"yoast-schema-graph\">{\"@context\":\"https:\/\/schema.org\",\"@graph\":[{\"@type\":\"Article\",\"@id\":\"https:\/\/portaltela.pt\/noticias\/2026\/01\/20\/joao-paulo-sousa-recorda-acidente-grave-que-o-levou-a-tomar-decisao-radical\/#article\",\"isPartOf\":{\"@id\":\"https:\/\/portaltela.pt\/noticias\/2026\/01\/20\/joao-paulo-sousa-recorda-acidente-grave-que-o-levou-a-tomar-decisao-radical\/\"},\"author\":{\"name\":\"Telinha\",\"@id\":\"https:\/\/portaltela.pt\/#\/schema\/person\/c4278d4a6028830caff9ee44b42d32ed\"},\"headline\":\"Jo\u00e3o Paulo Sousa recorda acidente grave que o levou a tomar decis\u00e3o radical\",\"datePublished\":\"2026-01-20T17:13:42+00:00\",\"mainEntityOfPage\":{\"@id\":\"https:\/\/portaltela.pt\/noticias\/2026\/01\/20\/joao-paulo-sousa-recorda-acidente-grave-que-o-levou-a-tomar-decisao-radical\/\"},\"wordCount\":206,\"image\":{\"@id\":\"https:\/\/portaltela.pt\/noticias\/2026\/01\/20\/joao-paulo-sousa-recorda-acidente-grave-que-o-levou-a-tomar-decisao-radical\/#primaryimage\"},\"thumbnailUrl\":\"https:\/\/portaltela.pt\/s.01k8rhncp4jt1\/2026\/01\/img_1280x718uu2020-05-15-18-16-31-2147287-im-639045217234450598.jpg\",\"keywords\":[\"acidente de via\u00e7\u00e3o\",\"fam\u00edlia\",\"fam\u00edlias\",\"motas\",\"Vida Privada\"],\"articleSection\":[\"Entretenimento\",\"Not\u00edcias\"],\"inLanguage\":\"pt-PT\"},{\"@type\":\"WebPage\",\"@id\":\"https:\/\/portaltela.pt\/noticias\/2026\/01\/20\/joao-paulo-sousa-recorda-acidente-grave-que-o-levou-a-tomar-decisao-radical\/\",\"url\":\"https:\/\/portaltela.pt\/noticias\/2026\/01\/20\/joao-paulo-sousa-recorda-acidente-grave-que-o-levou-a-tomar-decisao-radical\/\",\"name\":\"Jo\u00e3o Paulo Sousa recorda acidente grave que o levou a tomar decis\u00e3o radical - Portal Tela Portugal\",\"isPartOf\":{\"@id\":\"https:\/\/portaltela.pt\/#website\"},\"primaryImageOfPage\":{\"@id\":\"https:\/\/portaltela.pt\/noticias\/2026\/01\/20\/joao-paulo-sousa-recorda-acidente-grave-que-o-levou-a-tomar-decisao-radical\/#primaryimage\"},\"image\":{\"@id\":\"https:\/\/portaltela.pt\/noticias\/2026\/01\/20\/joao-paulo-sousa-recorda-acidente-grave-que-o-levou-a-tomar-decisao-radical\/#primaryimage\"},\"thumbnailUrl\":\"https:\/\/portaltela.pt\/s.01k8rhncp4jt1\/2026\/01\/img_1280x718uu2020-05-15-18-16-31-2147287-im-639045217234450598.jpg\",\"datePublished\":\"2026-01-20T17:13:42+00:00\",\"author\":{\"@id\":\"https:\/\/portaltela.pt\/#\/schema\/person\/c4278d4a6028830caff9ee44b42d32ed\"},\"breadcrumb\":{\"@id\":\"https:\/\/portaltela.pt\/noticias\/2026\/01\/20\/joao-paulo-sousa-recorda-acidente-grave-que-o-levou-a-tomar-decisao-radical\/#breadcrumb\"},\"inLanguage\":\"pt-PT\",\"potentialAction\":[{\"@type\":\"ReadAction\",\"target\":[\"https:\/\/portaltela.pt\/noticias\/2026\/01\/20\/joao-paulo-sousa-recorda-acidente-grave-que-o-levou-a-tomar-decisao-radical\/\"]}]},{\"@type\":\"ImageObject\",\"inLanguage\":\"pt-PT\",\"@id\":\"https:\/\/portaltela.pt\/noticias\/2026\/01\/20\/joao-paulo-sousa-recorda-acidente-grave-que-o-levou-a-tomar-decisao-radical\/#primaryimage\",\"url\":\"https:\/\/portaltela.pt\/s.01k8rhncp4jt1\/2026\/01\/img_1280x718uu2020-05-15-18-16-31-2147287-im-639045217234450598.jpg\",\"contentUrl\":\"https:\/\/portaltela.pt\/s.01k8rhncp4jt1\/2026\/01\/img_1280x718uu2020-05-15-18-16-31-2147287-im-639045217234450598.jpg\",\"width\":796,\"height\":448,\"caption\":\"Jo\u00e3o Paulo Sousa\"},{\"@type\":\"BreadcrumbList\",\"@id\":\"https:\/\/portaltela.pt\/noticias\/2026\/01\/20\/joao-paulo-sousa-recorda-acidente-grave-que-o-levou-a-tomar-decisao-radical\/#breadcrumb\",\"itemListElement\":[{\"@type\":\"ListItem\",\"position\":1,\"name\":\"In\u00edcio\",\"item\":\"https:\/\/portaltela.pt\/\"},{\"@type\":\"ListItem\",\"position\":2,\"name\":\"Jo\u00e3o Paulo Sousa recorda acidente grave que o levou a tomar decis\u00e3o radical\"}]},{\"@type\":\"WebSite\",\"@id\":\"https:\/\/portaltela.pt\/#website\",\"url\":\"https:\/\/portaltela.pt\/\",\"name\":\"Portal Tela Portugal\",\"description\":\"\",\"potentialAction\":[{\"@type\":\"SearchAction\",\"target\":{\"@type\":\"EntryPoint\",\"urlTemplate\":\"https:\/\/portaltela.pt\/?s={search_term_string}\"},\"query-input\":{\"@type\":\"PropertyValueSpecification\",\"valueRequired\":true,\"valueName\":\"search_term_string\"}}],\"inLanguage\":\"pt-PT\"},{\"@type\":\"Person\",\"@id\":\"https:\/\/portaltela.pt\/#\/schema\/person\/c4278d4a6028830caff9ee44b42d32ed\",\"name\":\"Telinha\",\"image\":{\"@type\":\"ImageObject\",\"inLanguage\":\"pt-PT\",\"@id\":\"https:\/\/portaltela.pt\/s.01k8rhncp4jt1\/2025\/11\/talking-bot-125x125.png\",\"url\":\"https:\/\/portaltela.pt\/s.01k8rhncp4jt1\/2025\/11\/talking-bot-125x125.png\",\"contentUrl\":\"https:\/\/portaltela.pt\/s.01k8rhncp4jt1\/2025\/11\/talking-bot-125x125.png\",\"caption\":\"Telinha\"},\"sameAs\":[\"https:\/\/portaltela.pt\/\"],\"url\":\"https:\/\/portaltela.pt\/por\/367410592786\/\"}]}<\/script>\n<!-- \/ Yoast SEO plugin. -->","yoast_head_json":{"title":"Jo\u00e3o Paulo Sousa recorda acidente grave que o levou a tomar decis\u00e3o radical - Portal Tela Portugal","robots":{"index":"index","follow":"follow","max-snippet":"max-snippet:-1","max-image-preview":"max-image-preview:large","max-video-preview":"max-video-preview:-1"},"og_locale":"pt_PT","og_type":"article","og_title":"Jo\u00e3o Paulo Sousa recorda acidente grave que o levou a tomar decis\u00e3o radical - Portal Tela Portugal","og_description":"Jo\u00e3o Paulo Sousa recordou num live de perguntas no Instagram um momento dif\u00edcil da sua vida, em que falou de um grave acidente ocorrido em 2016. A rea\u00e7\u00e3o da sua mulher, Adriana Gomes, foi determinante para tomar a decis\u00e3o de deixar de ter mota. O apresentador explicou que continua a gostar de motas, mas j\u00e1 n\u00e3o tem uma mota pr\u00f3pria e s\u00f3 anda em motas de amigos. Disse que privilegiou a fam\u00edlia e que a recupera\u00e7\u00e3o do acidente pesou mais do que os prazeres pessoais. Refor\u00e7ou que, apesar de o gostar, optou por colocar a fam\u00edlia em primeiro lugar e n\u00e3o voltar a ter mota pr\u00f3pria.","og_url":"https:\/\/portaltela.pt\/noticias\/2026\/01\/20\/joao-paulo-sousa-recorda-acidente-grave-que-o-levou-a-tomar-decisao-radical\/","og_site_name":"Portal Tela Portugal","article_published_time":"2026-01-20T17:13:42+00:00","author":"Telinha","twitter_card":"summary_large_image","twitter_misc":{"Escrito por":"Telinha","Tempo estimado de leitura":"1 minuto"},"schema":{"@context":"https:\/\/schema.org","@graph":[{"@type":"Article","@id":"https:\/\/portaltela.pt\/noticias\/2026\/01\/20\/joao-paulo-sousa-recorda-acidente-grave-que-o-levou-a-tomar-decisao-radical\/#article","isPartOf":{"@id":"https:\/\/portaltela.pt\/noticias\/2026\/01\/20\/joao-paulo-sousa-recorda-acidente-grave-que-o-levou-a-tomar-decisao-radical\/"},"author":{"name":"Telinha","@id":"https:\/\/portaltela.pt\/#\/schema\/person\/c4278d4a6028830caff9ee44b42d32ed"},"headline":"Jo\u00e3o Paulo Sousa recorda acidente grave que o levou a tomar decis\u00e3o radical","datePublished":"2026-01-20T17:13:42+00:00","mainEntityOfPage":{"@id":"https:\/\/portaltela.pt\/noticias\/2026\/01\/20\/joao-paulo-sousa-recorda-acidente-grave-que-o-levou-a-tomar-decisao-radical\/"},"wordCount":206,"image":{"@id":"https:\/\/portaltela.pt\/noticias\/2026\/01\/20\/joao-paulo-sousa-recorda-acidente-grave-que-o-levou-a-tomar-decisao-radical\/#primaryimage"},"thumbnailUrl":"https:\/\/portaltela.pt\/s.01k8rhncp4jt1\/2026\/01\/img_1280x718uu2020-05-15-18-16-31-2147287-im-639045217234450598.jpg","keywords":["acidente de via\u00e7\u00e3o","fam\u00edlia","fam\u00edlias","motas","Vida Privada"],"articleSection":["Entretenimento","Not\u00edcias"],"inLanguage":"pt-PT"},{"@type":"WebPage","@id":"https:\/\/portaltela.pt\/noticias\/2026\/01\/20\/joao-paulo-sousa-recorda-acidente-grave-que-o-levou-a-tomar-decisao-radical\/","url":"https:\/\/portaltela.pt\/noticias\/2026\/01\/20\/joao-paulo-sousa-recorda-acidente-grave-que-o-levou-a-tomar-decisao-radical\/","name":"Jo\u00e3o Paulo Sousa recorda acidente grave que o levou a tomar decis\u00e3o radical - Portal Tela Portugal","isPartOf":{"@id":"https:\/\/portaltela.pt\/#website"},"primaryImageOfPage":{"@id":"https:\/\/portaltela.pt\/noticias\/2026\/01\/20\/joao-paulo-sousa-recorda-acidente-grave-que-o-levou-a-tomar-decisao-radical\/#primaryimage"},"image":{"@id":"https:\/\/portaltela.pt\/noticias\/2026\/01\/20\/joao-paulo-sousa-recorda-acidente-grave-que-o-levou-a-tomar-decisao-radical\/#primaryimage"},"thumbnailUrl":"https:\/\/portaltela.pt\/s.01k8rhncp4jt1\/2026\/01\/img_1280x718uu2020-05-15-18-16-31-2147287-im-639045217234450598.jpg","datePublished":"2026-01-20T17:13:42+00:00","author":{"@id":"https:\/\/portaltela.pt\/#\/schema\/person\/c4278d4a6028830caff9ee44b42d32ed"},"breadcrumb":{"@id":"https:\/\/portaltela.pt\/noticias\/2026\/01\/20\/joao-paulo-sousa-recorda-acidente-grave-que-o-levou-a-tomar-decisao-radical\/#breadcrumb"},"inLanguage":"pt-PT","potentialAction":[{"@type":"ReadAction","target":["https:\/\/portaltela.pt\/noticias\/2026\/01\/20\/joao-paulo-sousa-recorda-acidente-grave-que-o-levou-a-tomar-decisao-radical\/"]}]},{"@type":"ImageObject","inLanguage":"pt-PT","@id":"https:\/\/portaltela.pt\/noticias\/2026\/01\/20\/joao-paulo-sousa-recorda-acidente-grave-que-o-levou-a-tomar-decisao-radical\/#primaryimage","url":"https:\/\/portaltela.pt\/s.01k8rhncp4jt1\/2026\/01\/img_1280x718uu2020-05-15-18-16-31-2147287-im-639045217234450598.jpg","contentUrl":"https:\/\/portaltela.pt\/s.01k8rhncp4jt1\/2026\/01\/img_1280x718uu2020-05-15-18-16-31-2147287-im-639045217234450598.jpg","width":796,"height":448,"caption":"Jo\u00e3o Paulo Sousa"},{"@type":"BreadcrumbList","@id":"https:\/\/portaltela.pt\/noticias\/2026\/01\/20\/joao-paulo-sousa-recorda-acidente-grave-que-o-levou-a-tomar-decisao-radical\/#breadcrumb","itemListElement":[{"@type":"ListItem","position":1,"name":"In\u00edcio","item":"https:\/\/portaltela.pt\/"},{"@type":"ListItem","position":2,"name":"Jo\u00e3o Paulo Sousa recorda acidente grave que o levou a tomar decis\u00e3o radical"}]},{"@type":"WebSite","@id":"https:\/\/portaltela.pt\/#website","url":"https:\/\/portaltela.pt\/","name":"Portal Tela Portugal","description":"","potentialAction":[{"@type":"SearchAction","target":{"@type":"EntryPoint","urlTemplate":"https:\/\/portaltela.pt\/?s={search_term_string}"},"query-input":{"@type":"PropertyValueSpecification","valueRequired":true,"valueName":"search_term_string"}}],"inLanguage":"pt-PT"},{"@type":"Person","@id":"https:\/\/portaltela.pt\/#\/schema\/person\/c4278d4a6028830caff9ee44b42d32ed","name":"Telinha","image":{"@type":"ImageObject","inLanguage":"pt-PT","@id":"https:\/\/portaltela.pt\/s.01k8rhncp4jt1\/2025\/11\/talking-bot-125x125.png","url":"https:\/\/portaltela.pt\/s.01k8rhncp4jt1\/2025\/11\/talking-bot-125x125.png","contentUrl":"https:\/\/portaltela.pt\/s.01k8rhncp4jt1\/2025\/11\/talking-bot-125x125.png","caption":"Telinha"},"sameAs":["https:\/\/portaltela.pt\/"],"url":"https:\/\/portaltela.pt\/por\/367410592786\/"}]}},"_links":{"self":[{"href":"https:\/\/portaltela.pt\/api\/wp\/v2\/posts\/157003","targetHints":{"allow":["GET"]}}],"collection":[{"href":"https:\/\/portaltela.pt\/api\/wp\/v2\/posts"}],"about":[{"href":"https:\/\/portaltela.pt\/api\/wp\/v2\/types\/post"}],"author":[{"embeddable":true,"href":"https:\/\/portaltela.pt\/api\/wp\/v2\/users\/2"}],"replies":[{"embeddable":true,"href":"https:\/\/portaltela.pt\/api\/wp\/v2\/comments?post=157003"}],"version-history":[{"count":0,"href":"https:\/\/portaltela.pt\/api\/wp\/v2\/posts\/157003\/revisions"}],"wp:featuredmedia":[{"embeddable":true,"href":"https:\/\/portaltela.pt\/api\/wp\/v2\/media\/157030"}],"wp:attachment":[{"href":"https:\/\/portaltela.pt\/api\/wp\/v2\/media?parent=157003"}],"wp:term":[{"taxonomy":"category","embeddable":true,"href":"https:\/\/portaltela.pt\/api\/wp\/v2\/categories?post=157003"},{"taxonomy":"post_tag","embeddable":true,"href":"https:\/\/portaltela.pt\/api\/wp\/v2\/tags?post=157003"}],"curies":[{"name":"wp","href":"https:\/\/api.w.org\/{rel}","templated":true}]}}