{"id":156951,"date":"2026-01-20T13:26:59","date_gmt":"2026-01-20T16:26:59","guid":{"rendered":"https:\/\/portaltela.pt\/noticias\/2026\/01\/20\/ocde-comercio-ilicito-ameaca-economia-global-e-empregos\/"},"modified":"2026-01-20T13:26:59","modified_gmt":"2026-01-20T16:26:59","slug":"ocde-comercio-ilicito-ameaca-economia-global-e-empregos","status":"publish","type":"post","link":"https:\/\/portaltela.pt\/noticias\/economia\/2026\/01\/20\/ocde-comercio-ilicito-ameaca-economia-global-e-empregos\/","title":{"rendered":"OCDE: Com\u00e9rcio il\u00edcito amea\u00e7a economia global e empregos"},"content":{"rendered":"<p>O relat\u00f3rio divulgado hoje pela OCDE, em parceria com o Instituto da Propriedade Intelectual da Uni\u00e3o Europeia (EUIPO), alerta para o impacto do com\u00e9rcio il\u00edcito. A contrafa\u00e7\u00e3o representa cerca de 467 mil milh\u00f5es de d\u00f3lares no com\u00e9rcio mundial, constituindo uma amea\u00e7a significativa \u00e0 economia global e aos trabalhadores.<\/p>\n<p>A investiga\u00e7\u00e3o associa fortemente o com\u00e9rcio de produtos falsificados \u00e0 explora\u00e7\u00e3o laboral. O estudo analisa liga\u00e7\u00f5es entre o volume de contrafa\u00e7\u00e3o e condi\u00e7\u00f5es prec\u00e1rias no mercado de trabalho, incluindo trabalho infantil, informalidade e jornadas longas.<\/p>\n<p>Segundo o relat\u00f3rio, pa\u00edses que s\u00e3o fontes ou corredores de falsifica\u00e7\u00f5es apresentam n\u00edveis mais elevados de explora\u00e7\u00e3o. Observa-se maior incid\u00eancia de acidentes de trabalho fatais e prote\u00e7\u00f5es laborais mais fracas nesses contextos.<\/p>\n<p>A pesquisa tamb\u00e9m sustenta que a fraca prote\u00e7\u00e3o laboral facilita a atua\u00e7\u00e3o de falsificadores, que recorrem a trabalhadores vulner\u00e1veis para reduzir custos. Produ\u00e7\u00e3o il\u00edcita tende a prosperar onde h\u00e1 m\u00e3o de obra pouco regulada e facilmente substitu\u00edvel.<\/p>\n<p>Grupos criminosos envolvidos dependem sistematicamente de trabalhadores vulner\u00e1veis para maximizar lucros, operando fora de estruturas regulat\u00f3rias. O estudo recomenda uma a\u00e7\u00e3o pol\u00edtica integrada para proteger trabalhadores e reduzir o impacto econ\u00f3mico.<\/p>\n<p>Entre as medidas sugeridas est\u00e3o o refor\u00e7o das normas laborais, melhoria da fiscaliza\u00e7\u00e3o e combate ao com\u00e9rcio de falsificados. O relat\u00f3rio defende maior partilha de dados, atua\u00e7\u00e3o coordenada e maior integra\u00e7\u00e3o entre fiscaliza\u00e7\u00e3o aduaneira e inspe\u00e7\u00f5es laborais.<\/p>\n<p>Tamb\u00e9m \u00e9 enfatizada a necessidade de promover padr\u00f5es elevados de trabalho como forma de sustentar um com\u00e9rcio global limpo e competitivo. O documento destaca ainda a import\u00e2ncia de proteger sistemas de prote\u00e7\u00e3o social e de fortalecer a responsabilidade empresarial.<\/p>\n<h3>Contexto e medidas previstas<\/h3>\n<p>A investiga\u00e7\u00e3o defende maior coopera\u00e7\u00e3o entre ag\u00eancias p\u00fablicas, fiscaliza\u00e7\u00e3o mais eficaz e a\u00e7\u00f5es voltadas para reduzir a vulnerabilidade laboral. O objetivo \u00e9 desincentivar a produ\u00e7\u00e3o il\u00edcita sem prejudicar cadeias de abastecimento leg\u00edtimas.<\/p>\n","protected":false},"excerpt":{"rendered":"<ul>\n<li>O estudo conjunto da OCDE e do Instituto de Propriedade Intelectual da Uni\u00e3o Europeia calcula que o com\u00e9rcio il\u00edcito de contrafa\u00e7\u00e3o fatura 467 mil milh\u00f5es de d\u00f3lares por ano, amea\u00e7ando a economia global e os trabalhadores.<\/li>\n<li>Aponta para uma liga\u00e7\u00e3o robusta entre o com\u00e9rcio de produtos falsificados e a explora\u00e7\u00e3o laboral, com fortes associa\u00e7\u00f5es entre a intensidade das contrafa\u00e7\u00f5es e condi\u00e7\u00f5es de trabalho prec\u00e1rias.<\/li>\n<li>Pa\u00edses de origem ou tr\u00e2nsito de contrafa\u00e7\u00e3o tendem a ter n\u00edveis mais elevados de explora\u00e7\u00e3o laboral, incluindo trabalho infantil, emprego informal e jornadas longas.<\/li>\n<li>Grupos criminosos que atuam neste neg\u00f3cio dependem de trabalhadores vulner\u00e1veis para reduzir custos e maximizar lucros, explorando a produ\u00e7\u00e3o fora de estruturas regulat\u00f3rias.<\/li>\n<li>O relat\u00f3rio defende uma a\u00e7\u00e3o pol\u00edtica integrada: refor\u00e7ar normas laborais, melhorar a coopera\u00e7\u00e3o entre fiscaliza\u00e7\u00e3o aduaneira e inspe\u00e7\u00f5es laborais, aumentar a partilha de dados e potenciar a prote\u00e7\u00e3o social para combater o com\u00e9rcio il\u00edcito.<\/li>\n<\/ul>\n","protected":false},"author":2,"featured_media":156973,"comment_status":"closed","ping_status":"closed","sticky":false,"template":"","format":"standard","meta":{"footnotes":""},"categories":[2],"tags":[2026,244,521,2221,695,2201],"class_list":["post-156951","post","type-post","status-publish","format-standard","has-post-thumbnail","hentry","category-economia","tag-cadeias-de-abastecimento","tag-comercio","tag-contrafacao","tag-exploracao-de-menores-dependente-ou-em-situacao-vulneravel","tag-fiscalizacao","tag-trabalho"],"yoast_head":"<!-- This site is optimized with the Yoast SEO plugin v27.2 - https:\/\/yoast.com\/product\/yoast-seo-wordpress\/ -->\n<title>OCDE: Com\u00e9rcio il\u00edcito amea\u00e7a economia global e empregos - Portal Tela Portugal<\/title>\n<meta name=\"robots\" content=\"index, follow, max-snippet:-1, max-image-preview:large, max-video-preview:-1\" \/>\n<meta property=\"og:locale\" content=\"pt_PT\" \/>\n<meta property=\"og:type\" content=\"article\" \/>\n<meta property=\"og:title\" content=\"OCDE: Com\u00e9rcio il\u00edcito amea\u00e7a economia global e empregos - Portal Tela Portugal\" \/>\n<meta property=\"og:description\" content=\"O estudo conjunto da OCDE e do Instituto de Propriedade Intelectual da Uni\u00e3o Europeia calcula que o com\u00e9rcio il\u00edcito de contrafa\u00e7\u00e3o fatura 467 mil milh\u00f5es de d\u00f3lares por ano, amea\u00e7ando a economia global e os trabalhadores. Aponta para uma liga\u00e7\u00e3o robusta entre o com\u00e9rcio de produtos falsificados e a explora\u00e7\u00e3o laboral, com fortes associa\u00e7\u00f5es entre a intensidade das contrafa\u00e7\u00f5es e condi\u00e7\u00f5es de trabalho prec\u00e1rias. Pa\u00edses de origem ou tr\u00e2nsito de contrafa\u00e7\u00e3o tendem a ter n\u00edveis mais elevados de explora\u00e7\u00e3o laboral, incluindo trabalho infantil, emprego informal e jornadas longas. Grupos criminosos que atuam neste neg\u00f3cio dependem de trabalhadores vulner\u00e1veis para reduzir custos e maximizar lucros, explorando a produ\u00e7\u00e3o fora de estruturas regulat\u00f3rias. O relat\u00f3rio defende uma a\u00e7\u00e3o pol\u00edtica integrada: refor\u00e7ar normas laborais, melhorar a coopera\u00e7\u00e3o entre fiscaliza\u00e7\u00e3o aduaneira e inspe\u00e7\u00f5es laborais, aumentar a partilha de dados e potenciar a prote\u00e7\u00e3o social para combater o com\u00e9rcio il\u00edcito.\" \/>\n<meta property=\"og:url\" content=\"https:\/\/portaltela.pt\/noticias\/2026\/01\/20\/ocde-comercio-ilicito-ameaca-economia-global-e-empregos\/\" \/>\n<meta property=\"og:site_name\" content=\"Portal Tela Portugal\" \/>\n<meta property=\"article:published_time\" content=\"2026-01-20T16:26:59+00:00\" \/>\n<meta name=\"author\" content=\"Telinha\" \/>\n<meta name=\"twitter:card\" content=\"summary_large_image\" \/>\n<meta name=\"twitter:label1\" content=\"Escrito por\" \/>\n\t<meta name=\"twitter:data1\" content=\"Telinha\" \/>\n\t<meta name=\"twitter:label2\" content=\"Tempo estimado de leitura\" \/>\n\t<meta name=\"twitter:data2\" content=\"2 minutos\" \/>\n<script type=\"application\/ld+json\" class=\"yoast-schema-graph\">{\"@context\":\"https:\/\/schema.org\",\"@graph\":[{\"@type\":\"Article\",\"@id\":\"https:\/\/portaltela.pt\/noticias\/2026\/01\/20\/ocde-comercio-ilicito-ameaca-economia-global-e-empregos\/#article\",\"isPartOf\":{\"@id\":\"https:\/\/portaltela.pt\/noticias\/2026\/01\/20\/ocde-comercio-ilicito-ameaca-economia-global-e-empregos\/\"},\"author\":{\"name\":\"Telinha\",\"@id\":\"https:\/\/portaltela.pt\/#\/schema\/person\/c4278d4a6028830caff9ee44b42d32ed\"},\"headline\":\"OCDE: Com\u00e9rcio il\u00edcito amea\u00e7a economia global e empregos\",\"datePublished\":\"2026-01-20T16:26:59+00:00\",\"mainEntityOfPage\":{\"@id\":\"https:\/\/portaltela.pt\/noticias\/2026\/01\/20\/ocde-comercio-ilicito-ameaca-economia-global-e-empregos\/\"},\"wordCount\":361,\"image\":{\"@id\":\"https:\/\/portaltela.pt\/noticias\/2026\/01\/20\/ocde-comercio-ilicito-ameaca-economia-global-e-empregos\/#primaryimage\"},\"thumbnailUrl\":\"https:\/\/portaltela.pt\/s.01k8rhncp4jt1\/2026\/01\/unnamed-file-4161.jpg\",\"keywords\":[\"cadeias de abastecimento\",\"com\u00e9rcio\",\"contrafa\u00e7\u00e3o\",\"explora\u00e7\u00e3o de menores dependente ou em situa\u00e7\u00e3o vulner\u00e1vel\",\"fiscaliza\u00e7\u00e3o\",\"trabalho\"],\"articleSection\":[\"Economia\"],\"inLanguage\":\"pt-PT\"},{\"@type\":\"WebPage\",\"@id\":\"https:\/\/portaltela.pt\/noticias\/2026\/01\/20\/ocde-comercio-ilicito-ameaca-economia-global-e-empregos\/\",\"url\":\"https:\/\/portaltela.pt\/noticias\/2026\/01\/20\/ocde-comercio-ilicito-ameaca-economia-global-e-empregos\/\",\"name\":\"OCDE: Com\u00e9rcio il\u00edcito amea\u00e7a economia global e empregos - Portal Tela Portugal\",\"isPartOf\":{\"@id\":\"https:\/\/portaltela.pt\/#website\"},\"primaryImageOfPage\":{\"@id\":\"https:\/\/portaltela.pt\/noticias\/2026\/01\/20\/ocde-comercio-ilicito-ameaca-economia-global-e-empregos\/#primaryimage\"},\"image\":{\"@id\":\"https:\/\/portaltela.pt\/noticias\/2026\/01\/20\/ocde-comercio-ilicito-ameaca-economia-global-e-empregos\/#primaryimage\"},\"thumbnailUrl\":\"https:\/\/portaltela.pt\/s.01k8rhncp4jt1\/2026\/01\/unnamed-file-4161.jpg\",\"datePublished\":\"2026-01-20T16:26:59+00:00\",\"author\":{\"@id\":\"https:\/\/portaltela.pt\/#\/schema\/person\/c4278d4a6028830caff9ee44b42d32ed\"},\"breadcrumb\":{\"@id\":\"https:\/\/portaltela.pt\/noticias\/2026\/01\/20\/ocde-comercio-ilicito-ameaca-economia-global-e-empregos\/#breadcrumb\"},\"inLanguage\":\"pt-PT\",\"potentialAction\":[{\"@type\":\"ReadAction\",\"target\":[\"https:\/\/portaltela.pt\/noticias\/2026\/01\/20\/ocde-comercio-ilicito-ameaca-economia-global-e-empregos\/\"]}]},{\"@type\":\"ImageObject\",\"inLanguage\":\"pt-PT\",\"@id\":\"https:\/\/portaltela.pt\/noticias\/2026\/01\/20\/ocde-comercio-ilicito-ameaca-economia-global-e-empregos\/#primaryimage\",\"url\":\"https:\/\/portaltela.pt\/s.01k8rhncp4jt1\/2026\/01\/unnamed-file-4161.jpg\",\"contentUrl\":\"https:\/\/portaltela.pt\/s.01k8rhncp4jt1\/2026\/01\/unnamed-file-4161.jpg\",\"width\":796,\"height\":448,\"caption\":\"OCDE: Com\u00e9rcio il\u00edcito amea\u00e7a economia global, pessoas e trabalho\"},{\"@type\":\"BreadcrumbList\",\"@id\":\"https:\/\/portaltela.pt\/noticias\/2026\/01\/20\/ocde-comercio-ilicito-ameaca-economia-global-e-empregos\/#breadcrumb\",\"itemListElement\":[{\"@type\":\"ListItem\",\"position\":1,\"name\":\"In\u00edcio\",\"item\":\"https:\/\/portaltela.pt\/\"},{\"@type\":\"ListItem\",\"position\":2,\"name\":\"OCDE: Com\u00e9rcio il\u00edcito amea\u00e7a economia global e empregos\"}]},{\"@type\":\"WebSite\",\"@id\":\"https:\/\/portaltela.pt\/#website\",\"url\":\"https:\/\/portaltela.pt\/\",\"name\":\"Portal Tela Portugal\",\"description\":\"\",\"potentialAction\":[{\"@type\":\"SearchAction\",\"target\":{\"@type\":\"EntryPoint\",\"urlTemplate\":\"https:\/\/portaltela.pt\/?s={search_term_string}\"},\"query-input\":{\"@type\":\"PropertyValueSpecification\",\"valueRequired\":true,\"valueName\":\"search_term_string\"}}],\"inLanguage\":\"pt-PT\"},{\"@type\":\"Person\",\"@id\":\"https:\/\/portaltela.pt\/#\/schema\/person\/c4278d4a6028830caff9ee44b42d32ed\",\"name\":\"Telinha\",\"image\":{\"@type\":\"ImageObject\",\"inLanguage\":\"pt-PT\",\"@id\":\"https:\/\/portaltela.pt\/s.01k8rhncp4jt1\/2025\/11\/talking-bot-125x125.png\",\"url\":\"https:\/\/portaltela.pt\/s.01k8rhncp4jt1\/2025\/11\/talking-bot-125x125.png\",\"contentUrl\":\"https:\/\/portaltela.pt\/s.01k8rhncp4jt1\/2025\/11\/talking-bot-125x125.png\",\"caption\":\"Telinha\"},\"sameAs\":[\"https:\/\/portaltela.pt\/\"],\"url\":\"https:\/\/portaltela.pt\/por\/367410592786\/\"}]}<\/script>\n<!-- \/ Yoast SEO plugin. -->","yoast_head_json":{"title":"OCDE: Com\u00e9rcio il\u00edcito amea\u00e7a economia global e empregos - Portal Tela Portugal","robots":{"index":"index","follow":"follow","max-snippet":"max-snippet:-1","max-image-preview":"max-image-preview:large","max-video-preview":"max-video-preview:-1"},"og_locale":"pt_PT","og_type":"article","og_title":"OCDE: Com\u00e9rcio il\u00edcito amea\u00e7a economia global e empregos - Portal Tela Portugal","og_description":"O estudo conjunto da OCDE e do Instituto de Propriedade Intelectual da Uni\u00e3o Europeia calcula que o com\u00e9rcio il\u00edcito de contrafa\u00e7\u00e3o fatura 467 mil milh\u00f5es de d\u00f3lares por ano, amea\u00e7ando a economia global e os trabalhadores. Aponta para uma liga\u00e7\u00e3o robusta entre o com\u00e9rcio de produtos falsificados e a explora\u00e7\u00e3o laboral, com fortes associa\u00e7\u00f5es entre a intensidade das contrafa\u00e7\u00f5es e condi\u00e7\u00f5es de trabalho prec\u00e1rias. Pa\u00edses de origem ou tr\u00e2nsito de contrafa\u00e7\u00e3o tendem a ter n\u00edveis mais elevados de explora\u00e7\u00e3o laboral, incluindo trabalho infantil, emprego informal e jornadas longas. Grupos criminosos que atuam neste neg\u00f3cio dependem de trabalhadores vulner\u00e1veis para reduzir custos e maximizar lucros, explorando a produ\u00e7\u00e3o fora de estruturas regulat\u00f3rias. O relat\u00f3rio defende uma a\u00e7\u00e3o pol\u00edtica integrada: refor\u00e7ar normas laborais, melhorar a coopera\u00e7\u00e3o entre fiscaliza\u00e7\u00e3o aduaneira e inspe\u00e7\u00f5es laborais, aumentar a partilha de dados e potenciar a prote\u00e7\u00e3o social para combater o com\u00e9rcio il\u00edcito.","og_url":"https:\/\/portaltela.pt\/noticias\/2026\/01\/20\/ocde-comercio-ilicito-ameaca-economia-global-e-empregos\/","og_site_name":"Portal Tela Portugal","article_published_time":"2026-01-20T16:26:59+00:00","author":"Telinha","twitter_card":"summary_large_image","twitter_misc":{"Escrito por":"Telinha","Tempo estimado de leitura":"2 minutos"},"schema":{"@context":"https:\/\/schema.org","@graph":[{"@type":"Article","@id":"https:\/\/portaltela.pt\/noticias\/2026\/01\/20\/ocde-comercio-ilicito-ameaca-economia-global-e-empregos\/#article","isPartOf":{"@id":"https:\/\/portaltela.pt\/noticias\/2026\/01\/20\/ocde-comercio-ilicito-ameaca-economia-global-e-empregos\/"},"author":{"name":"Telinha","@id":"https:\/\/portaltela.pt\/#\/schema\/person\/c4278d4a6028830caff9ee44b42d32ed"},"headline":"OCDE: Com\u00e9rcio il\u00edcito amea\u00e7a economia global e empregos","datePublished":"2026-01-20T16:26:59+00:00","mainEntityOfPage":{"@id":"https:\/\/portaltela.pt\/noticias\/2026\/01\/20\/ocde-comercio-ilicito-ameaca-economia-global-e-empregos\/"},"wordCount":361,"image":{"@id":"https:\/\/portaltela.pt\/noticias\/2026\/01\/20\/ocde-comercio-ilicito-ameaca-economia-global-e-empregos\/#primaryimage"},"thumbnailUrl":"https:\/\/portaltela.pt\/s.01k8rhncp4jt1\/2026\/01\/unnamed-file-4161.jpg","keywords":["cadeias de abastecimento","com\u00e9rcio","contrafa\u00e7\u00e3o","explora\u00e7\u00e3o de menores dependente ou em situa\u00e7\u00e3o vulner\u00e1vel","fiscaliza\u00e7\u00e3o","trabalho"],"articleSection":["Economia"],"inLanguage":"pt-PT"},{"@type":"WebPage","@id":"https:\/\/portaltela.pt\/noticias\/2026\/01\/20\/ocde-comercio-ilicito-ameaca-economia-global-e-empregos\/","url":"https:\/\/portaltela.pt\/noticias\/2026\/01\/20\/ocde-comercio-ilicito-ameaca-economia-global-e-empregos\/","name":"OCDE: Com\u00e9rcio il\u00edcito amea\u00e7a economia global e empregos - Portal Tela Portugal","isPartOf":{"@id":"https:\/\/portaltela.pt\/#website"},"primaryImageOfPage":{"@id":"https:\/\/portaltela.pt\/noticias\/2026\/01\/20\/ocde-comercio-ilicito-ameaca-economia-global-e-empregos\/#primaryimage"},"image":{"@id":"https:\/\/portaltela.pt\/noticias\/2026\/01\/20\/ocde-comercio-ilicito-ameaca-economia-global-e-empregos\/#primaryimage"},"thumbnailUrl":"https:\/\/portaltela.pt\/s.01k8rhncp4jt1\/2026\/01\/unnamed-file-4161.jpg","datePublished":"2026-01-20T16:26:59+00:00","author":{"@id":"https:\/\/portaltela.pt\/#\/schema\/person\/c4278d4a6028830caff9ee44b42d32ed"},"breadcrumb":{"@id":"https:\/\/portaltela.pt\/noticias\/2026\/01\/20\/ocde-comercio-ilicito-ameaca-economia-global-e-empregos\/#breadcrumb"},"inLanguage":"pt-PT","potentialAction":[{"@type":"ReadAction","target":["https:\/\/portaltela.pt\/noticias\/2026\/01\/20\/ocde-comercio-ilicito-ameaca-economia-global-e-empregos\/"]}]},{"@type":"ImageObject","inLanguage":"pt-PT","@id":"https:\/\/portaltela.pt\/noticias\/2026\/01\/20\/ocde-comercio-ilicito-ameaca-economia-global-e-empregos\/#primaryimage","url":"https:\/\/portaltela.pt\/s.01k8rhncp4jt1\/2026\/01\/unnamed-file-4161.jpg","contentUrl":"https:\/\/portaltela.pt\/s.01k8rhncp4jt1\/2026\/01\/unnamed-file-4161.jpg","width":796,"height":448,"caption":"OCDE: Com\u00e9rcio il\u00edcito amea\u00e7a economia global, pessoas e trabalho"},{"@type":"BreadcrumbList","@id":"https:\/\/portaltela.pt\/noticias\/2026\/01\/20\/ocde-comercio-ilicito-ameaca-economia-global-e-empregos\/#breadcrumb","itemListElement":[{"@type":"ListItem","position":1,"name":"In\u00edcio","item":"https:\/\/portaltela.pt\/"},{"@type":"ListItem","position":2,"name":"OCDE: Com\u00e9rcio il\u00edcito amea\u00e7a economia global e empregos"}]},{"@type":"WebSite","@id":"https:\/\/portaltela.pt\/#website","url":"https:\/\/portaltela.pt\/","name":"Portal Tela Portugal","description":"","potentialAction":[{"@type":"SearchAction","target":{"@type":"EntryPoint","urlTemplate":"https:\/\/portaltela.pt\/?s={search_term_string}"},"query-input":{"@type":"PropertyValueSpecification","valueRequired":true,"valueName":"search_term_string"}}],"inLanguage":"pt-PT"},{"@type":"Person","@id":"https:\/\/portaltela.pt\/#\/schema\/person\/c4278d4a6028830caff9ee44b42d32ed","name":"Telinha","image":{"@type":"ImageObject","inLanguage":"pt-PT","@id":"https:\/\/portaltela.pt\/s.01k8rhncp4jt1\/2025\/11\/talking-bot-125x125.png","url":"https:\/\/portaltela.pt\/s.01k8rhncp4jt1\/2025\/11\/talking-bot-125x125.png","contentUrl":"https:\/\/portaltela.pt\/s.01k8rhncp4jt1\/2025\/11\/talking-bot-125x125.png","caption":"Telinha"},"sameAs":["https:\/\/portaltela.pt\/"],"url":"https:\/\/portaltela.pt\/por\/367410592786\/"}]}},"_links":{"self":[{"href":"https:\/\/portaltela.pt\/api\/wp\/v2\/posts\/156951","targetHints":{"allow":["GET"]}}],"collection":[{"href":"https:\/\/portaltela.pt\/api\/wp\/v2\/posts"}],"about":[{"href":"https:\/\/portaltela.pt\/api\/wp\/v2\/types\/post"}],"author":[{"embeddable":true,"href":"https:\/\/portaltela.pt\/api\/wp\/v2\/users\/2"}],"replies":[{"embeddable":true,"href":"https:\/\/portaltela.pt\/api\/wp\/v2\/comments?post=156951"}],"version-history":[{"count":0,"href":"https:\/\/portaltela.pt\/api\/wp\/v2\/posts\/156951\/revisions"}],"wp:featuredmedia":[{"embeddable":true,"href":"https:\/\/portaltela.pt\/api\/wp\/v2\/media\/156973"}],"wp:attachment":[{"href":"https:\/\/portaltela.pt\/api\/wp\/v2\/media?parent=156951"}],"wp:term":[{"taxonomy":"category","embeddable":true,"href":"https:\/\/portaltela.pt\/api\/wp\/v2\/categories?post=156951"},{"taxonomy":"post_tag","embeddable":true,"href":"https:\/\/portaltela.pt\/api\/wp\/v2\/tags?post=156951"}],"curies":[{"name":"wp","href":"https:\/\/api.w.org\/{rel}","templated":true}]}}