{"id":156911,"date":"2026-01-20T13:31:31","date_gmt":"2026-01-20T16:31:31","guid":{"rendered":"https:\/\/portaltela.pt\/noticias\/2026\/01\/20\/samu-silva-defende-manter-o-rumo-com-humildade\/"},"modified":"2026-01-20T13:31:31","modified_gmt":"2026-01-20T16:31:31","slug":"samu-silva-defende-manter-o-rumo-com-humildade","status":"publish","type":"post","link":"https:\/\/portaltela.pt\/desporto\/futebol\/2026\/01\/20\/samu-silva-defende-manter-o-rumo-com-humildade\/","title":{"rendered":"Samu Silva defende manter o rumo com humildade"},"content":{"rendered":"<p>O Mar\u00edtimo mant\u00e9m o estatuto de defesa menos vazada da 2\u00aa Liga, com apenas 13 golos sofridos em 18 jornadas. Samu Silva, guarda-redes de 26 anos, \u00e9 o pilar da baliza e j\u00e1 foi considerado o melhor da posi\u00e7\u00e3o por tr\u00eas vezes nesta \u00e9poca.<\/p>\n<p>O guardi\u00e3o revelou ao programa do clube Mar\u00edtimo na TSF que est\u00e1 satisfeito com a sequ\u00eancia de jogos e confiante no caminho tra\u00e7ado pela equipa. Disse que toda a partida \u00e9 uma oportunidade e que a ilus\u00e3o de facilidade n\u00e3o existe na 2\u00aa Liga.<\/p>\n<p>Em termos de contexto, o conjunto da Madeira lidera, com a defesa como principal refer\u00eancia, e negocia a renova\u00e7\u00e3o contratual de Samu. O objetivo \u00e9 manter o n\u00edvel elevado pelo maior tempo poss\u00edvel.<\/p>\n<h3>Pr\u00f3xima jornada<\/h3>\n<p>No regresso aos relvados, o Mar\u00edtimo recebe o Felgueiras. Noah Madsen fica fora por suspens\u00e3o de um cart\u00e3o amarelo, enquanto Paulo Henrique \u00e9 d\u00favida por les\u00e3o. Alexandre Guedes continua baixinha por tempo indeterminado, e Marco Cruz est\u00e1 dispon\u00edvel ap\u00f3s castigo.<\/p>\n","protected":false},"excerpt":{"rendered":"<ul>\n<li>O guarda-redes Samu Silva, 26 anos, \u00e9 titular da melhor defesa da 2.\u00aa Liga do Mar\u00edtimo, que sofreu 13 golos em 18 jornadas.<\/li>\n<li>Em 18 jornadas, Samu sofreu golos em apenas 9 jogos e j\u00e1 foi eleito o melhor guarda-redes da 2.\u00aa Liga por tr\u00eas vezes esta \u00e9poca.<\/li>\n<li>Samu Silva est\u00e1 a negociar a renova\u00e7\u00e3o de contrato com o Mar\u00edtimo e pediu humildade para manter o momento da equipa.<\/li>\n<li>Na pr\u00f3xima jornada, o Mar\u00edtimo recebe o Felgueiras; Noah Madsen est\u00e1 suspenso por ter atingido o 9.\u00ba cart\u00e3o amarelo.<\/li>\n<li>Paulo Henrique \u00e9 d\u00favida devido a les\u00e3o; Alexandre Guedes mant\u00e9m-se fora; Marco Cruz retorna \u00e0s op\u00e7\u00f5es ap\u00f3s castigo.<\/li>\n<\/ul>\n","protected":false},"author":2,"featured_media":156919,"comment_status":"closed","ping_status":"closed","sticky":false,"template":"","format":"standard","meta":{"footnotes":""},"categories":[21,24],"tags":[1784,152,2210,32,859,3011],"class_list":["post-156911","post","type-post","status-publish","format-standard","has-post-thumbnail","hentry","category-desporto","category-futebol","tag-2-liga","tag-desporto","tag-felgueiras","tag-futebol","tag-madeira","tag-madeira-sad"],"yoast_head":"<!-- This site is optimized with the Yoast SEO plugin v27.2 - https:\/\/yoast.com\/product\/yoast-seo-wordpress\/ -->\n<title>Samu Silva defende manter o rumo com humildade - Portal Tela Portugal<\/title>\n<meta name=\"robots\" content=\"index, follow, max-snippet:-1, max-image-preview:large, max-video-preview:-1\" \/>\n<meta property=\"og:locale\" content=\"pt_PT\" \/>\n<meta property=\"og:type\" content=\"article\" \/>\n<meta property=\"og:title\" content=\"Samu Silva defende manter o rumo com humildade - Portal Tela Portugal\" \/>\n<meta property=\"og:description\" content=\"O guarda-redes Samu Silva, 26 anos, \u00e9 titular da melhor defesa da 2.\u00aa Liga do Mar\u00edtimo, que sofreu 13 golos em 18 jornadas. Em 18 jornadas, Samu sofreu golos em apenas 9 jogos e j\u00e1 foi eleito o melhor guarda-redes da 2.\u00aa Liga por tr\u00eas vezes esta \u00e9poca. Samu Silva est\u00e1 a negociar a renova\u00e7\u00e3o de contrato com o Mar\u00edtimo e pediu humildade para manter o momento da equipa. Na pr\u00f3xima jornada, o Mar\u00edtimo recebe o Felgueiras; Noah Madsen est\u00e1 suspenso por ter atingido o 9.\u00ba cart\u00e3o amarelo. Paulo Henrique \u00e9 d\u00favida devido a les\u00e3o; Alexandre Guedes mant\u00e9m-se fora; Marco Cruz retorna \u00e0s op\u00e7\u00f5es ap\u00f3s castigo.\" \/>\n<meta property=\"og:url\" content=\"https:\/\/portaltela.pt\/noticias\/2026\/01\/20\/samu-silva-defende-manter-o-rumo-com-humildade\/\" \/>\n<meta property=\"og:site_name\" content=\"Portal Tela Portugal\" \/>\n<meta property=\"article:published_time\" content=\"2026-01-20T16:31:31+00:00\" \/>\n<meta name=\"author\" content=\"Telinha\" \/>\n<meta name=\"twitter:card\" content=\"summary_large_image\" \/>\n<meta name=\"twitter:label1\" content=\"Escrito por\" \/>\n\t<meta name=\"twitter:data1\" content=\"Telinha\" \/>\n\t<meta name=\"twitter:label2\" content=\"Tempo estimado de leitura\" \/>\n\t<meta name=\"twitter:data2\" content=\"1 minuto\" \/>\n<script type=\"application\/ld+json\" class=\"yoast-schema-graph\">{\"@context\":\"https:\/\/schema.org\",\"@graph\":[{\"@type\":\"Article\",\"@id\":\"https:\/\/portaltela.pt\/noticias\/2026\/01\/20\/samu-silva-defende-manter-o-rumo-com-humildade\/#article\",\"isPartOf\":{\"@id\":\"https:\/\/portaltela.pt\/noticias\/2026\/01\/20\/samu-silva-defende-manter-o-rumo-com-humildade\/\"},\"author\":{\"name\":\"Telinha\",\"@id\":\"https:\/\/portaltela.pt\/#\/schema\/person\/c4278d4a6028830caff9ee44b42d32ed\"},\"headline\":\"Samu Silva defende manter o rumo com humildade\",\"datePublished\":\"2026-01-20T16:31:31+00:00\",\"mainEntityOfPage\":{\"@id\":\"https:\/\/portaltela.pt\/noticias\/2026\/01\/20\/samu-silva-defende-manter-o-rumo-com-humildade\/\"},\"wordCount\":184,\"image\":{\"@id\":\"https:\/\/portaltela.pt\/noticias\/2026\/01\/20\/samu-silva-defende-manter-o-rumo-com-humildade\/#primaryimage\"},\"thumbnailUrl\":\"https:\/\/portaltela.pt\/s.01k8rhncp4jt1\/2026\/01\/img_920x518uu2026-01-19-18-19-26-2415792.jpg\",\"keywords\":[\"2. Liga\",\"desporto\",\"Felgueiras\",\"futebol\",\"Madeira\",\"Madeira SAD\"],\"articleSection\":[\"Desporto\",\"Futebol\"],\"inLanguage\":\"pt-PT\"},{\"@type\":\"WebPage\",\"@id\":\"https:\/\/portaltela.pt\/noticias\/2026\/01\/20\/samu-silva-defende-manter-o-rumo-com-humildade\/\",\"url\":\"https:\/\/portaltela.pt\/noticias\/2026\/01\/20\/samu-silva-defende-manter-o-rumo-com-humildade\/\",\"name\":\"Samu Silva defende manter o rumo com humildade - Portal Tela Portugal\",\"isPartOf\":{\"@id\":\"https:\/\/portaltela.pt\/#website\"},\"primaryImageOfPage\":{\"@id\":\"https:\/\/portaltela.pt\/noticias\/2026\/01\/20\/samu-silva-defende-manter-o-rumo-com-humildade\/#primaryimage\"},\"image\":{\"@id\":\"https:\/\/portaltela.pt\/noticias\/2026\/01\/20\/samu-silva-defende-manter-o-rumo-com-humildade\/#primaryimage\"},\"thumbnailUrl\":\"https:\/\/portaltela.pt\/s.01k8rhncp4jt1\/2026\/01\/img_920x518uu2026-01-19-18-19-26-2415792.jpg\",\"datePublished\":\"2026-01-20T16:31:31+00:00\",\"author\":{\"@id\":\"https:\/\/portaltela.pt\/#\/schema\/person\/c4278d4a6028830caff9ee44b42d32ed\"},\"breadcrumb\":{\"@id\":\"https:\/\/portaltela.pt\/noticias\/2026\/01\/20\/samu-silva-defende-manter-o-rumo-com-humildade\/#breadcrumb\"},\"inLanguage\":\"pt-PT\",\"potentialAction\":[{\"@type\":\"ReadAction\",\"target\":[\"https:\/\/portaltela.pt\/noticias\/2026\/01\/20\/samu-silva-defende-manter-o-rumo-com-humildade\/\"]}]},{\"@type\":\"ImageObject\",\"inLanguage\":\"pt-PT\",\"@id\":\"https:\/\/portaltela.pt\/noticias\/2026\/01\/20\/samu-silva-defende-manter-o-rumo-com-humildade\/#primaryimage\",\"url\":\"https:\/\/portaltela.pt\/s.01k8rhncp4jt1\/2026\/01\/img_920x518uu2026-01-19-18-19-26-2415792.jpg\",\"contentUrl\":\"https:\/\/portaltela.pt\/s.01k8rhncp4jt1\/2026\/01\/img_920x518uu2026-01-19-18-19-26-2415792.jpg\",\"width\":796,\"height\":448,\"caption\":\"Samu Silva lidera defesa de a\u00e7o\"},{\"@type\":\"BreadcrumbList\",\"@id\":\"https:\/\/portaltela.pt\/noticias\/2026\/01\/20\/samu-silva-defende-manter-o-rumo-com-humildade\/#breadcrumb\",\"itemListElement\":[{\"@type\":\"ListItem\",\"position\":1,\"name\":\"In\u00edcio\",\"item\":\"https:\/\/portaltela.pt\/\"},{\"@type\":\"ListItem\",\"position\":2,\"name\":\"Samu Silva defende manter o rumo com humildade\"}]},{\"@type\":\"WebSite\",\"@id\":\"https:\/\/portaltela.pt\/#website\",\"url\":\"https:\/\/portaltela.pt\/\",\"name\":\"Portal Tela Portugal\",\"description\":\"\",\"potentialAction\":[{\"@type\":\"SearchAction\",\"target\":{\"@type\":\"EntryPoint\",\"urlTemplate\":\"https:\/\/portaltela.pt\/?s={search_term_string}\"},\"query-input\":{\"@type\":\"PropertyValueSpecification\",\"valueRequired\":true,\"valueName\":\"search_term_string\"}}],\"inLanguage\":\"pt-PT\"},{\"@type\":\"Person\",\"@id\":\"https:\/\/portaltela.pt\/#\/schema\/person\/c4278d4a6028830caff9ee44b42d32ed\",\"name\":\"Telinha\",\"image\":{\"@type\":\"ImageObject\",\"inLanguage\":\"pt-PT\",\"@id\":\"https:\/\/portaltela.pt\/s.01k8rhncp4jt1\/2025\/11\/talking-bot-125x125.png\",\"url\":\"https:\/\/portaltela.pt\/s.01k8rhncp4jt1\/2025\/11\/talking-bot-125x125.png\",\"contentUrl\":\"https:\/\/portaltela.pt\/s.01k8rhncp4jt1\/2025\/11\/talking-bot-125x125.png\",\"caption\":\"Telinha\"},\"sameAs\":[\"https:\/\/portaltela.pt\/\"],\"url\":\"https:\/\/portaltela.pt\/por\/367410592786\/\"}]}<\/script>\n<!-- \/ Yoast SEO plugin. -->","yoast_head_json":{"title":"Samu Silva defende manter o rumo com humildade - Portal Tela Portugal","robots":{"index":"index","follow":"follow","max-snippet":"max-snippet:-1","max-image-preview":"max-image-preview:large","max-video-preview":"max-video-preview:-1"},"og_locale":"pt_PT","og_type":"article","og_title":"Samu Silva defende manter o rumo com humildade - Portal Tela Portugal","og_description":"O guarda-redes Samu Silva, 26 anos, \u00e9 titular da melhor defesa da 2.\u00aa Liga do Mar\u00edtimo, que sofreu 13 golos em 18 jornadas. Em 18 jornadas, Samu sofreu golos em apenas 9 jogos e j\u00e1 foi eleito o melhor guarda-redes da 2.\u00aa Liga por tr\u00eas vezes esta \u00e9poca. Samu Silva est\u00e1 a negociar a renova\u00e7\u00e3o de contrato com o Mar\u00edtimo e pediu humildade para manter o momento da equipa. Na pr\u00f3xima jornada, o Mar\u00edtimo recebe o Felgueiras; Noah Madsen est\u00e1 suspenso por ter atingido o 9.\u00ba cart\u00e3o amarelo. Paulo Henrique \u00e9 d\u00favida devido a les\u00e3o; Alexandre Guedes mant\u00e9m-se fora; Marco Cruz retorna \u00e0s op\u00e7\u00f5es ap\u00f3s castigo.","og_url":"https:\/\/portaltela.pt\/noticias\/2026\/01\/20\/samu-silva-defende-manter-o-rumo-com-humildade\/","og_site_name":"Portal Tela Portugal","article_published_time":"2026-01-20T16:31:31+00:00","author":"Telinha","twitter_card":"summary_large_image","twitter_misc":{"Escrito por":"Telinha","Tempo estimado de leitura":"1 minuto"},"schema":{"@context":"https:\/\/schema.org","@graph":[{"@type":"Article","@id":"https:\/\/portaltela.pt\/noticias\/2026\/01\/20\/samu-silva-defende-manter-o-rumo-com-humildade\/#article","isPartOf":{"@id":"https:\/\/portaltela.pt\/noticias\/2026\/01\/20\/samu-silva-defende-manter-o-rumo-com-humildade\/"},"author":{"name":"Telinha","@id":"https:\/\/portaltela.pt\/#\/schema\/person\/c4278d4a6028830caff9ee44b42d32ed"},"headline":"Samu Silva defende manter o rumo com humildade","datePublished":"2026-01-20T16:31:31+00:00","mainEntityOfPage":{"@id":"https:\/\/portaltela.pt\/noticias\/2026\/01\/20\/samu-silva-defende-manter-o-rumo-com-humildade\/"},"wordCount":184,"image":{"@id":"https:\/\/portaltela.pt\/noticias\/2026\/01\/20\/samu-silva-defende-manter-o-rumo-com-humildade\/#primaryimage"},"thumbnailUrl":"https:\/\/portaltela.pt\/s.01k8rhncp4jt1\/2026\/01\/img_920x518uu2026-01-19-18-19-26-2415792.jpg","keywords":["2. Liga","desporto","Felgueiras","futebol","Madeira","Madeira SAD"],"articleSection":["Desporto","Futebol"],"inLanguage":"pt-PT"},{"@type":"WebPage","@id":"https:\/\/portaltela.pt\/noticias\/2026\/01\/20\/samu-silva-defende-manter-o-rumo-com-humildade\/","url":"https:\/\/portaltela.pt\/noticias\/2026\/01\/20\/samu-silva-defende-manter-o-rumo-com-humildade\/","name":"Samu Silva defende manter o rumo com humildade - Portal Tela Portugal","isPartOf":{"@id":"https:\/\/portaltela.pt\/#website"},"primaryImageOfPage":{"@id":"https:\/\/portaltela.pt\/noticias\/2026\/01\/20\/samu-silva-defende-manter-o-rumo-com-humildade\/#primaryimage"},"image":{"@id":"https:\/\/portaltela.pt\/noticias\/2026\/01\/20\/samu-silva-defende-manter-o-rumo-com-humildade\/#primaryimage"},"thumbnailUrl":"https:\/\/portaltela.pt\/s.01k8rhncp4jt1\/2026\/01\/img_920x518uu2026-01-19-18-19-26-2415792.jpg","datePublished":"2026-01-20T16:31:31+00:00","author":{"@id":"https:\/\/portaltela.pt\/#\/schema\/person\/c4278d4a6028830caff9ee44b42d32ed"},"breadcrumb":{"@id":"https:\/\/portaltela.pt\/noticias\/2026\/01\/20\/samu-silva-defende-manter-o-rumo-com-humildade\/#breadcrumb"},"inLanguage":"pt-PT","potentialAction":[{"@type":"ReadAction","target":["https:\/\/portaltela.pt\/noticias\/2026\/01\/20\/samu-silva-defende-manter-o-rumo-com-humildade\/"]}]},{"@type":"ImageObject","inLanguage":"pt-PT","@id":"https:\/\/portaltela.pt\/noticias\/2026\/01\/20\/samu-silva-defende-manter-o-rumo-com-humildade\/#primaryimage","url":"https:\/\/portaltela.pt\/s.01k8rhncp4jt1\/2026\/01\/img_920x518uu2026-01-19-18-19-26-2415792.jpg","contentUrl":"https:\/\/portaltela.pt\/s.01k8rhncp4jt1\/2026\/01\/img_920x518uu2026-01-19-18-19-26-2415792.jpg","width":796,"height":448,"caption":"Samu Silva lidera defesa de a\u00e7o"},{"@type":"BreadcrumbList","@id":"https:\/\/portaltela.pt\/noticias\/2026\/01\/20\/samu-silva-defende-manter-o-rumo-com-humildade\/#breadcrumb","itemListElement":[{"@type":"ListItem","position":1,"name":"In\u00edcio","item":"https:\/\/portaltela.pt\/"},{"@type":"ListItem","position":2,"name":"Samu Silva defende manter o rumo com humildade"}]},{"@type":"WebSite","@id":"https:\/\/portaltela.pt\/#website","url":"https:\/\/portaltela.pt\/","name":"Portal Tela Portugal","description":"","potentialAction":[{"@type":"SearchAction","target":{"@type":"EntryPoint","urlTemplate":"https:\/\/portaltela.pt\/?s={search_term_string}"},"query-input":{"@type":"PropertyValueSpecification","valueRequired":true,"valueName":"search_term_string"}}],"inLanguage":"pt-PT"},{"@type":"Person","@id":"https:\/\/portaltela.pt\/#\/schema\/person\/c4278d4a6028830caff9ee44b42d32ed","name":"Telinha","image":{"@type":"ImageObject","inLanguage":"pt-PT","@id":"https:\/\/portaltela.pt\/s.01k8rhncp4jt1\/2025\/11\/talking-bot-125x125.png","url":"https:\/\/portaltela.pt\/s.01k8rhncp4jt1\/2025\/11\/talking-bot-125x125.png","contentUrl":"https:\/\/portaltela.pt\/s.01k8rhncp4jt1\/2025\/11\/talking-bot-125x125.png","caption":"Telinha"},"sameAs":["https:\/\/portaltela.pt\/"],"url":"https:\/\/portaltela.pt\/por\/367410592786\/"}]}},"_links":{"self":[{"href":"https:\/\/portaltela.pt\/api\/wp\/v2\/posts\/156911","targetHints":{"allow":["GET"]}}],"collection":[{"href":"https:\/\/portaltela.pt\/api\/wp\/v2\/posts"}],"about":[{"href":"https:\/\/portaltela.pt\/api\/wp\/v2\/types\/post"}],"author":[{"embeddable":true,"href":"https:\/\/portaltela.pt\/api\/wp\/v2\/users\/2"}],"replies":[{"embeddable":true,"href":"https:\/\/portaltela.pt\/api\/wp\/v2\/comments?post=156911"}],"version-history":[{"count":0,"href":"https:\/\/portaltela.pt\/api\/wp\/v2\/posts\/156911\/revisions"}],"wp:featuredmedia":[{"embeddable":true,"href":"https:\/\/portaltela.pt\/api\/wp\/v2\/media\/156919"}],"wp:attachment":[{"href":"https:\/\/portaltela.pt\/api\/wp\/v2\/media?parent=156911"}],"wp:term":[{"taxonomy":"category","embeddable":true,"href":"https:\/\/portaltela.pt\/api\/wp\/v2\/categories?post=156911"},{"taxonomy":"post_tag","embeddable":true,"href":"https:\/\/portaltela.pt\/api\/wp\/v2\/tags?post=156911"}],"curies":[{"name":"wp","href":"https:\/\/api.w.org\/{rel}","templated":true}]}}