{"id":156862,"date":"2026-01-20T13:23:05","date_gmt":"2026-01-20T16:23:05","guid":{"rendered":"https:\/\/portaltela.pt\/noticias\/2026\/01\/20\/ilha-graciosa-cria-primeira-reserva-municipal-de-ecossistemas-de-surf-nos-acores-2\/"},"modified":"2026-01-20T13:23:05","modified_gmt":"2026-01-20T16:23:05","slug":"ilha-graciosa-cria-primeira-reserva-municipal-de-ecossistemas-de-surf-nos-acores-2","status":"publish","type":"post","link":"https:\/\/portaltela.pt\/noticias\/2026\/01\/20\/ilha-graciosa-cria-primeira-reserva-municipal-de-ecossistemas-de-surf-nos-acores-2\/","title":{"rendered":"Ilha Graciosa cria primeira reserva municipal de ecossistemas de surf nos A\u00e7ores"},"content":{"rendered":"<p>A C\u00e2mara Municipal de Santa Cruz da Graciosa assinou a carta de compromisso para criar a primeira reserva municipal de ecossistemas de surf nos A\u00e7ores. A iniciativa pretende a prote\u00e7\u00e3o e gest\u00e3o integrada dos recursos naturais da ilha, com base no projeto Save Azores Waves.<\/p>\n<p>A assinatura envolve a organiza\u00e7\u00e3o n\u00e3o governamental Azores Sea Alliance e conta com homologa\u00e7\u00e3o e apoio internacional da Save the Waves Coalition, integrando a Rede de \u00c1reas Protegidas para o Surf. O objetivo \u00e9 formar uma rede de \u00e1reas protegidas para o surf nos A\u00e7ores.<\/p>\n<p>A reserva municipal visa enriquecer a literacia oce\u00e2nica e criar \u00e1reas protegidas para o surf, com potencial para tornar-se em uma ou mais reservas mundiais de surf na regi\u00e3o. O foco \u00e9 proteger zonas costeiras, zonas de surf, fundos marinhos e recifes.<\/p>\n<p>Para o munic\u00edpio, a cria\u00e7\u00e3o da reserva constitui uma medida estrat\u00e9gica de prote\u00e7\u00e3o ambiental e de gest\u00e3o das zonas de surf, das zonas costeiras e dos recifes, mantendo a biodiversidade e a qualidade ambiental da ilha. V\u00e1rias \u00e1reas ficam identificadas: Praia, Lagoa, Calhau Mi\u00fado, Barra e Porto Afonso.<\/p>\n<p>A iniciativa contribui para a economia azul e para um modelo de desenvolvimento sustent\u00e1vel, alinhado com o estatuto da Graciosa como reserva mundial da biosfera da UNESCO. Valoriza o desporto de deslize de ondas e o turismo de natureza.<\/p>\n<p>Segundo a C\u00e2mara, a implementa\u00e7\u00e3o apoia o ordenamento do territ\u00f3rio dos A\u00e7ores e a poss\u00edvel cria\u00e7\u00e3o de uma reserva regional. Procura tamb\u00e9m mitigar impactos ambientais e envolver a comunidade local na gest\u00e3o dos recursos naturais.<\/p>\n<p>Em conjunto, as reservas municipais de ecossistemas de surf criam as bases para uma reserva regional, promovendo uma vis\u00e3o comum de prote\u00e7\u00e3o do patrim\u00f3nio natural dos A\u00e7ores. A medida pretende coordenar objetivos com o Programa Regional Blue Azores.<\/p>\n<p>A autarquia sustenta que a abordagem refor\u00e7a a resili\u00eancia ambiental face \u00e0s altera\u00e7\u00f5es clim\u00e1ticas e valoriza o arquip\u00e9lago como destino de turismo de natureza e de desportos de ondas de baixo impacto. A expectativa \u00e9 uma coopera\u00e7\u00e3o intermunicipal e regional duradoura.<\/p>\n","protected":false},"excerpt":{"rendered":"<ul>\n<li>A C\u00e2mara Municipal de Santa Cruz da Graciosa assinou a carta de compromisso para criar a primeira reserva municipal de ecossistemas de surf nos A\u00e7ores, como parte do projeto Save Azores Waves.<\/li>\n<li>A iniciativa envolve a organiza\u00e7\u00e3o Azores Sea Alliance e tem apoio internacional da Save the Waves Coalition, integrando a Surf Protected Area Network dos A\u00e7ores.<\/li>\n<li>A reserva visa prote\u00e7\u00e3o e gest\u00e3o integrada dos recursos naturais da ilha, incluindo zonas de surf, \u00e1reas litorais, fundos marinhos e recifes, com destaque para a Praia, ba\u00eda da Lagoa, ba\u00eda do Calhau Mi\u00fado, ba\u00eda da Barra e Porto Afonso.<\/li>\n<li>A cria\u00e7\u00e3o contribui para a economia azul, turismo de natureza e desenvolvimento sustent\u00e1vel, em linha com a condi\u00e7\u00e3o de Graciosa como reserva mundial da biosfera da UNESCO.<\/li>\n<li>A medida refor\u00e7a o ordenamento do territ\u00f3rio nos A\u00e7ores, a resili\u00eancia ambiental face \u00e0s altera\u00e7\u00f5es clim\u00e1ticas e a coopera\u00e7\u00e3o intermunicipal, com benef\u00edcios ambientais, sociais e econ\u00f3micos a longo prazo.<\/li>\n<\/ul>\n","protected":false},"author":2,"featured_media":156869,"comment_status":"closed","ping_status":"closed","sticky":false,"template":"","format":"standard","meta":{"footnotes":""},"categories":[1],"tags":[822,1003,2791,811,169,3445],"class_list":["post-156862","post","type-post","status-publish","format-standard","has-post-thumbnail","hentry","category-noticias","tag-acores","tag-economia-azul","tag-graciosa","tag-protecao-ambiental","tag-turismo","tag-turismo-sustentavel"],"yoast_head":"<!-- This site is optimized with the Yoast SEO plugin v27.2 - https:\/\/yoast.com\/product\/yoast-seo-wordpress\/ -->\n<title>Ilha Graciosa cria primeira reserva municipal de ecossistemas de surf nos A\u00e7ores - Portal Tela Portugal<\/title>\n<meta name=\"robots\" content=\"index, follow, max-snippet:-1, max-image-preview:large, max-video-preview:-1\" \/>\n<meta property=\"og:locale\" content=\"pt_PT\" \/>\n<meta property=\"og:type\" content=\"article\" \/>\n<meta property=\"og:title\" content=\"Ilha Graciosa cria primeira reserva municipal de ecossistemas de surf nos A\u00e7ores - Portal Tela Portugal\" \/>\n<meta property=\"og:description\" content=\"A C\u00e2mara Municipal de Santa Cruz da Graciosa assinou a carta de compromisso para criar a primeira reserva municipal de ecossistemas de surf nos A\u00e7ores, como parte do projeto Save Azores Waves. A iniciativa envolve a organiza\u00e7\u00e3o Azores Sea Alliance e tem apoio internacional da Save the Waves Coalition, integrando a Surf Protected Area Network dos A\u00e7ores. A reserva visa prote\u00e7\u00e3o e gest\u00e3o integrada dos recursos naturais da ilha, incluindo zonas de surf, \u00e1reas litorais, fundos marinhos e recifes, com destaque para a Praia, ba\u00eda da Lagoa, ba\u00eda do Calhau Mi\u00fado, ba\u00eda da Barra e Porto Afonso. A cria\u00e7\u00e3o contribui para a economia azul, turismo de natureza e desenvolvimento sustent\u00e1vel, em linha com a condi\u00e7\u00e3o de Graciosa como reserva mundial da biosfera da UNESCO. A medida refor\u00e7a o ordenamento do territ\u00f3rio nos A\u00e7ores, a resili\u00eancia ambiental face \u00e0s altera\u00e7\u00f5es clim\u00e1ticas e a coopera\u00e7\u00e3o intermunicipal, com benef\u00edcios ambientais, sociais e econ\u00f3micos a longo prazo.\" \/>\n<meta property=\"og:url\" content=\"https:\/\/portaltela.pt\/noticias\/2026\/01\/20\/ilha-graciosa-cria-primeira-reserva-municipal-de-ecossistemas-de-surf-nos-acores-2\/\" \/>\n<meta property=\"og:site_name\" content=\"Portal Tela Portugal\" \/>\n<meta property=\"article:published_time\" content=\"2026-01-20T16:23:05+00:00\" \/>\n<meta name=\"author\" content=\"Telinha\" \/>\n<meta name=\"twitter:card\" content=\"summary_large_image\" \/>\n<meta name=\"twitter:label1\" content=\"Escrito por\" \/>\n\t<meta name=\"twitter:data1\" content=\"Telinha\" \/>\n\t<meta name=\"twitter:label2\" content=\"Tempo estimado de leitura\" \/>\n\t<meta name=\"twitter:data2\" content=\"2 minutos\" \/>\n<script type=\"application\/ld+json\" class=\"yoast-schema-graph\">{\"@context\":\"https:\/\/schema.org\",\"@graph\":[{\"@type\":\"Article\",\"@id\":\"https:\/\/portaltela.pt\/noticias\/2026\/01\/20\/ilha-graciosa-cria-primeira-reserva-municipal-de-ecossistemas-de-surf-nos-acores-2\/#article\",\"isPartOf\":{\"@id\":\"https:\/\/portaltela.pt\/noticias\/2026\/01\/20\/ilha-graciosa-cria-primeira-reserva-municipal-de-ecossistemas-de-surf-nos-acores-2\/\"},\"author\":{\"name\":\"Telinha\",\"@id\":\"https:\/\/portaltela.pt\/#\/schema\/person\/c4278d4a6028830caff9ee44b42d32ed\"},\"headline\":\"Ilha Graciosa cria primeira reserva municipal de ecossistemas de surf nos A\u00e7ores\",\"datePublished\":\"2026-01-20T16:23:05+00:00\",\"mainEntityOfPage\":{\"@id\":\"https:\/\/portaltela.pt\/noticias\/2026\/01\/20\/ilha-graciosa-cria-primeira-reserva-municipal-de-ecossistemas-de-surf-nos-acores-2\/\"},\"wordCount\":379,\"image\":{\"@id\":\"https:\/\/portaltela.pt\/noticias\/2026\/01\/20\/ilha-graciosa-cria-primeira-reserva-municipal-de-ecossistemas-de-surf-nos-acores-2\/#primaryimage\"},\"thumbnailUrl\":\"https:\/\/portaltela.pt\/s.01k8rhncp4jt1\/2026\/01\/img_920x518uu2026-01-20-16-21-19-2415990-1.jpg\",\"keywords\":[\"A\u00e7ores\",\"economia azul\",\"Graciosa\",\"prote\u00e7\u00e3o ambiental\",\"turismo\",\"Turismo Sustent\u00e1vel\"],\"articleSection\":[\"Not\u00edcias\"],\"inLanguage\":\"pt-PT\"},{\"@type\":\"WebPage\",\"@id\":\"https:\/\/portaltela.pt\/noticias\/2026\/01\/20\/ilha-graciosa-cria-primeira-reserva-municipal-de-ecossistemas-de-surf-nos-acores-2\/\",\"url\":\"https:\/\/portaltela.pt\/noticias\/2026\/01\/20\/ilha-graciosa-cria-primeira-reserva-municipal-de-ecossistemas-de-surf-nos-acores-2\/\",\"name\":\"Ilha Graciosa cria primeira reserva municipal de ecossistemas de surf nos A\u00e7ores - Portal Tela Portugal\",\"isPartOf\":{\"@id\":\"https:\/\/portaltela.pt\/#website\"},\"primaryImageOfPage\":{\"@id\":\"https:\/\/portaltela.pt\/noticias\/2026\/01\/20\/ilha-graciosa-cria-primeira-reserva-municipal-de-ecossistemas-de-surf-nos-acores-2\/#primaryimage\"},\"image\":{\"@id\":\"https:\/\/portaltela.pt\/noticias\/2026\/01\/20\/ilha-graciosa-cria-primeira-reserva-municipal-de-ecossistemas-de-surf-nos-acores-2\/#primaryimage\"},\"thumbnailUrl\":\"https:\/\/portaltela.pt\/s.01k8rhncp4jt1\/2026\/01\/img_920x518uu2026-01-20-16-21-19-2415990-1.jpg\",\"datePublished\":\"2026-01-20T16:23:05+00:00\",\"author\":{\"@id\":\"https:\/\/portaltela.pt\/#\/schema\/person\/c4278d4a6028830caff9ee44b42d32ed\"},\"breadcrumb\":{\"@id\":\"https:\/\/portaltela.pt\/noticias\/2026\/01\/20\/ilha-graciosa-cria-primeira-reserva-municipal-de-ecossistemas-de-surf-nos-acores-2\/#breadcrumb\"},\"inLanguage\":\"pt-PT\",\"potentialAction\":[{\"@type\":\"ReadAction\",\"target\":[\"https:\/\/portaltela.pt\/noticias\/2026\/01\/20\/ilha-graciosa-cria-primeira-reserva-municipal-de-ecossistemas-de-surf-nos-acores-2\/\"]}]},{\"@type\":\"ImageObject\",\"inLanguage\":\"pt-PT\",\"@id\":\"https:\/\/portaltela.pt\/noticias\/2026\/01\/20\/ilha-graciosa-cria-primeira-reserva-municipal-de-ecossistemas-de-surf-nos-acores-2\/#primaryimage\",\"url\":\"https:\/\/portaltela.pt\/s.01k8rhncp4jt1\/2026\/01\/img_920x518uu2026-01-20-16-21-19-2415990-1.jpg\",\"contentUrl\":\"https:\/\/portaltela.pt\/s.01k8rhncp4jt1\/2026\/01\/img_920x518uu2026-01-20-16-21-19-2415990-1.jpg\",\"width\":796,\"height\":448,\"caption\":\"Vista a\u00e9rea da Ilha Graciosa\"},{\"@type\":\"BreadcrumbList\",\"@id\":\"https:\/\/portaltela.pt\/noticias\/2026\/01\/20\/ilha-graciosa-cria-primeira-reserva-municipal-de-ecossistemas-de-surf-nos-acores-2\/#breadcrumb\",\"itemListElement\":[{\"@type\":\"ListItem\",\"position\":1,\"name\":\"In\u00edcio\",\"item\":\"https:\/\/portaltela.pt\/\"},{\"@type\":\"ListItem\",\"position\":2,\"name\":\"Ilha Graciosa cria primeira reserva municipal de ecossistemas de surf nos A\u00e7ores\"}]},{\"@type\":\"WebSite\",\"@id\":\"https:\/\/portaltela.pt\/#website\",\"url\":\"https:\/\/portaltela.pt\/\",\"name\":\"Portal Tela Portugal\",\"description\":\"\",\"potentialAction\":[{\"@type\":\"SearchAction\",\"target\":{\"@type\":\"EntryPoint\",\"urlTemplate\":\"https:\/\/portaltela.pt\/?s={search_term_string}\"},\"query-input\":{\"@type\":\"PropertyValueSpecification\",\"valueRequired\":true,\"valueName\":\"search_term_string\"}}],\"inLanguage\":\"pt-PT\"},{\"@type\":\"Person\",\"@id\":\"https:\/\/portaltela.pt\/#\/schema\/person\/c4278d4a6028830caff9ee44b42d32ed\",\"name\":\"Telinha\",\"image\":{\"@type\":\"ImageObject\",\"inLanguage\":\"pt-PT\",\"@id\":\"https:\/\/portaltela.pt\/s.01k8rhncp4jt1\/2025\/11\/talking-bot-125x125.png\",\"url\":\"https:\/\/portaltela.pt\/s.01k8rhncp4jt1\/2025\/11\/talking-bot-125x125.png\",\"contentUrl\":\"https:\/\/portaltela.pt\/s.01k8rhncp4jt1\/2025\/11\/talking-bot-125x125.png\",\"caption\":\"Telinha\"},\"sameAs\":[\"https:\/\/portaltela.pt\/\"],\"url\":\"https:\/\/portaltela.pt\/por\/367410592786\/\"}]}<\/script>\n<!-- \/ Yoast SEO plugin. -->","yoast_head_json":{"title":"Ilha Graciosa cria primeira reserva municipal de ecossistemas de surf nos A\u00e7ores - Portal Tela Portugal","robots":{"index":"index","follow":"follow","max-snippet":"max-snippet:-1","max-image-preview":"max-image-preview:large","max-video-preview":"max-video-preview:-1"},"og_locale":"pt_PT","og_type":"article","og_title":"Ilha Graciosa cria primeira reserva municipal de ecossistemas de surf nos A\u00e7ores - Portal Tela Portugal","og_description":"A C\u00e2mara Municipal de Santa Cruz da Graciosa assinou a carta de compromisso para criar a primeira reserva municipal de ecossistemas de surf nos A\u00e7ores, como parte do projeto Save Azores Waves. A iniciativa envolve a organiza\u00e7\u00e3o Azores Sea Alliance e tem apoio internacional da Save the Waves Coalition, integrando a Surf Protected Area Network dos A\u00e7ores. A reserva visa prote\u00e7\u00e3o e gest\u00e3o integrada dos recursos naturais da ilha, incluindo zonas de surf, \u00e1reas litorais, fundos marinhos e recifes, com destaque para a Praia, ba\u00eda da Lagoa, ba\u00eda do Calhau Mi\u00fado, ba\u00eda da Barra e Porto Afonso. A cria\u00e7\u00e3o contribui para a economia azul, turismo de natureza e desenvolvimento sustent\u00e1vel, em linha com a condi\u00e7\u00e3o de Graciosa como reserva mundial da biosfera da UNESCO. A medida refor\u00e7a o ordenamento do territ\u00f3rio nos A\u00e7ores, a resili\u00eancia ambiental face \u00e0s altera\u00e7\u00f5es clim\u00e1ticas e a coopera\u00e7\u00e3o intermunicipal, com benef\u00edcios ambientais, sociais e econ\u00f3micos a longo prazo.","og_url":"https:\/\/portaltela.pt\/noticias\/2026\/01\/20\/ilha-graciosa-cria-primeira-reserva-municipal-de-ecossistemas-de-surf-nos-acores-2\/","og_site_name":"Portal Tela Portugal","article_published_time":"2026-01-20T16:23:05+00:00","author":"Telinha","twitter_card":"summary_large_image","twitter_misc":{"Escrito por":"Telinha","Tempo estimado de leitura":"2 minutos"},"schema":{"@context":"https:\/\/schema.org","@graph":[{"@type":"Article","@id":"https:\/\/portaltela.pt\/noticias\/2026\/01\/20\/ilha-graciosa-cria-primeira-reserva-municipal-de-ecossistemas-de-surf-nos-acores-2\/#article","isPartOf":{"@id":"https:\/\/portaltela.pt\/noticias\/2026\/01\/20\/ilha-graciosa-cria-primeira-reserva-municipal-de-ecossistemas-de-surf-nos-acores-2\/"},"author":{"name":"Telinha","@id":"https:\/\/portaltela.pt\/#\/schema\/person\/c4278d4a6028830caff9ee44b42d32ed"},"headline":"Ilha Graciosa cria primeira reserva municipal de ecossistemas de surf nos A\u00e7ores","datePublished":"2026-01-20T16:23:05+00:00","mainEntityOfPage":{"@id":"https:\/\/portaltela.pt\/noticias\/2026\/01\/20\/ilha-graciosa-cria-primeira-reserva-municipal-de-ecossistemas-de-surf-nos-acores-2\/"},"wordCount":379,"image":{"@id":"https:\/\/portaltela.pt\/noticias\/2026\/01\/20\/ilha-graciosa-cria-primeira-reserva-municipal-de-ecossistemas-de-surf-nos-acores-2\/#primaryimage"},"thumbnailUrl":"https:\/\/portaltela.pt\/s.01k8rhncp4jt1\/2026\/01\/img_920x518uu2026-01-20-16-21-19-2415990-1.jpg","keywords":["A\u00e7ores","economia azul","Graciosa","prote\u00e7\u00e3o ambiental","turismo","Turismo Sustent\u00e1vel"],"articleSection":["Not\u00edcias"],"inLanguage":"pt-PT"},{"@type":"WebPage","@id":"https:\/\/portaltela.pt\/noticias\/2026\/01\/20\/ilha-graciosa-cria-primeira-reserva-municipal-de-ecossistemas-de-surf-nos-acores-2\/","url":"https:\/\/portaltela.pt\/noticias\/2026\/01\/20\/ilha-graciosa-cria-primeira-reserva-municipal-de-ecossistemas-de-surf-nos-acores-2\/","name":"Ilha Graciosa cria primeira reserva municipal de ecossistemas de surf nos A\u00e7ores - Portal Tela Portugal","isPartOf":{"@id":"https:\/\/portaltela.pt\/#website"},"primaryImageOfPage":{"@id":"https:\/\/portaltela.pt\/noticias\/2026\/01\/20\/ilha-graciosa-cria-primeira-reserva-municipal-de-ecossistemas-de-surf-nos-acores-2\/#primaryimage"},"image":{"@id":"https:\/\/portaltela.pt\/noticias\/2026\/01\/20\/ilha-graciosa-cria-primeira-reserva-municipal-de-ecossistemas-de-surf-nos-acores-2\/#primaryimage"},"thumbnailUrl":"https:\/\/portaltela.pt\/s.01k8rhncp4jt1\/2026\/01\/img_920x518uu2026-01-20-16-21-19-2415990-1.jpg","datePublished":"2026-01-20T16:23:05+00:00","author":{"@id":"https:\/\/portaltela.pt\/#\/schema\/person\/c4278d4a6028830caff9ee44b42d32ed"},"breadcrumb":{"@id":"https:\/\/portaltela.pt\/noticias\/2026\/01\/20\/ilha-graciosa-cria-primeira-reserva-municipal-de-ecossistemas-de-surf-nos-acores-2\/#breadcrumb"},"inLanguage":"pt-PT","potentialAction":[{"@type":"ReadAction","target":["https:\/\/portaltela.pt\/noticias\/2026\/01\/20\/ilha-graciosa-cria-primeira-reserva-municipal-de-ecossistemas-de-surf-nos-acores-2\/"]}]},{"@type":"ImageObject","inLanguage":"pt-PT","@id":"https:\/\/portaltela.pt\/noticias\/2026\/01\/20\/ilha-graciosa-cria-primeira-reserva-municipal-de-ecossistemas-de-surf-nos-acores-2\/#primaryimage","url":"https:\/\/portaltela.pt\/s.01k8rhncp4jt1\/2026\/01\/img_920x518uu2026-01-20-16-21-19-2415990-1.jpg","contentUrl":"https:\/\/portaltela.pt\/s.01k8rhncp4jt1\/2026\/01\/img_920x518uu2026-01-20-16-21-19-2415990-1.jpg","width":796,"height":448,"caption":"Vista a\u00e9rea da Ilha Graciosa"},{"@type":"BreadcrumbList","@id":"https:\/\/portaltela.pt\/noticias\/2026\/01\/20\/ilha-graciosa-cria-primeira-reserva-municipal-de-ecossistemas-de-surf-nos-acores-2\/#breadcrumb","itemListElement":[{"@type":"ListItem","position":1,"name":"In\u00edcio","item":"https:\/\/portaltela.pt\/"},{"@type":"ListItem","position":2,"name":"Ilha Graciosa cria primeira reserva municipal de ecossistemas de surf nos A\u00e7ores"}]},{"@type":"WebSite","@id":"https:\/\/portaltela.pt\/#website","url":"https:\/\/portaltela.pt\/","name":"Portal Tela Portugal","description":"","potentialAction":[{"@type":"SearchAction","target":{"@type":"EntryPoint","urlTemplate":"https:\/\/portaltela.pt\/?s={search_term_string}"},"query-input":{"@type":"PropertyValueSpecification","valueRequired":true,"valueName":"search_term_string"}}],"inLanguage":"pt-PT"},{"@type":"Person","@id":"https:\/\/portaltela.pt\/#\/schema\/person\/c4278d4a6028830caff9ee44b42d32ed","name":"Telinha","image":{"@type":"ImageObject","inLanguage":"pt-PT","@id":"https:\/\/portaltela.pt\/s.01k8rhncp4jt1\/2025\/11\/talking-bot-125x125.png","url":"https:\/\/portaltela.pt\/s.01k8rhncp4jt1\/2025\/11\/talking-bot-125x125.png","contentUrl":"https:\/\/portaltela.pt\/s.01k8rhncp4jt1\/2025\/11\/talking-bot-125x125.png","caption":"Telinha"},"sameAs":["https:\/\/portaltela.pt\/"],"url":"https:\/\/portaltela.pt\/por\/367410592786\/"}]}},"_links":{"self":[{"href":"https:\/\/portaltela.pt\/api\/wp\/v2\/posts\/156862","targetHints":{"allow":["GET"]}}],"collection":[{"href":"https:\/\/portaltela.pt\/api\/wp\/v2\/posts"}],"about":[{"href":"https:\/\/portaltela.pt\/api\/wp\/v2\/types\/post"}],"author":[{"embeddable":true,"href":"https:\/\/portaltela.pt\/api\/wp\/v2\/users\/2"}],"replies":[{"embeddable":true,"href":"https:\/\/portaltela.pt\/api\/wp\/v2\/comments?post=156862"}],"version-history":[{"count":0,"href":"https:\/\/portaltela.pt\/api\/wp\/v2\/posts\/156862\/revisions"}],"wp:featuredmedia":[{"embeddable":true,"href":"https:\/\/portaltela.pt\/api\/wp\/v2\/media\/156869"}],"wp:attachment":[{"href":"https:\/\/portaltela.pt\/api\/wp\/v2\/media?parent=156862"}],"wp:term":[{"taxonomy":"category","embeddable":true,"href":"https:\/\/portaltela.pt\/api\/wp\/v2\/categories?post=156862"},{"taxonomy":"post_tag","embeddable":true,"href":"https:\/\/portaltela.pt\/api\/wp\/v2\/tags?post=156862"}],"curies":[{"name":"wp","href":"https:\/\/api.w.org\/{rel}","templated":true}]}}