{"id":156861,"date":"2026-01-20T13:20:00","date_gmt":"2026-01-20T16:20:00","guid":{"rendered":"https:\/\/portaltela.pt\/noticias\/2026\/01\/20\/confrontos-entre-adeptos-de-delaes-e-ronfe-num-cafe-em-guimaraes\/"},"modified":"2026-01-20T13:20:00","modified_gmt":"2026-01-20T16:20:00","slug":"confrontos-entre-adeptos-de-delaes-e-ronfe-num-cafe-em-guimaraes","status":"publish","type":"post","link":"https:\/\/portaltela.pt\/desporto\/futebol\/2026\/01\/20\/confrontos-entre-adeptos-de-delaes-e-ronfe-num-cafe-em-guimaraes\/","title":{"rendered":"Confrontos entre adeptos de Del\u00e3es e Ronfe num caf\u00e9 em Guimar\u00e3es"},"content":{"rendered":"<p>O que aconteceu<\/p>\n<p>No fim de semana, incidentes envolvendo adeptos do Desportivo de Ronfe e do Del\u00e3es escalaram para confrontos num caf\u00e9 de Guimar\u00e3es, ap\u00f3s uma jornada da 1\u00aa Divis\u00e3o da AF Braga. O epis\u00f3dio come\u00e7ou a 10 do m\u00eas, em Guimar\u00e3es, ap\u00f3s Ronfe derrotar Del\u00e3es por 4-0 na 11\u00aa jornada.<\/p>\n<p>Ap\u00f3s o jogo, houve relatos de agress\u00f5es que envolveram adeptos dos dois clubes. No s\u00e1bado seguinte, um grupo associado ao Del\u00e3es deslocou-se a Ronfe, ao Caf\u00e9 Bom Amigo, onde tradicionalmente se re\u00fanem adeptos do Ronfe, e houve troca de palavras seguida de agress\u00f5es. O propriet\u00e1rio n\u00e3o apresentou queixa junto da GNR.<\/p>\n<p>A press\u00e3o policial iniciou-se com a presen\u00e7a da GNR, que identificou 14 adeptos. Os suspeitos negaram envolvimento nos acontecimentos, segundo a for\u00e7a militar. A GNR manteve a investiga\u00e7\u00e3o e acompanhou o regresso aos momentos de tens\u00e3o sem confirmar responsabilidades.<\/p>\n<p>Rea\u00e7\u00f5es dos clubes<\/p>\n<p>O Desportivo de Ronfe emitiu um comunicado na tarde de ter\u00e7a-feira, condenando inequ\u00edvocamente atos de viol\u00eancia e reiterando que tais comportamentos n\u00e3o representam o desporto nem os valores do clube. O Ronfe enfatizou que o futebol deve ser espa\u00e7o de respeito e seguran\u00e7a para todos.<\/p>\n<p>A dire\u00e7\u00e3o do Del\u00e3es, por sua vez, usou as redes sociais para defender que os incidentes apresentados em v\u00eddeo n\u00e3o envolvem jogadores, dirigentes ou adeptos do clube. O Del\u00e3es afirmou tratar-se de conte\u00fados falsos associados ao CRP Del\u00e3es e repudiou qualquer ato de viol\u00eancia.<\/p>\n<p>Medidas e pr\u00f3ximos passos<\/p>\n<p>O Del\u00e3es afirmou ainda que repudia a viol\u00eancia e que os valores do clube orientam a sua atua\u00e7\u00e3o h\u00e1 anos. No seguimento dos acontecimentos, o Del\u00e3es anunciou que refor\u00e7ar\u00e1 as medidas de seguran\u00e7a nos jogos futuros, em coordena\u00e7\u00e3o com as entidades competentes, para assegurar condi\u00e7\u00f5es seguras para os espetadores.<\/p>\n<p>O Desportivo de Ronfe indicou que continuar\u00e1 a colaborar com as autoridades e refor\u00e7ar\u00e1 as medidas de seguran\u00e7a nos encontros seguintes, com o objetivo de manter a tranquilidade no recinto desportivo. A GNR continua a investigar e a acompanhar a evolu\u00e7\u00e3o dos factos.<\/p>\n","protected":false},"excerpt":{"rendered":"<ul>\n<li>No dia dez, em Guimar\u00e3es, ap\u00f3s a vit\u00f3ria do Desportivo de Ronfe frente ao Del\u00e3es por quatro a zero, ocorreu o primeiro incidente entre adeptos.<\/li>\n<li>No s\u00e1bado seguinte, um grupo de adeptos do Del\u00e3es deslocou-se ao caf\u00e9 Bom Amigo, em Ronfe, onde houve agress\u00f5es e destrui\u00e7\u00e3o no local; o propriet\u00e1rio n\u00e3o apresentou queixa \u00e0 GNR.<\/li>\n<li>A GNR identificou14 adeptos, que negaram ter estado envolvidos na rixa entre os clubes.<\/li>\n<li>O Desportivo de Ronfe emitiu um comunicado a condenar a viol\u00eancia e a refor\u00e7ar que o epis\u00f3dio \u00e9 isolado e n\u00e3o reflete os valores do clube; promete medidas de seguran\u00e7a nos pr\u00f3ximos jogos.<\/li>\n<li>O Del\u00e3es afirmou nas redes sociais que os incidentes em v\u00eddeo n\u00e3o envolvem elementos do clube, rejeitando a viol\u00eancia e reiterando que n\u00e3o representam a sua atua\u00e7\u00e3o.<\/li>\n<\/ul>\n","protected":false},"author":2,"featured_media":156868,"comment_status":"closed","ping_status":"closed","sticky":false,"template":"","format":"standard","meta":{"footnotes":""},"categories":[21,24],"tags":[3103,2079,152,32,1145,939],"class_list":["post-156861","post","type-post","status-publish","format-standard","has-post-thumbnail","hentry","category-desporto","category-futebol","tag-af-braga","tag-agressoes","tag-desporto","tag-futebol","tag-guimaraes","tag-violencia"],"yoast_head":"<!-- This site is optimized with the Yoast SEO plugin v27.2 - https:\/\/yoast.com\/product\/yoast-seo-wordpress\/ -->\n<title>Confrontos entre adeptos de Del\u00e3es e Ronfe num caf\u00e9 em Guimar\u00e3es - Portal Tela Portugal<\/title>\n<meta name=\"robots\" content=\"index, follow, max-snippet:-1, max-image-preview:large, max-video-preview:-1\" \/>\n<meta property=\"og:locale\" content=\"pt_PT\" \/>\n<meta property=\"og:type\" content=\"article\" \/>\n<meta property=\"og:title\" content=\"Confrontos entre adeptos de Del\u00e3es e Ronfe num caf\u00e9 em Guimar\u00e3es - Portal Tela Portugal\" \/>\n<meta property=\"og:description\" content=\"No dia dez, em Guimar\u00e3es, ap\u00f3s a vit\u00f3ria do Desportivo de Ronfe frente ao Del\u00e3es por quatro a zero, ocorreu o primeiro incidente entre adeptos. No s\u00e1bado seguinte, um grupo de adeptos do Del\u00e3es deslocou-se ao caf\u00e9 Bom Amigo, em Ronfe, onde houve agress\u00f5es e destrui\u00e7\u00e3o no local; o propriet\u00e1rio n\u00e3o apresentou queixa \u00e0 GNR. A GNR identificou14 adeptos, que negaram ter estado envolvidos na rixa entre os clubes. O Desportivo de Ronfe emitiu um comunicado a condenar a viol\u00eancia e a refor\u00e7ar que o epis\u00f3dio \u00e9 isolado e n\u00e3o reflete os valores do clube; promete medidas de seguran\u00e7a nos pr\u00f3ximos jogos. O Del\u00e3es afirmou nas redes sociais que os incidentes em v\u00eddeo n\u00e3o envolvem elementos do clube, rejeitando a viol\u00eancia e reiterando que n\u00e3o representam a sua atua\u00e7\u00e3o.\" \/>\n<meta property=\"og:url\" content=\"https:\/\/portaltela.pt\/noticias\/2026\/01\/20\/confrontos-entre-adeptos-de-delaes-e-ronfe-num-cafe-em-guimaraes\/\" \/>\n<meta property=\"og:site_name\" content=\"Portal Tela Portugal\" \/>\n<meta property=\"article:published_time\" content=\"2026-01-20T16:20:00+00:00\" \/>\n<meta name=\"author\" content=\"Telinha\" \/>\n<meta name=\"twitter:card\" content=\"summary_large_image\" \/>\n<meta name=\"twitter:label1\" content=\"Escrito por\" \/>\n\t<meta name=\"twitter:data1\" content=\"Telinha\" \/>\n\t<meta name=\"twitter:label2\" content=\"Tempo estimado de leitura\" \/>\n\t<meta name=\"twitter:data2\" content=\"2 minutos\" \/>\n<script type=\"application\/ld+json\" class=\"yoast-schema-graph\">{\"@context\":\"https:\/\/schema.org\",\"@graph\":[{\"@type\":\"Article\",\"@id\":\"https:\/\/portaltela.pt\/noticias\/2026\/01\/20\/confrontos-entre-adeptos-de-delaes-e-ronfe-num-cafe-em-guimaraes\/#article\",\"isPartOf\":{\"@id\":\"https:\/\/portaltela.pt\/noticias\/2026\/01\/20\/confrontos-entre-adeptos-de-delaes-e-ronfe-num-cafe-em-guimaraes\/\"},\"author\":{\"name\":\"Telinha\",\"@id\":\"https:\/\/portaltela.pt\/#\/schema\/person\/c4278d4a6028830caff9ee44b42d32ed\"},\"headline\":\"Confrontos entre adeptos de Del\u00e3es e Ronfe num caf\u00e9 em Guimar\u00e3es\",\"datePublished\":\"2026-01-20T16:20:00+00:00\",\"mainEntityOfPage\":{\"@id\":\"https:\/\/portaltela.pt\/noticias\/2026\/01\/20\/confrontos-entre-adeptos-de-delaes-e-ronfe-num-cafe-em-guimaraes\/\"},\"wordCount\":388,\"image\":{\"@id\":\"https:\/\/portaltela.pt\/noticias\/2026\/01\/20\/confrontos-entre-adeptos-de-delaes-e-ronfe-num-cafe-em-guimaraes\/#primaryimage\"},\"thumbnailUrl\":\"https:\/\/portaltela.pt\/s.01k8rhncp4jt1\/2026\/01\/img_293x165uu2026-01-20-15-20-07-2415976.jpg\",\"keywords\":[\"AF Braga\",\"agress\u00f5es\",\"desporto\",\"futebol\",\"Guimar\u00e3es\",\"viol\u00eancia\"],\"articleSection\":[\"Desporto\",\"Futebol\"],\"inLanguage\":\"pt-PT\"},{\"@type\":\"WebPage\",\"@id\":\"https:\/\/portaltela.pt\/noticias\/2026\/01\/20\/confrontos-entre-adeptos-de-delaes-e-ronfe-num-cafe-em-guimaraes\/\",\"url\":\"https:\/\/portaltela.pt\/noticias\/2026\/01\/20\/confrontos-entre-adeptos-de-delaes-e-ronfe-num-cafe-em-guimaraes\/\",\"name\":\"Confrontos entre adeptos de Del\u00e3es e Ronfe num caf\u00e9 em Guimar\u00e3es - Portal Tela Portugal\",\"isPartOf\":{\"@id\":\"https:\/\/portaltela.pt\/#website\"},\"primaryImageOfPage\":{\"@id\":\"https:\/\/portaltela.pt\/noticias\/2026\/01\/20\/confrontos-entre-adeptos-de-delaes-e-ronfe-num-cafe-em-guimaraes\/#primaryimage\"},\"image\":{\"@id\":\"https:\/\/portaltela.pt\/noticias\/2026\/01\/20\/confrontos-entre-adeptos-de-delaes-e-ronfe-num-cafe-em-guimaraes\/#primaryimage\"},\"thumbnailUrl\":\"https:\/\/portaltela.pt\/s.01k8rhncp4jt1\/2026\/01\/img_293x165uu2026-01-20-15-20-07-2415976.jpg\",\"datePublished\":\"2026-01-20T16:20:00+00:00\",\"author\":{\"@id\":\"https:\/\/portaltela.pt\/#\/schema\/person\/c4278d4a6028830caff9ee44b42d32ed\"},\"breadcrumb\":{\"@id\":\"https:\/\/portaltela.pt\/noticias\/2026\/01\/20\/confrontos-entre-adeptos-de-delaes-e-ronfe-num-cafe-em-guimaraes\/#breadcrumb\"},\"inLanguage\":\"pt-PT\",\"potentialAction\":[{\"@type\":\"ReadAction\",\"target\":[\"https:\/\/portaltela.pt\/noticias\/2026\/01\/20\/confrontos-entre-adeptos-de-delaes-e-ronfe-num-cafe-em-guimaraes\/\"]}]},{\"@type\":\"ImageObject\",\"inLanguage\":\"pt-PT\",\"@id\":\"https:\/\/portaltela.pt\/noticias\/2026\/01\/20\/confrontos-entre-adeptos-de-delaes-e-ronfe-num-cafe-em-guimaraes\/#primaryimage\",\"url\":\"https:\/\/portaltela.pt\/s.01k8rhncp4jt1\/2026\/01\/img_293x165uu2026-01-20-15-20-07-2415976.jpg\",\"contentUrl\":\"https:\/\/portaltela.pt\/s.01k8rhncp4jt1\/2026\/01\/img_293x165uu2026-01-20-15-20-07-2415976.jpg\",\"width\":796,\"height\":448,\"caption\":\"Incidentes entre adeptos do Del\u00e3es e do Ronfe escalaram e acabaram em confrontos em caf\u00e9 de Guimar\u00e3es\"},{\"@type\":\"BreadcrumbList\",\"@id\":\"https:\/\/portaltela.pt\/noticias\/2026\/01\/20\/confrontos-entre-adeptos-de-delaes-e-ronfe-num-cafe-em-guimaraes\/#breadcrumb\",\"itemListElement\":[{\"@type\":\"ListItem\",\"position\":1,\"name\":\"In\u00edcio\",\"item\":\"https:\/\/portaltela.pt\/\"},{\"@type\":\"ListItem\",\"position\":2,\"name\":\"Confrontos entre adeptos de Del\u00e3es e Ronfe num caf\u00e9 em Guimar\u00e3es\"}]},{\"@type\":\"WebSite\",\"@id\":\"https:\/\/portaltela.pt\/#website\",\"url\":\"https:\/\/portaltela.pt\/\",\"name\":\"Portal Tela Portugal\",\"description\":\"\",\"potentialAction\":[{\"@type\":\"SearchAction\",\"target\":{\"@type\":\"EntryPoint\",\"urlTemplate\":\"https:\/\/portaltela.pt\/?s={search_term_string}\"},\"query-input\":{\"@type\":\"PropertyValueSpecification\",\"valueRequired\":true,\"valueName\":\"search_term_string\"}}],\"inLanguage\":\"pt-PT\"},{\"@type\":\"Person\",\"@id\":\"https:\/\/portaltela.pt\/#\/schema\/person\/c4278d4a6028830caff9ee44b42d32ed\",\"name\":\"Telinha\",\"image\":{\"@type\":\"ImageObject\",\"inLanguage\":\"pt-PT\",\"@id\":\"https:\/\/portaltela.pt\/s.01k8rhncp4jt1\/2025\/11\/talking-bot-125x125.png\",\"url\":\"https:\/\/portaltela.pt\/s.01k8rhncp4jt1\/2025\/11\/talking-bot-125x125.png\",\"contentUrl\":\"https:\/\/portaltela.pt\/s.01k8rhncp4jt1\/2025\/11\/talking-bot-125x125.png\",\"caption\":\"Telinha\"},\"sameAs\":[\"https:\/\/portaltela.pt\/\"],\"url\":\"https:\/\/portaltela.pt\/por\/367410592786\/\"}]}<\/script>\n<!-- \/ Yoast SEO plugin. -->","yoast_head_json":{"title":"Confrontos entre adeptos de Del\u00e3es e Ronfe num caf\u00e9 em Guimar\u00e3es - Portal Tela Portugal","robots":{"index":"index","follow":"follow","max-snippet":"max-snippet:-1","max-image-preview":"max-image-preview:large","max-video-preview":"max-video-preview:-1"},"og_locale":"pt_PT","og_type":"article","og_title":"Confrontos entre adeptos de Del\u00e3es e Ronfe num caf\u00e9 em Guimar\u00e3es - Portal Tela Portugal","og_description":"No dia dez, em Guimar\u00e3es, ap\u00f3s a vit\u00f3ria do Desportivo de Ronfe frente ao Del\u00e3es por quatro a zero, ocorreu o primeiro incidente entre adeptos. No s\u00e1bado seguinte, um grupo de adeptos do Del\u00e3es deslocou-se ao caf\u00e9 Bom Amigo, em Ronfe, onde houve agress\u00f5es e destrui\u00e7\u00e3o no local; o propriet\u00e1rio n\u00e3o apresentou queixa \u00e0 GNR. A GNR identificou14 adeptos, que negaram ter estado envolvidos na rixa entre os clubes. O Desportivo de Ronfe emitiu um comunicado a condenar a viol\u00eancia e a refor\u00e7ar que o epis\u00f3dio \u00e9 isolado e n\u00e3o reflete os valores do clube; promete medidas de seguran\u00e7a nos pr\u00f3ximos jogos. O Del\u00e3es afirmou nas redes sociais que os incidentes em v\u00eddeo n\u00e3o envolvem elementos do clube, rejeitando a viol\u00eancia e reiterando que n\u00e3o representam a sua atua\u00e7\u00e3o.","og_url":"https:\/\/portaltela.pt\/noticias\/2026\/01\/20\/confrontos-entre-adeptos-de-delaes-e-ronfe-num-cafe-em-guimaraes\/","og_site_name":"Portal Tela Portugal","article_published_time":"2026-01-20T16:20:00+00:00","author":"Telinha","twitter_card":"summary_large_image","twitter_misc":{"Escrito por":"Telinha","Tempo estimado de leitura":"2 minutos"},"schema":{"@context":"https:\/\/schema.org","@graph":[{"@type":"Article","@id":"https:\/\/portaltela.pt\/noticias\/2026\/01\/20\/confrontos-entre-adeptos-de-delaes-e-ronfe-num-cafe-em-guimaraes\/#article","isPartOf":{"@id":"https:\/\/portaltela.pt\/noticias\/2026\/01\/20\/confrontos-entre-adeptos-de-delaes-e-ronfe-num-cafe-em-guimaraes\/"},"author":{"name":"Telinha","@id":"https:\/\/portaltela.pt\/#\/schema\/person\/c4278d4a6028830caff9ee44b42d32ed"},"headline":"Confrontos entre adeptos de Del\u00e3es e Ronfe num caf\u00e9 em Guimar\u00e3es","datePublished":"2026-01-20T16:20:00+00:00","mainEntityOfPage":{"@id":"https:\/\/portaltela.pt\/noticias\/2026\/01\/20\/confrontos-entre-adeptos-de-delaes-e-ronfe-num-cafe-em-guimaraes\/"},"wordCount":388,"image":{"@id":"https:\/\/portaltela.pt\/noticias\/2026\/01\/20\/confrontos-entre-adeptos-de-delaes-e-ronfe-num-cafe-em-guimaraes\/#primaryimage"},"thumbnailUrl":"https:\/\/portaltela.pt\/s.01k8rhncp4jt1\/2026\/01\/img_293x165uu2026-01-20-15-20-07-2415976.jpg","keywords":["AF Braga","agress\u00f5es","desporto","futebol","Guimar\u00e3es","viol\u00eancia"],"articleSection":["Desporto","Futebol"],"inLanguage":"pt-PT"},{"@type":"WebPage","@id":"https:\/\/portaltela.pt\/noticias\/2026\/01\/20\/confrontos-entre-adeptos-de-delaes-e-ronfe-num-cafe-em-guimaraes\/","url":"https:\/\/portaltela.pt\/noticias\/2026\/01\/20\/confrontos-entre-adeptos-de-delaes-e-ronfe-num-cafe-em-guimaraes\/","name":"Confrontos entre adeptos de Del\u00e3es e Ronfe num caf\u00e9 em Guimar\u00e3es - Portal Tela Portugal","isPartOf":{"@id":"https:\/\/portaltela.pt\/#website"},"primaryImageOfPage":{"@id":"https:\/\/portaltela.pt\/noticias\/2026\/01\/20\/confrontos-entre-adeptos-de-delaes-e-ronfe-num-cafe-em-guimaraes\/#primaryimage"},"image":{"@id":"https:\/\/portaltela.pt\/noticias\/2026\/01\/20\/confrontos-entre-adeptos-de-delaes-e-ronfe-num-cafe-em-guimaraes\/#primaryimage"},"thumbnailUrl":"https:\/\/portaltela.pt\/s.01k8rhncp4jt1\/2026\/01\/img_293x165uu2026-01-20-15-20-07-2415976.jpg","datePublished":"2026-01-20T16:20:00+00:00","author":{"@id":"https:\/\/portaltela.pt\/#\/schema\/person\/c4278d4a6028830caff9ee44b42d32ed"},"breadcrumb":{"@id":"https:\/\/portaltela.pt\/noticias\/2026\/01\/20\/confrontos-entre-adeptos-de-delaes-e-ronfe-num-cafe-em-guimaraes\/#breadcrumb"},"inLanguage":"pt-PT","potentialAction":[{"@type":"ReadAction","target":["https:\/\/portaltela.pt\/noticias\/2026\/01\/20\/confrontos-entre-adeptos-de-delaes-e-ronfe-num-cafe-em-guimaraes\/"]}]},{"@type":"ImageObject","inLanguage":"pt-PT","@id":"https:\/\/portaltela.pt\/noticias\/2026\/01\/20\/confrontos-entre-adeptos-de-delaes-e-ronfe-num-cafe-em-guimaraes\/#primaryimage","url":"https:\/\/portaltela.pt\/s.01k8rhncp4jt1\/2026\/01\/img_293x165uu2026-01-20-15-20-07-2415976.jpg","contentUrl":"https:\/\/portaltela.pt\/s.01k8rhncp4jt1\/2026\/01\/img_293x165uu2026-01-20-15-20-07-2415976.jpg","width":796,"height":448,"caption":"Incidentes entre adeptos do Del\u00e3es e do Ronfe escalaram e acabaram em confrontos em caf\u00e9 de Guimar\u00e3es"},{"@type":"BreadcrumbList","@id":"https:\/\/portaltela.pt\/noticias\/2026\/01\/20\/confrontos-entre-adeptos-de-delaes-e-ronfe-num-cafe-em-guimaraes\/#breadcrumb","itemListElement":[{"@type":"ListItem","position":1,"name":"In\u00edcio","item":"https:\/\/portaltela.pt\/"},{"@type":"ListItem","position":2,"name":"Confrontos entre adeptos de Del\u00e3es e Ronfe num caf\u00e9 em Guimar\u00e3es"}]},{"@type":"WebSite","@id":"https:\/\/portaltela.pt\/#website","url":"https:\/\/portaltela.pt\/","name":"Portal Tela Portugal","description":"","potentialAction":[{"@type":"SearchAction","target":{"@type":"EntryPoint","urlTemplate":"https:\/\/portaltela.pt\/?s={search_term_string}"},"query-input":{"@type":"PropertyValueSpecification","valueRequired":true,"valueName":"search_term_string"}}],"inLanguage":"pt-PT"},{"@type":"Person","@id":"https:\/\/portaltela.pt\/#\/schema\/person\/c4278d4a6028830caff9ee44b42d32ed","name":"Telinha","image":{"@type":"ImageObject","inLanguage":"pt-PT","@id":"https:\/\/portaltela.pt\/s.01k8rhncp4jt1\/2025\/11\/talking-bot-125x125.png","url":"https:\/\/portaltela.pt\/s.01k8rhncp4jt1\/2025\/11\/talking-bot-125x125.png","contentUrl":"https:\/\/portaltela.pt\/s.01k8rhncp4jt1\/2025\/11\/talking-bot-125x125.png","caption":"Telinha"},"sameAs":["https:\/\/portaltela.pt\/"],"url":"https:\/\/portaltela.pt\/por\/367410592786\/"}]}},"_links":{"self":[{"href":"https:\/\/portaltela.pt\/api\/wp\/v2\/posts\/156861","targetHints":{"allow":["GET"]}}],"collection":[{"href":"https:\/\/portaltela.pt\/api\/wp\/v2\/posts"}],"about":[{"href":"https:\/\/portaltela.pt\/api\/wp\/v2\/types\/post"}],"author":[{"embeddable":true,"href":"https:\/\/portaltela.pt\/api\/wp\/v2\/users\/2"}],"replies":[{"embeddable":true,"href":"https:\/\/portaltela.pt\/api\/wp\/v2\/comments?post=156861"}],"version-history":[{"count":0,"href":"https:\/\/portaltela.pt\/api\/wp\/v2\/posts\/156861\/revisions"}],"wp:featuredmedia":[{"embeddable":true,"href":"https:\/\/portaltela.pt\/api\/wp\/v2\/media\/156868"}],"wp:attachment":[{"href":"https:\/\/portaltela.pt\/api\/wp\/v2\/media?parent=156861"}],"wp:term":[{"taxonomy":"category","embeddable":true,"href":"https:\/\/portaltela.pt\/api\/wp\/v2\/categories?post=156861"},{"taxonomy":"post_tag","embeddable":true,"href":"https:\/\/portaltela.pt\/api\/wp\/v2\/tags?post=156861"}],"curies":[{"name":"wp","href":"https:\/\/api.w.org\/{rel}","templated":true}]}}