{"id":156849,"date":"2026-01-20T13:23:00","date_gmt":"2026-01-20T16:23:00","guid":{"rendered":"https:\/\/portaltela.pt\/noticias\/2026\/01\/20\/homem-incendiou-estatua-de-cristiano-ronaldo-no-funchal\/"},"modified":"2026-01-20T13:23:00","modified_gmt":"2026-01-20T16:23:00","slug":"homem-incendiou-estatua-de-cristiano-ronaldo-no-funchal","status":"publish","type":"post","link":"https:\/\/portaltela.pt\/noticias\/2026\/01\/20\/homem-incendiou-estatua-de-cristiano-ronaldo-no-funchal\/","title":{"rendered":"Homem incendiou est\u00e1tua de Cristiano Ronaldo no Funchal"},"content":{"rendered":"<p>Um homem incendiou a est\u00e1tua de Cristiano Ronaldo, junto ao Museu CR7, na Avenida do Mar, Funchal. A identidade do agressor foi partilhada nas redes sociais: utiliza o pseud\u00f3nimo &#8216;zaino.tcc.filipe&#8217;.<\/p>\n<p>O crime de dano foi registado em v\u00eddeo pelo pr\u00f3prio autor e depois divulgado na sua p\u00e1gina de Instagram. A est\u00e1tua fica localizada numa \u00e1rea p\u00fablica junto ao museu dedicado ao capit\u00e3o da Sele\u00e7\u00e3o Nacional.<\/p>\n<p>N\u00e3o h\u00e1, neste momento, informa\u00e7\u00f5es oficiais sobre o motivo do ato ou sobre eventuais consequ\u00eancias legais. A ocorr\u00eancia est\u00e1 a ser encaminhada pelas autoridades competentes para aprecia\u00e7\u00e3o adequada.<\/p>\n<p>As imagens do incidente foram partilhadas online pelo autor, que n\u00e3o foi identificado por outras fontes no texto. A pol\u00edcia local dever\u00e1 emitir um esclarecimento adicional conforme avan\u00e7a a investiga\u00e7\u00e3o.<\/p>\n","protected":false},"excerpt":{"rendered":"<ul>\n<li>Um homem identificou-se como &#8216;zaino.tcc.filipe&#8217; nas redes sociais e incendiou a est\u00e1tua de Cristiano Ronaldo junto ao Museu CR7, na Avenida do Mar, no Funchal.<\/li>\n<li>O monumento est\u00e1 localizado no Funchal, junto ao Museu CR7.<\/li>\n<li>O crime de dano foi filmado pelo pr\u00f3prio autor.<\/li>\n<li>O v\u00eddeo foi publicado na p\u00e1gina do Instagram do homem.<\/li>\n<li>N\u00e3o foram anunciadas informa\u00e7\u00f5es adicionais sobre deten\u00e7\u00f5es ou consequ\u00eancias legais no momento.<\/li>\n<\/ul>\n","protected":false},"author":2,"featured_media":156874,"comment_status":"closed","ping_status":"closed","sticky":false,"template":"","format":"standard","meta":{"footnotes":""},"categories":[1],"tags":[147,1947,848,1120,1438],"class_list":["post-156849","post","type-post","status-publish","format-standard","has-post-thumbnail","hentry","category-noticias","tag-crime","tag-cristiano-ronaldo","tag-dano-agravado","tag-funchal","tag-incendio"],"yoast_head":"<!-- This site is optimized with the Yoast SEO plugin v27.2 - https:\/\/yoast.com\/product\/yoast-seo-wordpress\/ -->\n<title>Homem incendiou est\u00e1tua de Cristiano Ronaldo no Funchal - Portal Tela Portugal<\/title>\n<meta name=\"robots\" content=\"index, follow, max-snippet:-1, max-image-preview:large, max-video-preview:-1\" \/>\n<meta property=\"og:locale\" content=\"pt_PT\" \/>\n<meta property=\"og:type\" content=\"article\" \/>\n<meta property=\"og:title\" content=\"Homem incendiou est\u00e1tua de Cristiano Ronaldo no Funchal - Portal Tela Portugal\" \/>\n<meta property=\"og:description\" content=\"Um homem identificou-se como &#039;zaino.tcc.filipe&#039; nas redes sociais e incendiou a est\u00e1tua de Cristiano Ronaldo junto ao Museu CR7, na Avenida do Mar, no Funchal. O monumento est\u00e1 localizado no Funchal, junto ao Museu CR7. O crime de dano foi filmado pelo pr\u00f3prio autor. O v\u00eddeo foi publicado na p\u00e1gina do Instagram do homem. N\u00e3o foram anunciadas informa\u00e7\u00f5es adicionais sobre deten\u00e7\u00f5es ou consequ\u00eancias legais no momento.\" \/>\n<meta property=\"og:url\" content=\"https:\/\/portaltela.pt\/noticias\/2026\/01\/20\/homem-incendiou-estatua-de-cristiano-ronaldo-no-funchal\/\" \/>\n<meta property=\"og:site_name\" content=\"Portal Tela Portugal\" \/>\n<meta property=\"article:published_time\" content=\"2026-01-20T16:23:00+00:00\" \/>\n<meta name=\"author\" content=\"Telinha\" \/>\n<meta name=\"twitter:card\" content=\"summary_large_image\" \/>\n<meta name=\"twitter:label1\" content=\"Escrito por\" \/>\n\t<meta name=\"twitter:data1\" content=\"Telinha\" \/>\n\t<meta name=\"twitter:label2\" content=\"Tempo estimado de leitura\" \/>\n\t<meta name=\"twitter:data2\" content=\"1 minuto\" \/>\n<script type=\"application\/ld+json\" class=\"yoast-schema-graph\">{\"@context\":\"https:\/\/schema.org\",\"@graph\":[{\"@type\":\"Article\",\"@id\":\"https:\/\/portaltela.pt\/noticias\/2026\/01\/20\/homem-incendiou-estatua-de-cristiano-ronaldo-no-funchal\/#article\",\"isPartOf\":{\"@id\":\"https:\/\/portaltela.pt\/noticias\/2026\/01\/20\/homem-incendiou-estatua-de-cristiano-ronaldo-no-funchal\/\"},\"author\":{\"name\":\"Telinha\",\"@id\":\"https:\/\/portaltela.pt\/#\/schema\/person\/c4278d4a6028830caff9ee44b42d32ed\"},\"headline\":\"Homem incendiou est\u00e1tua de Cristiano Ronaldo no Funchal\",\"datePublished\":\"2026-01-20T16:23:00+00:00\",\"mainEntityOfPage\":{\"@id\":\"https:\/\/portaltela.pt\/noticias\/2026\/01\/20\/homem-incendiou-estatua-de-cristiano-ronaldo-no-funchal\/\"},\"wordCount\":152,\"image\":{\"@id\":\"https:\/\/portaltela.pt\/noticias\/2026\/01\/20\/homem-incendiou-estatua-de-cristiano-ronaldo-no-funchal\/#primaryimage\"},\"thumbnailUrl\":\"https:\/\/portaltela.pt\/s.01k8rhncp4jt1\/2026\/01\/img_1200x721uu2026-01-20-16-21-12-2415989-1.jpg\",\"keywords\":[\"crime\",\"Cristiano Ronaldo\",\"dano agravado\",\"Funchal\",\"inc\u00eandio\"],\"articleSection\":[\"Not\u00edcias\"],\"inLanguage\":\"pt-PT\"},{\"@type\":\"WebPage\",\"@id\":\"https:\/\/portaltela.pt\/noticias\/2026\/01\/20\/homem-incendiou-estatua-de-cristiano-ronaldo-no-funchal\/\",\"url\":\"https:\/\/portaltela.pt\/noticias\/2026\/01\/20\/homem-incendiou-estatua-de-cristiano-ronaldo-no-funchal\/\",\"name\":\"Homem incendiou est\u00e1tua de Cristiano Ronaldo no Funchal - Portal Tela Portugal\",\"isPartOf\":{\"@id\":\"https:\/\/portaltela.pt\/#website\"},\"primaryImageOfPage\":{\"@id\":\"https:\/\/portaltela.pt\/noticias\/2026\/01\/20\/homem-incendiou-estatua-de-cristiano-ronaldo-no-funchal\/#primaryimage\"},\"image\":{\"@id\":\"https:\/\/portaltela.pt\/noticias\/2026\/01\/20\/homem-incendiou-estatua-de-cristiano-ronaldo-no-funchal\/#primaryimage\"},\"thumbnailUrl\":\"https:\/\/portaltela.pt\/s.01k8rhncp4jt1\/2026\/01\/img_1200x721uu2026-01-20-16-21-12-2415989-1.jpg\",\"datePublished\":\"2026-01-20T16:23:00+00:00\",\"author\":{\"@id\":\"https:\/\/portaltela.pt\/#\/schema\/person\/c4278d4a6028830caff9ee44b42d32ed\"},\"breadcrumb\":{\"@id\":\"https:\/\/portaltela.pt\/noticias\/2026\/01\/20\/homem-incendiou-estatua-de-cristiano-ronaldo-no-funchal\/#breadcrumb\"},\"inLanguage\":\"pt-PT\",\"potentialAction\":[{\"@type\":\"ReadAction\",\"target\":[\"https:\/\/portaltela.pt\/noticias\/2026\/01\/20\/homem-incendiou-estatua-de-cristiano-ronaldo-no-funchal\/\"]}]},{\"@type\":\"ImageObject\",\"inLanguage\":\"pt-PT\",\"@id\":\"https:\/\/portaltela.pt\/noticias\/2026\/01\/20\/homem-incendiou-estatua-de-cristiano-ronaldo-no-funchal\/#primaryimage\",\"url\":\"https:\/\/portaltela.pt\/s.01k8rhncp4jt1\/2026\/01\/img_1200x721uu2026-01-20-16-21-12-2415989-1.jpg\",\"contentUrl\":\"https:\/\/portaltela.pt\/s.01k8rhncp4jt1\/2026\/01\/img_1200x721uu2026-01-20-16-21-12-2415989-1.jpg\",\"width\":796,\"height\":448,\"caption\":\"Photo\"},{\"@type\":\"BreadcrumbList\",\"@id\":\"https:\/\/portaltela.pt\/noticias\/2026\/01\/20\/homem-incendiou-estatua-de-cristiano-ronaldo-no-funchal\/#breadcrumb\",\"itemListElement\":[{\"@type\":\"ListItem\",\"position\":1,\"name\":\"In\u00edcio\",\"item\":\"https:\/\/portaltela.pt\/\"},{\"@type\":\"ListItem\",\"position\":2,\"name\":\"Homem incendiou est\u00e1tua de Cristiano Ronaldo no Funchal\"}]},{\"@type\":\"WebSite\",\"@id\":\"https:\/\/portaltela.pt\/#website\",\"url\":\"https:\/\/portaltela.pt\/\",\"name\":\"Portal Tela Portugal\",\"description\":\"\",\"potentialAction\":[{\"@type\":\"SearchAction\",\"target\":{\"@type\":\"EntryPoint\",\"urlTemplate\":\"https:\/\/portaltela.pt\/?s={search_term_string}\"},\"query-input\":{\"@type\":\"PropertyValueSpecification\",\"valueRequired\":true,\"valueName\":\"search_term_string\"}}],\"inLanguage\":\"pt-PT\"},{\"@type\":\"Person\",\"@id\":\"https:\/\/portaltela.pt\/#\/schema\/person\/c4278d4a6028830caff9ee44b42d32ed\",\"name\":\"Telinha\",\"image\":{\"@type\":\"ImageObject\",\"inLanguage\":\"pt-PT\",\"@id\":\"https:\/\/portaltela.pt\/s.01k8rhncp4jt1\/2025\/11\/talking-bot-125x125.png\",\"url\":\"https:\/\/portaltela.pt\/s.01k8rhncp4jt1\/2025\/11\/talking-bot-125x125.png\",\"contentUrl\":\"https:\/\/portaltela.pt\/s.01k8rhncp4jt1\/2025\/11\/talking-bot-125x125.png\",\"caption\":\"Telinha\"},\"sameAs\":[\"https:\/\/portaltela.pt\/\"],\"url\":\"https:\/\/portaltela.pt\/por\/367410592786\/\"}]}<\/script>\n<!-- \/ Yoast SEO plugin. -->","yoast_head_json":{"title":"Homem incendiou est\u00e1tua de Cristiano Ronaldo no Funchal - Portal Tela Portugal","robots":{"index":"index","follow":"follow","max-snippet":"max-snippet:-1","max-image-preview":"max-image-preview:large","max-video-preview":"max-video-preview:-1"},"og_locale":"pt_PT","og_type":"article","og_title":"Homem incendiou est\u00e1tua de Cristiano Ronaldo no Funchal - Portal Tela Portugal","og_description":"Um homem identificou-se como 'zaino.tcc.filipe' nas redes sociais e incendiou a est\u00e1tua de Cristiano Ronaldo junto ao Museu CR7, na Avenida do Mar, no Funchal. O monumento est\u00e1 localizado no Funchal, junto ao Museu CR7. O crime de dano foi filmado pelo pr\u00f3prio autor. O v\u00eddeo foi publicado na p\u00e1gina do Instagram do homem. N\u00e3o foram anunciadas informa\u00e7\u00f5es adicionais sobre deten\u00e7\u00f5es ou consequ\u00eancias legais no momento.","og_url":"https:\/\/portaltela.pt\/noticias\/2026\/01\/20\/homem-incendiou-estatua-de-cristiano-ronaldo-no-funchal\/","og_site_name":"Portal Tela Portugal","article_published_time":"2026-01-20T16:23:00+00:00","author":"Telinha","twitter_card":"summary_large_image","twitter_misc":{"Escrito por":"Telinha","Tempo estimado de leitura":"1 minuto"},"schema":{"@context":"https:\/\/schema.org","@graph":[{"@type":"Article","@id":"https:\/\/portaltela.pt\/noticias\/2026\/01\/20\/homem-incendiou-estatua-de-cristiano-ronaldo-no-funchal\/#article","isPartOf":{"@id":"https:\/\/portaltela.pt\/noticias\/2026\/01\/20\/homem-incendiou-estatua-de-cristiano-ronaldo-no-funchal\/"},"author":{"name":"Telinha","@id":"https:\/\/portaltela.pt\/#\/schema\/person\/c4278d4a6028830caff9ee44b42d32ed"},"headline":"Homem incendiou est\u00e1tua de Cristiano Ronaldo no Funchal","datePublished":"2026-01-20T16:23:00+00:00","mainEntityOfPage":{"@id":"https:\/\/portaltela.pt\/noticias\/2026\/01\/20\/homem-incendiou-estatua-de-cristiano-ronaldo-no-funchal\/"},"wordCount":152,"image":{"@id":"https:\/\/portaltela.pt\/noticias\/2026\/01\/20\/homem-incendiou-estatua-de-cristiano-ronaldo-no-funchal\/#primaryimage"},"thumbnailUrl":"https:\/\/portaltela.pt\/s.01k8rhncp4jt1\/2026\/01\/img_1200x721uu2026-01-20-16-21-12-2415989-1.jpg","keywords":["crime","Cristiano Ronaldo","dano agravado","Funchal","inc\u00eandio"],"articleSection":["Not\u00edcias"],"inLanguage":"pt-PT"},{"@type":"WebPage","@id":"https:\/\/portaltela.pt\/noticias\/2026\/01\/20\/homem-incendiou-estatua-de-cristiano-ronaldo-no-funchal\/","url":"https:\/\/portaltela.pt\/noticias\/2026\/01\/20\/homem-incendiou-estatua-de-cristiano-ronaldo-no-funchal\/","name":"Homem incendiou est\u00e1tua de Cristiano Ronaldo no Funchal - Portal Tela Portugal","isPartOf":{"@id":"https:\/\/portaltela.pt\/#website"},"primaryImageOfPage":{"@id":"https:\/\/portaltela.pt\/noticias\/2026\/01\/20\/homem-incendiou-estatua-de-cristiano-ronaldo-no-funchal\/#primaryimage"},"image":{"@id":"https:\/\/portaltela.pt\/noticias\/2026\/01\/20\/homem-incendiou-estatua-de-cristiano-ronaldo-no-funchal\/#primaryimage"},"thumbnailUrl":"https:\/\/portaltela.pt\/s.01k8rhncp4jt1\/2026\/01\/img_1200x721uu2026-01-20-16-21-12-2415989-1.jpg","datePublished":"2026-01-20T16:23:00+00:00","author":{"@id":"https:\/\/portaltela.pt\/#\/schema\/person\/c4278d4a6028830caff9ee44b42d32ed"},"breadcrumb":{"@id":"https:\/\/portaltela.pt\/noticias\/2026\/01\/20\/homem-incendiou-estatua-de-cristiano-ronaldo-no-funchal\/#breadcrumb"},"inLanguage":"pt-PT","potentialAction":[{"@type":"ReadAction","target":["https:\/\/portaltela.pt\/noticias\/2026\/01\/20\/homem-incendiou-estatua-de-cristiano-ronaldo-no-funchal\/"]}]},{"@type":"ImageObject","inLanguage":"pt-PT","@id":"https:\/\/portaltela.pt\/noticias\/2026\/01\/20\/homem-incendiou-estatua-de-cristiano-ronaldo-no-funchal\/#primaryimage","url":"https:\/\/portaltela.pt\/s.01k8rhncp4jt1\/2026\/01\/img_1200x721uu2026-01-20-16-21-12-2415989-1.jpg","contentUrl":"https:\/\/portaltela.pt\/s.01k8rhncp4jt1\/2026\/01\/img_1200x721uu2026-01-20-16-21-12-2415989-1.jpg","width":796,"height":448,"caption":"Photo"},{"@type":"BreadcrumbList","@id":"https:\/\/portaltela.pt\/noticias\/2026\/01\/20\/homem-incendiou-estatua-de-cristiano-ronaldo-no-funchal\/#breadcrumb","itemListElement":[{"@type":"ListItem","position":1,"name":"In\u00edcio","item":"https:\/\/portaltela.pt\/"},{"@type":"ListItem","position":2,"name":"Homem incendiou est\u00e1tua de Cristiano Ronaldo no Funchal"}]},{"@type":"WebSite","@id":"https:\/\/portaltela.pt\/#website","url":"https:\/\/portaltela.pt\/","name":"Portal Tela Portugal","description":"","potentialAction":[{"@type":"SearchAction","target":{"@type":"EntryPoint","urlTemplate":"https:\/\/portaltela.pt\/?s={search_term_string}"},"query-input":{"@type":"PropertyValueSpecification","valueRequired":true,"valueName":"search_term_string"}}],"inLanguage":"pt-PT"},{"@type":"Person","@id":"https:\/\/portaltela.pt\/#\/schema\/person\/c4278d4a6028830caff9ee44b42d32ed","name":"Telinha","image":{"@type":"ImageObject","inLanguage":"pt-PT","@id":"https:\/\/portaltela.pt\/s.01k8rhncp4jt1\/2025\/11\/talking-bot-125x125.png","url":"https:\/\/portaltela.pt\/s.01k8rhncp4jt1\/2025\/11\/talking-bot-125x125.png","contentUrl":"https:\/\/portaltela.pt\/s.01k8rhncp4jt1\/2025\/11\/talking-bot-125x125.png","caption":"Telinha"},"sameAs":["https:\/\/portaltela.pt\/"],"url":"https:\/\/portaltela.pt\/por\/367410592786\/"}]}},"_links":{"self":[{"href":"https:\/\/portaltela.pt\/api\/wp\/v2\/posts\/156849","targetHints":{"allow":["GET"]}}],"collection":[{"href":"https:\/\/portaltela.pt\/api\/wp\/v2\/posts"}],"about":[{"href":"https:\/\/portaltela.pt\/api\/wp\/v2\/types\/post"}],"author":[{"embeddable":true,"href":"https:\/\/portaltela.pt\/api\/wp\/v2\/users\/2"}],"replies":[{"embeddable":true,"href":"https:\/\/portaltela.pt\/api\/wp\/v2\/comments?post=156849"}],"version-history":[{"count":0,"href":"https:\/\/portaltela.pt\/api\/wp\/v2\/posts\/156849\/revisions"}],"wp:featuredmedia":[{"embeddable":true,"href":"https:\/\/portaltela.pt\/api\/wp\/v2\/media\/156874"}],"wp:attachment":[{"href":"https:\/\/portaltela.pt\/api\/wp\/v2\/media?parent=156849"}],"wp:term":[{"taxonomy":"category","embeddable":true,"href":"https:\/\/portaltela.pt\/api\/wp\/v2\/categories?post=156849"},{"taxonomy":"post_tag","embeddable":true,"href":"https:\/\/portaltela.pt\/api\/wp\/v2\/tags?post=156849"}],"curies":[{"name":"wp","href":"https:\/\/api.w.org\/{rel}","templated":true}]}}