{"id":156825,"date":"2026-01-20T13:19:29","date_gmt":"2026-01-20T16:19:29","guid":{"rendered":"https:\/\/portaltela.pt\/noticias\/2026\/01\/20\/marrocos-perdoa-brahim-diaz-entraste-nos-nossos-coracoes\/"},"modified":"2026-01-20T13:19:29","modified_gmt":"2026-01-20T16:19:29","slug":"marrocos-perdoa-brahim-diaz-entraste-nos-nossos-coracoes","status":"publish","type":"post","link":"https:\/\/portaltela.pt\/desporto\/futebol\/2026\/01\/20\/marrocos-perdoa-brahim-diaz-entraste-nos-nossos-coracoes\/","title":{"rendered":"Marrocos perdoa Brahim D\u00edaz: \u00abEntraste nos nossos cora\u00e7\u00f5es\u00bb"},"content":{"rendered":"<p>Brahim D\u00edaz falhou um pen\u00e1lti decisivo na final da CAN 2025, disputada entre Marrocos e Senegal. O lance ocorreu nos minutos finais do tempo regulamentar, levando o encontro a prolongamento. O Senegal acabou por erguer o trof\u00e9u, ap\u00f3s o golo que ditou o desfecho.<\/p>\n<p>O epis\u00f3dio n\u00e3o passou despercebido em Marrocos. Aziz Akhannouch, presidente do governo, dirigiu-se ao jogador em audi\u00eancia parlamentar para lhe dirigir uma mensagem de perd\u00e3o e reconhecimento. O primeiro-ministro elogiou a participa\u00e7\u00e3o de D\u00edaz no torneio.<\/p>\n<p>Akanhoun apontou que D\u00edaz foi a grande revela\u00e7\u00e3o do campeonato e o melhor marcador, com cinco golos. Destacou ainda que o atleta escolheu representar Marrocos e saiu do torneio com o cora\u00e7\u00e3o dos marroquinos. O epis\u00f3dio do pen\u00e1lti ficou, assim, marcado pela postura governamental.<\/p>\n<p>Brahim D\u00edaz pediu desculpas ap\u00f3s o lance, afirmando sentir o peso da oportunidade perdida. Mesmo assim, Akhannouch afirmou que o recorde do jogador continua a ser um marco da CAN e que a sua presta\u00e7\u00e3o n\u00e3o fica ofuscada pelo fallo.<\/p>\n<p>A CAN 2025 ficou marcada pela presta\u00e7\u00e3o do jovem internacional espanhol, que nasceu em M\u00e1laga. O feito manteve D\u00edaz no topo da lista de artilheiros, mesmo ap\u00f3s o erro no momento decisivo. O t\u00edtulo acabou por sorrir ao Senegal.<\/p>\n","protected":false},"excerpt":{"rendered":"<ul>\n<li>Aziz Akhannouch, chefe do Governo de Marrocos, dirigiu uma mensagem a Brahim D\u00edaz no Parlamento, perdoando-o publicamente pelo pen\u00e1lti falhado na final da CAN.<\/li>\n<li>O presidente destacou que D\u00edaz foi a grande revela\u00e7\u00e3o da competi\u00e7\u00e3o e o melhor marcador, com cinco golos.<\/li>\n<li>D\u00edaz, nascido em M\u00e1laga e internacional jovem espanhol, falhou um pen\u00e1lti decisivo na final ao tentar um Panenka.<\/li>\n<li>O empate manteve-se e o encontro seguiu para prolongamento, com o Senegal a apontar o golo da vit\u00f3ria.<\/li>\n<li>Akhannouch afirmou que o epis\u00f3dio n\u00e3o apaga o que D\u00edaz fez ao longo do torneio e reconheceu o seu contributo.<\/li>\n<\/ul>\n","protected":false},"author":2,"featured_media":156833,"comment_status":"closed","ping_status":"closed","sticky":false,"template":"","format":"standard","meta":{"footnotes":""},"categories":[21,24],"tags":[2997,32,48,1885,2057,1883],"class_list":["post-156825","post","type-post","status-publish","format-standard","has-post-thumbnail","hentry","category-desporto","category-futebol","tag-brahim-diaz","tag-futebol","tag-gols","tag-penalti","tag-selecao-nacional","tag-senegal"],"yoast_head":"<!-- This site is optimized with the Yoast SEO plugin v27.2 - https:\/\/yoast.com\/product\/yoast-seo-wordpress\/ -->\n<title>Marrocos perdoa Brahim D\u00edaz: \u00abEntraste nos nossos cora\u00e7\u00f5es\u00bb - Portal Tela Portugal<\/title>\n<meta name=\"robots\" content=\"index, follow, max-snippet:-1, max-image-preview:large, max-video-preview:-1\" \/>\n<meta property=\"og:locale\" content=\"pt_PT\" \/>\n<meta property=\"og:type\" content=\"article\" \/>\n<meta property=\"og:title\" content=\"Marrocos perdoa Brahim D\u00edaz: \u00abEntraste nos nossos cora\u00e7\u00f5es\u00bb - Portal Tela Portugal\" \/>\n<meta property=\"og:description\" content=\"Aziz Akhannouch, chefe do Governo de Marrocos, dirigiu uma mensagem a Brahim D\u00edaz no Parlamento, perdoando-o publicamente pelo pen\u00e1lti falhado na final da CAN. O presidente destacou que D\u00edaz foi a grande revela\u00e7\u00e3o da competi\u00e7\u00e3o e o melhor marcador, com cinco golos. D\u00edaz, nascido em M\u00e1laga e internacional jovem espanhol, falhou um pen\u00e1lti decisivo na final ao tentar um Panenka. O empate manteve-se e o encontro seguiu para prolongamento, com o Senegal a apontar o golo da vit\u00f3ria. Akhannouch afirmou que o epis\u00f3dio n\u00e3o apaga o que D\u00edaz fez ao longo do torneio e reconheceu o seu contributo.\" \/>\n<meta property=\"og:url\" content=\"https:\/\/portaltela.pt\/noticias\/2026\/01\/20\/marrocos-perdoa-brahim-diaz-entraste-nos-nossos-coracoes\/\" \/>\n<meta property=\"og:site_name\" content=\"Portal Tela Portugal\" \/>\n<meta property=\"article:published_time\" content=\"2026-01-20T16:19:29+00:00\" \/>\n<meta name=\"author\" content=\"Telinha\" \/>\n<meta name=\"twitter:card\" content=\"summary_large_image\" \/>\n<meta name=\"twitter:label1\" content=\"Escrito por\" \/>\n\t<meta name=\"twitter:data1\" content=\"Telinha\" \/>\n\t<meta name=\"twitter:label2\" content=\"Tempo estimado de leitura\" \/>\n\t<meta name=\"twitter:data2\" content=\"1 minuto\" \/>\n<script type=\"application\/ld+json\" class=\"yoast-schema-graph\">{\"@context\":\"https:\/\/schema.org\",\"@graph\":[{\"@type\":\"Article\",\"@id\":\"https:\/\/portaltela.pt\/noticias\/2026\/01\/20\/marrocos-perdoa-brahim-diaz-entraste-nos-nossos-coracoes\/#article\",\"isPartOf\":{\"@id\":\"https:\/\/portaltela.pt\/noticias\/2026\/01\/20\/marrocos-perdoa-brahim-diaz-entraste-nos-nossos-coracoes\/\"},\"author\":{\"name\":\"Telinha\",\"@id\":\"https:\/\/portaltela.pt\/#\/schema\/person\/c4278d4a6028830caff9ee44b42d32ed\"},\"headline\":\"Marrocos perdoa Brahim D\u00edaz: \u00abEntraste nos nossos cora\u00e7\u00f5es\u00bb\",\"datePublished\":\"2026-01-20T16:19:29+00:00\",\"mainEntityOfPage\":{\"@id\":\"https:\/\/portaltela.pt\/noticias\/2026\/01\/20\/marrocos-perdoa-brahim-diaz-entraste-nos-nossos-coracoes\/\"},\"wordCount\":235,\"image\":{\"@id\":\"https:\/\/portaltela.pt\/noticias\/2026\/01\/20\/marrocos-perdoa-brahim-diaz-entraste-nos-nossos-coracoes\/#primaryimage\"},\"thumbnailUrl\":\"https:\/\/portaltela.pt\/s.01k8rhncp4jt1\/2026\/01\/d71af5eb-7887-4723-9587-f4a935ae0a2d.jpg\",\"keywords\":[\"Brahim D\u00edaz\",\"futebol\",\"gols\",\"pen\u00e1lti\",\"Sele\u00e7\u00e3o Nacional\",\"Senegal\"],\"articleSection\":[\"Desporto\",\"Futebol\"],\"inLanguage\":\"pt-PT\"},{\"@type\":\"WebPage\",\"@id\":\"https:\/\/portaltela.pt\/noticias\/2026\/01\/20\/marrocos-perdoa-brahim-diaz-entraste-nos-nossos-coracoes\/\",\"url\":\"https:\/\/portaltela.pt\/noticias\/2026\/01\/20\/marrocos-perdoa-brahim-diaz-entraste-nos-nossos-coracoes\/\",\"name\":\"Marrocos perdoa Brahim D\u00edaz: \u00abEntraste nos nossos cora\u00e7\u00f5es\u00bb - Portal Tela Portugal\",\"isPartOf\":{\"@id\":\"https:\/\/portaltela.pt\/#website\"},\"primaryImageOfPage\":{\"@id\":\"https:\/\/portaltela.pt\/noticias\/2026\/01\/20\/marrocos-perdoa-brahim-diaz-entraste-nos-nossos-coracoes\/#primaryimage\"},\"image\":{\"@id\":\"https:\/\/portaltela.pt\/noticias\/2026\/01\/20\/marrocos-perdoa-brahim-diaz-entraste-nos-nossos-coracoes\/#primaryimage\"},\"thumbnailUrl\":\"https:\/\/portaltela.pt\/s.01k8rhncp4jt1\/2026\/01\/d71af5eb-7887-4723-9587-f4a935ae0a2d.jpg\",\"datePublished\":\"2026-01-20T16:19:29+00:00\",\"author\":{\"@id\":\"https:\/\/portaltela.pt\/#\/schema\/person\/c4278d4a6028830caff9ee44b42d32ed\"},\"breadcrumb\":{\"@id\":\"https:\/\/portaltela.pt\/noticias\/2026\/01\/20\/marrocos-perdoa-brahim-diaz-entraste-nos-nossos-coracoes\/#breadcrumb\"},\"inLanguage\":\"pt-PT\",\"potentialAction\":[{\"@type\":\"ReadAction\",\"target\":[\"https:\/\/portaltela.pt\/noticias\/2026\/01\/20\/marrocos-perdoa-brahim-diaz-entraste-nos-nossos-coracoes\/\"]}]},{\"@type\":\"ImageObject\",\"inLanguage\":\"pt-PT\",\"@id\":\"https:\/\/portaltela.pt\/noticias\/2026\/01\/20\/marrocos-perdoa-brahim-diaz-entraste-nos-nossos-coracoes\/#primaryimage\",\"url\":\"https:\/\/portaltela.pt\/s.01k8rhncp4jt1\/2026\/01\/d71af5eb-7887-4723-9587-f4a935ae0a2d.jpg\",\"contentUrl\":\"https:\/\/portaltela.pt\/s.01k8rhncp4jt1\/2026\/01\/d71af5eb-7887-4723-9587-f4a935ae0a2d.jpg\",\"width\":796,\"height\":448,\"caption\":\"Brahim D\u00edaz foi o melhor marcador da CAN 2025 - Foto: IMAGO\"},{\"@type\":\"BreadcrumbList\",\"@id\":\"https:\/\/portaltela.pt\/noticias\/2026\/01\/20\/marrocos-perdoa-brahim-diaz-entraste-nos-nossos-coracoes\/#breadcrumb\",\"itemListElement\":[{\"@type\":\"ListItem\",\"position\":1,\"name\":\"In\u00edcio\",\"item\":\"https:\/\/portaltela.pt\/\"},{\"@type\":\"ListItem\",\"position\":2,\"name\":\"Marrocos perdoa Brahim D\u00edaz: \u00abEntraste nos nossos cora\u00e7\u00f5es\u00bb\"}]},{\"@type\":\"WebSite\",\"@id\":\"https:\/\/portaltela.pt\/#website\",\"url\":\"https:\/\/portaltela.pt\/\",\"name\":\"Portal Tela Portugal\",\"description\":\"\",\"potentialAction\":[{\"@type\":\"SearchAction\",\"target\":{\"@type\":\"EntryPoint\",\"urlTemplate\":\"https:\/\/portaltela.pt\/?s={search_term_string}\"},\"query-input\":{\"@type\":\"PropertyValueSpecification\",\"valueRequired\":true,\"valueName\":\"search_term_string\"}}],\"inLanguage\":\"pt-PT\"},{\"@type\":\"Person\",\"@id\":\"https:\/\/portaltela.pt\/#\/schema\/person\/c4278d4a6028830caff9ee44b42d32ed\",\"name\":\"Telinha\",\"image\":{\"@type\":\"ImageObject\",\"inLanguage\":\"pt-PT\",\"@id\":\"https:\/\/portaltela.pt\/s.01k8rhncp4jt1\/2025\/11\/talking-bot-125x125.png\",\"url\":\"https:\/\/portaltela.pt\/s.01k8rhncp4jt1\/2025\/11\/talking-bot-125x125.png\",\"contentUrl\":\"https:\/\/portaltela.pt\/s.01k8rhncp4jt1\/2025\/11\/talking-bot-125x125.png\",\"caption\":\"Telinha\"},\"sameAs\":[\"https:\/\/portaltela.pt\/\"],\"url\":\"https:\/\/portaltela.pt\/por\/367410592786\/\"}]}<\/script>\n<!-- \/ Yoast SEO plugin. -->","yoast_head_json":{"title":"Marrocos perdoa Brahim D\u00edaz: \u00abEntraste nos nossos cora\u00e7\u00f5es\u00bb - Portal Tela Portugal","robots":{"index":"index","follow":"follow","max-snippet":"max-snippet:-1","max-image-preview":"max-image-preview:large","max-video-preview":"max-video-preview:-1"},"og_locale":"pt_PT","og_type":"article","og_title":"Marrocos perdoa Brahim D\u00edaz: \u00abEntraste nos nossos cora\u00e7\u00f5es\u00bb - Portal Tela Portugal","og_description":"Aziz Akhannouch, chefe do Governo de Marrocos, dirigiu uma mensagem a Brahim D\u00edaz no Parlamento, perdoando-o publicamente pelo pen\u00e1lti falhado na final da CAN. O presidente destacou que D\u00edaz foi a grande revela\u00e7\u00e3o da competi\u00e7\u00e3o e o melhor marcador, com cinco golos. D\u00edaz, nascido em M\u00e1laga e internacional jovem espanhol, falhou um pen\u00e1lti decisivo na final ao tentar um Panenka. O empate manteve-se e o encontro seguiu para prolongamento, com o Senegal a apontar o golo da vit\u00f3ria. Akhannouch afirmou que o epis\u00f3dio n\u00e3o apaga o que D\u00edaz fez ao longo do torneio e reconheceu o seu contributo.","og_url":"https:\/\/portaltela.pt\/noticias\/2026\/01\/20\/marrocos-perdoa-brahim-diaz-entraste-nos-nossos-coracoes\/","og_site_name":"Portal Tela Portugal","article_published_time":"2026-01-20T16:19:29+00:00","author":"Telinha","twitter_card":"summary_large_image","twitter_misc":{"Escrito por":"Telinha","Tempo estimado de leitura":"1 minuto"},"schema":{"@context":"https:\/\/schema.org","@graph":[{"@type":"Article","@id":"https:\/\/portaltela.pt\/noticias\/2026\/01\/20\/marrocos-perdoa-brahim-diaz-entraste-nos-nossos-coracoes\/#article","isPartOf":{"@id":"https:\/\/portaltela.pt\/noticias\/2026\/01\/20\/marrocos-perdoa-brahim-diaz-entraste-nos-nossos-coracoes\/"},"author":{"name":"Telinha","@id":"https:\/\/portaltela.pt\/#\/schema\/person\/c4278d4a6028830caff9ee44b42d32ed"},"headline":"Marrocos perdoa Brahim D\u00edaz: \u00abEntraste nos nossos cora\u00e7\u00f5es\u00bb","datePublished":"2026-01-20T16:19:29+00:00","mainEntityOfPage":{"@id":"https:\/\/portaltela.pt\/noticias\/2026\/01\/20\/marrocos-perdoa-brahim-diaz-entraste-nos-nossos-coracoes\/"},"wordCount":235,"image":{"@id":"https:\/\/portaltela.pt\/noticias\/2026\/01\/20\/marrocos-perdoa-brahim-diaz-entraste-nos-nossos-coracoes\/#primaryimage"},"thumbnailUrl":"https:\/\/portaltela.pt\/s.01k8rhncp4jt1\/2026\/01\/d71af5eb-7887-4723-9587-f4a935ae0a2d.jpg","keywords":["Brahim D\u00edaz","futebol","gols","pen\u00e1lti","Sele\u00e7\u00e3o Nacional","Senegal"],"articleSection":["Desporto","Futebol"],"inLanguage":"pt-PT"},{"@type":"WebPage","@id":"https:\/\/portaltela.pt\/noticias\/2026\/01\/20\/marrocos-perdoa-brahim-diaz-entraste-nos-nossos-coracoes\/","url":"https:\/\/portaltela.pt\/noticias\/2026\/01\/20\/marrocos-perdoa-brahim-diaz-entraste-nos-nossos-coracoes\/","name":"Marrocos perdoa Brahim D\u00edaz: \u00abEntraste nos nossos cora\u00e7\u00f5es\u00bb - Portal Tela Portugal","isPartOf":{"@id":"https:\/\/portaltela.pt\/#website"},"primaryImageOfPage":{"@id":"https:\/\/portaltela.pt\/noticias\/2026\/01\/20\/marrocos-perdoa-brahim-diaz-entraste-nos-nossos-coracoes\/#primaryimage"},"image":{"@id":"https:\/\/portaltela.pt\/noticias\/2026\/01\/20\/marrocos-perdoa-brahim-diaz-entraste-nos-nossos-coracoes\/#primaryimage"},"thumbnailUrl":"https:\/\/portaltela.pt\/s.01k8rhncp4jt1\/2026\/01\/d71af5eb-7887-4723-9587-f4a935ae0a2d.jpg","datePublished":"2026-01-20T16:19:29+00:00","author":{"@id":"https:\/\/portaltela.pt\/#\/schema\/person\/c4278d4a6028830caff9ee44b42d32ed"},"breadcrumb":{"@id":"https:\/\/portaltela.pt\/noticias\/2026\/01\/20\/marrocos-perdoa-brahim-diaz-entraste-nos-nossos-coracoes\/#breadcrumb"},"inLanguage":"pt-PT","potentialAction":[{"@type":"ReadAction","target":["https:\/\/portaltela.pt\/noticias\/2026\/01\/20\/marrocos-perdoa-brahim-diaz-entraste-nos-nossos-coracoes\/"]}]},{"@type":"ImageObject","inLanguage":"pt-PT","@id":"https:\/\/portaltela.pt\/noticias\/2026\/01\/20\/marrocos-perdoa-brahim-diaz-entraste-nos-nossos-coracoes\/#primaryimage","url":"https:\/\/portaltela.pt\/s.01k8rhncp4jt1\/2026\/01\/d71af5eb-7887-4723-9587-f4a935ae0a2d.jpg","contentUrl":"https:\/\/portaltela.pt\/s.01k8rhncp4jt1\/2026\/01\/d71af5eb-7887-4723-9587-f4a935ae0a2d.jpg","width":796,"height":448,"caption":"Brahim D\u00edaz foi o melhor marcador da CAN 2025 - Foto: IMAGO"},{"@type":"BreadcrumbList","@id":"https:\/\/portaltela.pt\/noticias\/2026\/01\/20\/marrocos-perdoa-brahim-diaz-entraste-nos-nossos-coracoes\/#breadcrumb","itemListElement":[{"@type":"ListItem","position":1,"name":"In\u00edcio","item":"https:\/\/portaltela.pt\/"},{"@type":"ListItem","position":2,"name":"Marrocos perdoa Brahim D\u00edaz: \u00abEntraste nos nossos cora\u00e7\u00f5es\u00bb"}]},{"@type":"WebSite","@id":"https:\/\/portaltela.pt\/#website","url":"https:\/\/portaltela.pt\/","name":"Portal Tela Portugal","description":"","potentialAction":[{"@type":"SearchAction","target":{"@type":"EntryPoint","urlTemplate":"https:\/\/portaltela.pt\/?s={search_term_string}"},"query-input":{"@type":"PropertyValueSpecification","valueRequired":true,"valueName":"search_term_string"}}],"inLanguage":"pt-PT"},{"@type":"Person","@id":"https:\/\/portaltela.pt\/#\/schema\/person\/c4278d4a6028830caff9ee44b42d32ed","name":"Telinha","image":{"@type":"ImageObject","inLanguage":"pt-PT","@id":"https:\/\/portaltela.pt\/s.01k8rhncp4jt1\/2025\/11\/talking-bot-125x125.png","url":"https:\/\/portaltela.pt\/s.01k8rhncp4jt1\/2025\/11\/talking-bot-125x125.png","contentUrl":"https:\/\/portaltela.pt\/s.01k8rhncp4jt1\/2025\/11\/talking-bot-125x125.png","caption":"Telinha"},"sameAs":["https:\/\/portaltela.pt\/"],"url":"https:\/\/portaltela.pt\/por\/367410592786\/"}]}},"_links":{"self":[{"href":"https:\/\/portaltela.pt\/api\/wp\/v2\/posts\/156825","targetHints":{"allow":["GET"]}}],"collection":[{"href":"https:\/\/portaltela.pt\/api\/wp\/v2\/posts"}],"about":[{"href":"https:\/\/portaltela.pt\/api\/wp\/v2\/types\/post"}],"author":[{"embeddable":true,"href":"https:\/\/portaltela.pt\/api\/wp\/v2\/users\/2"}],"replies":[{"embeddable":true,"href":"https:\/\/portaltela.pt\/api\/wp\/v2\/comments?post=156825"}],"version-history":[{"count":0,"href":"https:\/\/portaltela.pt\/api\/wp\/v2\/posts\/156825\/revisions"}],"wp:featuredmedia":[{"embeddable":true,"href":"https:\/\/portaltela.pt\/api\/wp\/v2\/media\/156833"}],"wp:attachment":[{"href":"https:\/\/portaltela.pt\/api\/wp\/v2\/media?parent=156825"}],"wp:term":[{"taxonomy":"category","embeddable":true,"href":"https:\/\/portaltela.pt\/api\/wp\/v2\/categories?post=156825"},{"taxonomy":"post_tag","embeddable":true,"href":"https:\/\/portaltela.pt\/api\/wp\/v2\/tags?post=156825"}],"curies":[{"name":"wp","href":"https:\/\/api.w.org\/{rel}","templated":true}]}}