{"id":156817,"date":"2026-01-20T13:23:05","date_gmt":"2026-01-20T16:23:05","guid":{"rendered":"https:\/\/portaltela.pt\/noticias\/2026\/01\/20\/ilha-graciosa-cria-primeira-reserva-municipal-de-ecossistemas-de-surf-nos-acores\/"},"modified":"2026-01-20T13:23:05","modified_gmt":"2026-01-20T16:23:05","slug":"ilha-graciosa-cria-primeira-reserva-municipal-de-ecossistemas-de-surf-nos-acores","status":"publish","type":"post","link":"https:\/\/portaltela.pt\/noticias\/2026\/01\/20\/ilha-graciosa-cria-primeira-reserva-municipal-de-ecossistemas-de-surf-nos-acores\/","title":{"rendered":"Ilha Graciosa cria primeira reserva municipal de ecossistemas de surf nos A\u00e7ores"},"content":{"rendered":"<p>A C\u00e2mara Municipal de Santa Cruz da Graciosa assinou a carta de compromisso para criar a primeira reserva municipal de ecossistemas de surf nos A\u00e7ores, enquadrada no projeto Save Azores Waves. A medida visa a prote\u00e7\u00e3o e gest\u00e3o integrada dos recursos naturais da ilha.<\/p>\n<p>Segundo o munic\u00edpio, a assinatura envolve a organiza\u00e7\u00e3o n\u00e3o governamental Azores Sea Alliance e conta com homologa\u00e7\u00e3o e apoio internacional da Save the Waves Coalition, integrada na Surf Protected Area Network dos A\u00e7ores. O objetivo \u00e9 avan\u00e7ar para a cria\u00e7\u00e3o de \u00e1reas protegidas para o surf.<\/p>\n<p>A iniciativa pretende ainda desenvolver iniciativas de literacia oce\u00e2nica e consolidar a prote\u00e7\u00e3o de zonas costeiras, fundos marinhos e recifes, com refer\u00eancia aos areais de Praia, Lagoa, Calhau Mi\u00fado, Barra e Porto Afonso.<\/p>\n<h3>Parcerias e enquadramento internacional<\/h3>\n<p>A assinatura contou com o envolvimento da Azores Sea Alliance e da Save the Waves Coalition, que apoiam o projeto Save Azores Waves.<\/p>\n<p>O munic\u00edpio destaca que o est\u00e1gio de reserva municipal pode abrir caminho \u00e0 cria\u00e7\u00e3o de uma ou mais reservas mundiais de surf nos A\u00e7ores, fortalecendo a rede de \u00e1reas protegidas para o surf.<\/p>\n<p>A autarquia sublinha que a reserva refor\u00e7a a economia azul, promove turismo de natureza e desporto de ondas, e est\u00e1 alinhada com o estatuto da Graciosa como reserva da biosfera da UNESCO.<\/p>\n<p>A implementa\u00e7\u00e3o deve contribuir para o ordenamento do territ\u00f3rio regional, a mitiga\u00e7\u00e3o de impactos ambientais e o envolvimento da comunidade local na gest\u00e3o dos recursos naturais, com benef\u00edcios ambientais, sociais e econ\u00f3micos a longo prazo.<\/p>\n","protected":false},"excerpt":{"rendered":"<ul>\n<li>A ilha Graciosa passa a ter a primeira reserva municipal de ecossistemas de surf nos A\u00e7ores, assinatura de compromisso entre a C\u00e2mara Municipal de Santa Cruz da Graciosa e a Azores Sea Alliance.<\/li>\n<li>O projeto, com base no Save Azores Waves, tem apoio internacional da Save the Waves coalition e integra a Surf Protected Area Network.<\/li>\n<li>A iniciativa visa proteger os recursos naturais, incluindo zonas de surf, zonas litorais, fundos marinhos e recifes, fortalecendo a literacia oce\u00e2nica.<\/li>\n<li>A reserva contribui para a biodiversidade, qualidade ambiental, equil\u00edbrio costeiro e promo\u00e7\u00e3o do turismo de natureza ligado ao desporto de deslize de ondas.<\/li>\n<li>A medida enquadra-se no estatuto UNESCO da Graciosa como reserva mundial da biosfera e refor\u00e7a o ordenamento regional, a resili\u00eancia clim\u00e1tica e o desenvolvimento sustent\u00e1vel.<\/li>\n<\/ul>\n","protected":false},"author":2,"featured_media":156821,"comment_status":"closed","ping_status":"closed","sticky":false,"template":"","format":"standard","meta":{"footnotes":""},"categories":[1],"tags":[822,1002,1003,2791,811,3445],"class_list":["post-156817","post","type-post","status-publish","format-standard","has-post-thumbnail","hentry","category-noticias","tag-acores","tag-conservacao-da-natureza-e-da-biodiversidade-incluindo-especies-prioritarias-e-vigilancia-ambiental","tag-economia-azul","tag-graciosa","tag-protecao-ambiental","tag-turismo-sustentavel"],"yoast_head":"<!-- This site is optimized with the Yoast SEO plugin v27.2 - https:\/\/yoast.com\/product\/yoast-seo-wordpress\/ -->\n<title>Ilha Graciosa cria primeira reserva municipal de ecossistemas de surf nos A\u00e7ores - Portal Tela Portugal<\/title>\n<meta name=\"robots\" content=\"index, follow, max-snippet:-1, max-image-preview:large, max-video-preview:-1\" \/>\n<meta property=\"og:locale\" content=\"pt_PT\" \/>\n<meta property=\"og:type\" content=\"article\" \/>\n<meta property=\"og:title\" content=\"Ilha Graciosa cria primeira reserva municipal de ecossistemas de surf nos A\u00e7ores - Portal Tela Portugal\" \/>\n<meta property=\"og:description\" content=\"A ilha Graciosa passa a ter a primeira reserva municipal de ecossistemas de surf nos A\u00e7ores, assinatura de compromisso entre a C\u00e2mara Municipal de Santa Cruz da Graciosa e a Azores Sea Alliance. O projeto, com base no Save Azores Waves, tem apoio internacional da Save the Waves coalition e integra a Surf Protected Area Network. A iniciativa visa proteger os recursos naturais, incluindo zonas de surf, zonas litorais, fundos marinhos e recifes, fortalecendo a literacia oce\u00e2nica. A reserva contribui para a biodiversidade, qualidade ambiental, equil\u00edbrio costeiro e promo\u00e7\u00e3o do turismo de natureza ligado ao desporto de deslize de ondas. A medida enquadra-se no estatuto UNESCO da Graciosa como reserva mundial da biosfera e refor\u00e7a o ordenamento regional, a resili\u00eancia clim\u00e1tica e o desenvolvimento sustent\u00e1vel.\" \/>\n<meta property=\"og:url\" content=\"https:\/\/portaltela.pt\/noticias\/2026\/01\/20\/ilha-graciosa-cria-primeira-reserva-municipal-de-ecossistemas-de-surf-nos-acores\/\" \/>\n<meta property=\"og:site_name\" content=\"Portal Tela Portugal\" \/>\n<meta property=\"article:published_time\" content=\"2026-01-20T16:23:05+00:00\" \/>\n<meta name=\"author\" content=\"Telinha\" \/>\n<meta name=\"twitter:card\" content=\"summary_large_image\" \/>\n<meta name=\"twitter:label1\" content=\"Escrito por\" \/>\n\t<meta name=\"twitter:data1\" content=\"Telinha\" \/>\n\t<meta name=\"twitter:label2\" content=\"Tempo estimado de leitura\" \/>\n\t<meta name=\"twitter:data2\" content=\"1 minuto\" \/>\n<script type=\"application\/ld+json\" class=\"yoast-schema-graph\">{\"@context\":\"https:\/\/schema.org\",\"@graph\":[{\"@type\":\"Article\",\"@id\":\"https:\/\/portaltela.pt\/noticias\/2026\/01\/20\/ilha-graciosa-cria-primeira-reserva-municipal-de-ecossistemas-de-surf-nos-acores\/#article\",\"isPartOf\":{\"@id\":\"https:\/\/portaltela.pt\/noticias\/2026\/01\/20\/ilha-graciosa-cria-primeira-reserva-municipal-de-ecossistemas-de-surf-nos-acores\/\"},\"author\":{\"name\":\"Telinha\",\"@id\":\"https:\/\/portaltela.pt\/#\/schema\/person\/c4278d4a6028830caff9ee44b42d32ed\"},\"headline\":\"Ilha Graciosa cria primeira reserva municipal de ecossistemas de surf nos A\u00e7ores\",\"datePublished\":\"2026-01-20T16:23:05+00:00\",\"mainEntityOfPage\":{\"@id\":\"https:\/\/portaltela.pt\/noticias\/2026\/01\/20\/ilha-graciosa-cria-primeira-reserva-municipal-de-ecossistemas-de-surf-nos-acores\/\"},\"wordCount\":287,\"image\":{\"@id\":\"https:\/\/portaltela.pt\/noticias\/2026\/01\/20\/ilha-graciosa-cria-primeira-reserva-municipal-de-ecossistemas-de-surf-nos-acores\/#primaryimage\"},\"thumbnailUrl\":\"https:\/\/portaltela.pt\/s.01k8rhncp4jt1\/2026\/01\/img_920x518uu2026-01-20-16-21-19-2415990.jpg\",\"keywords\":[\"A\u00e7ores\",\"conserva\u00e7\u00e3o da natureza e da biodiversidade, incluindo esp\u00e9cies priorit\u00e1rias e vigil\u00e2ncia ambiental\",\"economia azul\",\"Graciosa\",\"prote\u00e7\u00e3o ambiental\",\"Turismo Sustent\u00e1vel\"],\"articleSection\":[\"Not\u00edcias\"],\"inLanguage\":\"pt-PT\"},{\"@type\":\"WebPage\",\"@id\":\"https:\/\/portaltela.pt\/noticias\/2026\/01\/20\/ilha-graciosa-cria-primeira-reserva-municipal-de-ecossistemas-de-surf-nos-acores\/\",\"url\":\"https:\/\/portaltela.pt\/noticias\/2026\/01\/20\/ilha-graciosa-cria-primeira-reserva-municipal-de-ecossistemas-de-surf-nos-acores\/\",\"name\":\"Ilha Graciosa cria primeira reserva municipal de ecossistemas de surf nos A\u00e7ores - Portal Tela Portugal\",\"isPartOf\":{\"@id\":\"https:\/\/portaltela.pt\/#website\"},\"primaryImageOfPage\":{\"@id\":\"https:\/\/portaltela.pt\/noticias\/2026\/01\/20\/ilha-graciosa-cria-primeira-reserva-municipal-de-ecossistemas-de-surf-nos-acores\/#primaryimage\"},\"image\":{\"@id\":\"https:\/\/portaltela.pt\/noticias\/2026\/01\/20\/ilha-graciosa-cria-primeira-reserva-municipal-de-ecossistemas-de-surf-nos-acores\/#primaryimage\"},\"thumbnailUrl\":\"https:\/\/portaltela.pt\/s.01k8rhncp4jt1\/2026\/01\/img_920x518uu2026-01-20-16-21-19-2415990.jpg\",\"datePublished\":\"2026-01-20T16:23:05+00:00\",\"author\":{\"@id\":\"https:\/\/portaltela.pt\/#\/schema\/person\/c4278d4a6028830caff9ee44b42d32ed\"},\"breadcrumb\":{\"@id\":\"https:\/\/portaltela.pt\/noticias\/2026\/01\/20\/ilha-graciosa-cria-primeira-reserva-municipal-de-ecossistemas-de-surf-nos-acores\/#breadcrumb\"},\"inLanguage\":\"pt-PT\",\"potentialAction\":[{\"@type\":\"ReadAction\",\"target\":[\"https:\/\/portaltela.pt\/noticias\/2026\/01\/20\/ilha-graciosa-cria-primeira-reserva-municipal-de-ecossistemas-de-surf-nos-acores\/\"]}]},{\"@type\":\"ImageObject\",\"inLanguage\":\"pt-PT\",\"@id\":\"https:\/\/portaltela.pt\/noticias\/2026\/01\/20\/ilha-graciosa-cria-primeira-reserva-municipal-de-ecossistemas-de-surf-nos-acores\/#primaryimage\",\"url\":\"https:\/\/portaltela.pt\/s.01k8rhncp4jt1\/2026\/01\/img_920x518uu2026-01-20-16-21-19-2415990.jpg\",\"contentUrl\":\"https:\/\/portaltela.pt\/s.01k8rhncp4jt1\/2026\/01\/img_920x518uu2026-01-20-16-21-19-2415990.jpg\",\"width\":796,\"height\":448,\"caption\":\"Vista a\u00e9rea da Ilha Graciosa\"},{\"@type\":\"BreadcrumbList\",\"@id\":\"https:\/\/portaltela.pt\/noticias\/2026\/01\/20\/ilha-graciosa-cria-primeira-reserva-municipal-de-ecossistemas-de-surf-nos-acores\/#breadcrumb\",\"itemListElement\":[{\"@type\":\"ListItem\",\"position\":1,\"name\":\"In\u00edcio\",\"item\":\"https:\/\/portaltela.pt\/\"},{\"@type\":\"ListItem\",\"position\":2,\"name\":\"Ilha Graciosa cria primeira reserva municipal de ecossistemas de surf nos A\u00e7ores\"}]},{\"@type\":\"WebSite\",\"@id\":\"https:\/\/portaltela.pt\/#website\",\"url\":\"https:\/\/portaltela.pt\/\",\"name\":\"Portal Tela Portugal\",\"description\":\"\",\"potentialAction\":[{\"@type\":\"SearchAction\",\"target\":{\"@type\":\"EntryPoint\",\"urlTemplate\":\"https:\/\/portaltela.pt\/?s={search_term_string}\"},\"query-input\":{\"@type\":\"PropertyValueSpecification\",\"valueRequired\":true,\"valueName\":\"search_term_string\"}}],\"inLanguage\":\"pt-PT\"},{\"@type\":\"Person\",\"@id\":\"https:\/\/portaltela.pt\/#\/schema\/person\/c4278d4a6028830caff9ee44b42d32ed\",\"name\":\"Telinha\",\"image\":{\"@type\":\"ImageObject\",\"inLanguage\":\"pt-PT\",\"@id\":\"https:\/\/portaltela.pt\/s.01k8rhncp4jt1\/2025\/11\/talking-bot-125x125.png\",\"url\":\"https:\/\/portaltela.pt\/s.01k8rhncp4jt1\/2025\/11\/talking-bot-125x125.png\",\"contentUrl\":\"https:\/\/portaltela.pt\/s.01k8rhncp4jt1\/2025\/11\/talking-bot-125x125.png\",\"caption\":\"Telinha\"},\"sameAs\":[\"https:\/\/portaltela.pt\/\"],\"url\":\"https:\/\/portaltela.pt\/por\/367410592786\/\"}]}<\/script>\n<!-- \/ Yoast SEO plugin. -->","yoast_head_json":{"title":"Ilha Graciosa cria primeira reserva municipal de ecossistemas de surf nos A\u00e7ores - Portal Tela Portugal","robots":{"index":"index","follow":"follow","max-snippet":"max-snippet:-1","max-image-preview":"max-image-preview:large","max-video-preview":"max-video-preview:-1"},"og_locale":"pt_PT","og_type":"article","og_title":"Ilha Graciosa cria primeira reserva municipal de ecossistemas de surf nos A\u00e7ores - Portal Tela Portugal","og_description":"A ilha Graciosa passa a ter a primeira reserva municipal de ecossistemas de surf nos A\u00e7ores, assinatura de compromisso entre a C\u00e2mara Municipal de Santa Cruz da Graciosa e a Azores Sea Alliance. O projeto, com base no Save Azores Waves, tem apoio internacional da Save the Waves coalition e integra a Surf Protected Area Network. A iniciativa visa proteger os recursos naturais, incluindo zonas de surf, zonas litorais, fundos marinhos e recifes, fortalecendo a literacia oce\u00e2nica. A reserva contribui para a biodiversidade, qualidade ambiental, equil\u00edbrio costeiro e promo\u00e7\u00e3o do turismo de natureza ligado ao desporto de deslize de ondas. A medida enquadra-se no estatuto UNESCO da Graciosa como reserva mundial da biosfera e refor\u00e7a o ordenamento regional, a resili\u00eancia clim\u00e1tica e o desenvolvimento sustent\u00e1vel.","og_url":"https:\/\/portaltela.pt\/noticias\/2026\/01\/20\/ilha-graciosa-cria-primeira-reserva-municipal-de-ecossistemas-de-surf-nos-acores\/","og_site_name":"Portal Tela Portugal","article_published_time":"2026-01-20T16:23:05+00:00","author":"Telinha","twitter_card":"summary_large_image","twitter_misc":{"Escrito por":"Telinha","Tempo estimado de leitura":"1 minuto"},"schema":{"@context":"https:\/\/schema.org","@graph":[{"@type":"Article","@id":"https:\/\/portaltela.pt\/noticias\/2026\/01\/20\/ilha-graciosa-cria-primeira-reserva-municipal-de-ecossistemas-de-surf-nos-acores\/#article","isPartOf":{"@id":"https:\/\/portaltela.pt\/noticias\/2026\/01\/20\/ilha-graciosa-cria-primeira-reserva-municipal-de-ecossistemas-de-surf-nos-acores\/"},"author":{"name":"Telinha","@id":"https:\/\/portaltela.pt\/#\/schema\/person\/c4278d4a6028830caff9ee44b42d32ed"},"headline":"Ilha Graciosa cria primeira reserva municipal de ecossistemas de surf nos A\u00e7ores","datePublished":"2026-01-20T16:23:05+00:00","mainEntityOfPage":{"@id":"https:\/\/portaltela.pt\/noticias\/2026\/01\/20\/ilha-graciosa-cria-primeira-reserva-municipal-de-ecossistemas-de-surf-nos-acores\/"},"wordCount":287,"image":{"@id":"https:\/\/portaltela.pt\/noticias\/2026\/01\/20\/ilha-graciosa-cria-primeira-reserva-municipal-de-ecossistemas-de-surf-nos-acores\/#primaryimage"},"thumbnailUrl":"https:\/\/portaltela.pt\/s.01k8rhncp4jt1\/2026\/01\/img_920x518uu2026-01-20-16-21-19-2415990.jpg","keywords":["A\u00e7ores","conserva\u00e7\u00e3o da natureza e da biodiversidade, incluindo esp\u00e9cies priorit\u00e1rias e vigil\u00e2ncia ambiental","economia azul","Graciosa","prote\u00e7\u00e3o ambiental","Turismo Sustent\u00e1vel"],"articleSection":["Not\u00edcias"],"inLanguage":"pt-PT"},{"@type":"WebPage","@id":"https:\/\/portaltela.pt\/noticias\/2026\/01\/20\/ilha-graciosa-cria-primeira-reserva-municipal-de-ecossistemas-de-surf-nos-acores\/","url":"https:\/\/portaltela.pt\/noticias\/2026\/01\/20\/ilha-graciosa-cria-primeira-reserva-municipal-de-ecossistemas-de-surf-nos-acores\/","name":"Ilha Graciosa cria primeira reserva municipal de ecossistemas de surf nos A\u00e7ores - Portal Tela Portugal","isPartOf":{"@id":"https:\/\/portaltela.pt\/#website"},"primaryImageOfPage":{"@id":"https:\/\/portaltela.pt\/noticias\/2026\/01\/20\/ilha-graciosa-cria-primeira-reserva-municipal-de-ecossistemas-de-surf-nos-acores\/#primaryimage"},"image":{"@id":"https:\/\/portaltela.pt\/noticias\/2026\/01\/20\/ilha-graciosa-cria-primeira-reserva-municipal-de-ecossistemas-de-surf-nos-acores\/#primaryimage"},"thumbnailUrl":"https:\/\/portaltela.pt\/s.01k8rhncp4jt1\/2026\/01\/img_920x518uu2026-01-20-16-21-19-2415990.jpg","datePublished":"2026-01-20T16:23:05+00:00","author":{"@id":"https:\/\/portaltela.pt\/#\/schema\/person\/c4278d4a6028830caff9ee44b42d32ed"},"breadcrumb":{"@id":"https:\/\/portaltela.pt\/noticias\/2026\/01\/20\/ilha-graciosa-cria-primeira-reserva-municipal-de-ecossistemas-de-surf-nos-acores\/#breadcrumb"},"inLanguage":"pt-PT","potentialAction":[{"@type":"ReadAction","target":["https:\/\/portaltela.pt\/noticias\/2026\/01\/20\/ilha-graciosa-cria-primeira-reserva-municipal-de-ecossistemas-de-surf-nos-acores\/"]}]},{"@type":"ImageObject","inLanguage":"pt-PT","@id":"https:\/\/portaltela.pt\/noticias\/2026\/01\/20\/ilha-graciosa-cria-primeira-reserva-municipal-de-ecossistemas-de-surf-nos-acores\/#primaryimage","url":"https:\/\/portaltela.pt\/s.01k8rhncp4jt1\/2026\/01\/img_920x518uu2026-01-20-16-21-19-2415990.jpg","contentUrl":"https:\/\/portaltela.pt\/s.01k8rhncp4jt1\/2026\/01\/img_920x518uu2026-01-20-16-21-19-2415990.jpg","width":796,"height":448,"caption":"Vista a\u00e9rea da Ilha Graciosa"},{"@type":"BreadcrumbList","@id":"https:\/\/portaltela.pt\/noticias\/2026\/01\/20\/ilha-graciosa-cria-primeira-reserva-municipal-de-ecossistemas-de-surf-nos-acores\/#breadcrumb","itemListElement":[{"@type":"ListItem","position":1,"name":"In\u00edcio","item":"https:\/\/portaltela.pt\/"},{"@type":"ListItem","position":2,"name":"Ilha Graciosa cria primeira reserva municipal de ecossistemas de surf nos A\u00e7ores"}]},{"@type":"WebSite","@id":"https:\/\/portaltela.pt\/#website","url":"https:\/\/portaltela.pt\/","name":"Portal Tela Portugal","description":"","potentialAction":[{"@type":"SearchAction","target":{"@type":"EntryPoint","urlTemplate":"https:\/\/portaltela.pt\/?s={search_term_string}"},"query-input":{"@type":"PropertyValueSpecification","valueRequired":true,"valueName":"search_term_string"}}],"inLanguage":"pt-PT"},{"@type":"Person","@id":"https:\/\/portaltela.pt\/#\/schema\/person\/c4278d4a6028830caff9ee44b42d32ed","name":"Telinha","image":{"@type":"ImageObject","inLanguage":"pt-PT","@id":"https:\/\/portaltela.pt\/s.01k8rhncp4jt1\/2025\/11\/talking-bot-125x125.png","url":"https:\/\/portaltela.pt\/s.01k8rhncp4jt1\/2025\/11\/talking-bot-125x125.png","contentUrl":"https:\/\/portaltela.pt\/s.01k8rhncp4jt1\/2025\/11\/talking-bot-125x125.png","caption":"Telinha"},"sameAs":["https:\/\/portaltela.pt\/"],"url":"https:\/\/portaltela.pt\/por\/367410592786\/"}]}},"_links":{"self":[{"href":"https:\/\/portaltela.pt\/api\/wp\/v2\/posts\/156817","targetHints":{"allow":["GET"]}}],"collection":[{"href":"https:\/\/portaltela.pt\/api\/wp\/v2\/posts"}],"about":[{"href":"https:\/\/portaltela.pt\/api\/wp\/v2\/types\/post"}],"author":[{"embeddable":true,"href":"https:\/\/portaltela.pt\/api\/wp\/v2\/users\/2"}],"replies":[{"embeddable":true,"href":"https:\/\/portaltela.pt\/api\/wp\/v2\/comments?post=156817"}],"version-history":[{"count":0,"href":"https:\/\/portaltela.pt\/api\/wp\/v2\/posts\/156817\/revisions"}],"wp:featuredmedia":[{"embeddable":true,"href":"https:\/\/portaltela.pt\/api\/wp\/v2\/media\/156821"}],"wp:attachment":[{"href":"https:\/\/portaltela.pt\/api\/wp\/v2\/media?parent=156817"}],"wp:term":[{"taxonomy":"category","embeddable":true,"href":"https:\/\/portaltela.pt\/api\/wp\/v2\/categories?post=156817"},{"taxonomy":"post_tag","embeddable":true,"href":"https:\/\/portaltela.pt\/api\/wp\/v2\/tags?post=156817"}],"curies":[{"name":"wp","href":"https:\/\/api.w.org\/{rel}","templated":true}]}}