{"id":156811,"date":"2026-01-20T13:17:00","date_gmt":"2026-01-20T16:17:00","guid":{"rendered":"https:\/\/portaltela.pt\/noticias\/2026\/01\/20\/homem-ateia-fogo-a-estatua-de-cr7-no-funchal\/"},"modified":"2026-01-20T13:17:00","modified_gmt":"2026-01-20T16:17:00","slug":"homem-ateia-fogo-a-estatua-de-cr7-no-funchal","status":"publish","type":"post","link":"https:\/\/portaltela.pt\/noticias\/2026\/01\/20\/homem-ateia-fogo-a-estatua-de-cr7-no-funchal\/","title":{"rendered":"Homem ateia fogo \u00e0 est\u00e1tua de CR7 no Funchal"},"content":{"rendered":"<p>Um homem ateou fogo \u00e0 est\u00e1tua de Cristiano Ronaldo, no Funchal, causando dano no monumento. A a\u00e7\u00e3o foi comunicada \u00e0s autoridades pela PSP da Madeira.<\/p>\n<p>A PSP da Madeira confirmou estar a tentar identificar o autor do crime de dano, no \u00e2mbito da investiga\u00e7\u00e3o em curso.<\/p>\n<p>At\u00e9 ao momento n\u00e3o foram reportados feridos; a opera\u00e7\u00e3o est\u00e1 a decorrer e a per\u00edcia est\u00e1 a ser preparada.<\/p>\n<h3>Investiga\u00e7\u00e3o em curso<\/h3>\n<p>A PSP informou que est\u00e1 a analisar imagens de videovigil\u00e2ncia e a recolher depoimentos para identificar o autor.<\/p>\n<p>O caso permanece sem motiva\u00e7\u00f5es oficiais confirmadas pela autoridade.<\/p>\n","protected":false},"excerpt":{"rendered":"<ul>\n<li>Um homem ateou fogo \u00e0 est\u00e1tua de Cristiano Ronaldo, no Funchal.<\/li>\n<li>A Pol\u00edcia de Seguran\u00e7a P\u00fablica da Madeira est\u00e1 a tentar identificar o autor do crime de dano.<\/li>\n<li>Ainda n\u00e3o foram divulgados detalhes sobre as circunst\u00e2ncias ou motiva\u00e7\u00f5es do incidente.<\/li>\n<li>A investiga\u00e7\u00e3o est\u00e1 em curso para apurar os respons\u00e1veis e a gravidade do dano.<\/li>\n<\/ul>\n","protected":false},"author":2,"featured_media":156812,"comment_status":"closed","ping_status":"closed","sticky":false,"template":"","format":"standard","meta":{"footnotes":""},"categories":[1],"tags":[1947,848,1120,215,859,2234],"class_list":["post-156811","post","type-post","status-publish","format-standard","has-post-thumbnail","hentry","category-noticias","tag-cristiano-ronaldo","tag-dano-agravado","tag-funchal","tag-investigacao","tag-madeira","tag-videovigilancia"],"yoast_head":"<!-- This site is optimized with the Yoast SEO plugin v27.2 - https:\/\/yoast.com\/product\/yoast-seo-wordpress\/ -->\n<title>Homem ateia fogo \u00e0 est\u00e1tua de CR7 no Funchal - Portal Tela Portugal<\/title>\n<meta name=\"robots\" content=\"index, follow, max-snippet:-1, max-image-preview:large, max-video-preview:-1\" \/>\n<meta property=\"og:locale\" content=\"pt_PT\" \/>\n<meta property=\"og:type\" content=\"article\" \/>\n<meta property=\"og:title\" content=\"Homem ateia fogo \u00e0 est\u00e1tua de CR7 no Funchal - Portal Tela Portugal\" \/>\n<meta property=\"og:description\" content=\"Um homem ateou fogo \u00e0 est\u00e1tua de Cristiano Ronaldo, no Funchal. A Pol\u00edcia de Seguran\u00e7a P\u00fablica da Madeira est\u00e1 a tentar identificar o autor do crime de dano. Ainda n\u00e3o foram divulgados detalhes sobre as circunst\u00e2ncias ou motiva\u00e7\u00f5es do incidente. A investiga\u00e7\u00e3o est\u00e1 em curso para apurar os respons\u00e1veis e a gravidade do dano.\" \/>\n<meta property=\"og:url\" content=\"https:\/\/portaltela.pt\/noticias\/2026\/01\/20\/homem-ateia-fogo-a-estatua-de-cr7-no-funchal\/\" \/>\n<meta property=\"og:site_name\" content=\"Portal Tela Portugal\" \/>\n<meta property=\"article:published_time\" content=\"2026-01-20T16:17:00+00:00\" \/>\n<meta name=\"author\" content=\"Telinha\" \/>\n<meta name=\"twitter:card\" content=\"summary_large_image\" \/>\n<meta name=\"twitter:label1\" content=\"Escrito por\" \/>\n\t<meta name=\"twitter:data1\" content=\"Telinha\" \/>\n\t<meta name=\"twitter:label2\" content=\"Tempo estimado de leitura\" \/>\n\t<meta name=\"twitter:data2\" content=\"1 minuto\" \/>\n<script type=\"application\/ld+json\" class=\"yoast-schema-graph\">{\"@context\":\"https:\/\/schema.org\",\"@graph\":[{\"@type\":\"Article\",\"@id\":\"https:\/\/portaltela.pt\/noticias\/2026\/01\/20\/homem-ateia-fogo-a-estatua-de-cr7-no-funchal\/#article\",\"isPartOf\":{\"@id\":\"https:\/\/portaltela.pt\/noticias\/2026\/01\/20\/homem-ateia-fogo-a-estatua-de-cr7-no-funchal\/\"},\"author\":{\"name\":\"Telinha\",\"@id\":\"https:\/\/portaltela.pt\/#\/schema\/person\/c4278d4a6028830caff9ee44b42d32ed\"},\"headline\":\"Homem ateia fogo \u00e0 est\u00e1tua de CR7 no Funchal\",\"datePublished\":\"2026-01-20T16:17:00+00:00\",\"mainEntityOfPage\":{\"@id\":\"https:\/\/portaltela.pt\/noticias\/2026\/01\/20\/homem-ateia-fogo-a-estatua-de-cr7-no-funchal\/\"},\"wordCount\":112,\"image\":{\"@id\":\"https:\/\/portaltela.pt\/noticias\/2026\/01\/20\/homem-ateia-fogo-a-estatua-de-cr7-no-funchal\/#primaryimage\"},\"thumbnailUrl\":\"https:\/\/portaltela.pt\/s.01k8rhncp4jt1\/2026\/01\/img_1280x722uu2026-01-20-13-26-58-2261493.jpg\",\"keywords\":[\"Cristiano Ronaldo\",\"dano agravado\",\"Funchal\",\"investiga\u00e7\u00e3o\",\"Madeira\",\"videovigil\u00e2ncia\"],\"articleSection\":[\"Not\u00edcias\"],\"inLanguage\":\"pt-PT\"},{\"@type\":\"WebPage\",\"@id\":\"https:\/\/portaltela.pt\/noticias\/2026\/01\/20\/homem-ateia-fogo-a-estatua-de-cr7-no-funchal\/\",\"url\":\"https:\/\/portaltela.pt\/noticias\/2026\/01\/20\/homem-ateia-fogo-a-estatua-de-cr7-no-funchal\/\",\"name\":\"Homem ateia fogo \u00e0 est\u00e1tua de CR7 no Funchal - Portal Tela Portugal\",\"isPartOf\":{\"@id\":\"https:\/\/portaltela.pt\/#website\"},\"primaryImageOfPage\":{\"@id\":\"https:\/\/portaltela.pt\/noticias\/2026\/01\/20\/homem-ateia-fogo-a-estatua-de-cr7-no-funchal\/#primaryimage\"},\"image\":{\"@id\":\"https:\/\/portaltela.pt\/noticias\/2026\/01\/20\/homem-ateia-fogo-a-estatua-de-cr7-no-funchal\/#primaryimage\"},\"thumbnailUrl\":\"https:\/\/portaltela.pt\/s.01k8rhncp4jt1\/2026\/01\/img_1280x722uu2026-01-20-13-26-58-2261493.jpg\",\"datePublished\":\"2026-01-20T16:17:00+00:00\",\"author\":{\"@id\":\"https:\/\/portaltela.pt\/#\/schema\/person\/c4278d4a6028830caff9ee44b42d32ed\"},\"breadcrumb\":{\"@id\":\"https:\/\/portaltela.pt\/noticias\/2026\/01\/20\/homem-ateia-fogo-a-estatua-de-cr7-no-funchal\/#breadcrumb\"},\"inLanguage\":\"pt-PT\",\"potentialAction\":[{\"@type\":\"ReadAction\",\"target\":[\"https:\/\/portaltela.pt\/noticias\/2026\/01\/20\/homem-ateia-fogo-a-estatua-de-cr7-no-funchal\/\"]}]},{\"@type\":\"ImageObject\",\"inLanguage\":\"pt-PT\",\"@id\":\"https:\/\/portaltela.pt\/noticias\/2026\/01\/20\/homem-ateia-fogo-a-estatua-de-cr7-no-funchal\/#primaryimage\",\"url\":\"https:\/\/portaltela.pt\/s.01k8rhncp4jt1\/2026\/01\/img_1280x722uu2026-01-20-13-26-58-2261493.jpg\",\"contentUrl\":\"https:\/\/portaltela.pt\/s.01k8rhncp4jt1\/2026\/01\/img_1280x722uu2026-01-20-13-26-58-2261493.jpg\",\"width\":796,\"height\":448,\"caption\":\"Photo\"},{\"@type\":\"BreadcrumbList\",\"@id\":\"https:\/\/portaltela.pt\/noticias\/2026\/01\/20\/homem-ateia-fogo-a-estatua-de-cr7-no-funchal\/#breadcrumb\",\"itemListElement\":[{\"@type\":\"ListItem\",\"position\":1,\"name\":\"In\u00edcio\",\"item\":\"https:\/\/portaltela.pt\/\"},{\"@type\":\"ListItem\",\"position\":2,\"name\":\"Homem ateia fogo \u00e0 est\u00e1tua de CR7 no Funchal\"}]},{\"@type\":\"WebSite\",\"@id\":\"https:\/\/portaltela.pt\/#website\",\"url\":\"https:\/\/portaltela.pt\/\",\"name\":\"Portal Tela Portugal\",\"description\":\"\",\"potentialAction\":[{\"@type\":\"SearchAction\",\"target\":{\"@type\":\"EntryPoint\",\"urlTemplate\":\"https:\/\/portaltela.pt\/?s={search_term_string}\"},\"query-input\":{\"@type\":\"PropertyValueSpecification\",\"valueRequired\":true,\"valueName\":\"search_term_string\"}}],\"inLanguage\":\"pt-PT\"},{\"@type\":\"Person\",\"@id\":\"https:\/\/portaltela.pt\/#\/schema\/person\/c4278d4a6028830caff9ee44b42d32ed\",\"name\":\"Telinha\",\"image\":{\"@type\":\"ImageObject\",\"inLanguage\":\"pt-PT\",\"@id\":\"https:\/\/portaltela.pt\/s.01k8rhncp4jt1\/2025\/11\/talking-bot-125x125.png\",\"url\":\"https:\/\/portaltela.pt\/s.01k8rhncp4jt1\/2025\/11\/talking-bot-125x125.png\",\"contentUrl\":\"https:\/\/portaltela.pt\/s.01k8rhncp4jt1\/2025\/11\/talking-bot-125x125.png\",\"caption\":\"Telinha\"},\"sameAs\":[\"https:\/\/portaltela.pt\/\"],\"url\":\"https:\/\/portaltela.pt\/por\/367410592786\/\"}]}<\/script>\n<!-- \/ Yoast SEO plugin. -->","yoast_head_json":{"title":"Homem ateia fogo \u00e0 est\u00e1tua de CR7 no Funchal - Portal Tela Portugal","robots":{"index":"index","follow":"follow","max-snippet":"max-snippet:-1","max-image-preview":"max-image-preview:large","max-video-preview":"max-video-preview:-1"},"og_locale":"pt_PT","og_type":"article","og_title":"Homem ateia fogo \u00e0 est\u00e1tua de CR7 no Funchal - Portal Tela Portugal","og_description":"Um homem ateou fogo \u00e0 est\u00e1tua de Cristiano Ronaldo, no Funchal. A Pol\u00edcia de Seguran\u00e7a P\u00fablica da Madeira est\u00e1 a tentar identificar o autor do crime de dano. Ainda n\u00e3o foram divulgados detalhes sobre as circunst\u00e2ncias ou motiva\u00e7\u00f5es do incidente. A investiga\u00e7\u00e3o est\u00e1 em curso para apurar os respons\u00e1veis e a gravidade do dano.","og_url":"https:\/\/portaltela.pt\/noticias\/2026\/01\/20\/homem-ateia-fogo-a-estatua-de-cr7-no-funchal\/","og_site_name":"Portal Tela Portugal","article_published_time":"2026-01-20T16:17:00+00:00","author":"Telinha","twitter_card":"summary_large_image","twitter_misc":{"Escrito por":"Telinha","Tempo estimado de leitura":"1 minuto"},"schema":{"@context":"https:\/\/schema.org","@graph":[{"@type":"Article","@id":"https:\/\/portaltela.pt\/noticias\/2026\/01\/20\/homem-ateia-fogo-a-estatua-de-cr7-no-funchal\/#article","isPartOf":{"@id":"https:\/\/portaltela.pt\/noticias\/2026\/01\/20\/homem-ateia-fogo-a-estatua-de-cr7-no-funchal\/"},"author":{"name":"Telinha","@id":"https:\/\/portaltela.pt\/#\/schema\/person\/c4278d4a6028830caff9ee44b42d32ed"},"headline":"Homem ateia fogo \u00e0 est\u00e1tua de CR7 no Funchal","datePublished":"2026-01-20T16:17:00+00:00","mainEntityOfPage":{"@id":"https:\/\/portaltela.pt\/noticias\/2026\/01\/20\/homem-ateia-fogo-a-estatua-de-cr7-no-funchal\/"},"wordCount":112,"image":{"@id":"https:\/\/portaltela.pt\/noticias\/2026\/01\/20\/homem-ateia-fogo-a-estatua-de-cr7-no-funchal\/#primaryimage"},"thumbnailUrl":"https:\/\/portaltela.pt\/s.01k8rhncp4jt1\/2026\/01\/img_1280x722uu2026-01-20-13-26-58-2261493.jpg","keywords":["Cristiano Ronaldo","dano agravado","Funchal","investiga\u00e7\u00e3o","Madeira","videovigil\u00e2ncia"],"articleSection":["Not\u00edcias"],"inLanguage":"pt-PT"},{"@type":"WebPage","@id":"https:\/\/portaltela.pt\/noticias\/2026\/01\/20\/homem-ateia-fogo-a-estatua-de-cr7-no-funchal\/","url":"https:\/\/portaltela.pt\/noticias\/2026\/01\/20\/homem-ateia-fogo-a-estatua-de-cr7-no-funchal\/","name":"Homem ateia fogo \u00e0 est\u00e1tua de CR7 no Funchal - Portal Tela Portugal","isPartOf":{"@id":"https:\/\/portaltela.pt\/#website"},"primaryImageOfPage":{"@id":"https:\/\/portaltela.pt\/noticias\/2026\/01\/20\/homem-ateia-fogo-a-estatua-de-cr7-no-funchal\/#primaryimage"},"image":{"@id":"https:\/\/portaltela.pt\/noticias\/2026\/01\/20\/homem-ateia-fogo-a-estatua-de-cr7-no-funchal\/#primaryimage"},"thumbnailUrl":"https:\/\/portaltela.pt\/s.01k8rhncp4jt1\/2026\/01\/img_1280x722uu2026-01-20-13-26-58-2261493.jpg","datePublished":"2026-01-20T16:17:00+00:00","author":{"@id":"https:\/\/portaltela.pt\/#\/schema\/person\/c4278d4a6028830caff9ee44b42d32ed"},"breadcrumb":{"@id":"https:\/\/portaltela.pt\/noticias\/2026\/01\/20\/homem-ateia-fogo-a-estatua-de-cr7-no-funchal\/#breadcrumb"},"inLanguage":"pt-PT","potentialAction":[{"@type":"ReadAction","target":["https:\/\/portaltela.pt\/noticias\/2026\/01\/20\/homem-ateia-fogo-a-estatua-de-cr7-no-funchal\/"]}]},{"@type":"ImageObject","inLanguage":"pt-PT","@id":"https:\/\/portaltela.pt\/noticias\/2026\/01\/20\/homem-ateia-fogo-a-estatua-de-cr7-no-funchal\/#primaryimage","url":"https:\/\/portaltela.pt\/s.01k8rhncp4jt1\/2026\/01\/img_1280x722uu2026-01-20-13-26-58-2261493.jpg","contentUrl":"https:\/\/portaltela.pt\/s.01k8rhncp4jt1\/2026\/01\/img_1280x722uu2026-01-20-13-26-58-2261493.jpg","width":796,"height":448,"caption":"Photo"},{"@type":"BreadcrumbList","@id":"https:\/\/portaltela.pt\/noticias\/2026\/01\/20\/homem-ateia-fogo-a-estatua-de-cr7-no-funchal\/#breadcrumb","itemListElement":[{"@type":"ListItem","position":1,"name":"In\u00edcio","item":"https:\/\/portaltela.pt\/"},{"@type":"ListItem","position":2,"name":"Homem ateia fogo \u00e0 est\u00e1tua de CR7 no Funchal"}]},{"@type":"WebSite","@id":"https:\/\/portaltela.pt\/#website","url":"https:\/\/portaltela.pt\/","name":"Portal Tela Portugal","description":"","potentialAction":[{"@type":"SearchAction","target":{"@type":"EntryPoint","urlTemplate":"https:\/\/portaltela.pt\/?s={search_term_string}"},"query-input":{"@type":"PropertyValueSpecification","valueRequired":true,"valueName":"search_term_string"}}],"inLanguage":"pt-PT"},{"@type":"Person","@id":"https:\/\/portaltela.pt\/#\/schema\/person\/c4278d4a6028830caff9ee44b42d32ed","name":"Telinha","image":{"@type":"ImageObject","inLanguage":"pt-PT","@id":"https:\/\/portaltela.pt\/s.01k8rhncp4jt1\/2025\/11\/talking-bot-125x125.png","url":"https:\/\/portaltela.pt\/s.01k8rhncp4jt1\/2025\/11\/talking-bot-125x125.png","contentUrl":"https:\/\/portaltela.pt\/s.01k8rhncp4jt1\/2025\/11\/talking-bot-125x125.png","caption":"Telinha"},"sameAs":["https:\/\/portaltela.pt\/"],"url":"https:\/\/portaltela.pt\/por\/367410592786\/"}]}},"_links":{"self":[{"href":"https:\/\/portaltela.pt\/api\/wp\/v2\/posts\/156811","targetHints":{"allow":["GET"]}}],"collection":[{"href":"https:\/\/portaltela.pt\/api\/wp\/v2\/posts"}],"about":[{"href":"https:\/\/portaltela.pt\/api\/wp\/v2\/types\/post"}],"author":[{"embeddable":true,"href":"https:\/\/portaltela.pt\/api\/wp\/v2\/users\/2"}],"replies":[{"embeddable":true,"href":"https:\/\/portaltela.pt\/api\/wp\/v2\/comments?post=156811"}],"version-history":[{"count":0,"href":"https:\/\/portaltela.pt\/api\/wp\/v2\/posts\/156811\/revisions"}],"wp:featuredmedia":[{"embeddable":true,"href":"https:\/\/portaltela.pt\/api\/wp\/v2\/media\/156812"}],"wp:attachment":[{"href":"https:\/\/portaltela.pt\/api\/wp\/v2\/media?parent=156811"}],"wp:term":[{"taxonomy":"category","embeddable":true,"href":"https:\/\/portaltela.pt\/api\/wp\/v2\/categories?post=156811"},{"taxonomy":"post_tag","embeddable":true,"href":"https:\/\/portaltela.pt\/api\/wp\/v2\/tags?post=156811"}],"curies":[{"name":"wp","href":"https:\/\/api.w.org\/{rel}","templated":true}]}}