{"id":156800,"date":"2026-01-20T13:01:51","date_gmt":"2026-01-20T16:01:51","guid":{"rendered":"https:\/\/portaltela.pt\/noticias\/2026\/01\/20\/alentejo-leva-maior-delegacao-de-sempre-a-fitur-e-aposta-no-mercado-espanhol\/"},"modified":"2026-01-20T13:01:51","modified_gmt":"2026-01-20T16:01:51","slug":"alentejo-leva-maior-delegacao-de-sempre-a-fitur-e-aposta-no-mercado-espanhol","status":"publish","type":"post","link":"https:\/\/portaltela.pt\/noticias\/2026\/01\/20\/alentejo-leva-maior-delegacao-de-sempre-a-fitur-e-aposta-no-mercado-espanhol\/","title":{"rendered":"Alentejo leva maior delega\u00e7\u00e3o de sempre \u00e0 FITUR e aposta no mercado espanhol"},"content":{"rendered":"<p>O Turismo do Alentejo participa na FITUR 2026, em Madrid, entre 21 e 25 de janeiro, com a maior delega\u00e7\u00e3o j\u00e1 presente no certame. A presen\u00e7a refor\u00e7a a aposta no mercado espanhol, considerado natural pela proximidade e pelas liga\u00e7\u00f5es culturais com a regi\u00e3o.<\/p>\n<p>A estrat\u00e9gia de promo\u00e7\u00e3o tem vindo a intensificar-se em Espanha, com foco especial nas regi\u00f5es transfronteiri\u00e7as e em grandes \u00e1reas urbanas de Espanha, para viagens de curta dura\u00e7\u00e3o ao longo do ano.<\/p>\n<p>Jos\u00e9 Manuel Santos, presidente da Ag\u00eancia Regional de Promo\u00e7\u00e3o Tur\u00edstica do Alentejo, sublinha que a promo\u00e7\u00e3o no mercado espanhol \u00e9 estrat\u00e9gica. O objetivo \u00e9 mostrar aos vizinhos espanh\u00f3is que a regi\u00e3o tem atrativos aut\u00eanticos e identidade forte.<\/p>\n<h3>Destaques do programa do Alentejo na FITUR 2026<\/h3>\n<p>A feira destaca a cidade de \u00c9vora como Capital Europeia da Cultura 2027, ampliando o interesse em patrim\u00f3nio, cultura e experi\u00eancias urbanas de escala humana. O Baixo Alentejo \u00e9 apresentado como Cidade Europeia do Vinho 2026, com foco no enoturismo, gastronomia e cultura.<\/p>\n<p>O registo hist\u00f3rico volta a ganhar destaque com o regresso das Festas do Povo de Campo Maior, ap\u00f3s v\u00e1rios anos de aus\u00eancia, afirmando uma tradi\u00e7\u00e3o comunit\u00e1ria de participa\u00e7\u00e3o e de ruas ornamentadas com flores de papel.<\/p>\n<p>Al\u00e9m disso, o Enoturismo respons\u00e1vel recebe aten\u00e7\u00e3o, com iniciativas de promo\u00e7\u00e3o gastron\u00f3mica em coopera\u00e7\u00e3o com parceiros ib\u00e9ricos, refor\u00e7ando o posicionamento do territ\u00f3rio como destino de experi\u00eancias sustent\u00e1veis e aut\u00eanticas.<\/p>\n<h3>Agenda de promo\u00e7\u00e3o e atividades<\/h3>\n<p>Entre 21 e 25 de janeiro, est\u00e3o previstas confer\u00eancias e apresenta\u00e7\u00f5es com foco em <strong>\u00c9vora 27<\/strong> e nas Festas de Campo Maior, bem como demonstra\u00e7\u00f5es de gastr\u00f4nomia em parceria com chefs convidados.<\/p>\n<p>No fim de semana, o p\u00fablico tem acesso a sess\u00f5es de degusta\u00e7\u00e3o com munic\u00edpios da regi\u00e3o, incluindo Castelo de Vide, Portalegre, Arronches e Marv\u00e3o, em hor\u00e1rios programados.<\/p>\n","protected":false},"excerpt":{"rendered":"<ul>\n<li>O Turismo do Alentejo leva a maior delega\u00e7\u00e3o de sempre \u00e0 FITUR 2026, em Madrid, entre 21 e 25 de janeiro, com foco no mercado espanhol.<\/li>\n<li>A promo\u00e7\u00e3o em Espanha tem vindo a intensificar-se, especialmente nas regi\u00f5es fronteiri\u00e7as e em \u00e1reas urbanas espanholas com potencial para viagens de curta dura\u00e7\u00e3o ao longo do ano.<\/li>\n<li>Jos\u00e9 Manuel Santos, presidente da Ag\u00eancia Regional de Promo\u00e7\u00e3o Tur\u00edstica do Alentejo, diz que o mercado espanhol \u00e9 estrat\u00e9gico.<\/li>\n<li>\u00c9vora \u00e9 apresentada como Capital Europeia da Cultura 2027 e o Baixo Alentejo \u00e9 Cidade Europeia do Vinho 2026, com a\u00e7\u00f5es de enoturismo, gastronomia e cultura.<\/li>\n<li>Regressam as Festas do Povo de Campo Maior, com programa de apresenta\u00e7\u00f5es e degusta\u00e7\u00f5es, e h\u00e1 iniciativas de enoturismo respons\u00e1vel em parceria com entidades ib\u00e9ricas.<\/li>\n<\/ul>\n","protected":false},"author":2,"featured_media":156801,"comment_status":"closed","ping_status":"closed","sticky":false,"template":"","format":"standard","meta":{"footnotes":""},"categories":[1],"tags":[883,2834,2896,1074,3377,1075],"class_list":["post-156800","post","type-post","status-publish","format-standard","has-post-thumbnail","hentry","category-noticias","tag-alentejo","tag-arronches","tag-castelo-de-vide","tag-evora","tag-marvao","tag-portalegre"],"yoast_head":"<!-- This site is optimized with the Yoast SEO plugin v27.2 - https:\/\/yoast.com\/product\/yoast-seo-wordpress\/ -->\n<title>Alentejo leva maior delega\u00e7\u00e3o de sempre \u00e0 FITUR e aposta no mercado espanhol - Portal Tela Portugal<\/title>\n<meta name=\"robots\" content=\"index, follow, max-snippet:-1, max-image-preview:large, max-video-preview:-1\" \/>\n<meta property=\"og:locale\" content=\"pt_PT\" \/>\n<meta property=\"og:type\" content=\"article\" \/>\n<meta property=\"og:title\" content=\"Alentejo leva maior delega\u00e7\u00e3o de sempre \u00e0 FITUR e aposta no mercado espanhol - Portal Tela Portugal\" \/>\n<meta property=\"og:description\" content=\"O Turismo do Alentejo leva a maior delega\u00e7\u00e3o de sempre \u00e0 FITUR 2026, em Madrid, entre 21 e 25 de janeiro, com foco no mercado espanhol. A promo\u00e7\u00e3o em Espanha tem vindo a intensificar-se, especialmente nas regi\u00f5es fronteiri\u00e7as e em \u00e1reas urbanas espanholas com potencial para viagens de curta dura\u00e7\u00e3o ao longo do ano. Jos\u00e9 Manuel Santos, presidente da Ag\u00eancia Regional de Promo\u00e7\u00e3o Tur\u00edstica do Alentejo, diz que o mercado espanhol \u00e9 estrat\u00e9gico. \u00c9vora \u00e9 apresentada como Capital Europeia da Cultura 2027 e o Baixo Alentejo \u00e9 Cidade Europeia do Vinho 2026, com a\u00e7\u00f5es de enoturismo, gastronomia e cultura. Regressam as Festas do Povo de Campo Maior, com programa de apresenta\u00e7\u00f5es e degusta\u00e7\u00f5es, e h\u00e1 iniciativas de enoturismo respons\u00e1vel em parceria com entidades ib\u00e9ricas.\" \/>\n<meta property=\"og:url\" content=\"https:\/\/portaltela.pt\/noticias\/2026\/01\/20\/alentejo-leva-maior-delegacao-de-sempre-a-fitur-e-aposta-no-mercado-espanhol\/\" \/>\n<meta property=\"og:site_name\" content=\"Portal Tela Portugal\" \/>\n<meta property=\"article:published_time\" content=\"2026-01-20T16:01:51+00:00\" \/>\n<meta name=\"author\" content=\"Telinha\" \/>\n<meta name=\"twitter:card\" content=\"summary_large_image\" \/>\n<meta name=\"twitter:label1\" content=\"Escrito por\" \/>\n\t<meta name=\"twitter:data1\" content=\"Telinha\" \/>\n\t<meta name=\"twitter:label2\" content=\"Tempo estimado de leitura\" \/>\n\t<meta name=\"twitter:data2\" content=\"2 minutos\" \/>\n<script type=\"application\/ld+json\" class=\"yoast-schema-graph\">{\"@context\":\"https:\/\/schema.org\",\"@graph\":[{\"@type\":\"Article\",\"@id\":\"https:\/\/portaltela.pt\/noticias\/2026\/01\/20\/alentejo-leva-maior-delegacao-de-sempre-a-fitur-e-aposta-no-mercado-espanhol\/#article\",\"isPartOf\":{\"@id\":\"https:\/\/portaltela.pt\/noticias\/2026\/01\/20\/alentejo-leva-maior-delegacao-de-sempre-a-fitur-e-aposta-no-mercado-espanhol\/\"},\"author\":{\"name\":\"Telinha\",\"@id\":\"https:\/\/portaltela.pt\/#\/schema\/person\/c4278d4a6028830caff9ee44b42d32ed\"},\"headline\":\"Alentejo leva maior delega\u00e7\u00e3o de sempre \u00e0 FITUR e aposta no mercado espanhol\",\"datePublished\":\"2026-01-20T16:01:51+00:00\",\"mainEntityOfPage\":{\"@id\":\"https:\/\/portaltela.pt\/noticias\/2026\/01\/20\/alentejo-leva-maior-delegacao-de-sempre-a-fitur-e-aposta-no-mercado-espanhol\/\"},\"wordCount\":345,\"image\":{\"@id\":\"https:\/\/portaltela.pt\/noticias\/2026\/01\/20\/alentejo-leva-maior-delegacao-de-sempre-a-fitur-e-aposta-no-mercado-espanhol\/#primaryimage\"},\"thumbnailUrl\":\"https:\/\/portaltela.pt\/s.01k8rhncp4jt1\/2026\/01\/unnamed-file-4150.jpg\",\"keywords\":[\"Alentejo\",\"Arronches\",\"Castelo de Vide\",\"\u00c9vora\",\"Marv\u00e3o\",\"Portalegre\"],\"articleSection\":[\"Not\u00edcias\"],\"inLanguage\":\"pt-PT\"},{\"@type\":\"WebPage\",\"@id\":\"https:\/\/portaltela.pt\/noticias\/2026\/01\/20\/alentejo-leva-maior-delegacao-de-sempre-a-fitur-e-aposta-no-mercado-espanhol\/\",\"url\":\"https:\/\/portaltela.pt\/noticias\/2026\/01\/20\/alentejo-leva-maior-delegacao-de-sempre-a-fitur-e-aposta-no-mercado-espanhol\/\",\"name\":\"Alentejo leva maior delega\u00e7\u00e3o de sempre \u00e0 FITUR e aposta no mercado espanhol - Portal Tela Portugal\",\"isPartOf\":{\"@id\":\"https:\/\/portaltela.pt\/#website\"},\"primaryImageOfPage\":{\"@id\":\"https:\/\/portaltela.pt\/noticias\/2026\/01\/20\/alentejo-leva-maior-delegacao-de-sempre-a-fitur-e-aposta-no-mercado-espanhol\/#primaryimage\"},\"image\":{\"@id\":\"https:\/\/portaltela.pt\/noticias\/2026\/01\/20\/alentejo-leva-maior-delegacao-de-sempre-a-fitur-e-aposta-no-mercado-espanhol\/#primaryimage\"},\"thumbnailUrl\":\"https:\/\/portaltela.pt\/s.01k8rhncp4jt1\/2026\/01\/unnamed-file-4150.jpg\",\"datePublished\":\"2026-01-20T16:01:51+00:00\",\"author\":{\"@id\":\"https:\/\/portaltela.pt\/#\/schema\/person\/c4278d4a6028830caff9ee44b42d32ed\"},\"breadcrumb\":{\"@id\":\"https:\/\/portaltela.pt\/noticias\/2026\/01\/20\/alentejo-leva-maior-delegacao-de-sempre-a-fitur-e-aposta-no-mercado-espanhol\/#breadcrumb\"},\"inLanguage\":\"pt-PT\",\"potentialAction\":[{\"@type\":\"ReadAction\",\"target\":[\"https:\/\/portaltela.pt\/noticias\/2026\/01\/20\/alentejo-leva-maior-delegacao-de-sempre-a-fitur-e-aposta-no-mercado-espanhol\/\"]}]},{\"@type\":\"ImageObject\",\"inLanguage\":\"pt-PT\",\"@id\":\"https:\/\/portaltela.pt\/noticias\/2026\/01\/20\/alentejo-leva-maior-delegacao-de-sempre-a-fitur-e-aposta-no-mercado-espanhol\/#primaryimage\",\"url\":\"https:\/\/portaltela.pt\/s.01k8rhncp4jt1\/2026\/01\/unnamed-file-4150.jpg\",\"contentUrl\":\"https:\/\/portaltela.pt\/s.01k8rhncp4jt1\/2026\/01\/unnamed-file-4150.jpg\",\"width\":796,\"height\":448,\"caption\":\"Alentejo leva maior delega\u00e7\u00e3o de sempre \u00e0 FITUR e refor\u00e7a aposta no mercado espanhol\"},{\"@type\":\"BreadcrumbList\",\"@id\":\"https:\/\/portaltela.pt\/noticias\/2026\/01\/20\/alentejo-leva-maior-delegacao-de-sempre-a-fitur-e-aposta-no-mercado-espanhol\/#breadcrumb\",\"itemListElement\":[{\"@type\":\"ListItem\",\"position\":1,\"name\":\"In\u00edcio\",\"item\":\"https:\/\/portaltela.pt\/\"},{\"@type\":\"ListItem\",\"position\":2,\"name\":\"Alentejo leva maior delega\u00e7\u00e3o de sempre \u00e0 FITUR e aposta no mercado espanhol\"}]},{\"@type\":\"WebSite\",\"@id\":\"https:\/\/portaltela.pt\/#website\",\"url\":\"https:\/\/portaltela.pt\/\",\"name\":\"Portal Tela Portugal\",\"description\":\"\",\"potentialAction\":[{\"@type\":\"SearchAction\",\"target\":{\"@type\":\"EntryPoint\",\"urlTemplate\":\"https:\/\/portaltela.pt\/?s={search_term_string}\"},\"query-input\":{\"@type\":\"PropertyValueSpecification\",\"valueRequired\":true,\"valueName\":\"search_term_string\"}}],\"inLanguage\":\"pt-PT\"},{\"@type\":\"Person\",\"@id\":\"https:\/\/portaltela.pt\/#\/schema\/person\/c4278d4a6028830caff9ee44b42d32ed\",\"name\":\"Telinha\",\"image\":{\"@type\":\"ImageObject\",\"inLanguage\":\"pt-PT\",\"@id\":\"https:\/\/portaltela.pt\/s.01k8rhncp4jt1\/2025\/11\/talking-bot-125x125.png\",\"url\":\"https:\/\/portaltela.pt\/s.01k8rhncp4jt1\/2025\/11\/talking-bot-125x125.png\",\"contentUrl\":\"https:\/\/portaltela.pt\/s.01k8rhncp4jt1\/2025\/11\/talking-bot-125x125.png\",\"caption\":\"Telinha\"},\"sameAs\":[\"https:\/\/portaltela.pt\/\"],\"url\":\"https:\/\/portaltela.pt\/por\/367410592786\/\"}]}<\/script>\n<!-- \/ Yoast SEO plugin. -->","yoast_head_json":{"title":"Alentejo leva maior delega\u00e7\u00e3o de sempre \u00e0 FITUR e aposta no mercado espanhol - Portal Tela Portugal","robots":{"index":"index","follow":"follow","max-snippet":"max-snippet:-1","max-image-preview":"max-image-preview:large","max-video-preview":"max-video-preview:-1"},"og_locale":"pt_PT","og_type":"article","og_title":"Alentejo leva maior delega\u00e7\u00e3o de sempre \u00e0 FITUR e aposta no mercado espanhol - Portal Tela Portugal","og_description":"O Turismo do Alentejo leva a maior delega\u00e7\u00e3o de sempre \u00e0 FITUR 2026, em Madrid, entre 21 e 25 de janeiro, com foco no mercado espanhol. A promo\u00e7\u00e3o em Espanha tem vindo a intensificar-se, especialmente nas regi\u00f5es fronteiri\u00e7as e em \u00e1reas urbanas espanholas com potencial para viagens de curta dura\u00e7\u00e3o ao longo do ano. Jos\u00e9 Manuel Santos, presidente da Ag\u00eancia Regional de Promo\u00e7\u00e3o Tur\u00edstica do Alentejo, diz que o mercado espanhol \u00e9 estrat\u00e9gico. \u00c9vora \u00e9 apresentada como Capital Europeia da Cultura 2027 e o Baixo Alentejo \u00e9 Cidade Europeia do Vinho 2026, com a\u00e7\u00f5es de enoturismo, gastronomia e cultura. Regressam as Festas do Povo de Campo Maior, com programa de apresenta\u00e7\u00f5es e degusta\u00e7\u00f5es, e h\u00e1 iniciativas de enoturismo respons\u00e1vel em parceria com entidades ib\u00e9ricas.","og_url":"https:\/\/portaltela.pt\/noticias\/2026\/01\/20\/alentejo-leva-maior-delegacao-de-sempre-a-fitur-e-aposta-no-mercado-espanhol\/","og_site_name":"Portal Tela Portugal","article_published_time":"2026-01-20T16:01:51+00:00","author":"Telinha","twitter_card":"summary_large_image","twitter_misc":{"Escrito por":"Telinha","Tempo estimado de leitura":"2 minutos"},"schema":{"@context":"https:\/\/schema.org","@graph":[{"@type":"Article","@id":"https:\/\/portaltela.pt\/noticias\/2026\/01\/20\/alentejo-leva-maior-delegacao-de-sempre-a-fitur-e-aposta-no-mercado-espanhol\/#article","isPartOf":{"@id":"https:\/\/portaltela.pt\/noticias\/2026\/01\/20\/alentejo-leva-maior-delegacao-de-sempre-a-fitur-e-aposta-no-mercado-espanhol\/"},"author":{"name":"Telinha","@id":"https:\/\/portaltela.pt\/#\/schema\/person\/c4278d4a6028830caff9ee44b42d32ed"},"headline":"Alentejo leva maior delega\u00e7\u00e3o de sempre \u00e0 FITUR e aposta no mercado espanhol","datePublished":"2026-01-20T16:01:51+00:00","mainEntityOfPage":{"@id":"https:\/\/portaltela.pt\/noticias\/2026\/01\/20\/alentejo-leva-maior-delegacao-de-sempre-a-fitur-e-aposta-no-mercado-espanhol\/"},"wordCount":345,"image":{"@id":"https:\/\/portaltela.pt\/noticias\/2026\/01\/20\/alentejo-leva-maior-delegacao-de-sempre-a-fitur-e-aposta-no-mercado-espanhol\/#primaryimage"},"thumbnailUrl":"https:\/\/portaltela.pt\/s.01k8rhncp4jt1\/2026\/01\/unnamed-file-4150.jpg","keywords":["Alentejo","Arronches","Castelo de Vide","\u00c9vora","Marv\u00e3o","Portalegre"],"articleSection":["Not\u00edcias"],"inLanguage":"pt-PT"},{"@type":"WebPage","@id":"https:\/\/portaltela.pt\/noticias\/2026\/01\/20\/alentejo-leva-maior-delegacao-de-sempre-a-fitur-e-aposta-no-mercado-espanhol\/","url":"https:\/\/portaltela.pt\/noticias\/2026\/01\/20\/alentejo-leva-maior-delegacao-de-sempre-a-fitur-e-aposta-no-mercado-espanhol\/","name":"Alentejo leva maior delega\u00e7\u00e3o de sempre \u00e0 FITUR e aposta no mercado espanhol - Portal Tela Portugal","isPartOf":{"@id":"https:\/\/portaltela.pt\/#website"},"primaryImageOfPage":{"@id":"https:\/\/portaltela.pt\/noticias\/2026\/01\/20\/alentejo-leva-maior-delegacao-de-sempre-a-fitur-e-aposta-no-mercado-espanhol\/#primaryimage"},"image":{"@id":"https:\/\/portaltela.pt\/noticias\/2026\/01\/20\/alentejo-leva-maior-delegacao-de-sempre-a-fitur-e-aposta-no-mercado-espanhol\/#primaryimage"},"thumbnailUrl":"https:\/\/portaltela.pt\/s.01k8rhncp4jt1\/2026\/01\/unnamed-file-4150.jpg","datePublished":"2026-01-20T16:01:51+00:00","author":{"@id":"https:\/\/portaltela.pt\/#\/schema\/person\/c4278d4a6028830caff9ee44b42d32ed"},"breadcrumb":{"@id":"https:\/\/portaltela.pt\/noticias\/2026\/01\/20\/alentejo-leva-maior-delegacao-de-sempre-a-fitur-e-aposta-no-mercado-espanhol\/#breadcrumb"},"inLanguage":"pt-PT","potentialAction":[{"@type":"ReadAction","target":["https:\/\/portaltela.pt\/noticias\/2026\/01\/20\/alentejo-leva-maior-delegacao-de-sempre-a-fitur-e-aposta-no-mercado-espanhol\/"]}]},{"@type":"ImageObject","inLanguage":"pt-PT","@id":"https:\/\/portaltela.pt\/noticias\/2026\/01\/20\/alentejo-leva-maior-delegacao-de-sempre-a-fitur-e-aposta-no-mercado-espanhol\/#primaryimage","url":"https:\/\/portaltela.pt\/s.01k8rhncp4jt1\/2026\/01\/unnamed-file-4150.jpg","contentUrl":"https:\/\/portaltela.pt\/s.01k8rhncp4jt1\/2026\/01\/unnamed-file-4150.jpg","width":796,"height":448,"caption":"Alentejo leva maior delega\u00e7\u00e3o de sempre \u00e0 FITUR e refor\u00e7a aposta no mercado espanhol"},{"@type":"BreadcrumbList","@id":"https:\/\/portaltela.pt\/noticias\/2026\/01\/20\/alentejo-leva-maior-delegacao-de-sempre-a-fitur-e-aposta-no-mercado-espanhol\/#breadcrumb","itemListElement":[{"@type":"ListItem","position":1,"name":"In\u00edcio","item":"https:\/\/portaltela.pt\/"},{"@type":"ListItem","position":2,"name":"Alentejo leva maior delega\u00e7\u00e3o de sempre \u00e0 FITUR e aposta no mercado espanhol"}]},{"@type":"WebSite","@id":"https:\/\/portaltela.pt\/#website","url":"https:\/\/portaltela.pt\/","name":"Portal Tela Portugal","description":"","potentialAction":[{"@type":"SearchAction","target":{"@type":"EntryPoint","urlTemplate":"https:\/\/portaltela.pt\/?s={search_term_string}"},"query-input":{"@type":"PropertyValueSpecification","valueRequired":true,"valueName":"search_term_string"}}],"inLanguage":"pt-PT"},{"@type":"Person","@id":"https:\/\/portaltela.pt\/#\/schema\/person\/c4278d4a6028830caff9ee44b42d32ed","name":"Telinha","image":{"@type":"ImageObject","inLanguage":"pt-PT","@id":"https:\/\/portaltela.pt\/s.01k8rhncp4jt1\/2025\/11\/talking-bot-125x125.png","url":"https:\/\/portaltela.pt\/s.01k8rhncp4jt1\/2025\/11\/talking-bot-125x125.png","contentUrl":"https:\/\/portaltela.pt\/s.01k8rhncp4jt1\/2025\/11\/talking-bot-125x125.png","caption":"Telinha"},"sameAs":["https:\/\/portaltela.pt\/"],"url":"https:\/\/portaltela.pt\/por\/367410592786\/"}]}},"_links":{"self":[{"href":"https:\/\/portaltela.pt\/api\/wp\/v2\/posts\/156800","targetHints":{"allow":["GET"]}}],"collection":[{"href":"https:\/\/portaltela.pt\/api\/wp\/v2\/posts"}],"about":[{"href":"https:\/\/portaltela.pt\/api\/wp\/v2\/types\/post"}],"author":[{"embeddable":true,"href":"https:\/\/portaltela.pt\/api\/wp\/v2\/users\/2"}],"replies":[{"embeddable":true,"href":"https:\/\/portaltela.pt\/api\/wp\/v2\/comments?post=156800"}],"version-history":[{"count":0,"href":"https:\/\/portaltela.pt\/api\/wp\/v2\/posts\/156800\/revisions"}],"wp:featuredmedia":[{"embeddable":true,"href":"https:\/\/portaltela.pt\/api\/wp\/v2\/media\/156801"}],"wp:attachment":[{"href":"https:\/\/portaltela.pt\/api\/wp\/v2\/media?parent=156800"}],"wp:term":[{"taxonomy":"category","embeddable":true,"href":"https:\/\/portaltela.pt\/api\/wp\/v2\/categories?post=156800"},{"taxonomy":"post_tag","embeddable":true,"href":"https:\/\/portaltela.pt\/api\/wp\/v2\/tags?post=156800"}],"curies":[{"name":"wp","href":"https:\/\/api.w.org\/{rel}","templated":true}]}}