{"id":156730,"date":"2026-01-20T13:09:00","date_gmt":"2026-01-20T16:09:00","guid":{"rendered":"https:\/\/portaltela.pt\/noticias\/2026\/01\/20\/seguro-avanca-para-a-segunda-volta-com-promessa-de-estabilidade\/"},"modified":"2026-01-20T13:09:00","modified_gmt":"2026-01-20T16:09:00","slug":"seguro-avanca-para-a-segunda-volta-com-promessa-de-estabilidade","status":"publish","type":"post","link":"https:\/\/portaltela.pt\/noticias\/politica\/2026\/01\/20\/seguro-avanca-para-a-segunda-volta-com-promessa-de-estabilidade\/","title":{"rendered":"Seguro avan\u00e7a para a segunda volta com promessa de estabilidade"},"content":{"rendered":"<p>Ant\u00f3nio Jos\u00e9 Seguro foi a Odivelas, onde visitou duas unidades de sa\u00fade familiar, para sinalizar a prioridade dada \u00e0 sa\u00fade e \u00e0s exig\u00eancias nessa \u00e1rea. O objetivo foi mostrar uma posi\u00e7\u00e3o de estabilidade pol\u00edtica, sem agress\u00f5es ao Governo, durante a segunda volta.<\/p>\n<p>O candidato do PS come\u00e7ou j\u00e1 a contabilizar apoios na segunda volta, destacando que Rui Moreira e Jos\u00e9 Miguel J\u00fadice v\u00e3o votar nele. Segue a linha de que foram mandat\u00e1rios nacionais dos advers\u00e1rios na primeira volta, Lu\u00eds Marques Mendes e Jo\u00e3o Cotrim Figueiredo.<\/p>\n<p>Seguro afirmou estar <strong>muito feliz<\/strong> com esses apoios, bem como com outros da esquerda e da direita. Afastou qualquer indica\u00e7\u00e3o de alian\u00e7as, mantendo o foco na capta\u00e7\u00e3o de votos com base no apoio de democratas.<\/p>\n<p>Outra linha de diferencia\u00e7\u00e3o em rela\u00e7\u00e3o a Ventura \u00e9 a promessa de <strong>estabilidade pol\u00edtica<\/strong>. Em Odivelas, o candidato disse n\u00e3o pretender pressionar o Governo, mas afirmou que vem <strong>exigir resultados<\/strong> na \u00e1rea da sa\u00fade.<\/p>\n<p>Questionado sobre a rela\u00e7\u00e3o com o Governo, Seguro defendeu coopera\u00e7\u00e3o institucional com os \u00f3rg\u00e3os de soberania, sobretudo o executivo. Refor\u00e7ou que a estabilidade \u00e9 fundamental para governar ap\u00f3s a segunda volta.<\/p>\n<p>O socialista negou que o resultado possa mudar o tom do discurso em rela\u00e7\u00e3o ao primeiro-ministro. Garantiu permanecer <strong>suprapartid\u00e1rio<\/strong> e indicar que o Presidente da Rep\u00fablica deve ser independente.<\/p>\n<p>A candidatura ainda prepara o planeamento da segunda fase da campanha, a iniciar ap\u00f3s o apuramento final da primeira volta. Sobre debates com Andr\u00e9 Ventura, disse apenas que o papel \u00e9 dialogar com os portugueses.<\/p>\n","protected":false},"excerpt":{"rendered":"<ul>\n<li>Ant\u00f3nio Jos\u00e9 Seguro visitou duas unidades de sa\u00fade familiar em Odivelas para destacar a sa\u00fade e promover a ideia de estabilidade pol\u00edtica.<\/li>\n<li>O candidato j\u00e1 pediu apoios para a segunda volta, com Rui Moreira e Jos\u00e9 Miguel J\u00fadice a garantirem o voto nele; Marques Mendes e Cotrim Figueiredo eram os mandat\u00e1rios de advers\u00e1rios na primeira volta.<\/li>\n<li>Seguro disse estar muito feliz com apoios de esquerda e direita, procurando captar votos de todos os eleitorados e mantendo uma linha suprapartid\u00e1ria.<\/li>\n<li>Prop\u00f5e estabilidade pol\u00edtica e coopera\u00e7\u00e3o institucional com os \u00f3rg\u00e3os de soberania, afirmando n\u00e3o querer pressionar o Governo mas sim obter resultados na \u00e1rea da sa\u00fade.<\/li>\n<li>A campanha para a segunda volta ainda n\u00e3o arrancou oficialmente; o plano est\u00e1 a ser estudado, e entrevista para um debate com Andr\u00e9 Ventura ficou para momento posterior, com foco no di\u00e1logo com os portugueses.<\/li>\n<\/ul>\n","protected":false},"author":2,"featured_media":156736,"comment_status":"closed","ping_status":"closed","sticky":false,"template":"","format":"standard","meta":{"footnotes":""},"categories":[1,5],"tags":[34,2832,2144,172,3416,3159],"class_list":["post-156730","post","type-post","status-publish","format-standard","has-post-thumbnail","hentry","category-noticias","category-politica","tag-governo","tag-politica","tag-ps","tag-saude","tag-seguro","tag-unidades-de-saude-familiar"],"yoast_head":"<!-- This site is optimized with the Yoast SEO plugin v27.2 - https:\/\/yoast.com\/product\/yoast-seo-wordpress\/ -->\n<title>Seguro avan\u00e7a para a segunda volta com promessa de estabilidade - Portal Tela Portugal<\/title>\n<meta name=\"robots\" content=\"index, follow, max-snippet:-1, max-image-preview:large, max-video-preview:-1\" \/>\n<meta property=\"og:locale\" content=\"pt_PT\" \/>\n<meta property=\"og:type\" content=\"article\" \/>\n<meta property=\"og:title\" content=\"Seguro avan\u00e7a para a segunda volta com promessa de estabilidade - Portal Tela Portugal\" \/>\n<meta property=\"og:description\" content=\"Ant\u00f3nio Jos\u00e9 Seguro visitou duas unidades de sa\u00fade familiar em Odivelas para destacar a sa\u00fade e promover a ideia de estabilidade pol\u00edtica. O candidato j\u00e1 pediu apoios para a segunda volta, com Rui Moreira e Jos\u00e9 Miguel J\u00fadice a garantirem o voto nele; Marques Mendes e Cotrim Figueiredo eram os mandat\u00e1rios de advers\u00e1rios na primeira volta. Seguro disse estar muito feliz com apoios de esquerda e direita, procurando captar votos de todos os eleitorados e mantendo uma linha suprapartid\u00e1ria. Prop\u00f5e estabilidade pol\u00edtica e coopera\u00e7\u00e3o institucional com os \u00f3rg\u00e3os de soberania, afirmando n\u00e3o querer pressionar o Governo mas sim obter resultados na \u00e1rea da sa\u00fade. A campanha para a segunda volta ainda n\u00e3o arrancou oficialmente; o plano est\u00e1 a ser estudado, e entrevista para um debate com Andr\u00e9 Ventura ficou para momento posterior, com foco no di\u00e1logo com os portugueses.\" \/>\n<meta property=\"og:url\" content=\"https:\/\/portaltela.pt\/noticias\/2026\/01\/20\/seguro-avanca-para-a-segunda-volta-com-promessa-de-estabilidade\/\" \/>\n<meta property=\"og:site_name\" content=\"Portal Tela Portugal\" \/>\n<meta property=\"article:published_time\" content=\"2026-01-20T16:09:00+00:00\" \/>\n<meta name=\"author\" content=\"Telinha\" \/>\n<meta name=\"twitter:card\" content=\"summary_large_image\" \/>\n<meta name=\"twitter:label1\" content=\"Escrito por\" \/>\n\t<meta name=\"twitter:data1\" content=\"Telinha\" \/>\n\t<meta name=\"twitter:label2\" content=\"Tempo estimado de leitura\" \/>\n\t<meta name=\"twitter:data2\" content=\"1 minuto\" \/>\n<script type=\"application\/ld+json\" class=\"yoast-schema-graph\">{\"@context\":\"https:\/\/schema.org\",\"@graph\":[{\"@type\":\"Article\",\"@id\":\"https:\/\/portaltela.pt\/noticias\/2026\/01\/20\/seguro-avanca-para-a-segunda-volta-com-promessa-de-estabilidade\/#article\",\"isPartOf\":{\"@id\":\"https:\/\/portaltela.pt\/noticias\/2026\/01\/20\/seguro-avanca-para-a-segunda-volta-com-promessa-de-estabilidade\/\"},\"author\":{\"name\":\"Telinha\",\"@id\":\"https:\/\/portaltela.pt\/#\/schema\/person\/c4278d4a6028830caff9ee44b42d32ed\"},\"headline\":\"Seguro avan\u00e7a para a segunda volta com promessa de estabilidade\",\"datePublished\":\"2026-01-20T16:09:00+00:00\",\"mainEntityOfPage\":{\"@id\":\"https:\/\/portaltela.pt\/noticias\/2026\/01\/20\/seguro-avanca-para-a-segunda-volta-com-promessa-de-estabilidade\/\"},\"wordCount\":287,\"image\":{\"@id\":\"https:\/\/portaltela.pt\/noticias\/2026\/01\/20\/seguro-avanca-para-a-segunda-volta-com-promessa-de-estabilidade\/#primaryimage\"},\"thumbnailUrl\":\"https:\/\/portaltela.pt\/s.01k8rhncp4jt1\/2026\/01\/jporfirio-eleicoes-presidenciais-segunda-volta-antonio-jose-seguro-20-01-01-6-scaled-1.jpg\",\"keywords\":[\"governo\",\"pol\u00edtica\",\"PS\",\"sa\u00fade\",\"Seguro\",\"Unidades de Sa\u00fade Familiar\"],\"articleSection\":[\"Not\u00edcias\",\"Pol\u00edtica\"],\"inLanguage\":\"pt-PT\"},{\"@type\":\"WebPage\",\"@id\":\"https:\/\/portaltela.pt\/noticias\/2026\/01\/20\/seguro-avanca-para-a-segunda-volta-com-promessa-de-estabilidade\/\",\"url\":\"https:\/\/portaltela.pt\/noticias\/2026\/01\/20\/seguro-avanca-para-a-segunda-volta-com-promessa-de-estabilidade\/\",\"name\":\"Seguro avan\u00e7a para a segunda volta com promessa de estabilidade - Portal Tela Portugal\",\"isPartOf\":{\"@id\":\"https:\/\/portaltela.pt\/#website\"},\"primaryImageOfPage\":{\"@id\":\"https:\/\/portaltela.pt\/noticias\/2026\/01\/20\/seguro-avanca-para-a-segunda-volta-com-promessa-de-estabilidade\/#primaryimage\"},\"image\":{\"@id\":\"https:\/\/portaltela.pt\/noticias\/2026\/01\/20\/seguro-avanca-para-a-segunda-volta-com-promessa-de-estabilidade\/#primaryimage\"},\"thumbnailUrl\":\"https:\/\/portaltela.pt\/s.01k8rhncp4jt1\/2026\/01\/jporfirio-eleicoes-presidenciais-segunda-volta-antonio-jose-seguro-20-01-01-6-scaled-1.jpg\",\"datePublished\":\"2026-01-20T16:09:00+00:00\",\"author\":{\"@id\":\"https:\/\/portaltela.pt\/#\/schema\/person\/c4278d4a6028830caff9ee44b42d32ed\"},\"breadcrumb\":{\"@id\":\"https:\/\/portaltela.pt\/noticias\/2026\/01\/20\/seguro-avanca-para-a-segunda-volta-com-promessa-de-estabilidade\/#breadcrumb\"},\"inLanguage\":\"pt-PT\",\"potentialAction\":[{\"@type\":\"ReadAction\",\"target\":[\"https:\/\/portaltela.pt\/noticias\/2026\/01\/20\/seguro-avanca-para-a-segunda-volta-com-promessa-de-estabilidade\/\"]}]},{\"@type\":\"ImageObject\",\"inLanguage\":\"pt-PT\",\"@id\":\"https:\/\/portaltela.pt\/noticias\/2026\/01\/20\/seguro-avanca-para-a-segunda-volta-com-promessa-de-estabilidade\/#primaryimage\",\"url\":\"https:\/\/portaltela.pt\/s.01k8rhncp4jt1\/2026\/01\/jporfirio-eleicoes-presidenciais-segunda-volta-antonio-jose-seguro-20-01-01-6-scaled-1.jpg\",\"contentUrl\":\"https:\/\/portaltela.pt\/s.01k8rhncp4jt1\/2026\/01\/jporfirio-eleicoes-presidenciais-segunda-volta-antonio-jose-seguro-20-01-01-6-scaled-1.jpg\",\"width\":796,\"height\":448,\"caption\":\"De manh\u00e3, Seguro esteve em duas USF em Odivelas para garantir que a sua \\\"prioridade\\\" \u00e0 quest\u00e3o da sa\u00fade se mant\u00e9m.\"},{\"@type\":\"BreadcrumbList\",\"@id\":\"https:\/\/portaltela.pt\/noticias\/2026\/01\/20\/seguro-avanca-para-a-segunda-volta-com-promessa-de-estabilidade\/#breadcrumb\",\"itemListElement\":[{\"@type\":\"ListItem\",\"position\":1,\"name\":\"In\u00edcio\",\"item\":\"https:\/\/portaltela.pt\/\"},{\"@type\":\"ListItem\",\"position\":2,\"name\":\"Seguro avan\u00e7a para a segunda volta com promessa de estabilidade\"}]},{\"@type\":\"WebSite\",\"@id\":\"https:\/\/portaltela.pt\/#website\",\"url\":\"https:\/\/portaltela.pt\/\",\"name\":\"Portal Tela Portugal\",\"description\":\"\",\"potentialAction\":[{\"@type\":\"SearchAction\",\"target\":{\"@type\":\"EntryPoint\",\"urlTemplate\":\"https:\/\/portaltela.pt\/?s={search_term_string}\"},\"query-input\":{\"@type\":\"PropertyValueSpecification\",\"valueRequired\":true,\"valueName\":\"search_term_string\"}}],\"inLanguage\":\"pt-PT\"},{\"@type\":\"Person\",\"@id\":\"https:\/\/portaltela.pt\/#\/schema\/person\/c4278d4a6028830caff9ee44b42d32ed\",\"name\":\"Telinha\",\"image\":{\"@type\":\"ImageObject\",\"inLanguage\":\"pt-PT\",\"@id\":\"https:\/\/portaltela.pt\/s.01k8rhncp4jt1\/2025\/11\/talking-bot-125x125.png\",\"url\":\"https:\/\/portaltela.pt\/s.01k8rhncp4jt1\/2025\/11\/talking-bot-125x125.png\",\"contentUrl\":\"https:\/\/portaltela.pt\/s.01k8rhncp4jt1\/2025\/11\/talking-bot-125x125.png\",\"caption\":\"Telinha\"},\"sameAs\":[\"https:\/\/portaltela.pt\/\"],\"url\":\"https:\/\/portaltela.pt\/por\/367410592786\/\"}]}<\/script>\n<!-- \/ Yoast SEO plugin. -->","yoast_head_json":{"title":"Seguro avan\u00e7a para a segunda volta com promessa de estabilidade - Portal Tela Portugal","robots":{"index":"index","follow":"follow","max-snippet":"max-snippet:-1","max-image-preview":"max-image-preview:large","max-video-preview":"max-video-preview:-1"},"og_locale":"pt_PT","og_type":"article","og_title":"Seguro avan\u00e7a para a segunda volta com promessa de estabilidade - Portal Tela Portugal","og_description":"Ant\u00f3nio Jos\u00e9 Seguro visitou duas unidades de sa\u00fade familiar em Odivelas para destacar a sa\u00fade e promover a ideia de estabilidade pol\u00edtica. O candidato j\u00e1 pediu apoios para a segunda volta, com Rui Moreira e Jos\u00e9 Miguel J\u00fadice a garantirem o voto nele; Marques Mendes e Cotrim Figueiredo eram os mandat\u00e1rios de advers\u00e1rios na primeira volta. Seguro disse estar muito feliz com apoios de esquerda e direita, procurando captar votos de todos os eleitorados e mantendo uma linha suprapartid\u00e1ria. Prop\u00f5e estabilidade pol\u00edtica e coopera\u00e7\u00e3o institucional com os \u00f3rg\u00e3os de soberania, afirmando n\u00e3o querer pressionar o Governo mas sim obter resultados na \u00e1rea da sa\u00fade. A campanha para a segunda volta ainda n\u00e3o arrancou oficialmente; o plano est\u00e1 a ser estudado, e entrevista para um debate com Andr\u00e9 Ventura ficou para momento posterior, com foco no di\u00e1logo com os portugueses.","og_url":"https:\/\/portaltela.pt\/noticias\/2026\/01\/20\/seguro-avanca-para-a-segunda-volta-com-promessa-de-estabilidade\/","og_site_name":"Portal Tela Portugal","article_published_time":"2026-01-20T16:09:00+00:00","author":"Telinha","twitter_card":"summary_large_image","twitter_misc":{"Escrito por":"Telinha","Tempo estimado de leitura":"1 minuto"},"schema":{"@context":"https:\/\/schema.org","@graph":[{"@type":"Article","@id":"https:\/\/portaltela.pt\/noticias\/2026\/01\/20\/seguro-avanca-para-a-segunda-volta-com-promessa-de-estabilidade\/#article","isPartOf":{"@id":"https:\/\/portaltela.pt\/noticias\/2026\/01\/20\/seguro-avanca-para-a-segunda-volta-com-promessa-de-estabilidade\/"},"author":{"name":"Telinha","@id":"https:\/\/portaltela.pt\/#\/schema\/person\/c4278d4a6028830caff9ee44b42d32ed"},"headline":"Seguro avan\u00e7a para a segunda volta com promessa de estabilidade","datePublished":"2026-01-20T16:09:00+00:00","mainEntityOfPage":{"@id":"https:\/\/portaltela.pt\/noticias\/2026\/01\/20\/seguro-avanca-para-a-segunda-volta-com-promessa-de-estabilidade\/"},"wordCount":287,"image":{"@id":"https:\/\/portaltela.pt\/noticias\/2026\/01\/20\/seguro-avanca-para-a-segunda-volta-com-promessa-de-estabilidade\/#primaryimage"},"thumbnailUrl":"https:\/\/portaltela.pt\/s.01k8rhncp4jt1\/2026\/01\/jporfirio-eleicoes-presidenciais-segunda-volta-antonio-jose-seguro-20-01-01-6-scaled-1.jpg","keywords":["governo","pol\u00edtica","PS","sa\u00fade","Seguro","Unidades de Sa\u00fade Familiar"],"articleSection":["Not\u00edcias","Pol\u00edtica"],"inLanguage":"pt-PT"},{"@type":"WebPage","@id":"https:\/\/portaltela.pt\/noticias\/2026\/01\/20\/seguro-avanca-para-a-segunda-volta-com-promessa-de-estabilidade\/","url":"https:\/\/portaltela.pt\/noticias\/2026\/01\/20\/seguro-avanca-para-a-segunda-volta-com-promessa-de-estabilidade\/","name":"Seguro avan\u00e7a para a segunda volta com promessa de estabilidade - Portal Tela Portugal","isPartOf":{"@id":"https:\/\/portaltela.pt\/#website"},"primaryImageOfPage":{"@id":"https:\/\/portaltela.pt\/noticias\/2026\/01\/20\/seguro-avanca-para-a-segunda-volta-com-promessa-de-estabilidade\/#primaryimage"},"image":{"@id":"https:\/\/portaltela.pt\/noticias\/2026\/01\/20\/seguro-avanca-para-a-segunda-volta-com-promessa-de-estabilidade\/#primaryimage"},"thumbnailUrl":"https:\/\/portaltela.pt\/s.01k8rhncp4jt1\/2026\/01\/jporfirio-eleicoes-presidenciais-segunda-volta-antonio-jose-seguro-20-01-01-6-scaled-1.jpg","datePublished":"2026-01-20T16:09:00+00:00","author":{"@id":"https:\/\/portaltela.pt\/#\/schema\/person\/c4278d4a6028830caff9ee44b42d32ed"},"breadcrumb":{"@id":"https:\/\/portaltela.pt\/noticias\/2026\/01\/20\/seguro-avanca-para-a-segunda-volta-com-promessa-de-estabilidade\/#breadcrumb"},"inLanguage":"pt-PT","potentialAction":[{"@type":"ReadAction","target":["https:\/\/portaltela.pt\/noticias\/2026\/01\/20\/seguro-avanca-para-a-segunda-volta-com-promessa-de-estabilidade\/"]}]},{"@type":"ImageObject","inLanguage":"pt-PT","@id":"https:\/\/portaltela.pt\/noticias\/2026\/01\/20\/seguro-avanca-para-a-segunda-volta-com-promessa-de-estabilidade\/#primaryimage","url":"https:\/\/portaltela.pt\/s.01k8rhncp4jt1\/2026\/01\/jporfirio-eleicoes-presidenciais-segunda-volta-antonio-jose-seguro-20-01-01-6-scaled-1.jpg","contentUrl":"https:\/\/portaltela.pt\/s.01k8rhncp4jt1\/2026\/01\/jporfirio-eleicoes-presidenciais-segunda-volta-antonio-jose-seguro-20-01-01-6-scaled-1.jpg","width":796,"height":448,"caption":"De manh\u00e3, Seguro esteve em duas USF em Odivelas para garantir que a sua \"prioridade\" \u00e0 quest\u00e3o da sa\u00fade se mant\u00e9m."},{"@type":"BreadcrumbList","@id":"https:\/\/portaltela.pt\/noticias\/2026\/01\/20\/seguro-avanca-para-a-segunda-volta-com-promessa-de-estabilidade\/#breadcrumb","itemListElement":[{"@type":"ListItem","position":1,"name":"In\u00edcio","item":"https:\/\/portaltela.pt\/"},{"@type":"ListItem","position":2,"name":"Seguro avan\u00e7a para a segunda volta com promessa de estabilidade"}]},{"@type":"WebSite","@id":"https:\/\/portaltela.pt\/#website","url":"https:\/\/portaltela.pt\/","name":"Portal Tela Portugal","description":"","potentialAction":[{"@type":"SearchAction","target":{"@type":"EntryPoint","urlTemplate":"https:\/\/portaltela.pt\/?s={search_term_string}"},"query-input":{"@type":"PropertyValueSpecification","valueRequired":true,"valueName":"search_term_string"}}],"inLanguage":"pt-PT"},{"@type":"Person","@id":"https:\/\/portaltela.pt\/#\/schema\/person\/c4278d4a6028830caff9ee44b42d32ed","name":"Telinha","image":{"@type":"ImageObject","inLanguage":"pt-PT","@id":"https:\/\/portaltela.pt\/s.01k8rhncp4jt1\/2025\/11\/talking-bot-125x125.png","url":"https:\/\/portaltela.pt\/s.01k8rhncp4jt1\/2025\/11\/talking-bot-125x125.png","contentUrl":"https:\/\/portaltela.pt\/s.01k8rhncp4jt1\/2025\/11\/talking-bot-125x125.png","caption":"Telinha"},"sameAs":["https:\/\/portaltela.pt\/"],"url":"https:\/\/portaltela.pt\/por\/367410592786\/"}]}},"_links":{"self":[{"href":"https:\/\/portaltela.pt\/api\/wp\/v2\/posts\/156730","targetHints":{"allow":["GET"]}}],"collection":[{"href":"https:\/\/portaltela.pt\/api\/wp\/v2\/posts"}],"about":[{"href":"https:\/\/portaltela.pt\/api\/wp\/v2\/types\/post"}],"author":[{"embeddable":true,"href":"https:\/\/portaltela.pt\/api\/wp\/v2\/users\/2"}],"replies":[{"embeddable":true,"href":"https:\/\/portaltela.pt\/api\/wp\/v2\/comments?post=156730"}],"version-history":[{"count":0,"href":"https:\/\/portaltela.pt\/api\/wp\/v2\/posts\/156730\/revisions"}],"wp:featuredmedia":[{"embeddable":true,"href":"https:\/\/portaltela.pt\/api\/wp\/v2\/media\/156736"}],"wp:attachment":[{"href":"https:\/\/portaltela.pt\/api\/wp\/v2\/media?parent=156730"}],"wp:term":[{"taxonomy":"category","embeddable":true,"href":"https:\/\/portaltela.pt\/api\/wp\/v2\/categories?post=156730"},{"taxonomy":"post_tag","embeddable":true,"href":"https:\/\/portaltela.pt\/api\/wp\/v2\/tags?post=156730"}],"curies":[{"name":"wp","href":"https:\/\/api.w.org\/{rel}","templated":true}]}}