{"id":156655,"date":"2026-01-20T12:49:00","date_gmt":"2026-01-20T15:49:00","guid":{"rendered":"https:\/\/portaltela.pt\/noticias\/2026\/01\/20\/homem-de-43-anos-detido-por-tentar-agredir-agente-da-psp-em-alverca\/"},"modified":"2026-01-20T12:49:00","modified_gmt":"2026-01-20T15:49:00","slug":"homem-de-43-anos-detido-por-tentar-agredir-agente-da-psp-em-alverca","status":"publish","type":"post","link":"https:\/\/portaltela.pt\/noticias\/2026\/01\/20\/homem-de-43-anos-detido-por-tentar-agredir-agente-da-psp-em-alverca\/","title":{"rendered":"Homem de 43 anos detido por tentar agredir agente da PSP em Alverca"},"content":{"rendered":"<p>Um homem de 43 anos foi detido em Alverca do Ribatejo, sob suspeita de resist\u00eancia e coa\u00e7\u00e3o sobre funcion\u00e1rio, no \u00e2mbito de uma ocorr\u00eancia de viol\u00eancia dom\u00e9stica. A deten\u00e7\u00e3o ocorreu no dia 17 de janeiro, efetuada pelo Comando Metropolitano de Lisboa da PSP, atrav\u00e9s da Divis\u00e3o de Vila Franca de Xira.<\/p>\n<p>Ap\u00f3s o alerta, as autoridades contactaram a v\u00edtima no local e fizeram uma avalia\u00e7\u00e3o da situa\u00e7\u00e3o. O suspeito apareceu embriagado e com postura agressiva, questionando os motivos da presen\u00e7a policial.<\/p>\n<p>Convidado a apresentar a vers\u00e3o dos factos e a identificar-se, o homem recusou colaborar. Tentou recolher ao interior da habita\u00e7\u00e3o, o que foi impedido por um agente.<\/p>\n<p>Face \u00e0 atitude agressiva, o suspeito avan\u00e7ou de modo amea\u00e7ador contra um policial e tentou agredi-lo. Devido \u00e0 resist\u00eancia, outros agentes intervieram para imobilizar e algemar o detido.<\/p>\n<h3>Detalhes do incidente<\/h3>\n<p>O homem foi levado para as salas de deten\u00e7\u00e3o do Comando Metropolitano de Lisboa e apresentado \u00e0 autoridade judici\u00e1ria. Ap\u00f3s ouvir as informa\u00e7\u00f5es, ficou em liberdade mediante a aplica\u00e7\u00e3o de uma medida de coa\u00e7\u00e3o de Termo de Identidade e Resid\u00eancia.<\/p>\n","protected":false},"excerpt":{"rendered":"<ul>\n<li>Um homem de 43 anos foi detido em Alverca do Ribatejo pela PSP, no dia 17 de janeiro, por resist\u00eancia e coa\u00e7\u00e3o sobre funcion\u00e1rio, na sequ\u00eancia de uma ocorr\u00eancia de viol\u00eancia dom\u00e9stica.<\/li>\n<li>A v\u00edtima informou ter tido um desentendimento com o companheiro momentos antes da interven\u00e7\u00e3o policial.<\/li>\n<li>O suspeito apareceu embriagado, recusou apresentar-se e tentou recolher a interior da habita\u00e7\u00e3o, o que foi impedido por um pol\u00edcia.<\/li>\n<li>Perante a interven\u00e7\u00e3o, avan\u00e7ou de forma amea\u00e7adora contra o agente, sendo necess\u00e1ria a atua\u00e7\u00e3o de outros elementos da PSP para o imobilizar e algemar.<\/li>\n<li>O detido foi conduzido \u00e0s salas de deten\u00e7\u00e3o do Comando Metropolitano de Lisboa, apresentado \u00e0 autoridade judici\u00e1ria e libertado com Termo de Identidade e Resid\u00eancia.<\/li>\n<\/ul>\n","protected":false},"author":2,"featured_media":156658,"comment_status":"closed","ping_status":"closed","sticky":false,"template":"","format":"standard","meta":{"footnotes":""},"categories":[1],"tags":[1230,2320,3418,1381,488,214],"class_list":["post-156655","post","type-post","status-publish","format-standard","has-post-thumbnail","hentry","category-noticias","tag-alverca","tag-coacao-agravada","tag-policia-de-seguranca-publica","tag-psp","tag-resistencia-e-coacao","tag-violencia-domestica"],"yoast_head":"<!-- This site is optimized with the Yoast SEO plugin v27.2 - https:\/\/yoast.com\/product\/yoast-seo-wordpress\/ -->\n<title>Homem de 43 anos detido por tentar agredir agente da PSP em Alverca - Portal Tela Portugal<\/title>\n<meta name=\"robots\" content=\"index, follow, max-snippet:-1, max-image-preview:large, max-video-preview:-1\" \/>\n<meta property=\"og:locale\" content=\"pt_PT\" \/>\n<meta property=\"og:type\" content=\"article\" \/>\n<meta property=\"og:title\" content=\"Homem de 43 anos detido por tentar agredir agente da PSP em Alverca - Portal Tela Portugal\" \/>\n<meta property=\"og:description\" content=\"Um homem de 43 anos foi detido em Alverca do Ribatejo pela PSP, no dia 17 de janeiro, por resist\u00eancia e coa\u00e7\u00e3o sobre funcion\u00e1rio, na sequ\u00eancia de uma ocorr\u00eancia de viol\u00eancia dom\u00e9stica. A v\u00edtima informou ter tido um desentendimento com o companheiro momentos antes da interven\u00e7\u00e3o policial. O suspeito apareceu embriagado, recusou apresentar-se e tentou recolher a interior da habita\u00e7\u00e3o, o que foi impedido por um pol\u00edcia. Perante a interven\u00e7\u00e3o, avan\u00e7ou de forma amea\u00e7adora contra o agente, sendo necess\u00e1ria a atua\u00e7\u00e3o de outros elementos da PSP para o imobilizar e algemar. O detido foi conduzido \u00e0s salas de deten\u00e7\u00e3o do Comando Metropolitano de Lisboa, apresentado \u00e0 autoridade judici\u00e1ria e libertado com Termo de Identidade e Resid\u00eancia.\" \/>\n<meta property=\"og:url\" content=\"https:\/\/portaltela.pt\/noticias\/2026\/01\/20\/homem-de-43-anos-detido-por-tentar-agredir-agente-da-psp-em-alverca\/\" \/>\n<meta property=\"og:site_name\" content=\"Portal Tela Portugal\" \/>\n<meta property=\"article:published_time\" content=\"2026-01-20T15:49:00+00:00\" \/>\n<meta name=\"author\" content=\"Telinha\" \/>\n<meta name=\"twitter:card\" content=\"summary_large_image\" \/>\n<meta name=\"twitter:label1\" content=\"Escrito por\" \/>\n\t<meta name=\"twitter:data1\" content=\"Telinha\" \/>\n\t<meta name=\"twitter:label2\" content=\"Tempo estimado de leitura\" \/>\n\t<meta name=\"twitter:data2\" content=\"1 minuto\" \/>\n<script type=\"application\/ld+json\" class=\"yoast-schema-graph\">{\"@context\":\"https:\/\/schema.org\",\"@graph\":[{\"@type\":\"Article\",\"@id\":\"https:\/\/portaltela.pt\/noticias\/2026\/01\/20\/homem-de-43-anos-detido-por-tentar-agredir-agente-da-psp-em-alverca\/#article\",\"isPartOf\":{\"@id\":\"https:\/\/portaltela.pt\/noticias\/2026\/01\/20\/homem-de-43-anos-detido-por-tentar-agredir-agente-da-psp-em-alverca\/\"},\"author\":{\"name\":\"Telinha\",\"@id\":\"https:\/\/portaltela.pt\/#\/schema\/person\/c4278d4a6028830caff9ee44b42d32ed\"},\"headline\":\"Homem de 43 anos detido por tentar agredir agente da PSP em Alverca\",\"datePublished\":\"2026-01-20T15:49:00+00:00\",\"mainEntityOfPage\":{\"@id\":\"https:\/\/portaltela.pt\/noticias\/2026\/01\/20\/homem-de-43-anos-detido-por-tentar-agredir-agente-da-psp-em-alverca\/\"},\"wordCount\":212,\"image\":{\"@id\":\"https:\/\/portaltela.pt\/noticias\/2026\/01\/20\/homem-de-43-anos-detido-por-tentar-agredir-agente-da-psp-em-alverca\/#primaryimage\"},\"thumbnailUrl\":\"https:\/\/portaltela.pt\/s.01k8rhncp4jt1\/2026\/01\/unnamed-file-4138.jpg\",\"keywords\":[\"Alverca\",\"coa\u00e7\u00e3o agravada\",\"Pol\u00edcia de Seguran\u00e7a P\u00fablica\",\"PSP\",\"resist\u00eancia e coa\u00e7\u00e3o\",\"viol\u00eancia dom\u00e9stica\"],\"articleSection\":[\"Not\u00edcias\"],\"inLanguage\":\"pt-PT\"},{\"@type\":\"WebPage\",\"@id\":\"https:\/\/portaltela.pt\/noticias\/2026\/01\/20\/homem-de-43-anos-detido-por-tentar-agredir-agente-da-psp-em-alverca\/\",\"url\":\"https:\/\/portaltela.pt\/noticias\/2026\/01\/20\/homem-de-43-anos-detido-por-tentar-agredir-agente-da-psp-em-alverca\/\",\"name\":\"Homem de 43 anos detido por tentar agredir agente da PSP em Alverca - Portal Tela Portugal\",\"isPartOf\":{\"@id\":\"https:\/\/portaltela.pt\/#website\"},\"primaryImageOfPage\":{\"@id\":\"https:\/\/portaltela.pt\/noticias\/2026\/01\/20\/homem-de-43-anos-detido-por-tentar-agredir-agente-da-psp-em-alverca\/#primaryimage\"},\"image\":{\"@id\":\"https:\/\/portaltela.pt\/noticias\/2026\/01\/20\/homem-de-43-anos-detido-por-tentar-agredir-agente-da-psp-em-alverca\/#primaryimage\"},\"thumbnailUrl\":\"https:\/\/portaltela.pt\/s.01k8rhncp4jt1\/2026\/01\/unnamed-file-4138.jpg\",\"datePublished\":\"2026-01-20T15:49:00+00:00\",\"author\":{\"@id\":\"https:\/\/portaltela.pt\/#\/schema\/person\/c4278d4a6028830caff9ee44b42d32ed\"},\"breadcrumb\":{\"@id\":\"https:\/\/portaltela.pt\/noticias\/2026\/01\/20\/homem-de-43-anos-detido-por-tentar-agredir-agente-da-psp-em-alverca\/#breadcrumb\"},\"inLanguage\":\"pt-PT\",\"potentialAction\":[{\"@type\":\"ReadAction\",\"target\":[\"https:\/\/portaltela.pt\/noticias\/2026\/01\/20\/homem-de-43-anos-detido-por-tentar-agredir-agente-da-psp-em-alverca\/\"]}]},{\"@type\":\"ImageObject\",\"inLanguage\":\"pt-PT\",\"@id\":\"https:\/\/portaltela.pt\/noticias\/2026\/01\/20\/homem-de-43-anos-detido-por-tentar-agredir-agente-da-psp-em-alverca\/#primaryimage\",\"url\":\"https:\/\/portaltela.pt\/s.01k8rhncp4jt1\/2026\/01\/unnamed-file-4138.jpg\",\"contentUrl\":\"https:\/\/portaltela.pt\/s.01k8rhncp4jt1\/2026\/01\/unnamed-file-4138.jpg\",\"width\":796,\"height\":448,\"caption\":\"Dupla criminosa detida em Santar\u00e9m\"},{\"@type\":\"BreadcrumbList\",\"@id\":\"https:\/\/portaltela.pt\/noticias\/2026\/01\/20\/homem-de-43-anos-detido-por-tentar-agredir-agente-da-psp-em-alverca\/#breadcrumb\",\"itemListElement\":[{\"@type\":\"ListItem\",\"position\":1,\"name\":\"In\u00edcio\",\"item\":\"https:\/\/portaltela.pt\/\"},{\"@type\":\"ListItem\",\"position\":2,\"name\":\"Homem de 43 anos detido por tentar agredir agente da PSP em Alverca\"}]},{\"@type\":\"WebSite\",\"@id\":\"https:\/\/portaltela.pt\/#website\",\"url\":\"https:\/\/portaltela.pt\/\",\"name\":\"Portal Tela Portugal\",\"description\":\"\",\"potentialAction\":[{\"@type\":\"SearchAction\",\"target\":{\"@type\":\"EntryPoint\",\"urlTemplate\":\"https:\/\/portaltela.pt\/?s={search_term_string}\"},\"query-input\":{\"@type\":\"PropertyValueSpecification\",\"valueRequired\":true,\"valueName\":\"search_term_string\"}}],\"inLanguage\":\"pt-PT\"},{\"@type\":\"Person\",\"@id\":\"https:\/\/portaltela.pt\/#\/schema\/person\/c4278d4a6028830caff9ee44b42d32ed\",\"name\":\"Telinha\",\"image\":{\"@type\":\"ImageObject\",\"inLanguage\":\"pt-PT\",\"@id\":\"https:\/\/portaltela.pt\/s.01k8rhncp4jt1\/2025\/11\/talking-bot-125x125.png\",\"url\":\"https:\/\/portaltela.pt\/s.01k8rhncp4jt1\/2025\/11\/talking-bot-125x125.png\",\"contentUrl\":\"https:\/\/portaltela.pt\/s.01k8rhncp4jt1\/2025\/11\/talking-bot-125x125.png\",\"caption\":\"Telinha\"},\"sameAs\":[\"https:\/\/portaltela.pt\/\"],\"url\":\"https:\/\/portaltela.pt\/por\/367410592786\/\"}]}<\/script>\n<!-- \/ Yoast SEO plugin. -->","yoast_head_json":{"title":"Homem de 43 anos detido por tentar agredir agente da PSP em Alverca - Portal Tela Portugal","robots":{"index":"index","follow":"follow","max-snippet":"max-snippet:-1","max-image-preview":"max-image-preview:large","max-video-preview":"max-video-preview:-1"},"og_locale":"pt_PT","og_type":"article","og_title":"Homem de 43 anos detido por tentar agredir agente da PSP em Alverca - Portal Tela Portugal","og_description":"Um homem de 43 anos foi detido em Alverca do Ribatejo pela PSP, no dia 17 de janeiro, por resist\u00eancia e coa\u00e7\u00e3o sobre funcion\u00e1rio, na sequ\u00eancia de uma ocorr\u00eancia de viol\u00eancia dom\u00e9stica. A v\u00edtima informou ter tido um desentendimento com o companheiro momentos antes da interven\u00e7\u00e3o policial. O suspeito apareceu embriagado, recusou apresentar-se e tentou recolher a interior da habita\u00e7\u00e3o, o que foi impedido por um pol\u00edcia. Perante a interven\u00e7\u00e3o, avan\u00e7ou de forma amea\u00e7adora contra o agente, sendo necess\u00e1ria a atua\u00e7\u00e3o de outros elementos da PSP para o imobilizar e algemar. O detido foi conduzido \u00e0s salas de deten\u00e7\u00e3o do Comando Metropolitano de Lisboa, apresentado \u00e0 autoridade judici\u00e1ria e libertado com Termo de Identidade e Resid\u00eancia.","og_url":"https:\/\/portaltela.pt\/noticias\/2026\/01\/20\/homem-de-43-anos-detido-por-tentar-agredir-agente-da-psp-em-alverca\/","og_site_name":"Portal Tela Portugal","article_published_time":"2026-01-20T15:49:00+00:00","author":"Telinha","twitter_card":"summary_large_image","twitter_misc":{"Escrito por":"Telinha","Tempo estimado de leitura":"1 minuto"},"schema":{"@context":"https:\/\/schema.org","@graph":[{"@type":"Article","@id":"https:\/\/portaltela.pt\/noticias\/2026\/01\/20\/homem-de-43-anos-detido-por-tentar-agredir-agente-da-psp-em-alverca\/#article","isPartOf":{"@id":"https:\/\/portaltela.pt\/noticias\/2026\/01\/20\/homem-de-43-anos-detido-por-tentar-agredir-agente-da-psp-em-alverca\/"},"author":{"name":"Telinha","@id":"https:\/\/portaltela.pt\/#\/schema\/person\/c4278d4a6028830caff9ee44b42d32ed"},"headline":"Homem de 43 anos detido por tentar agredir agente da PSP em Alverca","datePublished":"2026-01-20T15:49:00+00:00","mainEntityOfPage":{"@id":"https:\/\/portaltela.pt\/noticias\/2026\/01\/20\/homem-de-43-anos-detido-por-tentar-agredir-agente-da-psp-em-alverca\/"},"wordCount":212,"image":{"@id":"https:\/\/portaltela.pt\/noticias\/2026\/01\/20\/homem-de-43-anos-detido-por-tentar-agredir-agente-da-psp-em-alverca\/#primaryimage"},"thumbnailUrl":"https:\/\/portaltela.pt\/s.01k8rhncp4jt1\/2026\/01\/unnamed-file-4138.jpg","keywords":["Alverca","coa\u00e7\u00e3o agravada","Pol\u00edcia de Seguran\u00e7a P\u00fablica","PSP","resist\u00eancia e coa\u00e7\u00e3o","viol\u00eancia dom\u00e9stica"],"articleSection":["Not\u00edcias"],"inLanguage":"pt-PT"},{"@type":"WebPage","@id":"https:\/\/portaltela.pt\/noticias\/2026\/01\/20\/homem-de-43-anos-detido-por-tentar-agredir-agente-da-psp-em-alverca\/","url":"https:\/\/portaltela.pt\/noticias\/2026\/01\/20\/homem-de-43-anos-detido-por-tentar-agredir-agente-da-psp-em-alverca\/","name":"Homem de 43 anos detido por tentar agredir agente da PSP em Alverca - Portal Tela Portugal","isPartOf":{"@id":"https:\/\/portaltela.pt\/#website"},"primaryImageOfPage":{"@id":"https:\/\/portaltela.pt\/noticias\/2026\/01\/20\/homem-de-43-anos-detido-por-tentar-agredir-agente-da-psp-em-alverca\/#primaryimage"},"image":{"@id":"https:\/\/portaltela.pt\/noticias\/2026\/01\/20\/homem-de-43-anos-detido-por-tentar-agredir-agente-da-psp-em-alverca\/#primaryimage"},"thumbnailUrl":"https:\/\/portaltela.pt\/s.01k8rhncp4jt1\/2026\/01\/unnamed-file-4138.jpg","datePublished":"2026-01-20T15:49:00+00:00","author":{"@id":"https:\/\/portaltela.pt\/#\/schema\/person\/c4278d4a6028830caff9ee44b42d32ed"},"breadcrumb":{"@id":"https:\/\/portaltela.pt\/noticias\/2026\/01\/20\/homem-de-43-anos-detido-por-tentar-agredir-agente-da-psp-em-alverca\/#breadcrumb"},"inLanguage":"pt-PT","potentialAction":[{"@type":"ReadAction","target":["https:\/\/portaltela.pt\/noticias\/2026\/01\/20\/homem-de-43-anos-detido-por-tentar-agredir-agente-da-psp-em-alverca\/"]}]},{"@type":"ImageObject","inLanguage":"pt-PT","@id":"https:\/\/portaltela.pt\/noticias\/2026\/01\/20\/homem-de-43-anos-detido-por-tentar-agredir-agente-da-psp-em-alverca\/#primaryimage","url":"https:\/\/portaltela.pt\/s.01k8rhncp4jt1\/2026\/01\/unnamed-file-4138.jpg","contentUrl":"https:\/\/portaltela.pt\/s.01k8rhncp4jt1\/2026\/01\/unnamed-file-4138.jpg","width":796,"height":448,"caption":"Dupla criminosa detida em Santar\u00e9m"},{"@type":"BreadcrumbList","@id":"https:\/\/portaltela.pt\/noticias\/2026\/01\/20\/homem-de-43-anos-detido-por-tentar-agredir-agente-da-psp-em-alverca\/#breadcrumb","itemListElement":[{"@type":"ListItem","position":1,"name":"In\u00edcio","item":"https:\/\/portaltela.pt\/"},{"@type":"ListItem","position":2,"name":"Homem de 43 anos detido por tentar agredir agente da PSP em Alverca"}]},{"@type":"WebSite","@id":"https:\/\/portaltela.pt\/#website","url":"https:\/\/portaltela.pt\/","name":"Portal Tela Portugal","description":"","potentialAction":[{"@type":"SearchAction","target":{"@type":"EntryPoint","urlTemplate":"https:\/\/portaltela.pt\/?s={search_term_string}"},"query-input":{"@type":"PropertyValueSpecification","valueRequired":true,"valueName":"search_term_string"}}],"inLanguage":"pt-PT"},{"@type":"Person","@id":"https:\/\/portaltela.pt\/#\/schema\/person\/c4278d4a6028830caff9ee44b42d32ed","name":"Telinha","image":{"@type":"ImageObject","inLanguage":"pt-PT","@id":"https:\/\/portaltela.pt\/s.01k8rhncp4jt1\/2025\/11\/talking-bot-125x125.png","url":"https:\/\/portaltela.pt\/s.01k8rhncp4jt1\/2025\/11\/talking-bot-125x125.png","contentUrl":"https:\/\/portaltela.pt\/s.01k8rhncp4jt1\/2025\/11\/talking-bot-125x125.png","caption":"Telinha"},"sameAs":["https:\/\/portaltela.pt\/"],"url":"https:\/\/portaltela.pt\/por\/367410592786\/"}]}},"_links":{"self":[{"href":"https:\/\/portaltela.pt\/api\/wp\/v2\/posts\/156655","targetHints":{"allow":["GET"]}}],"collection":[{"href":"https:\/\/portaltela.pt\/api\/wp\/v2\/posts"}],"about":[{"href":"https:\/\/portaltela.pt\/api\/wp\/v2\/types\/post"}],"author":[{"embeddable":true,"href":"https:\/\/portaltela.pt\/api\/wp\/v2\/users\/2"}],"replies":[{"embeddable":true,"href":"https:\/\/portaltela.pt\/api\/wp\/v2\/comments?post=156655"}],"version-history":[{"count":0,"href":"https:\/\/portaltela.pt\/api\/wp\/v2\/posts\/156655\/revisions"}],"wp:featuredmedia":[{"embeddable":true,"href":"https:\/\/portaltela.pt\/api\/wp\/v2\/media\/156658"}],"wp:attachment":[{"href":"https:\/\/portaltela.pt\/api\/wp\/v2\/media?parent=156655"}],"wp:term":[{"taxonomy":"category","embeddable":true,"href":"https:\/\/portaltela.pt\/api\/wp\/v2\/categories?post=156655"},{"taxonomy":"post_tag","embeddable":true,"href":"https:\/\/portaltela.pt\/api\/wp\/v2\/tags?post=156655"}],"curies":[{"name":"wp","href":"https:\/\/api.w.org\/{rel}","templated":true}]}}