{"id":156449,"date":"2026-01-20T11:50:00","date_gmt":"2026-01-20T14:50:00","guid":{"rendered":"https:\/\/portaltela.pt\/noticias\/2026\/01\/20\/forcas-sirias-recapturam-81-combatentes-do-daesh\/"},"modified":"2026-01-20T11:50:00","modified_gmt":"2026-01-20T14:50:00","slug":"forcas-sirias-recapturam-81-combatentes-do-daesh","status":"publish","type":"post","link":"https:\/\/portaltela.pt\/noticias\/2026\/01\/20\/forcas-sirias-recapturam-81-combatentes-do-daesh\/","title":{"rendered":"For\u00e7as s\u00edrias recapturam 81 combatentes do Daesh"},"content":{"rendered":"<p>Os militares s\u00edrios retomaram o controlo da pris\u00e3o de Shaddadi, no nordeste da S\u00edria, de onde tinham fugido 120 combatentes do Daesh. A opera\u00e7\u00e3o ocorreu ap\u00f3s confrontos entre for\u00e7as pr\u00f3-Damasco e mil\u00edcias curdas, que geraram acusa\u00e7\u00f5es m\u00fatuas sobre a autoria das fugas.<\/p>\n<p>O Ex\u00e9rcito s\u00edrio anunciou ter recapturado 81 jihadistas atrav\u00e9s de opera\u00e7\u00f5es de busca na cidade de Shaddadi e nas zonas vizinhas, segundo a ag\u00eancia Sana. Entretanto, dezenas de militantes continuam em fuga, e as autoridades decretaram recolher obrigat\u00f3rio na cidade para intensificar as buscas.<\/p>\n<p>As for\u00e7as Democr\u00e1ticas S\u00edrias (SDF) tinham dito que a pris\u00e3o ficou sob controlo de fac\u00e7\u00f5es aliadas ao governo apenas no in\u00edcio da manh\u00e3 de segunda-feira, ap\u00f3s ataques atribu\u00eddos a for\u00e7as fi\u00e9is a Damasco. Houve tamb\u00e9m cr\u00edticas \u00e0 atua\u00e7\u00e3o de aliados da coliga\u00e7\u00e3o internacional.<\/p>\n<p>Segundo a Sana, unidades do Ex\u00e9rcito, acompanhadas por for\u00e7as especiais do Minist\u00e9rio do Interior, entraram em Shaddadi para realizar opera\u00e7\u00f5es de captura direcionadas. As a\u00e7\u00f5es decorrem num contexto de tens\u00f5es entre SDF e o Ex\u00e9rcito s\u00edrio, com correspondentes a Damasco a alegar falhas de coopera\u00e7\u00e3o.<\/p>\n<p>A viol\u00eancia tamb\u00e9m atingiu outras pris\u00f5es sob tutela de SDF, como Al-Aqtan, perto de Raqqa, onde confrontos foram descritos como perigosos. Ambos os lados acusam-se mutuamente de facilitar fugas, enquanto o governo s\u00edrio nega ataques contra Shaddadi e Al-Aqtan.<\/p>\n<p>A comunidade internacional acompanha a evolu\u00e7\u00e3o, com analistas a observar os impactos na seguran\u00e7a regional e no poss\u00edvel reaparecimento de redes do Daesh. A situa\u00e7\u00e3o permanece tensa, sem confirma\u00e7\u00e3o de uma conclus\u00e3o est\u00e1vel no nordeste s\u00edrio.<\/p>\n","protected":false},"excerpt":{"rendered":"<ul>\n<li>O Ex\u00e9rcito s\u00edrio recapturou oitenta e um jihadistas do Daesh na pris\u00e3o de Shaddadi, em Hasak\u00e9, embora dezenas continuem em fuga.<\/li>\n<li>Os confrontos entre as For\u00e7as Democr\u00e1ticas S\u00edrias (SDF) e as for\u00e7as do Governo levaram \u00e0 fuga de cento e vinte combatentes do Daesh.<\/li>\n<li>O Ex\u00e9rcito s\u00edrio decretou recolher obrigat\u00f3rio na cidade de Shaddadi para efetuar opera\u00e7\u00f5es de captura.<\/li>\n<li>As SDF criticaram o papel das for\u00e7as pr\u00f3-Damasco e a coaliz\u00e3o internacional por n\u00e3o impedir a fuga, enquanto o Ex\u00e9rcito s\u00edrio negou ataques \u00e0s pris\u00f5es de Al-Aqtan e Shaddadi.<\/li>\n<li>Coment\u00e1rios de analistas citados pela ag\u00eancia Rudaw indicam que os Estados Unidos permanecem em sil\u00eancio face ao risco de novos combatentes do Daesh surgirem na regi\u00e3o.<\/li>\n<\/ul>\n","protected":false},"author":2,"featured_media":156456,"comment_status":"closed","ping_status":"closed","sticky":false,"template":"","format":"standard","meta":{"footnotes":""},"categories":[1],"tags":[1338,254,2198,3395,250,2066],"class_list":["post-156449","post","type-post","status-publish","format-standard","has-post-thumbnail","hentry","category-noticias","tag-coalizao-internacional","tag-conflito","tag-conflitos-internacionais","tag-daesh","tag-seguranca-publica","tag-siria"],"yoast_head":"<!-- This site is optimized with the Yoast SEO plugin v27.2 - https:\/\/yoast.com\/product\/yoast-seo-wordpress\/ -->\n<title>For\u00e7as s\u00edrias recapturam 81 combatentes do Daesh - Portal Tela Portugal<\/title>\n<meta name=\"robots\" content=\"index, follow, max-snippet:-1, max-image-preview:large, max-video-preview:-1\" \/>\n<meta property=\"og:locale\" content=\"pt_PT\" \/>\n<meta property=\"og:type\" content=\"article\" \/>\n<meta property=\"og:title\" content=\"For\u00e7as s\u00edrias recapturam 81 combatentes do Daesh - Portal Tela Portugal\" \/>\n<meta property=\"og:description\" content=\"O Ex\u00e9rcito s\u00edrio recapturou oitenta e um jihadistas do Daesh na pris\u00e3o de Shaddadi, em Hasak\u00e9, embora dezenas continuem em fuga. Os confrontos entre as For\u00e7as Democr\u00e1ticas S\u00edrias (SDF) e as for\u00e7as do Governo levaram \u00e0 fuga de cento e vinte combatentes do Daesh. O Ex\u00e9rcito s\u00edrio decretou recolher obrigat\u00f3rio na cidade de Shaddadi para efetuar opera\u00e7\u00f5es de captura. As SDF criticaram o papel das for\u00e7as pr\u00f3-Damasco e a coaliz\u00e3o internacional por n\u00e3o impedir a fuga, enquanto o Ex\u00e9rcito s\u00edrio negou ataques \u00e0s pris\u00f5es de Al-Aqtan e Shaddadi. Coment\u00e1rios de analistas citados pela ag\u00eancia Rudaw indicam que os Estados Unidos permanecem em sil\u00eancio face ao risco de novos combatentes do Daesh surgirem na regi\u00e3o.\" \/>\n<meta property=\"og:url\" content=\"https:\/\/portaltela.pt\/noticias\/2026\/01\/20\/forcas-sirias-recapturam-81-combatentes-do-daesh\/\" \/>\n<meta property=\"og:site_name\" content=\"Portal Tela Portugal\" \/>\n<meta property=\"article:published_time\" content=\"2026-01-20T14:50:00+00:00\" \/>\n<meta name=\"author\" content=\"Telinha\" \/>\n<meta name=\"twitter:card\" content=\"summary_large_image\" \/>\n<meta name=\"twitter:label1\" content=\"Escrito por\" \/>\n\t<meta name=\"twitter:data1\" content=\"Telinha\" \/>\n\t<meta name=\"twitter:label2\" content=\"Tempo estimado de leitura\" \/>\n\t<meta name=\"twitter:data2\" content=\"1 minuto\" \/>\n<script type=\"application\/ld+json\" class=\"yoast-schema-graph\">{\"@context\":\"https:\/\/schema.org\",\"@graph\":[{\"@type\":\"Article\",\"@id\":\"https:\/\/portaltela.pt\/noticias\/2026\/01\/20\/forcas-sirias-recapturam-81-combatentes-do-daesh\/#article\",\"isPartOf\":{\"@id\":\"https:\/\/portaltela.pt\/noticias\/2026\/01\/20\/forcas-sirias-recapturam-81-combatentes-do-daesh\/\"},\"author\":{\"name\":\"Telinha\",\"@id\":\"https:\/\/portaltela.pt\/#\/schema\/person\/c4278d4a6028830caff9ee44b42d32ed\"},\"headline\":\"For\u00e7as s\u00edrias recapturam 81 combatentes do Daesh\",\"datePublished\":\"2026-01-20T14:50:00+00:00\",\"mainEntityOfPage\":{\"@id\":\"https:\/\/portaltela.pt\/noticias\/2026\/01\/20\/forcas-sirias-recapturam-81-combatentes-do-daesh\/\"},\"wordCount\":305,\"image\":{\"@id\":\"https:\/\/portaltela.pt\/noticias\/2026\/01\/20\/forcas-sirias-recapturam-81-combatentes-do-daesh\/#primaryimage\"},\"thumbnailUrl\":\"https:\/\/portaltela.pt\/s.01k8rhncp4jt1\/2026\/01\/2060676.jpg\",\"keywords\":[\"coaliz\u00e3o internacional\",\"conflito\",\"conflitos internacionais\",\"Daesh\",\"seguran\u00e7a p\u00fablica\",\"S\u00edria\"],\"articleSection\":[\"Not\u00edcias\"],\"inLanguage\":\"pt-PT\"},{\"@type\":\"WebPage\",\"@id\":\"https:\/\/portaltela.pt\/noticias\/2026\/01\/20\/forcas-sirias-recapturam-81-combatentes-do-daesh\/\",\"url\":\"https:\/\/portaltela.pt\/noticias\/2026\/01\/20\/forcas-sirias-recapturam-81-combatentes-do-daesh\/\",\"name\":\"For\u00e7as s\u00edrias recapturam 81 combatentes do Daesh - Portal Tela Portugal\",\"isPartOf\":{\"@id\":\"https:\/\/portaltela.pt\/#website\"},\"primaryImageOfPage\":{\"@id\":\"https:\/\/portaltela.pt\/noticias\/2026\/01\/20\/forcas-sirias-recapturam-81-combatentes-do-daesh\/#primaryimage\"},\"image\":{\"@id\":\"https:\/\/portaltela.pt\/noticias\/2026\/01\/20\/forcas-sirias-recapturam-81-combatentes-do-daesh\/#primaryimage\"},\"thumbnailUrl\":\"https:\/\/portaltela.pt\/s.01k8rhncp4jt1\/2026\/01\/2060676.jpg\",\"datePublished\":\"2026-01-20T14:50:00+00:00\",\"author\":{\"@id\":\"https:\/\/portaltela.pt\/#\/schema\/person\/c4278d4a6028830caff9ee44b42d32ed\"},\"breadcrumb\":{\"@id\":\"https:\/\/portaltela.pt\/noticias\/2026\/01\/20\/forcas-sirias-recapturam-81-combatentes-do-daesh\/#breadcrumb\"},\"inLanguage\":\"pt-PT\",\"potentialAction\":[{\"@type\":\"ReadAction\",\"target\":[\"https:\/\/portaltela.pt\/noticias\/2026\/01\/20\/forcas-sirias-recapturam-81-combatentes-do-daesh\/\"]}]},{\"@type\":\"ImageObject\",\"inLanguage\":\"pt-PT\",\"@id\":\"https:\/\/portaltela.pt\/noticias\/2026\/01\/20\/forcas-sirias-recapturam-81-combatentes-do-daesh\/#primaryimage\",\"url\":\"https:\/\/portaltela.pt\/s.01k8rhncp4jt1\/2026\/01\/2060676.jpg\",\"contentUrl\":\"https:\/\/portaltela.pt\/s.01k8rhncp4jt1\/2026\/01\/2060676.jpg\",\"width\":796,\"height\":448,\"caption\":\"Os soldados s\u00edrios tomaram controlo da pris\u00e3o de Shaddadi, na prov\u00edncia de Hasakah, de onde fugiram 120 combatentes do Daesh\"},{\"@type\":\"BreadcrumbList\",\"@id\":\"https:\/\/portaltela.pt\/noticias\/2026\/01\/20\/forcas-sirias-recapturam-81-combatentes-do-daesh\/#breadcrumb\",\"itemListElement\":[{\"@type\":\"ListItem\",\"position\":1,\"name\":\"In\u00edcio\",\"item\":\"https:\/\/portaltela.pt\/\"},{\"@type\":\"ListItem\",\"position\":2,\"name\":\"For\u00e7as s\u00edrias recapturam 81 combatentes do Daesh\"}]},{\"@type\":\"WebSite\",\"@id\":\"https:\/\/portaltela.pt\/#website\",\"url\":\"https:\/\/portaltela.pt\/\",\"name\":\"Portal Tela Portugal\",\"description\":\"\",\"potentialAction\":[{\"@type\":\"SearchAction\",\"target\":{\"@type\":\"EntryPoint\",\"urlTemplate\":\"https:\/\/portaltela.pt\/?s={search_term_string}\"},\"query-input\":{\"@type\":\"PropertyValueSpecification\",\"valueRequired\":true,\"valueName\":\"search_term_string\"}}],\"inLanguage\":\"pt-PT\"},{\"@type\":\"Person\",\"@id\":\"https:\/\/portaltela.pt\/#\/schema\/person\/c4278d4a6028830caff9ee44b42d32ed\",\"name\":\"Telinha\",\"image\":{\"@type\":\"ImageObject\",\"inLanguage\":\"pt-PT\",\"@id\":\"https:\/\/portaltela.pt\/s.01k8rhncp4jt1\/2025\/11\/talking-bot-125x125.png\",\"url\":\"https:\/\/portaltela.pt\/s.01k8rhncp4jt1\/2025\/11\/talking-bot-125x125.png\",\"contentUrl\":\"https:\/\/portaltela.pt\/s.01k8rhncp4jt1\/2025\/11\/talking-bot-125x125.png\",\"caption\":\"Telinha\"},\"sameAs\":[\"https:\/\/portaltela.pt\/\"],\"url\":\"https:\/\/portaltela.pt\/por\/367410592786\/\"}]}<\/script>\n<!-- \/ Yoast SEO plugin. -->","yoast_head_json":{"title":"For\u00e7as s\u00edrias recapturam 81 combatentes do Daesh - Portal Tela Portugal","robots":{"index":"index","follow":"follow","max-snippet":"max-snippet:-1","max-image-preview":"max-image-preview:large","max-video-preview":"max-video-preview:-1"},"og_locale":"pt_PT","og_type":"article","og_title":"For\u00e7as s\u00edrias recapturam 81 combatentes do Daesh - Portal Tela Portugal","og_description":"O Ex\u00e9rcito s\u00edrio recapturou oitenta e um jihadistas do Daesh na pris\u00e3o de Shaddadi, em Hasak\u00e9, embora dezenas continuem em fuga. Os confrontos entre as For\u00e7as Democr\u00e1ticas S\u00edrias (SDF) e as for\u00e7as do Governo levaram \u00e0 fuga de cento e vinte combatentes do Daesh. O Ex\u00e9rcito s\u00edrio decretou recolher obrigat\u00f3rio na cidade de Shaddadi para efetuar opera\u00e7\u00f5es de captura. As SDF criticaram o papel das for\u00e7as pr\u00f3-Damasco e a coaliz\u00e3o internacional por n\u00e3o impedir a fuga, enquanto o Ex\u00e9rcito s\u00edrio negou ataques \u00e0s pris\u00f5es de Al-Aqtan e Shaddadi. Coment\u00e1rios de analistas citados pela ag\u00eancia Rudaw indicam que os Estados Unidos permanecem em sil\u00eancio face ao risco de novos combatentes do Daesh surgirem na regi\u00e3o.","og_url":"https:\/\/portaltela.pt\/noticias\/2026\/01\/20\/forcas-sirias-recapturam-81-combatentes-do-daesh\/","og_site_name":"Portal Tela Portugal","article_published_time":"2026-01-20T14:50:00+00:00","author":"Telinha","twitter_card":"summary_large_image","twitter_misc":{"Escrito por":"Telinha","Tempo estimado de leitura":"1 minuto"},"schema":{"@context":"https:\/\/schema.org","@graph":[{"@type":"Article","@id":"https:\/\/portaltela.pt\/noticias\/2026\/01\/20\/forcas-sirias-recapturam-81-combatentes-do-daesh\/#article","isPartOf":{"@id":"https:\/\/portaltela.pt\/noticias\/2026\/01\/20\/forcas-sirias-recapturam-81-combatentes-do-daesh\/"},"author":{"name":"Telinha","@id":"https:\/\/portaltela.pt\/#\/schema\/person\/c4278d4a6028830caff9ee44b42d32ed"},"headline":"For\u00e7as s\u00edrias recapturam 81 combatentes do Daesh","datePublished":"2026-01-20T14:50:00+00:00","mainEntityOfPage":{"@id":"https:\/\/portaltela.pt\/noticias\/2026\/01\/20\/forcas-sirias-recapturam-81-combatentes-do-daesh\/"},"wordCount":305,"image":{"@id":"https:\/\/portaltela.pt\/noticias\/2026\/01\/20\/forcas-sirias-recapturam-81-combatentes-do-daesh\/#primaryimage"},"thumbnailUrl":"https:\/\/portaltela.pt\/s.01k8rhncp4jt1\/2026\/01\/2060676.jpg","keywords":["coaliz\u00e3o internacional","conflito","conflitos internacionais","Daesh","seguran\u00e7a p\u00fablica","S\u00edria"],"articleSection":["Not\u00edcias"],"inLanguage":"pt-PT"},{"@type":"WebPage","@id":"https:\/\/portaltela.pt\/noticias\/2026\/01\/20\/forcas-sirias-recapturam-81-combatentes-do-daesh\/","url":"https:\/\/portaltela.pt\/noticias\/2026\/01\/20\/forcas-sirias-recapturam-81-combatentes-do-daesh\/","name":"For\u00e7as s\u00edrias recapturam 81 combatentes do Daesh - Portal Tela Portugal","isPartOf":{"@id":"https:\/\/portaltela.pt\/#website"},"primaryImageOfPage":{"@id":"https:\/\/portaltela.pt\/noticias\/2026\/01\/20\/forcas-sirias-recapturam-81-combatentes-do-daesh\/#primaryimage"},"image":{"@id":"https:\/\/portaltela.pt\/noticias\/2026\/01\/20\/forcas-sirias-recapturam-81-combatentes-do-daesh\/#primaryimage"},"thumbnailUrl":"https:\/\/portaltela.pt\/s.01k8rhncp4jt1\/2026\/01\/2060676.jpg","datePublished":"2026-01-20T14:50:00+00:00","author":{"@id":"https:\/\/portaltela.pt\/#\/schema\/person\/c4278d4a6028830caff9ee44b42d32ed"},"breadcrumb":{"@id":"https:\/\/portaltela.pt\/noticias\/2026\/01\/20\/forcas-sirias-recapturam-81-combatentes-do-daesh\/#breadcrumb"},"inLanguage":"pt-PT","potentialAction":[{"@type":"ReadAction","target":["https:\/\/portaltela.pt\/noticias\/2026\/01\/20\/forcas-sirias-recapturam-81-combatentes-do-daesh\/"]}]},{"@type":"ImageObject","inLanguage":"pt-PT","@id":"https:\/\/portaltela.pt\/noticias\/2026\/01\/20\/forcas-sirias-recapturam-81-combatentes-do-daesh\/#primaryimage","url":"https:\/\/portaltela.pt\/s.01k8rhncp4jt1\/2026\/01\/2060676.jpg","contentUrl":"https:\/\/portaltela.pt\/s.01k8rhncp4jt1\/2026\/01\/2060676.jpg","width":796,"height":448,"caption":"Os soldados s\u00edrios tomaram controlo da pris\u00e3o de Shaddadi, na prov\u00edncia de Hasakah, de onde fugiram 120 combatentes do Daesh"},{"@type":"BreadcrumbList","@id":"https:\/\/portaltela.pt\/noticias\/2026\/01\/20\/forcas-sirias-recapturam-81-combatentes-do-daesh\/#breadcrumb","itemListElement":[{"@type":"ListItem","position":1,"name":"In\u00edcio","item":"https:\/\/portaltela.pt\/"},{"@type":"ListItem","position":2,"name":"For\u00e7as s\u00edrias recapturam 81 combatentes do Daesh"}]},{"@type":"WebSite","@id":"https:\/\/portaltela.pt\/#website","url":"https:\/\/portaltela.pt\/","name":"Portal Tela Portugal","description":"","potentialAction":[{"@type":"SearchAction","target":{"@type":"EntryPoint","urlTemplate":"https:\/\/portaltela.pt\/?s={search_term_string}"},"query-input":{"@type":"PropertyValueSpecification","valueRequired":true,"valueName":"search_term_string"}}],"inLanguage":"pt-PT"},{"@type":"Person","@id":"https:\/\/portaltela.pt\/#\/schema\/person\/c4278d4a6028830caff9ee44b42d32ed","name":"Telinha","image":{"@type":"ImageObject","inLanguage":"pt-PT","@id":"https:\/\/portaltela.pt\/s.01k8rhncp4jt1\/2025\/11\/talking-bot-125x125.png","url":"https:\/\/portaltela.pt\/s.01k8rhncp4jt1\/2025\/11\/talking-bot-125x125.png","contentUrl":"https:\/\/portaltela.pt\/s.01k8rhncp4jt1\/2025\/11\/talking-bot-125x125.png","caption":"Telinha"},"sameAs":["https:\/\/portaltela.pt\/"],"url":"https:\/\/portaltela.pt\/por\/367410592786\/"}]}},"_links":{"self":[{"href":"https:\/\/portaltela.pt\/api\/wp\/v2\/posts\/156449","targetHints":{"allow":["GET"]}}],"collection":[{"href":"https:\/\/portaltela.pt\/api\/wp\/v2\/posts"}],"about":[{"href":"https:\/\/portaltela.pt\/api\/wp\/v2\/types\/post"}],"author":[{"embeddable":true,"href":"https:\/\/portaltela.pt\/api\/wp\/v2\/users\/2"}],"replies":[{"embeddable":true,"href":"https:\/\/portaltela.pt\/api\/wp\/v2\/comments?post=156449"}],"version-history":[{"count":0,"href":"https:\/\/portaltela.pt\/api\/wp\/v2\/posts\/156449\/revisions"}],"wp:featuredmedia":[{"embeddable":true,"href":"https:\/\/portaltela.pt\/api\/wp\/v2\/media\/156456"}],"wp:attachment":[{"href":"https:\/\/portaltela.pt\/api\/wp\/v2\/media?parent=156449"}],"wp:term":[{"taxonomy":"category","embeddable":true,"href":"https:\/\/portaltela.pt\/api\/wp\/v2\/categories?post=156449"},{"taxonomy":"post_tag","embeddable":true,"href":"https:\/\/portaltela.pt\/api\/wp\/v2\/tags?post=156449"}],"curies":[{"name":"wp","href":"https:\/\/api.w.org\/{rel}","templated":true}]}}