{"id":156382,"date":"2026-01-20T11:32:04","date_gmt":"2026-01-20T14:32:04","guid":{"rendered":"https:\/\/portaltela.pt\/noticias\/2026\/01\/20\/origens-e-argumentos-do-processo-contra-maduro\/"},"modified":"2026-01-20T11:32:04","modified_gmt":"2026-01-20T14:32:04","slug":"origens-e-argumentos-do-processo-contra-maduro","status":"publish","type":"post","link":"https:\/\/portaltela.pt\/noticias\/internacional\/2026\/01\/20\/origens-e-argumentos-do-processo-contra-maduro\/","title":{"rendered":"Origens e argumentos do processo contra Maduro"},"content":{"rendered":"<p>Nicol\u00e1s Maduro Moros, ent\u00e3o presidente da Venezuela, foi detido em 3 de janeiro por for\u00e7as militares dos Estados Unidos na opera\u00e7\u00e3o denominada Resolu\u00e7\u00e3o Absoluta, ordenada pelo ent\u00e3o presidente Donald Trump. A a\u00e7\u00e3o visou desmantelar o narcotr\u00e1fico venezuelano e as liga\u00e7\u00f5es entre o regime de Caracas e organiza\u00e7\u00f5es criminosas. Cilia Flores, mulher de Maduro, tamb\u00e9m \u00e9 mencionada nos procedimentos.<\/p>\n<p>O Departamento de Justi\u00e7a dos EUA j\u00e1 havia acusado Maduro, em 2020, juntamente com outros nomes venezuelanos, de crimes como conspira\u00e7\u00e3o para narcoterrorismo e para importa\u00e7\u00e3o de coca\u00edna. Entre os acusados do mesmo caso estavam Diosdado Cabello, Hugo Carvajal Barrios e Cl\u00edver Alcal\u00e1 Cordones. A acusa\u00e7\u00e3o aponta liga\u00e7\u00f5es com cart\u00e9is colombianos, mexicanos e at\u00e9 as FARC.<\/p>\n<h3>Origens e o enquadramento jur\u00eddico<\/h3>\n<p>Ap\u00f3s comparecer no tribunal do distrito sul de Nova Iorque, Maduro declarou-se inocente diante de um superseding indictment, que substitui uma acusa\u00e7\u00e3o anterior. A queixa atual mant\u00e9m os crimes de narcoterrorismo, importa\u00e7\u00e3o de coca\u00edna e posse de armamento pesado, incluindo metralhadoras e dispositivos destrutivos.<\/p>\n<p>As autoridades descrevem Maduro como l\u00edder do Cartel de los Soles, sugerindo nexos com as FARC e com variados grupos criminosos na regi\u00e3o. A acusa\u00e7\u00e3o sustenta que a rede venezuelana enviou milhares de toneladas de coca\u00edna para os EUA e favoreceu a corrup\u00e7\u00e3o estatal. Alega-se ainda que houve envolvimento de familiares e de funcion\u00e1rios em esquema de branqueamento de capitais.<\/p>\n<h3>Envolvidos pr\u00f3ximos e acusa\u00e7\u00f5es<\/h3>\n<p>O processo envolve Cilia Flores e Nicol\u00e1s Maduro Guerra, apelidado Nicol\u00e1sito. A den\u00fancia aponta que o grupo estaria ligado a opera\u00e7\u00f5es de tr\u00e1fico de droga com eventual coopera\u00e7\u00e3o de for\u00e7as e estruturas estatais, bem como a contratos com organiza\u00e7\u00f5es criminosas para facilitar rotas norte-americanas.<\/p>\n<p>Entre 2004 e 2015, a acusa\u00e7\u00e3o sustenta que Maduro utilizou diplom\u00e1ticos para facilitar a circula\u00e7\u00e3o de drogas, al\u00e9m de ter ordenado a\u00e7\u00f5es violentas contra opositores. Tamb\u00e9m \u00e9 indicado que parte das receitas do tr\u00e1fico ter\u00e1 sido usada para financiar atividades do regime venezuelano.<\/p>\n<h3>Outros casos e desdobramentos<\/h3>\n<p>A investiga\u00e7\u00e3o envolve ainda Hugo Carvajal Barrios, ex-diretor da information militar, que se declarou culpado em junho de 2025. O militar enfrenta pena potencial de v\u00e1rios anos de pris\u00e3o. A rede ligada ao caso inclui ainda o traficante conhecido como Pluma Blanca, ligado a cart\u00e9is colombianos, e outras figuras cuja localiza\u00e7\u00e3o tem sido objeto de procuras internacionais.<\/p>\n<p>Martin Olivares, identificado como operador-chave, \u00e9 procurado com uma recompensa de at\u00e9 10 milh\u00f5es de d\u00f3lares. Autoridades dos EUA acusam Olivares de facilitar rotas de coca\u00edna pela fronteira venezuelana, al\u00e9m de envolver mecanismos de branquear capitais.<\/p>\n<h3>Contexto internacional<\/h3>\n<p>As autoridades norte-americanas j\u00e1 indicavam, desde a gest\u00e3o de Barack Obama, uma ofensiva cont\u00ednua contra o narcotr\u00e1fico com liga\u00e7\u00f5es \u00e0 Venezuela. A acusa\u00e7\u00e3o de 2020 associou Maduro a pr\u00e1ticas de corrup\u00e7\u00e3o e redes de tr\u00e1fico que teriam atuado ao longo de quase uma d\u00e9cada, com impactos nos EUA e na estabilidade regional.<\/p>\n<p>As informa\u00e7\u00f5es oficiais dos EUA descrevem um quadro de coopera\u00e7\u00e3o entre justice e \u00f3rg\u00e3os de investiga\u00e7\u00e3o, com o FBI e a DEA a desempenharem pap\u00e9is-chave na repress\u00e3o do narcotr\u00e1fico internacional ligado \u00e0 Venezuela.<\/p>\n","protected":false},"excerpt":{"rendered":"<ul>\n<li>Em janeiro de 2026, Nicol\u00e1s Maduro e a primeira-dama Cilia Flores foram capturados por for\u00e7as dos EUA na opera\u00e7\u00e3o \u201cResolu\u00e7\u00e3o Absoluta\u201d, destinada a combater o narcotr\u00e1fico associado ao regime venezuelano.<\/li>\n<li>O Departamento de Justi\u00e7a dos Estados Unidos, que j\u00e1 o acusava em 2020, apresenta uma acusa\u00e7\u00e3o atualizada (superseding indictment) com os mesmos crimes: conspira\u00e7\u00e3o para narcoterrorismo, conspira\u00e7\u00e3o para importar coca\u00edna para os EUA e posse de armamento.<\/li>\n<li>Maduro \u00e9 apontado como l\u00edder do Cartel de los Soles, com liga\u00e7\u00f5es a redes colombianas e mexicanas de tr\u00e1fico e \u00e0s FARC, organiza\u00e7\u00f5es consideradas terroristas pelos EUA.<\/li>\n<li>A acusa\u00e7\u00e3o envolve ainda a mulher de Maduro e o filho Nicol\u00e1s Maduro Guerra, alegando uma rede de corrup\u00e7\u00e3o e de branqueamento de capitais associada a envio de milhares de toneladas de coca\u00edna para os EUA, com estimativas de entre duzentas e quinhentas toneladas por ano ao longo do tempo.<\/li>\n<li>Em paralelo, Hugo Carvajal Barrios, ex-diretor da intelig\u00eancia militar venezuelana, j\u00e1 se declarou culpado (25 de junho de 2025) de cargos de narcoterrorismo e tr\u00e1fico de drogas; a justi\u00e7a aponta tamb\u00e9m para a atua\u00e7\u00e3o de Mart\u00edn Olivares e de outros agentes venezuelanos na facilita\u00e7\u00e3o do tr\u00e1fico e do branqueamento de capitais.<\/li>\n<\/ul>\n","protected":false},"author":2,"featured_media":156396,"comment_status":"closed","ping_status":"closed","sticky":false,"template":"","format":"standard","meta":{"footnotes":""},"categories":[4,1],"tags":[256,215,2455,2023,2832,2349],"class_list":["post-156382","post","type-post","status-publish","format-standard","has-post-thumbnail","hentry","category-internacional","category-noticias","tag-cooperacao-internacional","tag-investigacao","tag-narco-terrorismo","tag-organizacoes-internacionais","tag-politica","tag-trafico-de-drogas"],"yoast_head":"<!-- This site is optimized with the Yoast SEO plugin v27.2 - https:\/\/yoast.com\/product\/yoast-seo-wordpress\/ -->\n<title>Origens e argumentos do processo contra Maduro - Portal Tela Portugal<\/title>\n<meta name=\"robots\" content=\"index, follow, max-snippet:-1, max-image-preview:large, max-video-preview:-1\" \/>\n<meta property=\"og:locale\" content=\"pt_PT\" \/>\n<meta property=\"og:type\" content=\"article\" \/>\n<meta property=\"og:title\" content=\"Origens e argumentos do processo contra Maduro - Portal Tela Portugal\" \/>\n<meta property=\"og:description\" content=\"Em janeiro de 2026, Nicol\u00e1s Maduro e a primeira-dama Cilia Flores foram capturados por for\u00e7as dos EUA na opera\u00e7\u00e3o \u201cResolu\u00e7\u00e3o Absoluta\u201d, destinada a combater o narcotr\u00e1fico associado ao regime venezuelano. O Departamento de Justi\u00e7a dos Estados Unidos, que j\u00e1 o acusava em 2020, apresenta uma acusa\u00e7\u00e3o atualizada (superseding indictment) com os mesmos crimes: conspira\u00e7\u00e3o para narcoterrorismo, conspira\u00e7\u00e3o para importar coca\u00edna para os EUA e posse de armamento. Maduro \u00e9 apontado como l\u00edder do Cartel de los Soles, com liga\u00e7\u00f5es a redes colombianas e mexicanas de tr\u00e1fico e \u00e0s FARC, organiza\u00e7\u00f5es consideradas terroristas pelos EUA. A acusa\u00e7\u00e3o envolve ainda a mulher de Maduro e o filho Nicol\u00e1s Maduro Guerra, alegando uma rede de corrup\u00e7\u00e3o e de branqueamento de capitais associada a envio de milhares de toneladas de coca\u00edna para os EUA, com estimativas de entre duzentas e quinhentas toneladas por ano ao longo do tempo. Em paralelo, Hugo Carvajal Barrios, ex-diretor da intelig\u00eancia militar venezuelana, j\u00e1 se declarou culpado (25 de junho de 2025) de cargos de narcoterrorismo e tr\u00e1fico de drogas; a justi\u00e7a aponta tamb\u00e9m para a atua\u00e7\u00e3o de Mart\u00edn Olivares e de outros agentes venezuelanos na facilita\u00e7\u00e3o do tr\u00e1fico e do branqueamento de capitais.\" \/>\n<meta property=\"og:url\" content=\"https:\/\/portaltela.pt\/noticias\/2026\/01\/20\/origens-e-argumentos-do-processo-contra-maduro\/\" \/>\n<meta property=\"og:site_name\" content=\"Portal Tela Portugal\" \/>\n<meta property=\"article:published_time\" content=\"2026-01-20T14:32:04+00:00\" \/>\n<meta name=\"author\" content=\"Telinha\" \/>\n<meta name=\"twitter:card\" content=\"summary_large_image\" \/>\n<meta name=\"twitter:label1\" content=\"Escrito por\" \/>\n\t<meta name=\"twitter:data1\" content=\"Telinha\" \/>\n\t<meta name=\"twitter:label2\" content=\"Tempo estimado de leitura\" \/>\n\t<meta name=\"twitter:data2\" content=\"3 minutos\" \/>\n<script type=\"application\/ld+json\" class=\"yoast-schema-graph\">{\"@context\":\"https:\/\/schema.org\",\"@graph\":[{\"@type\":\"Article\",\"@id\":\"https:\/\/portaltela.pt\/noticias\/2026\/01\/20\/origens-e-argumentos-do-processo-contra-maduro\/#article\",\"isPartOf\":{\"@id\":\"https:\/\/portaltela.pt\/noticias\/2026\/01\/20\/origens-e-argumentos-do-processo-contra-maduro\/\"},\"author\":{\"name\":\"Telinha\",\"@id\":\"https:\/\/portaltela.pt\/#\/schema\/person\/c4278d4a6028830caff9ee44b42d32ed\"},\"headline\":\"Origens e argumentos do processo contra Maduro\",\"datePublished\":\"2026-01-20T14:32:04+00:00\",\"mainEntityOfPage\":{\"@id\":\"https:\/\/portaltela.pt\/noticias\/2026\/01\/20\/origens-e-argumentos-do-processo-contra-maduro\/\"},\"wordCount\":566,\"image\":{\"@id\":\"https:\/\/portaltela.pt\/noticias\/2026\/01\/20\/origens-e-argumentos-do-processo-contra-maduro\/#primaryimage\"},\"thumbnailUrl\":\"https:\/\/portaltela.pt\/s.01k8rhncp4jt1\/2026\/01\/46298597-2.jpg\",\"keywords\":[\"coopera\u00e7\u00e3o internacional\",\"investiga\u00e7\u00e3o\",\"narco-terrorismo\",\"organiza\u00e7\u00f5es internacionais\",\"pol\u00edtica\",\"tr\u00e1fico de drogas\"],\"articleSection\":[\"Internacional\",\"Not\u00edcias\"],\"inLanguage\":\"pt-PT\"},{\"@type\":\"WebPage\",\"@id\":\"https:\/\/portaltela.pt\/noticias\/2026\/01\/20\/origens-e-argumentos-do-processo-contra-maduro\/\",\"url\":\"https:\/\/portaltela.pt\/noticias\/2026\/01\/20\/origens-e-argumentos-do-processo-contra-maduro\/\",\"name\":\"Origens e argumentos do processo contra Maduro - Portal Tela Portugal\",\"isPartOf\":{\"@id\":\"https:\/\/portaltela.pt\/#website\"},\"primaryImageOfPage\":{\"@id\":\"https:\/\/portaltela.pt\/noticias\/2026\/01\/20\/origens-e-argumentos-do-processo-contra-maduro\/#primaryimage\"},\"image\":{\"@id\":\"https:\/\/portaltela.pt\/noticias\/2026\/01\/20\/origens-e-argumentos-do-processo-contra-maduro\/#primaryimage\"},\"thumbnailUrl\":\"https:\/\/portaltela.pt\/s.01k8rhncp4jt1\/2026\/01\/46298597-2.jpg\",\"datePublished\":\"2026-01-20T14:32:04+00:00\",\"author\":{\"@id\":\"https:\/\/portaltela.pt\/#\/schema\/person\/c4278d4a6028830caff9ee44b42d32ed\"},\"breadcrumb\":{\"@id\":\"https:\/\/portaltela.pt\/noticias\/2026\/01\/20\/origens-e-argumentos-do-processo-contra-maduro\/#breadcrumb\"},\"inLanguage\":\"pt-PT\",\"potentialAction\":[{\"@type\":\"ReadAction\",\"target\":[\"https:\/\/portaltela.pt\/noticias\/2026\/01\/20\/origens-e-argumentos-do-processo-contra-maduro\/\"]}]},{\"@type\":\"ImageObject\",\"inLanguage\":\"pt-PT\",\"@id\":\"https:\/\/portaltela.pt\/noticias\/2026\/01\/20\/origens-e-argumentos-do-processo-contra-maduro\/#primaryimage\",\"url\":\"https:\/\/portaltela.pt\/s.01k8rhncp4jt1\/2026\/01\/46298597-2.jpg\",\"contentUrl\":\"https:\/\/portaltela.pt\/s.01k8rhncp4jt1\/2026\/01\/46298597-2.jpg\",\"width\":796,\"height\":448,\"caption\":\"Ronald Pena R\/EPA\"},{\"@type\":\"BreadcrumbList\",\"@id\":\"https:\/\/portaltela.pt\/noticias\/2026\/01\/20\/origens-e-argumentos-do-processo-contra-maduro\/#breadcrumb\",\"itemListElement\":[{\"@type\":\"ListItem\",\"position\":1,\"name\":\"In\u00edcio\",\"item\":\"https:\/\/portaltela.pt\/\"},{\"@type\":\"ListItem\",\"position\":2,\"name\":\"Origens e argumentos do processo contra Maduro\"}]},{\"@type\":\"WebSite\",\"@id\":\"https:\/\/portaltela.pt\/#website\",\"url\":\"https:\/\/portaltela.pt\/\",\"name\":\"Portal Tela Portugal\",\"description\":\"\",\"potentialAction\":[{\"@type\":\"SearchAction\",\"target\":{\"@type\":\"EntryPoint\",\"urlTemplate\":\"https:\/\/portaltela.pt\/?s={search_term_string}\"},\"query-input\":{\"@type\":\"PropertyValueSpecification\",\"valueRequired\":true,\"valueName\":\"search_term_string\"}}],\"inLanguage\":\"pt-PT\"},{\"@type\":\"Person\",\"@id\":\"https:\/\/portaltela.pt\/#\/schema\/person\/c4278d4a6028830caff9ee44b42d32ed\",\"name\":\"Telinha\",\"image\":{\"@type\":\"ImageObject\",\"inLanguage\":\"pt-PT\",\"@id\":\"https:\/\/portaltela.pt\/s.01k8rhncp4jt1\/2025\/11\/talking-bot-125x125.png\",\"url\":\"https:\/\/portaltela.pt\/s.01k8rhncp4jt1\/2025\/11\/talking-bot-125x125.png\",\"contentUrl\":\"https:\/\/portaltela.pt\/s.01k8rhncp4jt1\/2025\/11\/talking-bot-125x125.png\",\"caption\":\"Telinha\"},\"sameAs\":[\"https:\/\/portaltela.pt\/\"],\"url\":\"https:\/\/portaltela.pt\/por\/367410592786\/\"}]}<\/script>\n<!-- \/ Yoast SEO plugin. -->","yoast_head_json":{"title":"Origens e argumentos do processo contra Maduro - Portal Tela Portugal","robots":{"index":"index","follow":"follow","max-snippet":"max-snippet:-1","max-image-preview":"max-image-preview:large","max-video-preview":"max-video-preview:-1"},"og_locale":"pt_PT","og_type":"article","og_title":"Origens e argumentos do processo contra Maduro - Portal Tela Portugal","og_description":"Em janeiro de 2026, Nicol\u00e1s Maduro e a primeira-dama Cilia Flores foram capturados por for\u00e7as dos EUA na opera\u00e7\u00e3o \u201cResolu\u00e7\u00e3o Absoluta\u201d, destinada a combater o narcotr\u00e1fico associado ao regime venezuelano. O Departamento de Justi\u00e7a dos Estados Unidos, que j\u00e1 o acusava em 2020, apresenta uma acusa\u00e7\u00e3o atualizada (superseding indictment) com os mesmos crimes: conspira\u00e7\u00e3o para narcoterrorismo, conspira\u00e7\u00e3o para importar coca\u00edna para os EUA e posse de armamento. Maduro \u00e9 apontado como l\u00edder do Cartel de los Soles, com liga\u00e7\u00f5es a redes colombianas e mexicanas de tr\u00e1fico e \u00e0s FARC, organiza\u00e7\u00f5es consideradas terroristas pelos EUA. A acusa\u00e7\u00e3o envolve ainda a mulher de Maduro e o filho Nicol\u00e1s Maduro Guerra, alegando uma rede de corrup\u00e7\u00e3o e de branqueamento de capitais associada a envio de milhares de toneladas de coca\u00edna para os EUA, com estimativas de entre duzentas e quinhentas toneladas por ano ao longo do tempo. Em paralelo, Hugo Carvajal Barrios, ex-diretor da intelig\u00eancia militar venezuelana, j\u00e1 se declarou culpado (25 de junho de 2025) de cargos de narcoterrorismo e tr\u00e1fico de drogas; a justi\u00e7a aponta tamb\u00e9m para a atua\u00e7\u00e3o de Mart\u00edn Olivares e de outros agentes venezuelanos na facilita\u00e7\u00e3o do tr\u00e1fico e do branqueamento de capitais.","og_url":"https:\/\/portaltela.pt\/noticias\/2026\/01\/20\/origens-e-argumentos-do-processo-contra-maduro\/","og_site_name":"Portal Tela Portugal","article_published_time":"2026-01-20T14:32:04+00:00","author":"Telinha","twitter_card":"summary_large_image","twitter_misc":{"Escrito por":"Telinha","Tempo estimado de leitura":"3 minutos"},"schema":{"@context":"https:\/\/schema.org","@graph":[{"@type":"Article","@id":"https:\/\/portaltela.pt\/noticias\/2026\/01\/20\/origens-e-argumentos-do-processo-contra-maduro\/#article","isPartOf":{"@id":"https:\/\/portaltela.pt\/noticias\/2026\/01\/20\/origens-e-argumentos-do-processo-contra-maduro\/"},"author":{"name":"Telinha","@id":"https:\/\/portaltela.pt\/#\/schema\/person\/c4278d4a6028830caff9ee44b42d32ed"},"headline":"Origens e argumentos do processo contra Maduro","datePublished":"2026-01-20T14:32:04+00:00","mainEntityOfPage":{"@id":"https:\/\/portaltela.pt\/noticias\/2026\/01\/20\/origens-e-argumentos-do-processo-contra-maduro\/"},"wordCount":566,"image":{"@id":"https:\/\/portaltela.pt\/noticias\/2026\/01\/20\/origens-e-argumentos-do-processo-contra-maduro\/#primaryimage"},"thumbnailUrl":"https:\/\/portaltela.pt\/s.01k8rhncp4jt1\/2026\/01\/46298597-2.jpg","keywords":["coopera\u00e7\u00e3o internacional","investiga\u00e7\u00e3o","narco-terrorismo","organiza\u00e7\u00f5es internacionais","pol\u00edtica","tr\u00e1fico de drogas"],"articleSection":["Internacional","Not\u00edcias"],"inLanguage":"pt-PT"},{"@type":"WebPage","@id":"https:\/\/portaltela.pt\/noticias\/2026\/01\/20\/origens-e-argumentos-do-processo-contra-maduro\/","url":"https:\/\/portaltela.pt\/noticias\/2026\/01\/20\/origens-e-argumentos-do-processo-contra-maduro\/","name":"Origens e argumentos do processo contra Maduro - Portal Tela Portugal","isPartOf":{"@id":"https:\/\/portaltela.pt\/#website"},"primaryImageOfPage":{"@id":"https:\/\/portaltela.pt\/noticias\/2026\/01\/20\/origens-e-argumentos-do-processo-contra-maduro\/#primaryimage"},"image":{"@id":"https:\/\/portaltela.pt\/noticias\/2026\/01\/20\/origens-e-argumentos-do-processo-contra-maduro\/#primaryimage"},"thumbnailUrl":"https:\/\/portaltela.pt\/s.01k8rhncp4jt1\/2026\/01\/46298597-2.jpg","datePublished":"2026-01-20T14:32:04+00:00","author":{"@id":"https:\/\/portaltela.pt\/#\/schema\/person\/c4278d4a6028830caff9ee44b42d32ed"},"breadcrumb":{"@id":"https:\/\/portaltela.pt\/noticias\/2026\/01\/20\/origens-e-argumentos-do-processo-contra-maduro\/#breadcrumb"},"inLanguage":"pt-PT","potentialAction":[{"@type":"ReadAction","target":["https:\/\/portaltela.pt\/noticias\/2026\/01\/20\/origens-e-argumentos-do-processo-contra-maduro\/"]}]},{"@type":"ImageObject","inLanguage":"pt-PT","@id":"https:\/\/portaltela.pt\/noticias\/2026\/01\/20\/origens-e-argumentos-do-processo-contra-maduro\/#primaryimage","url":"https:\/\/portaltela.pt\/s.01k8rhncp4jt1\/2026\/01\/46298597-2.jpg","contentUrl":"https:\/\/portaltela.pt\/s.01k8rhncp4jt1\/2026\/01\/46298597-2.jpg","width":796,"height":448,"caption":"Ronald Pena R\/EPA"},{"@type":"BreadcrumbList","@id":"https:\/\/portaltela.pt\/noticias\/2026\/01\/20\/origens-e-argumentos-do-processo-contra-maduro\/#breadcrumb","itemListElement":[{"@type":"ListItem","position":1,"name":"In\u00edcio","item":"https:\/\/portaltela.pt\/"},{"@type":"ListItem","position":2,"name":"Origens e argumentos do processo contra Maduro"}]},{"@type":"WebSite","@id":"https:\/\/portaltela.pt\/#website","url":"https:\/\/portaltela.pt\/","name":"Portal Tela Portugal","description":"","potentialAction":[{"@type":"SearchAction","target":{"@type":"EntryPoint","urlTemplate":"https:\/\/portaltela.pt\/?s={search_term_string}"},"query-input":{"@type":"PropertyValueSpecification","valueRequired":true,"valueName":"search_term_string"}}],"inLanguage":"pt-PT"},{"@type":"Person","@id":"https:\/\/portaltela.pt\/#\/schema\/person\/c4278d4a6028830caff9ee44b42d32ed","name":"Telinha","image":{"@type":"ImageObject","inLanguage":"pt-PT","@id":"https:\/\/portaltela.pt\/s.01k8rhncp4jt1\/2025\/11\/talking-bot-125x125.png","url":"https:\/\/portaltela.pt\/s.01k8rhncp4jt1\/2025\/11\/talking-bot-125x125.png","contentUrl":"https:\/\/portaltela.pt\/s.01k8rhncp4jt1\/2025\/11\/talking-bot-125x125.png","caption":"Telinha"},"sameAs":["https:\/\/portaltela.pt\/"],"url":"https:\/\/portaltela.pt\/por\/367410592786\/"}]}},"_links":{"self":[{"href":"https:\/\/portaltela.pt\/api\/wp\/v2\/posts\/156382","targetHints":{"allow":["GET"]}}],"collection":[{"href":"https:\/\/portaltela.pt\/api\/wp\/v2\/posts"}],"about":[{"href":"https:\/\/portaltela.pt\/api\/wp\/v2\/types\/post"}],"author":[{"embeddable":true,"href":"https:\/\/portaltela.pt\/api\/wp\/v2\/users\/2"}],"replies":[{"embeddable":true,"href":"https:\/\/portaltela.pt\/api\/wp\/v2\/comments?post=156382"}],"version-history":[{"count":0,"href":"https:\/\/portaltela.pt\/api\/wp\/v2\/posts\/156382\/revisions"}],"wp:featuredmedia":[{"embeddable":true,"href":"https:\/\/portaltela.pt\/api\/wp\/v2\/media\/156396"}],"wp:attachment":[{"href":"https:\/\/portaltela.pt\/api\/wp\/v2\/media?parent=156382"}],"wp:term":[{"taxonomy":"category","embeddable":true,"href":"https:\/\/portaltela.pt\/api\/wp\/v2\/categories?post=156382"},{"taxonomy":"post_tag","embeddable":true,"href":"https:\/\/portaltela.pt\/api\/wp\/v2\/tags?post=156382"}],"curies":[{"name":"wp","href":"https:\/\/api.w.org\/{rel}","templated":true}]}}