{"id":156375,"date":"2026-01-20T11:20:00","date_gmt":"2026-01-20T14:20:00","guid":{"rendered":"https:\/\/portaltela.pt\/noticias\/2026\/01\/20\/comboios-da-fertagus-com-constrangimentos-devido-a-anomalia-na-infraestrutura\/"},"modified":"2026-01-20T11:20:00","modified_gmt":"2026-01-20T14:20:00","slug":"comboios-da-fertagus-com-constrangimentos-devido-a-anomalia-na-infraestrutura","status":"publish","type":"post","link":"https:\/\/portaltela.pt\/noticias\/2026\/01\/20\/comboios-da-fertagus-com-constrangimentos-devido-a-anomalia-na-infraestrutura\/","title":{"rendered":"Comboios da Fertagus com constrangimentos devido a anomalia na infraestrutura"},"content":{"rendered":"<p>A circula\u00e7\u00e3o de comboios entre a margem sul e Lisboa tem sido afetada desde as 08:30 devido a uma anomalia na infraestrutura ferrovi\u00e1ria, segundo a Fertagus. A interromp\u00e7\u00e3o obrigou a interdi\u00e7\u00e3o da via descendente entre Coina e Fogueteiro.<\/p>\n<p>\u00c0s 09:15, a circula\u00e7\u00e3o foi reposta com limita\u00e7\u00e3o de velocidade, tendo sido suprimidos os comboios com partida de Coina \u00e0s 09:23 e de Roma-Areeiro \u00e0s 10:03, para a totalidade do trajeto. A Fertagus manteve o acompanhamento p\u00fablico com atualiza\u00e7\u00f5es frequentes.<\/p>\n<p>\u00c0s 10:15 a circula\u00e7\u00e3o seguia com atrasos, apontando para normaliza\u00e7\u00e3o. Pelas 11:45, o servi\u00e7o que devia partir de Roma-Areeiro \u00e0s 11:13 ficou suprimido entre Coina e Set\u00fabal. O comboio de Set\u00fabal \u00e0s 12:23 seria suprimido entre Set\u00fabal e Coina.<\/p>\n<p>\u00c0s 12:55 o tr\u00e1fego seguia com ligeiros atrasos, segundo a empresa. Este n\u00e3o \u00e9 o \u00fanico epis\u00f3dio: em 6 de janeiro houve interrup\u00e7\u00e3o entre Sete Rios e Roma-Areeiro por carril partido, entre Entrecampos e Sete Rios.<\/p>\n<p>No dia 9 de janeiro houve nova anomalia na via na mudan\u00e7a de via de Roma-Areeiro, com as linhas 3 e 4 interditas. Em 19 de janeiro houve avaria de material circulante no Roma-Areeiro, causando atrasos at\u00e9 \u00e0s 11:20.<\/p>\n<p>A Fertagus gere o eixo Norte-Sul, que inclui a travessia da ponte 25 de Abril, ligando Lisboa a Set\u00fabal, com 14 esta\u00e7\u00f5es. Na margem sul ficam Set\u00fabal, Palmela, Coina, Fogueteiro e outras; na margem norte, Campolide, Sete Rios, Entrecampos e Roma-Areeiro.<\/p>\n<h3>Incidentes recentes na infraestrutura<\/h3>\n<p>Estes constrangimentos mostram uma tend\u00eancia de falhas diversas na infraestrutura, com impactos no tempo de viagem e na gest\u00e3o de partidas e chegadas. A Fertagus continua a comunicar atualiza\u00e7\u00f5es sobre o estado do servi\u00e7o.<\/p>\n","protected":false},"excerpt":{"rendered":"<ul>\n<li>A Fertagus reporta constrangimentos na circula\u00e7\u00e3o entre a margem sul e Lisboa desde as 08h30 devido a uma anomalia na infraestrutura ferrovi\u00e1ria; desde in\u00edcio de janeiro j\u00e1 foram registadas pelo menos quatro anomalias.<\/li>\n<li>\u00c0s 08h30 ocorreu uma anomalia na via, com a interdi\u00e7\u00e3o da via descendente entre Coina e Fogueteiro; \u00e0s 09h15 a circula\u00e7\u00e3o foi reposta com limita\u00e7\u00e3o de velocidade, tendo sido suprimidos os comboios com partida de Coina \u00e0s 09h23 e de Roma-Areeiro \u00e0s 10h03.<\/li>\n<li>\u00c0s 10h15 a circula\u00e7\u00e3o continuava com atrasos e tend\u00eancia a normalizar; \u00e0s 11h45 o comboio com partida de Roma-Areeiro prevista para as 11h13 ficou suprimido entre Coina e Set\u00fabal, e o de Set\u00fabal \u00e0s 12h23 foi suprimido entre Set\u00fabal e Coina.<\/li>\n<li>\u00c0s 12h55 a circula\u00e7\u00e3o era feita com ligeiros atrasos, segundo a Fertagus.<\/li>\n<li>Ao longo do m\u00eas ocorreram outras avarias: carril partido entre Entrecampos e Sete Rios a 6 de janeiro; mudan\u00e7a de via na esta\u00e7\u00e3o Roma-Areeiro a 9 de janeiro; avaria de material circulante no servi\u00e7o Roma-Areeiro \u00e0s 08h13 a 19 de janeiro, com normaliza\u00e7\u00e3o \u00e0s 11h20.<\/li>\n<\/ul>\n","protected":false},"author":2,"featured_media":156392,"comment_status":"closed","ping_status":"closed","sticky":false,"template":"","format":"standard","meta":{"footnotes":""},"categories":[1],"tags":[2480,1615,981,994,192],"class_list":["post-156375","post","type-post","status-publish","format-standard","has-post-thumbnail","hentry","category-noticias","tag-entrecampos","tag-infraestrutura","tag-lisboa","tag-setubal","tag-transporte"],"yoast_head":"<!-- This site is optimized with the Yoast SEO plugin v27.2 - https:\/\/yoast.com\/product\/yoast-seo-wordpress\/ -->\n<title>Comboios da Fertagus com constrangimentos devido a anomalia na infraestrutura - Portal Tela Portugal<\/title>\n<meta name=\"robots\" content=\"index, follow, max-snippet:-1, max-image-preview:large, max-video-preview:-1\" \/>\n<meta property=\"og:locale\" content=\"pt_PT\" \/>\n<meta property=\"og:type\" content=\"article\" \/>\n<meta property=\"og:title\" content=\"Comboios da Fertagus com constrangimentos devido a anomalia na infraestrutura - Portal Tela Portugal\" \/>\n<meta property=\"og:description\" content=\"A Fertagus reporta constrangimentos na circula\u00e7\u00e3o entre a margem sul e Lisboa desde as 08h30 devido a uma anomalia na infraestrutura ferrovi\u00e1ria; desde in\u00edcio de janeiro j\u00e1 foram registadas pelo menos quatro anomalias. \u00c0s 08h30 ocorreu uma anomalia na via, com a interdi\u00e7\u00e3o da via descendente entre Coina e Fogueteiro; \u00e0s 09h15 a circula\u00e7\u00e3o foi reposta com limita\u00e7\u00e3o de velocidade, tendo sido suprimidos os comboios com partida de Coina \u00e0s 09h23 e de Roma-Areeiro \u00e0s 10h03. \u00c0s 10h15 a circula\u00e7\u00e3o continuava com atrasos e tend\u00eancia a normalizar; \u00e0s 11h45 o comboio com partida de Roma-Areeiro prevista para as 11h13 ficou suprimido entre Coina e Set\u00fabal, e o de Set\u00fabal \u00e0s 12h23 foi suprimido entre Set\u00fabal e Coina. \u00c0s 12h55 a circula\u00e7\u00e3o era feita com ligeiros atrasos, segundo a Fertagus. Ao longo do m\u00eas ocorreram outras avarias: carril partido entre Entrecampos e Sete Rios a 6 de janeiro; mudan\u00e7a de via na esta\u00e7\u00e3o Roma-Areeiro a 9 de janeiro; avaria de material circulante no servi\u00e7o Roma-Areeiro \u00e0s 08h13 a 19 de janeiro, com normaliza\u00e7\u00e3o \u00e0s 11h20.\" \/>\n<meta property=\"og:url\" content=\"https:\/\/portaltela.pt\/noticias\/2026\/01\/20\/comboios-da-fertagus-com-constrangimentos-devido-a-anomalia-na-infraestrutura\/\" \/>\n<meta property=\"og:site_name\" content=\"Portal Tela Portugal\" \/>\n<meta property=\"article:published_time\" content=\"2026-01-20T14:20:00+00:00\" \/>\n<meta name=\"author\" content=\"Telinha\" \/>\n<meta name=\"twitter:card\" content=\"summary_large_image\" \/>\n<meta name=\"twitter:label1\" content=\"Escrito por\" \/>\n\t<meta name=\"twitter:data1\" content=\"Telinha\" \/>\n\t<meta name=\"twitter:label2\" content=\"Tempo estimado de leitura\" \/>\n\t<meta name=\"twitter:data2\" content=\"1 minuto\" \/>\n<script type=\"application\/ld+json\" class=\"yoast-schema-graph\">{\"@context\":\"https:\/\/schema.org\",\"@graph\":[{\"@type\":\"Article\",\"@id\":\"https:\/\/portaltela.pt\/noticias\/2026\/01\/20\/comboios-da-fertagus-com-constrangimentos-devido-a-anomalia-na-infraestrutura\/#article\",\"isPartOf\":{\"@id\":\"https:\/\/portaltela.pt\/noticias\/2026\/01\/20\/comboios-da-fertagus-com-constrangimentos-devido-a-anomalia-na-infraestrutura\/\"},\"author\":{\"name\":\"Telinha\",\"@id\":\"https:\/\/portaltela.pt\/#\/schema\/person\/c4278d4a6028830caff9ee44b42d32ed\"},\"headline\":\"Comboios da Fertagus com constrangimentos devido a anomalia na infraestrutura\",\"datePublished\":\"2026-01-20T14:20:00+00:00\",\"mainEntityOfPage\":{\"@id\":\"https:\/\/portaltela.pt\/noticias\/2026\/01\/20\/comboios-da-fertagus-com-constrangimentos-devido-a-anomalia-na-infraestrutura\/\"},\"wordCount\":289,\"image\":{\"@id\":\"https:\/\/portaltela.pt\/noticias\/2026\/01\/20\/comboios-da-fertagus-com-constrangimentos-devido-a-anomalia-na-infraestrutura\/#primaryimage\"},\"thumbnailUrl\":\"https:\/\/portaltela.pt\/s.01k8rhncp4jt1\/2026\/01\/image-1248.jpg\",\"keywords\":[\"Entrecampos\",\"infraestrutura\",\"Lisboa\",\"Set\u00fabal\",\"transporte\"],\"articleSection\":[\"Not\u00edcias\"],\"inLanguage\":\"pt-PT\"},{\"@type\":\"WebPage\",\"@id\":\"https:\/\/portaltela.pt\/noticias\/2026\/01\/20\/comboios-da-fertagus-com-constrangimentos-devido-a-anomalia-na-infraestrutura\/\",\"url\":\"https:\/\/portaltela.pt\/noticias\/2026\/01\/20\/comboios-da-fertagus-com-constrangimentos-devido-a-anomalia-na-infraestrutura\/\",\"name\":\"Comboios da Fertagus com constrangimentos devido a anomalia na infraestrutura - Portal Tela Portugal\",\"isPartOf\":{\"@id\":\"https:\/\/portaltela.pt\/#website\"},\"primaryImageOfPage\":{\"@id\":\"https:\/\/portaltela.pt\/noticias\/2026\/01\/20\/comboios-da-fertagus-com-constrangimentos-devido-a-anomalia-na-infraestrutura\/#primaryimage\"},\"image\":{\"@id\":\"https:\/\/portaltela.pt\/noticias\/2026\/01\/20\/comboios-da-fertagus-com-constrangimentos-devido-a-anomalia-na-infraestrutura\/#primaryimage\"},\"thumbnailUrl\":\"https:\/\/portaltela.pt\/s.01k8rhncp4jt1\/2026\/01\/image-1248.jpg\",\"datePublished\":\"2026-01-20T14:20:00+00:00\",\"author\":{\"@id\":\"https:\/\/portaltela.pt\/#\/schema\/person\/c4278d4a6028830caff9ee44b42d32ed\"},\"breadcrumb\":{\"@id\":\"https:\/\/portaltela.pt\/noticias\/2026\/01\/20\/comboios-da-fertagus-com-constrangimentos-devido-a-anomalia-na-infraestrutura\/#breadcrumb\"},\"inLanguage\":\"pt-PT\",\"potentialAction\":[{\"@type\":\"ReadAction\",\"target\":[\"https:\/\/portaltela.pt\/noticias\/2026\/01\/20\/comboios-da-fertagus-com-constrangimentos-devido-a-anomalia-na-infraestrutura\/\"]}]},{\"@type\":\"ImageObject\",\"inLanguage\":\"pt-PT\",\"@id\":\"https:\/\/portaltela.pt\/noticias\/2026\/01\/20\/comboios-da-fertagus-com-constrangimentos-devido-a-anomalia-na-infraestrutura\/#primaryimage\",\"url\":\"https:\/\/portaltela.pt\/s.01k8rhncp4jt1\/2026\/01\/image-1248.jpg\",\"contentUrl\":\"https:\/\/portaltela.pt\/s.01k8rhncp4jt1\/2026\/01\/image-1248.jpg\",\"width\":796,\"height\":448,\"caption\":\"Foto: Rui Minderico\/Lusa\"},{\"@type\":\"BreadcrumbList\",\"@id\":\"https:\/\/portaltela.pt\/noticias\/2026\/01\/20\/comboios-da-fertagus-com-constrangimentos-devido-a-anomalia-na-infraestrutura\/#breadcrumb\",\"itemListElement\":[{\"@type\":\"ListItem\",\"position\":1,\"name\":\"In\u00edcio\",\"item\":\"https:\/\/portaltela.pt\/\"},{\"@type\":\"ListItem\",\"position\":2,\"name\":\"Comboios da Fertagus com constrangimentos devido a anomalia na infraestrutura\"}]},{\"@type\":\"WebSite\",\"@id\":\"https:\/\/portaltela.pt\/#website\",\"url\":\"https:\/\/portaltela.pt\/\",\"name\":\"Portal Tela Portugal\",\"description\":\"\",\"potentialAction\":[{\"@type\":\"SearchAction\",\"target\":{\"@type\":\"EntryPoint\",\"urlTemplate\":\"https:\/\/portaltela.pt\/?s={search_term_string}\"},\"query-input\":{\"@type\":\"PropertyValueSpecification\",\"valueRequired\":true,\"valueName\":\"search_term_string\"}}],\"inLanguage\":\"pt-PT\"},{\"@type\":\"Person\",\"@id\":\"https:\/\/portaltela.pt\/#\/schema\/person\/c4278d4a6028830caff9ee44b42d32ed\",\"name\":\"Telinha\",\"image\":{\"@type\":\"ImageObject\",\"inLanguage\":\"pt-PT\",\"@id\":\"https:\/\/portaltela.pt\/s.01k8rhncp4jt1\/2025\/11\/talking-bot-125x125.png\",\"url\":\"https:\/\/portaltela.pt\/s.01k8rhncp4jt1\/2025\/11\/talking-bot-125x125.png\",\"contentUrl\":\"https:\/\/portaltela.pt\/s.01k8rhncp4jt1\/2025\/11\/talking-bot-125x125.png\",\"caption\":\"Telinha\"},\"sameAs\":[\"https:\/\/portaltela.pt\/\"],\"url\":\"https:\/\/portaltela.pt\/por\/367410592786\/\"}]}<\/script>\n<!-- \/ Yoast SEO plugin. -->","yoast_head_json":{"title":"Comboios da Fertagus com constrangimentos devido a anomalia na infraestrutura - Portal Tela Portugal","robots":{"index":"index","follow":"follow","max-snippet":"max-snippet:-1","max-image-preview":"max-image-preview:large","max-video-preview":"max-video-preview:-1"},"og_locale":"pt_PT","og_type":"article","og_title":"Comboios da Fertagus com constrangimentos devido a anomalia na infraestrutura - Portal Tela Portugal","og_description":"A Fertagus reporta constrangimentos na circula\u00e7\u00e3o entre a margem sul e Lisboa desde as 08h30 devido a uma anomalia na infraestrutura ferrovi\u00e1ria; desde in\u00edcio de janeiro j\u00e1 foram registadas pelo menos quatro anomalias. \u00c0s 08h30 ocorreu uma anomalia na via, com a interdi\u00e7\u00e3o da via descendente entre Coina e Fogueteiro; \u00e0s 09h15 a circula\u00e7\u00e3o foi reposta com limita\u00e7\u00e3o de velocidade, tendo sido suprimidos os comboios com partida de Coina \u00e0s 09h23 e de Roma-Areeiro \u00e0s 10h03. \u00c0s 10h15 a circula\u00e7\u00e3o continuava com atrasos e tend\u00eancia a normalizar; \u00e0s 11h45 o comboio com partida de Roma-Areeiro prevista para as 11h13 ficou suprimido entre Coina e Set\u00fabal, e o de Set\u00fabal \u00e0s 12h23 foi suprimido entre Set\u00fabal e Coina. \u00c0s 12h55 a circula\u00e7\u00e3o era feita com ligeiros atrasos, segundo a Fertagus. Ao longo do m\u00eas ocorreram outras avarias: carril partido entre Entrecampos e Sete Rios a 6 de janeiro; mudan\u00e7a de via na esta\u00e7\u00e3o Roma-Areeiro a 9 de janeiro; avaria de material circulante no servi\u00e7o Roma-Areeiro \u00e0s 08h13 a 19 de janeiro, com normaliza\u00e7\u00e3o \u00e0s 11h20.","og_url":"https:\/\/portaltela.pt\/noticias\/2026\/01\/20\/comboios-da-fertagus-com-constrangimentos-devido-a-anomalia-na-infraestrutura\/","og_site_name":"Portal Tela Portugal","article_published_time":"2026-01-20T14:20:00+00:00","author":"Telinha","twitter_card":"summary_large_image","twitter_misc":{"Escrito por":"Telinha","Tempo estimado de leitura":"1 minuto"},"schema":{"@context":"https:\/\/schema.org","@graph":[{"@type":"Article","@id":"https:\/\/portaltela.pt\/noticias\/2026\/01\/20\/comboios-da-fertagus-com-constrangimentos-devido-a-anomalia-na-infraestrutura\/#article","isPartOf":{"@id":"https:\/\/portaltela.pt\/noticias\/2026\/01\/20\/comboios-da-fertagus-com-constrangimentos-devido-a-anomalia-na-infraestrutura\/"},"author":{"name":"Telinha","@id":"https:\/\/portaltela.pt\/#\/schema\/person\/c4278d4a6028830caff9ee44b42d32ed"},"headline":"Comboios da Fertagus com constrangimentos devido a anomalia na infraestrutura","datePublished":"2026-01-20T14:20:00+00:00","mainEntityOfPage":{"@id":"https:\/\/portaltela.pt\/noticias\/2026\/01\/20\/comboios-da-fertagus-com-constrangimentos-devido-a-anomalia-na-infraestrutura\/"},"wordCount":289,"image":{"@id":"https:\/\/portaltela.pt\/noticias\/2026\/01\/20\/comboios-da-fertagus-com-constrangimentos-devido-a-anomalia-na-infraestrutura\/#primaryimage"},"thumbnailUrl":"https:\/\/portaltela.pt\/s.01k8rhncp4jt1\/2026\/01\/image-1248.jpg","keywords":["Entrecampos","infraestrutura","Lisboa","Set\u00fabal","transporte"],"articleSection":["Not\u00edcias"],"inLanguage":"pt-PT"},{"@type":"WebPage","@id":"https:\/\/portaltela.pt\/noticias\/2026\/01\/20\/comboios-da-fertagus-com-constrangimentos-devido-a-anomalia-na-infraestrutura\/","url":"https:\/\/portaltela.pt\/noticias\/2026\/01\/20\/comboios-da-fertagus-com-constrangimentos-devido-a-anomalia-na-infraestrutura\/","name":"Comboios da Fertagus com constrangimentos devido a anomalia na infraestrutura - Portal Tela Portugal","isPartOf":{"@id":"https:\/\/portaltela.pt\/#website"},"primaryImageOfPage":{"@id":"https:\/\/portaltela.pt\/noticias\/2026\/01\/20\/comboios-da-fertagus-com-constrangimentos-devido-a-anomalia-na-infraestrutura\/#primaryimage"},"image":{"@id":"https:\/\/portaltela.pt\/noticias\/2026\/01\/20\/comboios-da-fertagus-com-constrangimentos-devido-a-anomalia-na-infraestrutura\/#primaryimage"},"thumbnailUrl":"https:\/\/portaltela.pt\/s.01k8rhncp4jt1\/2026\/01\/image-1248.jpg","datePublished":"2026-01-20T14:20:00+00:00","author":{"@id":"https:\/\/portaltela.pt\/#\/schema\/person\/c4278d4a6028830caff9ee44b42d32ed"},"breadcrumb":{"@id":"https:\/\/portaltela.pt\/noticias\/2026\/01\/20\/comboios-da-fertagus-com-constrangimentos-devido-a-anomalia-na-infraestrutura\/#breadcrumb"},"inLanguage":"pt-PT","potentialAction":[{"@type":"ReadAction","target":["https:\/\/portaltela.pt\/noticias\/2026\/01\/20\/comboios-da-fertagus-com-constrangimentos-devido-a-anomalia-na-infraestrutura\/"]}]},{"@type":"ImageObject","inLanguage":"pt-PT","@id":"https:\/\/portaltela.pt\/noticias\/2026\/01\/20\/comboios-da-fertagus-com-constrangimentos-devido-a-anomalia-na-infraestrutura\/#primaryimage","url":"https:\/\/portaltela.pt\/s.01k8rhncp4jt1\/2026\/01\/image-1248.jpg","contentUrl":"https:\/\/portaltela.pt\/s.01k8rhncp4jt1\/2026\/01\/image-1248.jpg","width":796,"height":448,"caption":"Foto: Rui Minderico\/Lusa"},{"@type":"BreadcrumbList","@id":"https:\/\/portaltela.pt\/noticias\/2026\/01\/20\/comboios-da-fertagus-com-constrangimentos-devido-a-anomalia-na-infraestrutura\/#breadcrumb","itemListElement":[{"@type":"ListItem","position":1,"name":"In\u00edcio","item":"https:\/\/portaltela.pt\/"},{"@type":"ListItem","position":2,"name":"Comboios da Fertagus com constrangimentos devido a anomalia na infraestrutura"}]},{"@type":"WebSite","@id":"https:\/\/portaltela.pt\/#website","url":"https:\/\/portaltela.pt\/","name":"Portal Tela Portugal","description":"","potentialAction":[{"@type":"SearchAction","target":{"@type":"EntryPoint","urlTemplate":"https:\/\/portaltela.pt\/?s={search_term_string}"},"query-input":{"@type":"PropertyValueSpecification","valueRequired":true,"valueName":"search_term_string"}}],"inLanguage":"pt-PT"},{"@type":"Person","@id":"https:\/\/portaltela.pt\/#\/schema\/person\/c4278d4a6028830caff9ee44b42d32ed","name":"Telinha","image":{"@type":"ImageObject","inLanguage":"pt-PT","@id":"https:\/\/portaltela.pt\/s.01k8rhncp4jt1\/2025\/11\/talking-bot-125x125.png","url":"https:\/\/portaltela.pt\/s.01k8rhncp4jt1\/2025\/11\/talking-bot-125x125.png","contentUrl":"https:\/\/portaltela.pt\/s.01k8rhncp4jt1\/2025\/11\/talking-bot-125x125.png","caption":"Telinha"},"sameAs":["https:\/\/portaltela.pt\/"],"url":"https:\/\/portaltela.pt\/por\/367410592786\/"}]}},"_links":{"self":[{"href":"https:\/\/portaltela.pt\/api\/wp\/v2\/posts\/156375","targetHints":{"allow":["GET"]}}],"collection":[{"href":"https:\/\/portaltela.pt\/api\/wp\/v2\/posts"}],"about":[{"href":"https:\/\/portaltela.pt\/api\/wp\/v2\/types\/post"}],"author":[{"embeddable":true,"href":"https:\/\/portaltela.pt\/api\/wp\/v2\/users\/2"}],"replies":[{"embeddable":true,"href":"https:\/\/portaltela.pt\/api\/wp\/v2\/comments?post=156375"}],"version-history":[{"count":0,"href":"https:\/\/portaltela.pt\/api\/wp\/v2\/posts\/156375\/revisions"}],"wp:featuredmedia":[{"embeddable":true,"href":"https:\/\/portaltela.pt\/api\/wp\/v2\/media\/156392"}],"wp:attachment":[{"href":"https:\/\/portaltela.pt\/api\/wp\/v2\/media?parent=156375"}],"wp:term":[{"taxonomy":"category","embeddable":true,"href":"https:\/\/portaltela.pt\/api\/wp\/v2\/categories?post=156375"},{"taxonomy":"post_tag","embeddable":true,"href":"https:\/\/portaltela.pt\/api\/wp\/v2\/tags?post=156375"}],"curies":[{"name":"wp","href":"https:\/\/api.w.org\/{rel}","templated":true}]}}