{"id":156151,"date":"2026-01-20T10:11:00","date_gmt":"2026-01-20T13:11:00","guid":{"rendered":"https:\/\/portaltela.pt\/noticias\/2026\/01\/20\/mulher-suspeita-de-homicidio-de-idoso-em-aljustrel-fica-em-prisao-preventiva\/"},"modified":"2026-01-20T10:11:00","modified_gmt":"2026-01-20T13:11:00","slug":"mulher-suspeita-de-homicidio-de-idoso-em-aljustrel-fica-em-prisao-preventiva","status":"publish","type":"post","link":"https:\/\/portaltela.pt\/noticias\/2026\/01\/20\/mulher-suspeita-de-homicidio-de-idoso-em-aljustrel-fica-em-prisao-preventiva\/","title":{"rendered":"Mulher suspeita de homic\u00eddio de idoso em Aljustrel fica em pris\u00e3o preventiva"},"content":{"rendered":"<p>A mulher, de 39 anos, ficou em pris\u00e3o preventiva por suspeitas de homic\u00eddio e profana\u00e7\u00e3o de cad\u00e1ver, no concelho de Aljustrel, no distrito de Beja. A deten\u00e7\u00e3o ocorreu pela Pol\u00edcia Judici\u00e1ria e o primeiro interrogat\u00f3rio realizou-se no Tribunal de Ourique, na \u00faltima segunda-feira.<\/p>\n<p>Segundo a PJ, o homic\u00eddio ocorreu na passada sexta-feira, envolvendo um idoso de 88 anos. A agress\u00e3o ter\u00e1 sido praticada pela mulher, em conluio com o companheiro, com o objetivo de roubar bens na casa da v\u00edtima.<\/p>\n<p>Ap\u00f3s a agress\u00e3o mortal, o corpo ter\u00e1 sido transportado para um local ermo perto de Ervidel e ocultado num po\u00e7o. O companheiro, de 40 anos, j\u00e1 se encontrava sob cust\u00f3dia por deten\u00e7\u00e3o em flagrante por tentativa de roubo.<\/p>\n<h3>Investiga\u00e7\u00e3o e situa\u00e7\u00e3o processual<\/h3>\n<p>A deten\u00e7\u00e3o do casal chegou ap\u00f3s a interven\u00e7\u00e3o da GNR, que prendeu o homem em Ferreira do Alentejo. O inqu\u00e9rito do homic\u00eddio est\u00e1 a cargo da Procuradoria de Ourique, enquanto o de tentativa de roubo cabe ao DIAP de Ferreira do Alentejo.<\/p>\n<p>A mulher ir\u00e1 ser transferida para o Estabelecimento Prisional de Odemira, tamb\u00e9m no distrito de Beja, ap\u00f3s a decis\u00e3o de pris\u00e3o preventiva. O homem permanece em pris\u00e3o preventiva no Estabelecimento Prisional de Beja.<\/p>\n","protected":false},"excerpt":{"rendered":"<ul>\n<li>Mulher de 39 anos ficou em pris\u00e3o preventiva por suspeitas de homic\u00eddio e profana\u00e7\u00e3o de cad\u00e1ver de um idoso de 88 anos, em Aljustrel, Beja, alegadamente em conluio com o companheiro.<\/li>\n<li>Os crimes teriam ocorrido na passada sexta-feira; a agress\u00e3o ter\u00e1 sido praticada com recurso a um objeto contundente e o corpo foi ocultado num po\u00e7o perto de Ervidel.<\/li>\n<li>A detida foi presente a primeiro interrogat\u00f3rio judicial no Tribunal de Ourique e transferida para o Estabelecimento Prisional de Odemira.<\/li>\n<li>O companheiro, de 40 anos, j\u00e1 se encontrava detido por tentativa de roubo, em Ferreira do Alentejo; foi ouvido em primeiro interrogat\u00f3rio e ficou em pris\u00e3o preventiva no Estabelecimento Prisional de Beja.<\/li>\n<li>A investiga\u00e7\u00e3o \u00e9 dirigida pela Procuradoria do Ju\u00edzo de Ourique (homic\u00eddio) e pelo DIAP de Ferreira do Alentejo (tentativa de roubo).<\/li>\n<\/ul>\n","protected":false},"author":2,"featured_media":156156,"comment_status":"closed","ping_status":"closed","sticky":false,"template":"","format":"standard","meta":{"footnotes":""},"categories":[1],"tags":[1325,943,3457,1345,1648,1096],"class_list":["post-156151","post","type-post","status-publish","format-standard","has-post-thumbnail","hentry","category-noticias","tag-aljustrel","tag-beja","tag-ervidel","tag-homicidio","tag-odemira","tag-profanacao-de-cadaver"],"yoast_head":"<!-- This site is optimized with the Yoast SEO plugin v27.2 - https:\/\/yoast.com\/product\/yoast-seo-wordpress\/ -->\n<title>Mulher suspeita de homic\u00eddio de idoso em Aljustrel fica em pris\u00e3o preventiva - Portal Tela Portugal<\/title>\n<meta name=\"robots\" content=\"index, follow, max-snippet:-1, max-image-preview:large, max-video-preview:-1\" \/>\n<meta property=\"og:locale\" content=\"pt_PT\" \/>\n<meta property=\"og:type\" content=\"article\" \/>\n<meta property=\"og:title\" content=\"Mulher suspeita de homic\u00eddio de idoso em Aljustrel fica em pris\u00e3o preventiva - Portal Tela Portugal\" \/>\n<meta property=\"og:description\" content=\"Mulher de 39 anos ficou em pris\u00e3o preventiva por suspeitas de homic\u00eddio e profana\u00e7\u00e3o de cad\u00e1ver de um idoso de 88 anos, em Aljustrel, Beja, alegadamente em conluio com o companheiro. Os crimes teriam ocorrido na passada sexta-feira; a agress\u00e3o ter\u00e1 sido praticada com recurso a um objeto contundente e o corpo foi ocultado num po\u00e7o perto de Ervidel. A detida foi presente a primeiro interrogat\u00f3rio judicial no Tribunal de Ourique e transferida para o Estabelecimento Prisional de Odemira. O companheiro, de 40 anos, j\u00e1 se encontrava detido por tentativa de roubo, em Ferreira do Alentejo; foi ouvido em primeiro interrogat\u00f3rio e ficou em pris\u00e3o preventiva no Estabelecimento Prisional de Beja. A investiga\u00e7\u00e3o \u00e9 dirigida pela Procuradoria do Ju\u00edzo de Ourique (homic\u00eddio) e pelo DIAP de Ferreira do Alentejo (tentativa de roubo).\" \/>\n<meta property=\"og:url\" content=\"https:\/\/portaltela.pt\/noticias\/2026\/01\/20\/mulher-suspeita-de-homicidio-de-idoso-em-aljustrel-fica-em-prisao-preventiva\/\" \/>\n<meta property=\"og:site_name\" content=\"Portal Tela Portugal\" \/>\n<meta property=\"article:published_time\" content=\"2026-01-20T13:11:00+00:00\" \/>\n<meta name=\"author\" content=\"Telinha\" \/>\n<meta name=\"twitter:card\" content=\"summary_large_image\" \/>\n<meta name=\"twitter:label1\" content=\"Escrito por\" \/>\n\t<meta name=\"twitter:data1\" content=\"Telinha\" \/>\n\t<meta name=\"twitter:label2\" content=\"Tempo estimado de leitura\" \/>\n\t<meta name=\"twitter:data2\" content=\"1 minuto\" \/>\n<script type=\"application\/ld+json\" class=\"yoast-schema-graph\">{\"@context\":\"https:\/\/schema.org\",\"@graph\":[{\"@type\":\"Article\",\"@id\":\"https:\/\/portaltela.pt\/noticias\/2026\/01\/20\/mulher-suspeita-de-homicidio-de-idoso-em-aljustrel-fica-em-prisao-preventiva\/#article\",\"isPartOf\":{\"@id\":\"https:\/\/portaltela.pt\/noticias\/2026\/01\/20\/mulher-suspeita-de-homicidio-de-idoso-em-aljustrel-fica-em-prisao-preventiva\/\"},\"author\":{\"name\":\"Telinha\",\"@id\":\"https:\/\/portaltela.pt\/#\/schema\/person\/c4278d4a6028830caff9ee44b42d32ed\"},\"headline\":\"Mulher suspeita de homic\u00eddio de idoso em Aljustrel fica em pris\u00e3o preventiva\",\"datePublished\":\"2026-01-20T13:11:00+00:00\",\"mainEntityOfPage\":{\"@id\":\"https:\/\/portaltela.pt\/noticias\/2026\/01\/20\/mulher-suspeita-de-homicidio-de-idoso-em-aljustrel-fica-em-prisao-preventiva\/\"},\"wordCount\":236,\"image\":{\"@id\":\"https:\/\/portaltela.pt\/noticias\/2026\/01\/20\/mulher-suspeita-de-homicidio-de-idoso-em-aljustrel-fica-em-prisao-preventiva\/#primaryimage\"},\"thumbnailUrl\":\"https:\/\/portaltela.pt\/s.01k8rhncp4jt1\/2026\/01\/62f5cdee-3059-4fc3-a141-200ed2eacb97_1200x675.jpg\",\"keywords\":[\"Aljustrel\",\"Beja\",\"Ervidel\",\"homic\u00eddio\",\"Odemira\",\"profana\u00e7\u00e3o de cad\u00e1ver\"],\"articleSection\":[\"Not\u00edcias\"],\"inLanguage\":\"pt-PT\"},{\"@type\":\"WebPage\",\"@id\":\"https:\/\/portaltela.pt\/noticias\/2026\/01\/20\/mulher-suspeita-de-homicidio-de-idoso-em-aljustrel-fica-em-prisao-preventiva\/\",\"url\":\"https:\/\/portaltela.pt\/noticias\/2026\/01\/20\/mulher-suspeita-de-homicidio-de-idoso-em-aljustrel-fica-em-prisao-preventiva\/\",\"name\":\"Mulher suspeita de homic\u00eddio de idoso em Aljustrel fica em pris\u00e3o preventiva - Portal Tela Portugal\",\"isPartOf\":{\"@id\":\"https:\/\/portaltela.pt\/#website\"},\"primaryImageOfPage\":{\"@id\":\"https:\/\/portaltela.pt\/noticias\/2026\/01\/20\/mulher-suspeita-de-homicidio-de-idoso-em-aljustrel-fica-em-prisao-preventiva\/#primaryimage\"},\"image\":{\"@id\":\"https:\/\/portaltela.pt\/noticias\/2026\/01\/20\/mulher-suspeita-de-homicidio-de-idoso-em-aljustrel-fica-em-prisao-preventiva\/#primaryimage\"},\"thumbnailUrl\":\"https:\/\/portaltela.pt\/s.01k8rhncp4jt1\/2026\/01\/62f5cdee-3059-4fc3-a141-200ed2eacb97_1200x675.jpg\",\"datePublished\":\"2026-01-20T13:11:00+00:00\",\"author\":{\"@id\":\"https:\/\/portaltela.pt\/#\/schema\/person\/c4278d4a6028830caff9ee44b42d32ed\"},\"breadcrumb\":{\"@id\":\"https:\/\/portaltela.pt\/noticias\/2026\/01\/20\/mulher-suspeita-de-homicidio-de-idoso-em-aljustrel-fica-em-prisao-preventiva\/#breadcrumb\"},\"inLanguage\":\"pt-PT\",\"potentialAction\":[{\"@type\":\"ReadAction\",\"target\":[\"https:\/\/portaltela.pt\/noticias\/2026\/01\/20\/mulher-suspeita-de-homicidio-de-idoso-em-aljustrel-fica-em-prisao-preventiva\/\"]}]},{\"@type\":\"ImageObject\",\"inLanguage\":\"pt-PT\",\"@id\":\"https:\/\/portaltela.pt\/noticias\/2026\/01\/20\/mulher-suspeita-de-homicidio-de-idoso-em-aljustrel-fica-em-prisao-preventiva\/#primaryimage\",\"url\":\"https:\/\/portaltela.pt\/s.01k8rhncp4jt1\/2026\/01\/62f5cdee-3059-4fc3-a141-200ed2eacb97_1200x675.jpg\",\"contentUrl\":\"https:\/\/portaltela.pt\/s.01k8rhncp4jt1\/2026\/01\/62f5cdee-3059-4fc3-a141-200ed2eacb97_1200x675.jpg\",\"width\":796,\"height\":448,\"caption\":\"Francisco Pratas e Vanessa Sabino foram detidos\"},{\"@type\":\"BreadcrumbList\",\"@id\":\"https:\/\/portaltela.pt\/noticias\/2026\/01\/20\/mulher-suspeita-de-homicidio-de-idoso-em-aljustrel-fica-em-prisao-preventiva\/#breadcrumb\",\"itemListElement\":[{\"@type\":\"ListItem\",\"position\":1,\"name\":\"In\u00edcio\",\"item\":\"https:\/\/portaltela.pt\/\"},{\"@type\":\"ListItem\",\"position\":2,\"name\":\"Mulher suspeita de homic\u00eddio de idoso em Aljustrel fica em pris\u00e3o preventiva\"}]},{\"@type\":\"WebSite\",\"@id\":\"https:\/\/portaltela.pt\/#website\",\"url\":\"https:\/\/portaltela.pt\/\",\"name\":\"Portal Tela Portugal\",\"description\":\"\",\"potentialAction\":[{\"@type\":\"SearchAction\",\"target\":{\"@type\":\"EntryPoint\",\"urlTemplate\":\"https:\/\/portaltela.pt\/?s={search_term_string}\"},\"query-input\":{\"@type\":\"PropertyValueSpecification\",\"valueRequired\":true,\"valueName\":\"search_term_string\"}}],\"inLanguage\":\"pt-PT\"},{\"@type\":\"Person\",\"@id\":\"https:\/\/portaltela.pt\/#\/schema\/person\/c4278d4a6028830caff9ee44b42d32ed\",\"name\":\"Telinha\",\"image\":{\"@type\":\"ImageObject\",\"inLanguage\":\"pt-PT\",\"@id\":\"https:\/\/portaltela.pt\/s.01k8rhncp4jt1\/2025\/11\/talking-bot-125x125.png\",\"url\":\"https:\/\/portaltela.pt\/s.01k8rhncp4jt1\/2025\/11\/talking-bot-125x125.png\",\"contentUrl\":\"https:\/\/portaltela.pt\/s.01k8rhncp4jt1\/2025\/11\/talking-bot-125x125.png\",\"caption\":\"Telinha\"},\"sameAs\":[\"https:\/\/portaltela.pt\/\"],\"url\":\"https:\/\/portaltela.pt\/por\/367410592786\/\"}]}<\/script>\n<!-- \/ Yoast SEO plugin. -->","yoast_head_json":{"title":"Mulher suspeita de homic\u00eddio de idoso em Aljustrel fica em pris\u00e3o preventiva - Portal Tela Portugal","robots":{"index":"index","follow":"follow","max-snippet":"max-snippet:-1","max-image-preview":"max-image-preview:large","max-video-preview":"max-video-preview:-1"},"og_locale":"pt_PT","og_type":"article","og_title":"Mulher suspeita de homic\u00eddio de idoso em Aljustrel fica em pris\u00e3o preventiva - Portal Tela Portugal","og_description":"Mulher de 39 anos ficou em pris\u00e3o preventiva por suspeitas de homic\u00eddio e profana\u00e7\u00e3o de cad\u00e1ver de um idoso de 88 anos, em Aljustrel, Beja, alegadamente em conluio com o companheiro. Os crimes teriam ocorrido na passada sexta-feira; a agress\u00e3o ter\u00e1 sido praticada com recurso a um objeto contundente e o corpo foi ocultado num po\u00e7o perto de Ervidel. A detida foi presente a primeiro interrogat\u00f3rio judicial no Tribunal de Ourique e transferida para o Estabelecimento Prisional de Odemira. O companheiro, de 40 anos, j\u00e1 se encontrava detido por tentativa de roubo, em Ferreira do Alentejo; foi ouvido em primeiro interrogat\u00f3rio e ficou em pris\u00e3o preventiva no Estabelecimento Prisional de Beja. A investiga\u00e7\u00e3o \u00e9 dirigida pela Procuradoria do Ju\u00edzo de Ourique (homic\u00eddio) e pelo DIAP de Ferreira do Alentejo (tentativa de roubo).","og_url":"https:\/\/portaltela.pt\/noticias\/2026\/01\/20\/mulher-suspeita-de-homicidio-de-idoso-em-aljustrel-fica-em-prisao-preventiva\/","og_site_name":"Portal Tela Portugal","article_published_time":"2026-01-20T13:11:00+00:00","author":"Telinha","twitter_card":"summary_large_image","twitter_misc":{"Escrito por":"Telinha","Tempo estimado de leitura":"1 minuto"},"schema":{"@context":"https:\/\/schema.org","@graph":[{"@type":"Article","@id":"https:\/\/portaltela.pt\/noticias\/2026\/01\/20\/mulher-suspeita-de-homicidio-de-idoso-em-aljustrel-fica-em-prisao-preventiva\/#article","isPartOf":{"@id":"https:\/\/portaltela.pt\/noticias\/2026\/01\/20\/mulher-suspeita-de-homicidio-de-idoso-em-aljustrel-fica-em-prisao-preventiva\/"},"author":{"name":"Telinha","@id":"https:\/\/portaltela.pt\/#\/schema\/person\/c4278d4a6028830caff9ee44b42d32ed"},"headline":"Mulher suspeita de homic\u00eddio de idoso em Aljustrel fica em pris\u00e3o preventiva","datePublished":"2026-01-20T13:11:00+00:00","mainEntityOfPage":{"@id":"https:\/\/portaltela.pt\/noticias\/2026\/01\/20\/mulher-suspeita-de-homicidio-de-idoso-em-aljustrel-fica-em-prisao-preventiva\/"},"wordCount":236,"image":{"@id":"https:\/\/portaltela.pt\/noticias\/2026\/01\/20\/mulher-suspeita-de-homicidio-de-idoso-em-aljustrel-fica-em-prisao-preventiva\/#primaryimage"},"thumbnailUrl":"https:\/\/portaltela.pt\/s.01k8rhncp4jt1\/2026\/01\/62f5cdee-3059-4fc3-a141-200ed2eacb97_1200x675.jpg","keywords":["Aljustrel","Beja","Ervidel","homic\u00eddio","Odemira","profana\u00e7\u00e3o de cad\u00e1ver"],"articleSection":["Not\u00edcias"],"inLanguage":"pt-PT"},{"@type":"WebPage","@id":"https:\/\/portaltela.pt\/noticias\/2026\/01\/20\/mulher-suspeita-de-homicidio-de-idoso-em-aljustrel-fica-em-prisao-preventiva\/","url":"https:\/\/portaltela.pt\/noticias\/2026\/01\/20\/mulher-suspeita-de-homicidio-de-idoso-em-aljustrel-fica-em-prisao-preventiva\/","name":"Mulher suspeita de homic\u00eddio de idoso em Aljustrel fica em pris\u00e3o preventiva - Portal Tela Portugal","isPartOf":{"@id":"https:\/\/portaltela.pt\/#website"},"primaryImageOfPage":{"@id":"https:\/\/portaltela.pt\/noticias\/2026\/01\/20\/mulher-suspeita-de-homicidio-de-idoso-em-aljustrel-fica-em-prisao-preventiva\/#primaryimage"},"image":{"@id":"https:\/\/portaltela.pt\/noticias\/2026\/01\/20\/mulher-suspeita-de-homicidio-de-idoso-em-aljustrel-fica-em-prisao-preventiva\/#primaryimage"},"thumbnailUrl":"https:\/\/portaltela.pt\/s.01k8rhncp4jt1\/2026\/01\/62f5cdee-3059-4fc3-a141-200ed2eacb97_1200x675.jpg","datePublished":"2026-01-20T13:11:00+00:00","author":{"@id":"https:\/\/portaltela.pt\/#\/schema\/person\/c4278d4a6028830caff9ee44b42d32ed"},"breadcrumb":{"@id":"https:\/\/portaltela.pt\/noticias\/2026\/01\/20\/mulher-suspeita-de-homicidio-de-idoso-em-aljustrel-fica-em-prisao-preventiva\/#breadcrumb"},"inLanguage":"pt-PT","potentialAction":[{"@type":"ReadAction","target":["https:\/\/portaltela.pt\/noticias\/2026\/01\/20\/mulher-suspeita-de-homicidio-de-idoso-em-aljustrel-fica-em-prisao-preventiva\/"]}]},{"@type":"ImageObject","inLanguage":"pt-PT","@id":"https:\/\/portaltela.pt\/noticias\/2026\/01\/20\/mulher-suspeita-de-homicidio-de-idoso-em-aljustrel-fica-em-prisao-preventiva\/#primaryimage","url":"https:\/\/portaltela.pt\/s.01k8rhncp4jt1\/2026\/01\/62f5cdee-3059-4fc3-a141-200ed2eacb97_1200x675.jpg","contentUrl":"https:\/\/portaltela.pt\/s.01k8rhncp4jt1\/2026\/01\/62f5cdee-3059-4fc3-a141-200ed2eacb97_1200x675.jpg","width":796,"height":448,"caption":"Francisco Pratas e Vanessa Sabino foram detidos"},{"@type":"BreadcrumbList","@id":"https:\/\/portaltela.pt\/noticias\/2026\/01\/20\/mulher-suspeita-de-homicidio-de-idoso-em-aljustrel-fica-em-prisao-preventiva\/#breadcrumb","itemListElement":[{"@type":"ListItem","position":1,"name":"In\u00edcio","item":"https:\/\/portaltela.pt\/"},{"@type":"ListItem","position":2,"name":"Mulher suspeita de homic\u00eddio de idoso em Aljustrel fica em pris\u00e3o preventiva"}]},{"@type":"WebSite","@id":"https:\/\/portaltela.pt\/#website","url":"https:\/\/portaltela.pt\/","name":"Portal Tela Portugal","description":"","potentialAction":[{"@type":"SearchAction","target":{"@type":"EntryPoint","urlTemplate":"https:\/\/portaltela.pt\/?s={search_term_string}"},"query-input":{"@type":"PropertyValueSpecification","valueRequired":true,"valueName":"search_term_string"}}],"inLanguage":"pt-PT"},{"@type":"Person","@id":"https:\/\/portaltela.pt\/#\/schema\/person\/c4278d4a6028830caff9ee44b42d32ed","name":"Telinha","image":{"@type":"ImageObject","inLanguage":"pt-PT","@id":"https:\/\/portaltela.pt\/s.01k8rhncp4jt1\/2025\/11\/talking-bot-125x125.png","url":"https:\/\/portaltela.pt\/s.01k8rhncp4jt1\/2025\/11\/talking-bot-125x125.png","contentUrl":"https:\/\/portaltela.pt\/s.01k8rhncp4jt1\/2025\/11\/talking-bot-125x125.png","caption":"Telinha"},"sameAs":["https:\/\/portaltela.pt\/"],"url":"https:\/\/portaltela.pt\/por\/367410592786\/"}]}},"_links":{"self":[{"href":"https:\/\/portaltela.pt\/api\/wp\/v2\/posts\/156151","targetHints":{"allow":["GET"]}}],"collection":[{"href":"https:\/\/portaltela.pt\/api\/wp\/v2\/posts"}],"about":[{"href":"https:\/\/portaltela.pt\/api\/wp\/v2\/types\/post"}],"author":[{"embeddable":true,"href":"https:\/\/portaltela.pt\/api\/wp\/v2\/users\/2"}],"replies":[{"embeddable":true,"href":"https:\/\/portaltela.pt\/api\/wp\/v2\/comments?post=156151"}],"version-history":[{"count":0,"href":"https:\/\/portaltela.pt\/api\/wp\/v2\/posts\/156151\/revisions"}],"wp:featuredmedia":[{"embeddable":true,"href":"https:\/\/portaltela.pt\/api\/wp\/v2\/media\/156156"}],"wp:attachment":[{"href":"https:\/\/portaltela.pt\/api\/wp\/v2\/media?parent=156151"}],"wp:term":[{"taxonomy":"category","embeddable":true,"href":"https:\/\/portaltela.pt\/api\/wp\/v2\/categories?post=156151"},{"taxonomy":"post_tag","embeddable":true,"href":"https:\/\/portaltela.pt\/api\/wp\/v2\/tags?post=156151"}],"curies":[{"name":"wp","href":"https:\/\/api.w.org\/{rel}","templated":true}]}}