{"id":156075,"date":"2026-01-19T21:00:00","date_gmt":"2026-01-20T00:00:00","guid":{"rendered":"https:\/\/portaltela.pt\/noticias\/2026\/01\/19\/resumo-das-noticias-das-12h-7\/"},"modified":"2026-01-19T21:00:00","modified_gmt":"2026-01-20T00:00:00","slug":"resumo-das-noticias-das-12h-7","status":"publish","type":"post","link":"https:\/\/portaltela.pt\/noticias\/politica\/2026\/01\/19\/resumo-das-noticias-das-12h-7\/","title":{"rendered":"Resumo das not\u00edcias das 12h"},"content":{"rendered":"<p>A R\u00e1dio Observador apresenta as not\u00edcias das 12h para o dia 20 de janeiro de 2026, com foco em atualidades nacionais e internacionais. O formato combina s\u00edntese r\u00e1pida com an\u00e1lises e relatos de fontes diretas, mantendo o leitor bem informado ao longo do dia. O objetivo \u00e9 oferecer informa\u00e7\u00e3o objetiva, sem julgamentos, em voz ativa e com fluidez de leitura.<\/p>\n<p>O operador de informa\u00e7\u00e3o valoriza a atualiza\u00e7\u00e3o cont\u00ednua, com resumos de programas e destaques de conte\u00fado. A equipa de jornalismo da reda\u00e7\u00e3o, em parceria com especialistas, explica as principais hist\u00f3rias do dia, complementando com entrevistas e s\u00ednteses r\u00e1pidas para facilitar o acompanhamento das not\u00edcias mais relevantes.<\/p>\n<h3>Em destaque<\/h3>\n<p>Jos\u00e9 Manuel Fernandes e Helena Matos apresentam, diariamente, uma vis\u00e3o dos acontecimentos do dia, com participa\u00e7\u00e3o de ouvintes que se podem inscrever pelos contactos oficiais. Miguel Pinheiro analisa tr\u00eas figuras ao longo da manh\u00e3, destacando o que \u00e9 bom, mau e mau em termos de relev\u00e2ncia p\u00fablica. O objetivo \u00e9 oferecer dois a tr\u00eas minutos de leitura r\u00e1pida sobre as pe\u00e7as centrais da actualidade.<\/p>\n<h3>Em destaque (continua\u00e7\u00e3o)<\/h3>\n<p>O canal promete explicar, em cerca de 15 minutos, as hist\u00f3rias mais importantes do dia, com entrevistas a jornalistas e especialistas. O objetivo \u00e9 esclarecer o contexto das not\u00edcias mais relevantes, com um resumo essencial para quem tem pouco tempo.<\/p>\n<h3>Recentes<\/h3>\n<ul>\n<li>Teresa Leal Coelho: N\u00e3o gostei da campanha eleitoral.<\/li>\n<li>10h Megaopera\u00e7\u00e3o da PJ contra crimes de \u00f3dio do Grupo 1143.<\/li>\n<li>9h Subiu para 41 o n\u00famero de mortos em C\u00f3rdoba.<\/li>\n<li>Cotrim, o amado pelos jovens e Seguro, o amado das mulheres.<\/li>\n<li>Seguro deve ter-se rido muito a ler o que Marta Temido disse.<\/li>\n<li>A segunda volta j\u00e1 come\u00e7ou?<\/li>\n<li>O rouco que n\u00e3o se cala e o derrotado que n\u00e3o desiste.<\/li>\n<li>8h Lu\u00eds Montenegro re\u00fane-se com o secret\u00e1rio-geral da CGTP.<\/li>\n<\/ul>\n<p>Estas notas condensam temas que v\u00e3o desde campanhas eleitorais, opera\u00e7\u00f5es policiais, trag\u00e9dias internacionais e perspetivas pol\u00edticas nacionais. A programa\u00e7\u00e3o da R\u00e1dio Observador continua a explorar a fundo cada uma destas mat\u00e9rias, com entrevistas, dados verific\u00e1veis e an\u00e1lises de contexto, sempre com rigor factual.<\/p>\n","protected":false},"excerpt":{"rendered":"<ul>\n<li>A R\u00e1dio Observador apresenta as not\u00edcias das 12h de 20 de janeiro de 2026, com v\u00e1rias pe\u00e7as em destaque.<\/li>\n<li>Megaopera\u00e7\u00e3o da Pol\u00edcia Judici\u00e1ria contra crimes de \u00f3dio do Grupo setenta e quatro? No texto \u00e9 Grupo 1143.<\/li>\n<li>Subiu para 41 o n\u00famero de mortos em C\u00f3rdoba e h\u00e1 cobertura cont\u00ednua sobre o assunto.<\/li>\n<li>Destaques sobre figuras p\u00fablicas: Cotrim, o amado pelos jovens, e Seguro, o amado pelas mulheres, al\u00e9m de refer\u00eancias \u00e0s declara\u00e7\u00f5es de Marta Temido.<\/li>\n<li>Programa\u00e7\u00e3o e debates em foco: segunda volta a interrogar-se j\u00e1 come\u00e7ou; agenda com Lu\u00eds Montenegro e CGTP; e as leituras de Jos\u00e9 Manuel Fernandes e Helena Matos.<\/li>\n<\/ul>\n","protected":false},"author":2,"featured_media":156076,"comment_status":"closed","ping_status":"closed","sticky":false,"template":"","format":"standard","meta":{"footnotes":""},"categories":[1,5],"tags":[823,2903,68,506,195,2832],"class_list":["post-156075","post","type-post","status-publish","format-standard","has-post-thumbnail","hentry","category-noticias","category-politica","tag-campanha","tag-cotrim","tag-eleicoes","tag-imprensa","tag-informacao","tag-politica"],"yoast_head":"<!-- This site is optimized with the Yoast SEO plugin v27.2 - https:\/\/yoast.com\/product\/yoast-seo-wordpress\/ -->\n<title>Resumo das not\u00edcias das 12h - Portal Tela Portugal<\/title>\n<meta name=\"robots\" content=\"index, follow, max-snippet:-1, max-image-preview:large, max-video-preview:-1\" \/>\n<meta property=\"og:locale\" content=\"pt_PT\" \/>\n<meta property=\"og:type\" content=\"article\" \/>\n<meta property=\"og:title\" content=\"Resumo das not\u00edcias das 12h - Portal Tela Portugal\" \/>\n<meta property=\"og:description\" content=\"A R\u00e1dio Observador apresenta as not\u00edcias das 12h de 20 de janeiro de 2026, com v\u00e1rias pe\u00e7as em destaque. Megaopera\u00e7\u00e3o da Pol\u00edcia Judici\u00e1ria contra crimes de \u00f3dio do Grupo setenta e quatro? No texto \u00e9 Grupo 1143. Subiu para 41 o n\u00famero de mortos em C\u00f3rdoba e h\u00e1 cobertura cont\u00ednua sobre o assunto. Destaques sobre figuras p\u00fablicas: Cotrim, o amado pelos jovens, e Seguro, o amado pelas mulheres, al\u00e9m de refer\u00eancias \u00e0s declara\u00e7\u00f5es de Marta Temido. Programa\u00e7\u00e3o e debates em foco: segunda volta a interrogar-se j\u00e1 come\u00e7ou; agenda com Lu\u00eds Montenegro e CGTP; e as leituras de Jos\u00e9 Manuel Fernandes e Helena Matos.\" \/>\n<meta property=\"og:url\" content=\"https:\/\/portaltela.pt\/noticias\/2026\/01\/19\/resumo-das-noticias-das-12h-7\/\" \/>\n<meta property=\"og:site_name\" content=\"Portal Tela Portugal\" \/>\n<meta property=\"article:published_time\" content=\"2026-01-20T00:00:00+00:00\" \/>\n<meta name=\"author\" content=\"Telinha\" \/>\n<meta name=\"twitter:card\" content=\"summary_large_image\" \/>\n<meta name=\"twitter:label1\" content=\"Escrito por\" \/>\n\t<meta name=\"twitter:data1\" content=\"Telinha\" \/>\n\t<meta name=\"twitter:label2\" content=\"Tempo estimado de leitura\" \/>\n\t<meta name=\"twitter:data2\" content=\"2 minutos\" \/>\n<script type=\"application\/ld+json\" class=\"yoast-schema-graph\">{\"@context\":\"https:\/\/schema.org\",\"@graph\":[{\"@type\":\"Article\",\"@id\":\"https:\/\/portaltela.pt\/noticias\/2026\/01\/19\/resumo-das-noticias-das-12h-7\/#article\",\"isPartOf\":{\"@id\":\"https:\/\/portaltela.pt\/noticias\/2026\/01\/19\/resumo-das-noticias-das-12h-7\/\"},\"author\":{\"name\":\"Telinha\",\"@id\":\"https:\/\/portaltela.pt\/#\/schema\/person\/c4278d4a6028830caff9ee44b42d32ed\"},\"headline\":\"Resumo das not\u00edcias das 12h\",\"datePublished\":\"2026-01-20T00:00:00+00:00\",\"mainEntityOfPage\":{\"@id\":\"https:\/\/portaltela.pt\/noticias\/2026\/01\/19\/resumo-das-noticias-das-12h-7\/\"},\"wordCount\":379,\"image\":{\"@id\":\"https:\/\/portaltela.pt\/noticias\/2026\/01\/19\/resumo-das-noticias-das-12h-7\/#primaryimage\"},\"thumbnailUrl\":\"https:\/\/portaltela.pt\/s.01k8rhncp4jt1\/2026\/01\/770-podcast-noticiario-293.jpg\",\"keywords\":[\"campanha\",\"Cotrim\",\"elei\u00e7\u00f5es\",\"imprensa\",\"informa\u00e7\u00e3o\",\"pol\u00edtica\"],\"articleSection\":[\"Not\u00edcias\",\"Pol\u00edtica\"],\"inLanguage\":\"pt-PT\"},{\"@type\":\"WebPage\",\"@id\":\"https:\/\/portaltela.pt\/noticias\/2026\/01\/19\/resumo-das-noticias-das-12h-7\/\",\"url\":\"https:\/\/portaltela.pt\/noticias\/2026\/01\/19\/resumo-das-noticias-das-12h-7\/\",\"name\":\"Resumo das not\u00edcias das 12h - Portal Tela Portugal\",\"isPartOf\":{\"@id\":\"https:\/\/portaltela.pt\/#website\"},\"primaryImageOfPage\":{\"@id\":\"https:\/\/portaltela.pt\/noticias\/2026\/01\/19\/resumo-das-noticias-das-12h-7\/#primaryimage\"},\"image\":{\"@id\":\"https:\/\/portaltela.pt\/noticias\/2026\/01\/19\/resumo-das-noticias-das-12h-7\/#primaryimage\"},\"thumbnailUrl\":\"https:\/\/portaltela.pt\/s.01k8rhncp4jt1\/2026\/01\/770-podcast-noticiario-293.jpg\",\"datePublished\":\"2026-01-20T00:00:00+00:00\",\"author\":{\"@id\":\"https:\/\/portaltela.pt\/#\/schema\/person\/c4278d4a6028830caff9ee44b42d32ed\"},\"breadcrumb\":{\"@id\":\"https:\/\/portaltela.pt\/noticias\/2026\/01\/19\/resumo-das-noticias-das-12h-7\/#breadcrumb\"},\"inLanguage\":\"pt-PT\",\"potentialAction\":[{\"@type\":\"ReadAction\",\"target\":[\"https:\/\/portaltela.pt\/noticias\/2026\/01\/19\/resumo-das-noticias-das-12h-7\/\"]}]},{\"@type\":\"ImageObject\",\"inLanguage\":\"pt-PT\",\"@id\":\"https:\/\/portaltela.pt\/noticias\/2026\/01\/19\/resumo-das-noticias-das-12h-7\/#primaryimage\",\"url\":\"https:\/\/portaltela.pt\/s.01k8rhncp4jt1\/2026\/01\/770-podcast-noticiario-293.jpg\",\"contentUrl\":\"https:\/\/portaltela.pt\/s.01k8rhncp4jt1\/2026\/01\/770-podcast-noticiario-293.jpg\",\"width\":796,\"height\":448,\"caption\":\"Capa do programa\"},{\"@type\":\"BreadcrumbList\",\"@id\":\"https:\/\/portaltela.pt\/noticias\/2026\/01\/19\/resumo-das-noticias-das-12h-7\/#breadcrumb\",\"itemListElement\":[{\"@type\":\"ListItem\",\"position\":1,\"name\":\"In\u00edcio\",\"item\":\"https:\/\/portaltela.pt\/\"},{\"@type\":\"ListItem\",\"position\":2,\"name\":\"Resumo das not\u00edcias das 12h\"}]},{\"@type\":\"WebSite\",\"@id\":\"https:\/\/portaltela.pt\/#website\",\"url\":\"https:\/\/portaltela.pt\/\",\"name\":\"Portal Tela Portugal\",\"description\":\"\",\"potentialAction\":[{\"@type\":\"SearchAction\",\"target\":{\"@type\":\"EntryPoint\",\"urlTemplate\":\"https:\/\/portaltela.pt\/?s={search_term_string}\"},\"query-input\":{\"@type\":\"PropertyValueSpecification\",\"valueRequired\":true,\"valueName\":\"search_term_string\"}}],\"inLanguage\":\"pt-PT\"},{\"@type\":\"Person\",\"@id\":\"https:\/\/portaltela.pt\/#\/schema\/person\/c4278d4a6028830caff9ee44b42d32ed\",\"name\":\"Telinha\",\"image\":{\"@type\":\"ImageObject\",\"inLanguage\":\"pt-PT\",\"@id\":\"https:\/\/portaltela.pt\/s.01k8rhncp4jt1\/2025\/11\/talking-bot-125x125.png\",\"url\":\"https:\/\/portaltela.pt\/s.01k8rhncp4jt1\/2025\/11\/talking-bot-125x125.png\",\"contentUrl\":\"https:\/\/portaltela.pt\/s.01k8rhncp4jt1\/2025\/11\/talking-bot-125x125.png\",\"caption\":\"Telinha\"},\"sameAs\":[\"https:\/\/portaltela.pt\/\"],\"url\":\"https:\/\/portaltela.pt\/por\/367410592786\/\"}]}<\/script>\n<!-- \/ Yoast SEO plugin. -->","yoast_head_json":{"title":"Resumo das not\u00edcias das 12h - Portal Tela Portugal","robots":{"index":"index","follow":"follow","max-snippet":"max-snippet:-1","max-image-preview":"max-image-preview:large","max-video-preview":"max-video-preview:-1"},"og_locale":"pt_PT","og_type":"article","og_title":"Resumo das not\u00edcias das 12h - Portal Tela Portugal","og_description":"A R\u00e1dio Observador apresenta as not\u00edcias das 12h de 20 de janeiro de 2026, com v\u00e1rias pe\u00e7as em destaque. Megaopera\u00e7\u00e3o da Pol\u00edcia Judici\u00e1ria contra crimes de \u00f3dio do Grupo setenta e quatro? No texto \u00e9 Grupo 1143. Subiu para 41 o n\u00famero de mortos em C\u00f3rdoba e h\u00e1 cobertura cont\u00ednua sobre o assunto. Destaques sobre figuras p\u00fablicas: Cotrim, o amado pelos jovens, e Seguro, o amado pelas mulheres, al\u00e9m de refer\u00eancias \u00e0s declara\u00e7\u00f5es de Marta Temido. Programa\u00e7\u00e3o e debates em foco: segunda volta a interrogar-se j\u00e1 come\u00e7ou; agenda com Lu\u00eds Montenegro e CGTP; e as leituras de Jos\u00e9 Manuel Fernandes e Helena Matos.","og_url":"https:\/\/portaltela.pt\/noticias\/2026\/01\/19\/resumo-das-noticias-das-12h-7\/","og_site_name":"Portal Tela Portugal","article_published_time":"2026-01-20T00:00:00+00:00","author":"Telinha","twitter_card":"summary_large_image","twitter_misc":{"Escrito por":"Telinha","Tempo estimado de leitura":"2 minutos"},"schema":{"@context":"https:\/\/schema.org","@graph":[{"@type":"Article","@id":"https:\/\/portaltela.pt\/noticias\/2026\/01\/19\/resumo-das-noticias-das-12h-7\/#article","isPartOf":{"@id":"https:\/\/portaltela.pt\/noticias\/2026\/01\/19\/resumo-das-noticias-das-12h-7\/"},"author":{"name":"Telinha","@id":"https:\/\/portaltela.pt\/#\/schema\/person\/c4278d4a6028830caff9ee44b42d32ed"},"headline":"Resumo das not\u00edcias das 12h","datePublished":"2026-01-20T00:00:00+00:00","mainEntityOfPage":{"@id":"https:\/\/portaltela.pt\/noticias\/2026\/01\/19\/resumo-das-noticias-das-12h-7\/"},"wordCount":379,"image":{"@id":"https:\/\/portaltela.pt\/noticias\/2026\/01\/19\/resumo-das-noticias-das-12h-7\/#primaryimage"},"thumbnailUrl":"https:\/\/portaltela.pt\/s.01k8rhncp4jt1\/2026\/01\/770-podcast-noticiario-293.jpg","keywords":["campanha","Cotrim","elei\u00e7\u00f5es","imprensa","informa\u00e7\u00e3o","pol\u00edtica"],"articleSection":["Not\u00edcias","Pol\u00edtica"],"inLanguage":"pt-PT"},{"@type":"WebPage","@id":"https:\/\/portaltela.pt\/noticias\/2026\/01\/19\/resumo-das-noticias-das-12h-7\/","url":"https:\/\/portaltela.pt\/noticias\/2026\/01\/19\/resumo-das-noticias-das-12h-7\/","name":"Resumo das not\u00edcias das 12h - Portal Tela Portugal","isPartOf":{"@id":"https:\/\/portaltela.pt\/#website"},"primaryImageOfPage":{"@id":"https:\/\/portaltela.pt\/noticias\/2026\/01\/19\/resumo-das-noticias-das-12h-7\/#primaryimage"},"image":{"@id":"https:\/\/portaltela.pt\/noticias\/2026\/01\/19\/resumo-das-noticias-das-12h-7\/#primaryimage"},"thumbnailUrl":"https:\/\/portaltela.pt\/s.01k8rhncp4jt1\/2026\/01\/770-podcast-noticiario-293.jpg","datePublished":"2026-01-20T00:00:00+00:00","author":{"@id":"https:\/\/portaltela.pt\/#\/schema\/person\/c4278d4a6028830caff9ee44b42d32ed"},"breadcrumb":{"@id":"https:\/\/portaltela.pt\/noticias\/2026\/01\/19\/resumo-das-noticias-das-12h-7\/#breadcrumb"},"inLanguage":"pt-PT","potentialAction":[{"@type":"ReadAction","target":["https:\/\/portaltela.pt\/noticias\/2026\/01\/19\/resumo-das-noticias-das-12h-7\/"]}]},{"@type":"ImageObject","inLanguage":"pt-PT","@id":"https:\/\/portaltela.pt\/noticias\/2026\/01\/19\/resumo-das-noticias-das-12h-7\/#primaryimage","url":"https:\/\/portaltela.pt\/s.01k8rhncp4jt1\/2026\/01\/770-podcast-noticiario-293.jpg","contentUrl":"https:\/\/portaltela.pt\/s.01k8rhncp4jt1\/2026\/01\/770-podcast-noticiario-293.jpg","width":796,"height":448,"caption":"Capa do programa"},{"@type":"BreadcrumbList","@id":"https:\/\/portaltela.pt\/noticias\/2026\/01\/19\/resumo-das-noticias-das-12h-7\/#breadcrumb","itemListElement":[{"@type":"ListItem","position":1,"name":"In\u00edcio","item":"https:\/\/portaltela.pt\/"},{"@type":"ListItem","position":2,"name":"Resumo das not\u00edcias das 12h"}]},{"@type":"WebSite","@id":"https:\/\/portaltela.pt\/#website","url":"https:\/\/portaltela.pt\/","name":"Portal Tela Portugal","description":"","potentialAction":[{"@type":"SearchAction","target":{"@type":"EntryPoint","urlTemplate":"https:\/\/portaltela.pt\/?s={search_term_string}"},"query-input":{"@type":"PropertyValueSpecification","valueRequired":true,"valueName":"search_term_string"}}],"inLanguage":"pt-PT"},{"@type":"Person","@id":"https:\/\/portaltela.pt\/#\/schema\/person\/c4278d4a6028830caff9ee44b42d32ed","name":"Telinha","image":{"@type":"ImageObject","inLanguage":"pt-PT","@id":"https:\/\/portaltela.pt\/s.01k8rhncp4jt1\/2025\/11\/talking-bot-125x125.png","url":"https:\/\/portaltela.pt\/s.01k8rhncp4jt1\/2025\/11\/talking-bot-125x125.png","contentUrl":"https:\/\/portaltela.pt\/s.01k8rhncp4jt1\/2025\/11\/talking-bot-125x125.png","caption":"Telinha"},"sameAs":["https:\/\/portaltela.pt\/"],"url":"https:\/\/portaltela.pt\/por\/367410592786\/"}]}},"_links":{"self":[{"href":"https:\/\/portaltela.pt\/api\/wp\/v2\/posts\/156075","targetHints":{"allow":["GET"]}}],"collection":[{"href":"https:\/\/portaltela.pt\/api\/wp\/v2\/posts"}],"about":[{"href":"https:\/\/portaltela.pt\/api\/wp\/v2\/types\/post"}],"author":[{"embeddable":true,"href":"https:\/\/portaltela.pt\/api\/wp\/v2\/users\/2"}],"replies":[{"embeddable":true,"href":"https:\/\/portaltela.pt\/api\/wp\/v2\/comments?post=156075"}],"version-history":[{"count":0,"href":"https:\/\/portaltela.pt\/api\/wp\/v2\/posts\/156075\/revisions"}],"wp:featuredmedia":[{"embeddable":true,"href":"https:\/\/portaltela.pt\/api\/wp\/v2\/media\/156076"}],"wp:attachment":[{"href":"https:\/\/portaltela.pt\/api\/wp\/v2\/media?parent=156075"}],"wp:term":[{"taxonomy":"category","embeddable":true,"href":"https:\/\/portaltela.pt\/api\/wp\/v2\/categories?post=156075"},{"taxonomy":"post_tag","embeddable":true,"href":"https:\/\/portaltela.pt\/api\/wp\/v2\/tags?post=156075"}],"curies":[{"name":"wp","href":"https:\/\/api.w.org\/{rel}","templated":true}]}}