{"id":156044,"date":"2026-01-20T09:17:00","date_gmt":"2026-01-20T12:17:00","guid":{"rendered":"https:\/\/portaltela.pt\/noticias\/2026\/01\/20\/atleta-do-vitoria-de-santarem-convocado-para-a-selecao-sub-15-de-futsal\/"},"modified":"2026-01-20T09:17:00","modified_gmt":"2026-01-20T12:17:00","slug":"atleta-do-vitoria-de-santarem-convocado-para-a-selecao-sub-15-de-futsal","status":"publish","type":"post","link":"https:\/\/portaltela.pt\/desporto\/futebol\/2026\/01\/20\/atleta-do-vitoria-de-santarem-convocado-para-a-selecao-sub-15-de-futsal\/","title":{"rendered":"Atleta do Vit\u00f3ria de Santar\u00e9m convocado para a Sele\u00e7\u00e3o Sub-15 de Futsal"},"content":{"rendered":"<p>Victor Faria, atleta de 14 anos do escal\u00e3o de iniciados do Vit\u00f3ria Clube de Santar\u00e9m, foi convocado para o est\u00e1gio de prepara\u00e7\u00e3o da Sele\u00e7\u00e3o Nacional Sub-15 de Futsal. O est\u00e1gio decorre entre 18 e 21 de janeiro na Cidade do Futebol, em Oeiras. O jovem vitoriano recebe pela primeira vez a confian\u00e7a da estrutura t\u00e9cnica nacional, ap\u00f3s se destacar no Torneio Interassocia\u00e7\u00f5es da categoria, realizado no distrito da Guarda.<\/p>\n<p>Este \u00e9 o 18.\u00ba atleta do emblema escalabitano a ser chamado \u00e0s sele\u00e7\u00f5es nacionais de futsal na \u00faltima d\u00e9cada. O clube destaca que a chamada \u00e9 um pr\u00e9mio para a qualidade e evolu\u00e7\u00e3o observadas no trajeto pessoal e desportivo do jogador, em conjunto com treinadores e demais agentes da forma\u00e7\u00e3o.<\/p>\n<h3>Contexto do clube e forma\u00e7\u00e3o<\/h3>\n<p>O Vit\u00f3ria Clube de Santar\u00e9m \u00e9 reconhecido pela sua academia, detentora do estatuto de entidade formadora duplamente certificada com 4 estrelas pela Federa\u00e7\u00e3o Portuguesa de Futebol, em futsal masculino e feminino. Na \u00e9poca 2025\/2026, o clube participa em tr\u00eas campeonatos nacionais: seniores masculinos, seniores femininos e juniores femininos, mantendo um percurso s\u00f3lido nas competi\u00e7\u00f5es distritais de forma\u00e7\u00e3o.<\/p>\n<p>Na presente temporada, as equipas de forma\u00e7\u00e3o do clube ocupam os primeiros lugares nos campeonatos de infantis, iniciados e juvenis masculinos. No \u00faltimo fim de semana, registou-se o 15.\u00ba triunfo consecutivo dos juvenis, com Jo\u00e3o Esteves a tornar-se o melhor marcador de sempre do clube, com 440 golos, ultrapassando o recorde de Xavi Malpique.<\/p>\n","protected":false},"excerpt":{"rendered":"<ul>\n<li>Victor Faria, atleta de 14 anos do Vit\u00f3ria Clube de Santar\u00e9m, foi convocado para o est\u00e1gio da Sele\u00e7\u00e3o Nacional Sub-15 de Futsal, de 18 a 21 de janeiro, na Cidade do Futebol, em Oeiras.<\/li>\n<li>Est\u00e1 numa quinta \u00e9poca no clube, e a chamada marca a primeira confian\u00e7a da estrutura t\u00e9cnica nacional ap\u00f3s o destaque no Torneio Interassocia\u00e7\u00f5es da Guarda.<\/li>\n<li>O Vit\u00f3ria descreve a convocat\u00f3ria como pr\u00e9mio pela qualidade e evolu\u00e7\u00e3o do jogador, real\u00e7ando a forma\u00e7\u00e3o da academia azul e branca, j\u00e1 respons\u00e1vel pela presen\u00e7a de 18 atletas em sele\u00e7\u00f5es nacionais nos \u00faltimos dez anos.<\/li>\n<li>Na \u00e9poca 2025\/2026, o clube compete em tr\u00eas campeonatos nacionais (seniores masculinos, seniores femininos e juniores femininos) e mant\u00e9m-se l\u00edder em v\u00e1rios escal\u00f5es de forma\u00e7\u00e3o, com as equipas principais ainda invictas.<\/li>\n<li>No \u00faltimo fim de semana, os juvenis venceram pela 15.\u00aa vez consecutiva, e Jo\u00e3o Esteves tornou-se o melhor marcador de sempre do clube, com 440 golos, superando Xavi Malpique (436).<\/li>\n<\/ul>\n","protected":false},"author":2,"featured_media":156061,"comment_status":"closed","ping_status":"closed","sticky":false,"template":"","format":"standard","meta":{"footnotes":""},"categories":[21,24],"tags":[152,161,3549,2928,898,2057],"class_list":["post-156044","post","type-post","status-publish","format-standard","has-post-thumbnail","hentry","category-desporto","category-futebol","tag-desporto","tag-futsal","tag-iniciados","tag-juvenis","tag-santarem","tag-selecao-nacional"],"yoast_head":"<!-- This site is optimized with the Yoast SEO plugin v27.2 - https:\/\/yoast.com\/product\/yoast-seo-wordpress\/ -->\n<title>Atleta do Vit\u00f3ria de Santar\u00e9m convocado para a Sele\u00e7\u00e3o Sub-15 de Futsal - Portal Tela Portugal<\/title>\n<meta name=\"robots\" content=\"index, follow, max-snippet:-1, max-image-preview:large, max-video-preview:-1\" \/>\n<meta property=\"og:locale\" content=\"pt_PT\" \/>\n<meta property=\"og:type\" content=\"article\" \/>\n<meta property=\"og:title\" content=\"Atleta do Vit\u00f3ria de Santar\u00e9m convocado para a Sele\u00e7\u00e3o Sub-15 de Futsal - Portal Tela Portugal\" \/>\n<meta property=\"og:description\" content=\"Victor Faria, atleta de 14 anos do Vit\u00f3ria Clube de Santar\u00e9m, foi convocado para o est\u00e1gio da Sele\u00e7\u00e3o Nacional Sub-15 de Futsal, de 18 a 21 de janeiro, na Cidade do Futebol, em Oeiras. Est\u00e1 numa quinta \u00e9poca no clube, e a chamada marca a primeira confian\u00e7a da estrutura t\u00e9cnica nacional ap\u00f3s o destaque no Torneio Interassocia\u00e7\u00f5es da Guarda. O Vit\u00f3ria descreve a convocat\u00f3ria como pr\u00e9mio pela qualidade e evolu\u00e7\u00e3o do jogador, real\u00e7ando a forma\u00e7\u00e3o da academia azul e branca, j\u00e1 respons\u00e1vel pela presen\u00e7a de 18 atletas em sele\u00e7\u00f5es nacionais nos \u00faltimos dez anos. Na \u00e9poca 2025\/2026, o clube compete em tr\u00eas campeonatos nacionais (seniores masculinos, seniores femininos e juniores femininos) e mant\u00e9m-se l\u00edder em v\u00e1rios escal\u00f5es de forma\u00e7\u00e3o, com as equipas principais ainda invictas. No \u00faltimo fim de semana, os juvenis venceram pela 15.\u00aa vez consecutiva, e Jo\u00e3o Esteves tornou-se o melhor marcador de sempre do clube, com 440 golos, superando Xavi Malpique (436).\" \/>\n<meta property=\"og:url\" content=\"https:\/\/portaltela.pt\/noticias\/2026\/01\/20\/atleta-do-vitoria-de-santarem-convocado-para-a-selecao-sub-15-de-futsal\/\" \/>\n<meta property=\"og:site_name\" content=\"Portal Tela Portugal\" \/>\n<meta property=\"article:published_time\" content=\"2026-01-20T12:17:00+00:00\" \/>\n<meta name=\"author\" content=\"Telinha\" \/>\n<meta name=\"twitter:card\" content=\"summary_large_image\" \/>\n<meta name=\"twitter:label1\" content=\"Escrito por\" \/>\n\t<meta name=\"twitter:data1\" content=\"Telinha\" \/>\n\t<meta name=\"twitter:label2\" content=\"Tempo estimado de leitura\" \/>\n\t<meta name=\"twitter:data2\" content=\"1 minuto\" \/>\n<script type=\"application\/ld+json\" class=\"yoast-schema-graph\">{\"@context\":\"https:\/\/schema.org\",\"@graph\":[{\"@type\":\"Article\",\"@id\":\"https:\/\/portaltela.pt\/noticias\/2026\/01\/20\/atleta-do-vitoria-de-santarem-convocado-para-a-selecao-sub-15-de-futsal\/#article\",\"isPartOf\":{\"@id\":\"https:\/\/portaltela.pt\/noticias\/2026\/01\/20\/atleta-do-vitoria-de-santarem-convocado-para-a-selecao-sub-15-de-futsal\/\"},\"author\":{\"name\":\"Telinha\",\"@id\":\"https:\/\/portaltela.pt\/#\/schema\/person\/c4278d4a6028830caff9ee44b42d32ed\"},\"headline\":\"Atleta do Vit\u00f3ria de Santar\u00e9m convocado para a Sele\u00e7\u00e3o Sub-15 de Futsal\",\"datePublished\":\"2026-01-20T12:17:00+00:00\",\"mainEntityOfPage\":{\"@id\":\"https:\/\/portaltela.pt\/noticias\/2026\/01\/20\/atleta-do-vitoria-de-santarem-convocado-para-a-selecao-sub-15-de-futsal\/\"},\"wordCount\":265,\"image\":{\"@id\":\"https:\/\/portaltela.pt\/noticias\/2026\/01\/20\/atleta-do-vitoria-de-santarem-convocado-para-a-selecao-sub-15-de-futsal\/#primaryimage\"},\"thumbnailUrl\":\"https:\/\/portaltela.pt\/s.01k8rhncp4jt1\/2026\/01\/Victor-Faria-atleta-sub-15-do-Vitoria-Clube-de-Santarem-2.jpg\",\"keywords\":[\"desporto\",\"futsal\",\"iniciados\",\"Juvenis\",\"Santar\u00e9m\",\"Sele\u00e7\u00e3o Nacional\"],\"articleSection\":[\"Desporto\",\"Futebol\"],\"inLanguage\":\"pt-PT\"},{\"@type\":\"WebPage\",\"@id\":\"https:\/\/portaltela.pt\/noticias\/2026\/01\/20\/atleta-do-vitoria-de-santarem-convocado-para-a-selecao-sub-15-de-futsal\/\",\"url\":\"https:\/\/portaltela.pt\/noticias\/2026\/01\/20\/atleta-do-vitoria-de-santarem-convocado-para-a-selecao-sub-15-de-futsal\/\",\"name\":\"Atleta do Vit\u00f3ria de Santar\u00e9m convocado para a Sele\u00e7\u00e3o Sub-15 de Futsal - Portal Tela Portugal\",\"isPartOf\":{\"@id\":\"https:\/\/portaltela.pt\/#website\"},\"primaryImageOfPage\":{\"@id\":\"https:\/\/portaltela.pt\/noticias\/2026\/01\/20\/atleta-do-vitoria-de-santarem-convocado-para-a-selecao-sub-15-de-futsal\/#primaryimage\"},\"image\":{\"@id\":\"https:\/\/portaltela.pt\/noticias\/2026\/01\/20\/atleta-do-vitoria-de-santarem-convocado-para-a-selecao-sub-15-de-futsal\/#primaryimage\"},\"thumbnailUrl\":\"https:\/\/portaltela.pt\/s.01k8rhncp4jt1\/2026\/01\/Victor-Faria-atleta-sub-15-do-Vitoria-Clube-de-Santarem-2.jpg\",\"datePublished\":\"2026-01-20T12:17:00+00:00\",\"author\":{\"@id\":\"https:\/\/portaltela.pt\/#\/schema\/person\/c4278d4a6028830caff9ee44b42d32ed\"},\"breadcrumb\":{\"@id\":\"https:\/\/portaltela.pt\/noticias\/2026\/01\/20\/atleta-do-vitoria-de-santarem-convocado-para-a-selecao-sub-15-de-futsal\/#breadcrumb\"},\"inLanguage\":\"pt-PT\",\"potentialAction\":[{\"@type\":\"ReadAction\",\"target\":[\"https:\/\/portaltela.pt\/noticias\/2026\/01\/20\/atleta-do-vitoria-de-santarem-convocado-para-a-selecao-sub-15-de-futsal\/\"]}]},{\"@type\":\"ImageObject\",\"inLanguage\":\"pt-PT\",\"@id\":\"https:\/\/portaltela.pt\/noticias\/2026\/01\/20\/atleta-do-vitoria-de-santarem-convocado-para-a-selecao-sub-15-de-futsal\/#primaryimage\",\"url\":\"https:\/\/portaltela.pt\/s.01k8rhncp4jt1\/2026\/01\/Victor-Faria-atleta-sub-15-do-Vitoria-Clube-de-Santarem-2.jpg\",\"contentUrl\":\"https:\/\/portaltela.pt\/s.01k8rhncp4jt1\/2026\/01\/Victor-Faria-atleta-sub-15-do-Vitoria-Clube-de-Santarem-2.jpg\",\"width\":796,\"height\":448,\"caption\":\"Atleta do Vit\u00f3ria Clube de Santar\u00e9m convocado para a Sele\u00e7\u00e3o Nacional Sub-15 de Futsal\"},{\"@type\":\"BreadcrumbList\",\"@id\":\"https:\/\/portaltela.pt\/noticias\/2026\/01\/20\/atleta-do-vitoria-de-santarem-convocado-para-a-selecao-sub-15-de-futsal\/#breadcrumb\",\"itemListElement\":[{\"@type\":\"ListItem\",\"position\":1,\"name\":\"In\u00edcio\",\"item\":\"https:\/\/portaltela.pt\/\"},{\"@type\":\"ListItem\",\"position\":2,\"name\":\"Atleta do Vit\u00f3ria de Santar\u00e9m convocado para a Sele\u00e7\u00e3o Sub-15 de Futsal\"}]},{\"@type\":\"WebSite\",\"@id\":\"https:\/\/portaltela.pt\/#website\",\"url\":\"https:\/\/portaltela.pt\/\",\"name\":\"Portal Tela Portugal\",\"description\":\"\",\"potentialAction\":[{\"@type\":\"SearchAction\",\"target\":{\"@type\":\"EntryPoint\",\"urlTemplate\":\"https:\/\/portaltela.pt\/?s={search_term_string}\"},\"query-input\":{\"@type\":\"PropertyValueSpecification\",\"valueRequired\":true,\"valueName\":\"search_term_string\"}}],\"inLanguage\":\"pt-PT\"},{\"@type\":\"Person\",\"@id\":\"https:\/\/portaltela.pt\/#\/schema\/person\/c4278d4a6028830caff9ee44b42d32ed\",\"name\":\"Telinha\",\"image\":{\"@type\":\"ImageObject\",\"inLanguage\":\"pt-PT\",\"@id\":\"https:\/\/portaltela.pt\/s.01k8rhncp4jt1\/2025\/11\/talking-bot-125x125.png\",\"url\":\"https:\/\/portaltela.pt\/s.01k8rhncp4jt1\/2025\/11\/talking-bot-125x125.png\",\"contentUrl\":\"https:\/\/portaltela.pt\/s.01k8rhncp4jt1\/2025\/11\/talking-bot-125x125.png\",\"caption\":\"Telinha\"},\"sameAs\":[\"https:\/\/portaltela.pt\/\"],\"url\":\"https:\/\/portaltela.pt\/por\/367410592786\/\"}]}<\/script>\n<!-- \/ Yoast SEO plugin. -->","yoast_head_json":{"title":"Atleta do Vit\u00f3ria de Santar\u00e9m convocado para a Sele\u00e7\u00e3o Sub-15 de Futsal - Portal Tela Portugal","robots":{"index":"index","follow":"follow","max-snippet":"max-snippet:-1","max-image-preview":"max-image-preview:large","max-video-preview":"max-video-preview:-1"},"og_locale":"pt_PT","og_type":"article","og_title":"Atleta do Vit\u00f3ria de Santar\u00e9m convocado para a Sele\u00e7\u00e3o Sub-15 de Futsal - Portal Tela Portugal","og_description":"Victor Faria, atleta de 14 anos do Vit\u00f3ria Clube de Santar\u00e9m, foi convocado para o est\u00e1gio da Sele\u00e7\u00e3o Nacional Sub-15 de Futsal, de 18 a 21 de janeiro, na Cidade do Futebol, em Oeiras. Est\u00e1 numa quinta \u00e9poca no clube, e a chamada marca a primeira confian\u00e7a da estrutura t\u00e9cnica nacional ap\u00f3s o destaque no Torneio Interassocia\u00e7\u00f5es da Guarda. O Vit\u00f3ria descreve a convocat\u00f3ria como pr\u00e9mio pela qualidade e evolu\u00e7\u00e3o do jogador, real\u00e7ando a forma\u00e7\u00e3o da academia azul e branca, j\u00e1 respons\u00e1vel pela presen\u00e7a de 18 atletas em sele\u00e7\u00f5es nacionais nos \u00faltimos dez anos. Na \u00e9poca 2025\/2026, o clube compete em tr\u00eas campeonatos nacionais (seniores masculinos, seniores femininos e juniores femininos) e mant\u00e9m-se l\u00edder em v\u00e1rios escal\u00f5es de forma\u00e7\u00e3o, com as equipas principais ainda invictas. No \u00faltimo fim de semana, os juvenis venceram pela 15.\u00aa vez consecutiva, e Jo\u00e3o Esteves tornou-se o melhor marcador de sempre do clube, com 440 golos, superando Xavi Malpique (436).","og_url":"https:\/\/portaltela.pt\/noticias\/2026\/01\/20\/atleta-do-vitoria-de-santarem-convocado-para-a-selecao-sub-15-de-futsal\/","og_site_name":"Portal Tela Portugal","article_published_time":"2026-01-20T12:17:00+00:00","author":"Telinha","twitter_card":"summary_large_image","twitter_misc":{"Escrito por":"Telinha","Tempo estimado de leitura":"1 minuto"},"schema":{"@context":"https:\/\/schema.org","@graph":[{"@type":"Article","@id":"https:\/\/portaltela.pt\/noticias\/2026\/01\/20\/atleta-do-vitoria-de-santarem-convocado-para-a-selecao-sub-15-de-futsal\/#article","isPartOf":{"@id":"https:\/\/portaltela.pt\/noticias\/2026\/01\/20\/atleta-do-vitoria-de-santarem-convocado-para-a-selecao-sub-15-de-futsal\/"},"author":{"name":"Telinha","@id":"https:\/\/portaltela.pt\/#\/schema\/person\/c4278d4a6028830caff9ee44b42d32ed"},"headline":"Atleta do Vit\u00f3ria de Santar\u00e9m convocado para a Sele\u00e7\u00e3o Sub-15 de Futsal","datePublished":"2026-01-20T12:17:00+00:00","mainEntityOfPage":{"@id":"https:\/\/portaltela.pt\/noticias\/2026\/01\/20\/atleta-do-vitoria-de-santarem-convocado-para-a-selecao-sub-15-de-futsal\/"},"wordCount":265,"image":{"@id":"https:\/\/portaltela.pt\/noticias\/2026\/01\/20\/atleta-do-vitoria-de-santarem-convocado-para-a-selecao-sub-15-de-futsal\/#primaryimage"},"thumbnailUrl":"https:\/\/portaltela.pt\/s.01k8rhncp4jt1\/2026\/01\/Victor-Faria-atleta-sub-15-do-Vitoria-Clube-de-Santarem-2.jpg","keywords":["desporto","futsal","iniciados","Juvenis","Santar\u00e9m","Sele\u00e7\u00e3o Nacional"],"articleSection":["Desporto","Futebol"],"inLanguage":"pt-PT"},{"@type":"WebPage","@id":"https:\/\/portaltela.pt\/noticias\/2026\/01\/20\/atleta-do-vitoria-de-santarem-convocado-para-a-selecao-sub-15-de-futsal\/","url":"https:\/\/portaltela.pt\/noticias\/2026\/01\/20\/atleta-do-vitoria-de-santarem-convocado-para-a-selecao-sub-15-de-futsal\/","name":"Atleta do Vit\u00f3ria de Santar\u00e9m convocado para a Sele\u00e7\u00e3o Sub-15 de Futsal - Portal Tela Portugal","isPartOf":{"@id":"https:\/\/portaltela.pt\/#website"},"primaryImageOfPage":{"@id":"https:\/\/portaltela.pt\/noticias\/2026\/01\/20\/atleta-do-vitoria-de-santarem-convocado-para-a-selecao-sub-15-de-futsal\/#primaryimage"},"image":{"@id":"https:\/\/portaltela.pt\/noticias\/2026\/01\/20\/atleta-do-vitoria-de-santarem-convocado-para-a-selecao-sub-15-de-futsal\/#primaryimage"},"thumbnailUrl":"https:\/\/portaltela.pt\/s.01k8rhncp4jt1\/2026\/01\/Victor-Faria-atleta-sub-15-do-Vitoria-Clube-de-Santarem-2.jpg","datePublished":"2026-01-20T12:17:00+00:00","author":{"@id":"https:\/\/portaltela.pt\/#\/schema\/person\/c4278d4a6028830caff9ee44b42d32ed"},"breadcrumb":{"@id":"https:\/\/portaltela.pt\/noticias\/2026\/01\/20\/atleta-do-vitoria-de-santarem-convocado-para-a-selecao-sub-15-de-futsal\/#breadcrumb"},"inLanguage":"pt-PT","potentialAction":[{"@type":"ReadAction","target":["https:\/\/portaltela.pt\/noticias\/2026\/01\/20\/atleta-do-vitoria-de-santarem-convocado-para-a-selecao-sub-15-de-futsal\/"]}]},{"@type":"ImageObject","inLanguage":"pt-PT","@id":"https:\/\/portaltela.pt\/noticias\/2026\/01\/20\/atleta-do-vitoria-de-santarem-convocado-para-a-selecao-sub-15-de-futsal\/#primaryimage","url":"https:\/\/portaltela.pt\/s.01k8rhncp4jt1\/2026\/01\/Victor-Faria-atleta-sub-15-do-Vitoria-Clube-de-Santarem-2.jpg","contentUrl":"https:\/\/portaltela.pt\/s.01k8rhncp4jt1\/2026\/01\/Victor-Faria-atleta-sub-15-do-Vitoria-Clube-de-Santarem-2.jpg","width":796,"height":448,"caption":"Atleta do Vit\u00f3ria Clube de Santar\u00e9m convocado para a Sele\u00e7\u00e3o Nacional Sub-15 de Futsal"},{"@type":"BreadcrumbList","@id":"https:\/\/portaltela.pt\/noticias\/2026\/01\/20\/atleta-do-vitoria-de-santarem-convocado-para-a-selecao-sub-15-de-futsal\/#breadcrumb","itemListElement":[{"@type":"ListItem","position":1,"name":"In\u00edcio","item":"https:\/\/portaltela.pt\/"},{"@type":"ListItem","position":2,"name":"Atleta do Vit\u00f3ria de Santar\u00e9m convocado para a Sele\u00e7\u00e3o Sub-15 de Futsal"}]},{"@type":"WebSite","@id":"https:\/\/portaltela.pt\/#website","url":"https:\/\/portaltela.pt\/","name":"Portal Tela Portugal","description":"","potentialAction":[{"@type":"SearchAction","target":{"@type":"EntryPoint","urlTemplate":"https:\/\/portaltela.pt\/?s={search_term_string}"},"query-input":{"@type":"PropertyValueSpecification","valueRequired":true,"valueName":"search_term_string"}}],"inLanguage":"pt-PT"},{"@type":"Person","@id":"https:\/\/portaltela.pt\/#\/schema\/person\/c4278d4a6028830caff9ee44b42d32ed","name":"Telinha","image":{"@type":"ImageObject","inLanguage":"pt-PT","@id":"https:\/\/portaltela.pt\/s.01k8rhncp4jt1\/2025\/11\/talking-bot-125x125.png","url":"https:\/\/portaltela.pt\/s.01k8rhncp4jt1\/2025\/11\/talking-bot-125x125.png","contentUrl":"https:\/\/portaltela.pt\/s.01k8rhncp4jt1\/2025\/11\/talking-bot-125x125.png","caption":"Telinha"},"sameAs":["https:\/\/portaltela.pt\/"],"url":"https:\/\/portaltela.pt\/por\/367410592786\/"}]}},"_links":{"self":[{"href":"https:\/\/portaltela.pt\/api\/wp\/v2\/posts\/156044","targetHints":{"allow":["GET"]}}],"collection":[{"href":"https:\/\/portaltela.pt\/api\/wp\/v2\/posts"}],"about":[{"href":"https:\/\/portaltela.pt\/api\/wp\/v2\/types\/post"}],"author":[{"embeddable":true,"href":"https:\/\/portaltela.pt\/api\/wp\/v2\/users\/2"}],"replies":[{"embeddable":true,"href":"https:\/\/portaltela.pt\/api\/wp\/v2\/comments?post=156044"}],"version-history":[{"count":0,"href":"https:\/\/portaltela.pt\/api\/wp\/v2\/posts\/156044\/revisions"}],"wp:featuredmedia":[{"embeddable":true,"href":"https:\/\/portaltela.pt\/api\/wp\/v2\/media\/156061"}],"wp:attachment":[{"href":"https:\/\/portaltela.pt\/api\/wp\/v2\/media?parent=156044"}],"wp:term":[{"taxonomy":"category","embeddable":true,"href":"https:\/\/portaltela.pt\/api\/wp\/v2\/categories?post=156044"},{"taxonomy":"post_tag","embeddable":true,"href":"https:\/\/portaltela.pt\/api\/wp\/v2\/tags?post=156044"}],"curies":[{"name":"wp","href":"https:\/\/api.w.org\/{rel}","templated":true}]}}