{"id":156028,"date":"2026-01-20T09:15:33","date_gmt":"2026-01-20T12:15:33","guid":{"rendered":"https:\/\/portaltela.pt\/noticias\/2026\/01\/20\/croaef-no-fundao-apela-a-adopcao-urgente-de-10-cachorros\/"},"modified":"2026-01-20T09:15:33","modified_gmt":"2026-01-20T12:15:33","slug":"croaef-no-fundao-apela-a-adopcao-urgente-de-10-cachorros","status":"publish","type":"post","link":"https:\/\/portaltela.pt\/noticias\/2026\/01\/20\/croaef-no-fundao-apela-a-adopcao-urgente-de-10-cachorros\/","title":{"rendered":"CROAEF no Fund\u00e3o apela \u00e0 adop\u00e7\u00e3o urgente de 10 cachorros"},"content":{"rendered":"<p>O Centro de Recolha de Animais Errantes (CRAE) do Fund\u00e3o lan\u00e7ou um apelo urgente \u00e0 adop\u00e7\u00e3o de 10 cachorros com cerca de dois meses de idade, de porte m\u00e9dio a grande. Os animais est\u00e3o sob responsabilidade da institui\u00e7\u00e3o, \u00e0 procura de fam\u00edlias est\u00e1veis e respons\u00e1veis.<\/p>\n<p>A adop\u00e7\u00e3o consciente \u00e9 sublinhada pela institui\u00e7\u00e3o, lembrando que um animal de companhia \u00e9 um compromisso de vida que exige cuidado e dedica\u00e7\u00e3o. Quer apoiar, adotar ou partilhar a iniciativa?<\/p>\n<h3>Como adoptar<\/h3>\n<p>Quem estiver interessado pode obter informa\u00e7\u00f5es e manifestar inten\u00e7\u00e3o atrav\u00e9s do contacto telef\u00f3nico 961 941 286. A partilha da iniciativa \u00e9 incentivada para aumentar as hip\u00f3teses de encontrar lares para todos os cachorros.<\/p>\n","protected":false},"excerpt":{"rendered":"<ul>\n<li>O Centro de Recolha de Animais Errantes do Fund\u00e3o pediu \u00e0 comunidade a adop\u00e7\u00e3o de dez cachorros, com cerca de dois meses, de porte m\u00e9dio a grande.<\/li>\n<li>Os animais est\u00e3o sob a responsabilidade do CRAE e precisam de fam\u00edlias est\u00e1veis e respons\u00e1veis.<\/li>\n<li>O CRAE salienta que a adop\u00e7\u00e3o \u00e9 um compromisso para a vida, exigindo cuidado, dedica\u00e7\u00e3o e responsabilidade.<\/li>\n<li>Interessados podem obter informa\u00e7\u00f5es e manifestar a inten\u00e7\u00e3o atrav\u00e9s do contacto telef\u00f3nico 961 941 286.<\/li>\n<li>A institui\u00e7\u00e3o pede a partilha da iniciativa para aumentar as hip\u00f3teses de encontrar lares para todos os animais.<\/li>\n<\/ul>\n","protected":false},"author":2,"featured_media":156033,"comment_status":"closed","ping_status":"closed","sticky":false,"template":"","format":"standard","meta":{"footnotes":""},"categories":[],"tags":[3094,2865,3321,3091,2772],"class_list":["post-156028","post","type-post","status-publish","format-standard","has-post-thumbnail","hentry","tag-abrigos","tag-adocao","tag-adocoes","tag-animais","tag-fundao"],"yoast_head":"<!-- This site is optimized with the Yoast SEO plugin v27.2 - https:\/\/yoast.com\/product\/yoast-seo-wordpress\/ -->\n<title>CROAEF no Fund\u00e3o apela \u00e0 adop\u00e7\u00e3o urgente de 10 cachorros - Portal Tela Portugal<\/title>\n<meta name=\"robots\" content=\"index, follow, max-snippet:-1, max-image-preview:large, max-video-preview:-1\" \/>\n<meta property=\"og:locale\" content=\"pt_PT\" \/>\n<meta property=\"og:type\" content=\"article\" \/>\n<meta property=\"og:title\" content=\"CROAEF no Fund\u00e3o apela \u00e0 adop\u00e7\u00e3o urgente de 10 cachorros - Portal Tela Portugal\" \/>\n<meta property=\"og:description\" content=\"O Centro de Recolha de Animais Errantes do Fund\u00e3o pediu \u00e0 comunidade a adop\u00e7\u00e3o de dez cachorros, com cerca de dois meses, de porte m\u00e9dio a grande. Os animais est\u00e3o sob a responsabilidade do CRAE e precisam de fam\u00edlias est\u00e1veis e respons\u00e1veis. O CRAE salienta que a adop\u00e7\u00e3o \u00e9 um compromisso para a vida, exigindo cuidado, dedica\u00e7\u00e3o e responsabilidade. Interessados podem obter informa\u00e7\u00f5es e manifestar a inten\u00e7\u00e3o atrav\u00e9s do contacto telef\u00f3nico 961 941 286. A institui\u00e7\u00e3o pede a partilha da iniciativa para aumentar as hip\u00f3teses de encontrar lares para todos os animais.\" \/>\n<meta property=\"og:url\" content=\"https:\/\/portaltela.pt\/noticias\/2026\/01\/20\/croaef-no-fundao-apela-a-adopcao-urgente-de-10-cachorros\/\" \/>\n<meta property=\"og:site_name\" content=\"Portal Tela Portugal\" \/>\n<meta property=\"article:published_time\" content=\"2026-01-20T12:15:33+00:00\" \/>\n<meta name=\"author\" content=\"Telinha\" \/>\n<meta name=\"twitter:card\" content=\"summary_large_image\" \/>\n<meta name=\"twitter:label1\" content=\"Escrito por\" \/>\n\t<meta name=\"twitter:data1\" content=\"Telinha\" \/>\n\t<meta name=\"twitter:label2\" content=\"Tempo estimado de leitura\" \/>\n\t<meta name=\"twitter:data2\" content=\"1 minuto\" \/>\n<script type=\"application\/ld+json\" class=\"yoast-schema-graph\">{\"@context\":\"https:\/\/schema.org\",\"@graph\":[{\"@type\":\"Article\",\"@id\":\"https:\/\/portaltela.pt\/noticias\/2026\/01\/20\/croaef-no-fundao-apela-a-adopcao-urgente-de-10-cachorros\/#article\",\"isPartOf\":{\"@id\":\"https:\/\/portaltela.pt\/noticias\/2026\/01\/20\/croaef-no-fundao-apela-a-adopcao-urgente-de-10-cachorros\/\"},\"author\":{\"name\":\"Telinha\",\"@id\":\"https:\/\/portaltela.pt\/#\/schema\/person\/c4278d4a6028830caff9ee44b42d32ed\"},\"headline\":\"CROAEF no Fund\u00e3o apela \u00e0 adop\u00e7\u00e3o urgente de 10 cachorros\",\"datePublished\":\"2026-01-20T12:15:33+00:00\",\"mainEntityOfPage\":{\"@id\":\"https:\/\/portaltela.pt\/noticias\/2026\/01\/20\/croaef-no-fundao-apela-a-adopcao-urgente-de-10-cachorros\/\"},\"wordCount\":128,\"image\":{\"@id\":\"https:\/\/portaltela.pt\/noticias\/2026\/01\/20\/croaef-no-fundao-apela-a-adopcao-urgente-de-10-cachorros\/#primaryimage\"},\"thumbnailUrl\":\"https:\/\/portaltela.pt\/s.01k8rhncp4jt1\/2026\/01\/unnamed-file-4090.jpg\",\"keywords\":[\"abrigos\",\"ado\u00e7\u00e3o\",\"ado\u00e7\u00f5es\",\"animais\",\"Fund\u00e3o\"],\"inLanguage\":\"pt-PT\"},{\"@type\":\"WebPage\",\"@id\":\"https:\/\/portaltela.pt\/noticias\/2026\/01\/20\/croaef-no-fundao-apela-a-adopcao-urgente-de-10-cachorros\/\",\"url\":\"https:\/\/portaltela.pt\/noticias\/2026\/01\/20\/croaef-no-fundao-apela-a-adopcao-urgente-de-10-cachorros\/\",\"name\":\"CROAEF no Fund\u00e3o apela \u00e0 adop\u00e7\u00e3o urgente de 10 cachorros - Portal Tela Portugal\",\"isPartOf\":{\"@id\":\"https:\/\/portaltela.pt\/#website\"},\"primaryImageOfPage\":{\"@id\":\"https:\/\/portaltela.pt\/noticias\/2026\/01\/20\/croaef-no-fundao-apela-a-adopcao-urgente-de-10-cachorros\/#primaryimage\"},\"image\":{\"@id\":\"https:\/\/portaltela.pt\/noticias\/2026\/01\/20\/croaef-no-fundao-apela-a-adopcao-urgente-de-10-cachorros\/#primaryimage\"},\"thumbnailUrl\":\"https:\/\/portaltela.pt\/s.01k8rhncp4jt1\/2026\/01\/unnamed-file-4090.jpg\",\"datePublished\":\"2026-01-20T12:15:33+00:00\",\"author\":{\"@id\":\"https:\/\/portaltela.pt\/#\/schema\/person\/c4278d4a6028830caff9ee44b42d32ed\"},\"breadcrumb\":{\"@id\":\"https:\/\/portaltela.pt\/noticias\/2026\/01\/20\/croaef-no-fundao-apela-a-adopcao-urgente-de-10-cachorros\/#breadcrumb\"},\"inLanguage\":\"pt-PT\",\"potentialAction\":[{\"@type\":\"ReadAction\",\"target\":[\"https:\/\/portaltela.pt\/noticias\/2026\/01\/20\/croaef-no-fundao-apela-a-adopcao-urgente-de-10-cachorros\/\"]}]},{\"@type\":\"ImageObject\",\"inLanguage\":\"pt-PT\",\"@id\":\"https:\/\/portaltela.pt\/noticias\/2026\/01\/20\/croaef-no-fundao-apela-a-adopcao-urgente-de-10-cachorros\/#primaryimage\",\"url\":\"https:\/\/portaltela.pt\/s.01k8rhncp4jt1\/2026\/01\/unnamed-file-4090.jpg\",\"contentUrl\":\"https:\/\/portaltela.pt\/s.01k8rhncp4jt1\/2026\/01\/unnamed-file-4090.jpg\",\"width\":796,\"height\":448,\"caption\":\"CROAEF no Fund\u00e3o apela \u00e0 adop\u00e7\u00e3o urgente de 10 cachorros\"},{\"@type\":\"BreadcrumbList\",\"@id\":\"https:\/\/portaltela.pt\/noticias\/2026\/01\/20\/croaef-no-fundao-apela-a-adopcao-urgente-de-10-cachorros\/#breadcrumb\",\"itemListElement\":[{\"@type\":\"ListItem\",\"position\":1,\"name\":\"In\u00edcio\",\"item\":\"https:\/\/portaltela.pt\/\"},{\"@type\":\"ListItem\",\"position\":2,\"name\":\"CROAEF no Fund\u00e3o apela \u00e0 adop\u00e7\u00e3o urgente de 10 cachorros\"}]},{\"@type\":\"WebSite\",\"@id\":\"https:\/\/portaltela.pt\/#website\",\"url\":\"https:\/\/portaltela.pt\/\",\"name\":\"Portal Tela Portugal\",\"description\":\"\",\"potentialAction\":[{\"@type\":\"SearchAction\",\"target\":{\"@type\":\"EntryPoint\",\"urlTemplate\":\"https:\/\/portaltela.pt\/?s={search_term_string}\"},\"query-input\":{\"@type\":\"PropertyValueSpecification\",\"valueRequired\":true,\"valueName\":\"search_term_string\"}}],\"inLanguage\":\"pt-PT\"},{\"@type\":\"Person\",\"@id\":\"https:\/\/portaltela.pt\/#\/schema\/person\/c4278d4a6028830caff9ee44b42d32ed\",\"name\":\"Telinha\",\"image\":{\"@type\":\"ImageObject\",\"inLanguage\":\"pt-PT\",\"@id\":\"https:\/\/portaltela.pt\/s.01k8rhncp4jt1\/2025\/11\/talking-bot-125x125.png\",\"url\":\"https:\/\/portaltela.pt\/s.01k8rhncp4jt1\/2025\/11\/talking-bot-125x125.png\",\"contentUrl\":\"https:\/\/portaltela.pt\/s.01k8rhncp4jt1\/2025\/11\/talking-bot-125x125.png\",\"caption\":\"Telinha\"},\"sameAs\":[\"https:\/\/portaltela.pt\/\"],\"url\":\"https:\/\/portaltela.pt\/por\/367410592786\/\"}]}<\/script>\n<!-- \/ Yoast SEO plugin. -->","yoast_head_json":{"title":"CROAEF no Fund\u00e3o apela \u00e0 adop\u00e7\u00e3o urgente de 10 cachorros - Portal Tela Portugal","robots":{"index":"index","follow":"follow","max-snippet":"max-snippet:-1","max-image-preview":"max-image-preview:large","max-video-preview":"max-video-preview:-1"},"og_locale":"pt_PT","og_type":"article","og_title":"CROAEF no Fund\u00e3o apela \u00e0 adop\u00e7\u00e3o urgente de 10 cachorros - Portal Tela Portugal","og_description":"O Centro de Recolha de Animais Errantes do Fund\u00e3o pediu \u00e0 comunidade a adop\u00e7\u00e3o de dez cachorros, com cerca de dois meses, de porte m\u00e9dio a grande. Os animais est\u00e3o sob a responsabilidade do CRAE e precisam de fam\u00edlias est\u00e1veis e respons\u00e1veis. O CRAE salienta que a adop\u00e7\u00e3o \u00e9 um compromisso para a vida, exigindo cuidado, dedica\u00e7\u00e3o e responsabilidade. Interessados podem obter informa\u00e7\u00f5es e manifestar a inten\u00e7\u00e3o atrav\u00e9s do contacto telef\u00f3nico 961 941 286. A institui\u00e7\u00e3o pede a partilha da iniciativa para aumentar as hip\u00f3teses de encontrar lares para todos os animais.","og_url":"https:\/\/portaltela.pt\/noticias\/2026\/01\/20\/croaef-no-fundao-apela-a-adopcao-urgente-de-10-cachorros\/","og_site_name":"Portal Tela Portugal","article_published_time":"2026-01-20T12:15:33+00:00","author":"Telinha","twitter_card":"summary_large_image","twitter_misc":{"Escrito por":"Telinha","Tempo estimado de leitura":"1 minuto"},"schema":{"@context":"https:\/\/schema.org","@graph":[{"@type":"Article","@id":"https:\/\/portaltela.pt\/noticias\/2026\/01\/20\/croaef-no-fundao-apela-a-adopcao-urgente-de-10-cachorros\/#article","isPartOf":{"@id":"https:\/\/portaltela.pt\/noticias\/2026\/01\/20\/croaef-no-fundao-apela-a-adopcao-urgente-de-10-cachorros\/"},"author":{"name":"Telinha","@id":"https:\/\/portaltela.pt\/#\/schema\/person\/c4278d4a6028830caff9ee44b42d32ed"},"headline":"CROAEF no Fund\u00e3o apela \u00e0 adop\u00e7\u00e3o urgente de 10 cachorros","datePublished":"2026-01-20T12:15:33+00:00","mainEntityOfPage":{"@id":"https:\/\/portaltela.pt\/noticias\/2026\/01\/20\/croaef-no-fundao-apela-a-adopcao-urgente-de-10-cachorros\/"},"wordCount":128,"image":{"@id":"https:\/\/portaltela.pt\/noticias\/2026\/01\/20\/croaef-no-fundao-apela-a-adopcao-urgente-de-10-cachorros\/#primaryimage"},"thumbnailUrl":"https:\/\/portaltela.pt\/s.01k8rhncp4jt1\/2026\/01\/unnamed-file-4090.jpg","keywords":["abrigos","ado\u00e7\u00e3o","ado\u00e7\u00f5es","animais","Fund\u00e3o"],"inLanguage":"pt-PT"},{"@type":"WebPage","@id":"https:\/\/portaltela.pt\/noticias\/2026\/01\/20\/croaef-no-fundao-apela-a-adopcao-urgente-de-10-cachorros\/","url":"https:\/\/portaltela.pt\/noticias\/2026\/01\/20\/croaef-no-fundao-apela-a-adopcao-urgente-de-10-cachorros\/","name":"CROAEF no Fund\u00e3o apela \u00e0 adop\u00e7\u00e3o urgente de 10 cachorros - Portal Tela Portugal","isPartOf":{"@id":"https:\/\/portaltela.pt\/#website"},"primaryImageOfPage":{"@id":"https:\/\/portaltela.pt\/noticias\/2026\/01\/20\/croaef-no-fundao-apela-a-adopcao-urgente-de-10-cachorros\/#primaryimage"},"image":{"@id":"https:\/\/portaltela.pt\/noticias\/2026\/01\/20\/croaef-no-fundao-apela-a-adopcao-urgente-de-10-cachorros\/#primaryimage"},"thumbnailUrl":"https:\/\/portaltela.pt\/s.01k8rhncp4jt1\/2026\/01\/unnamed-file-4090.jpg","datePublished":"2026-01-20T12:15:33+00:00","author":{"@id":"https:\/\/portaltela.pt\/#\/schema\/person\/c4278d4a6028830caff9ee44b42d32ed"},"breadcrumb":{"@id":"https:\/\/portaltela.pt\/noticias\/2026\/01\/20\/croaef-no-fundao-apela-a-adopcao-urgente-de-10-cachorros\/#breadcrumb"},"inLanguage":"pt-PT","potentialAction":[{"@type":"ReadAction","target":["https:\/\/portaltela.pt\/noticias\/2026\/01\/20\/croaef-no-fundao-apela-a-adopcao-urgente-de-10-cachorros\/"]}]},{"@type":"ImageObject","inLanguage":"pt-PT","@id":"https:\/\/portaltela.pt\/noticias\/2026\/01\/20\/croaef-no-fundao-apela-a-adopcao-urgente-de-10-cachorros\/#primaryimage","url":"https:\/\/portaltela.pt\/s.01k8rhncp4jt1\/2026\/01\/unnamed-file-4090.jpg","contentUrl":"https:\/\/portaltela.pt\/s.01k8rhncp4jt1\/2026\/01\/unnamed-file-4090.jpg","width":796,"height":448,"caption":"CROAEF no Fund\u00e3o apela \u00e0 adop\u00e7\u00e3o urgente de 10 cachorros"},{"@type":"BreadcrumbList","@id":"https:\/\/portaltela.pt\/noticias\/2026\/01\/20\/croaef-no-fundao-apela-a-adopcao-urgente-de-10-cachorros\/#breadcrumb","itemListElement":[{"@type":"ListItem","position":1,"name":"In\u00edcio","item":"https:\/\/portaltela.pt\/"},{"@type":"ListItem","position":2,"name":"CROAEF no Fund\u00e3o apela \u00e0 adop\u00e7\u00e3o urgente de 10 cachorros"}]},{"@type":"WebSite","@id":"https:\/\/portaltela.pt\/#website","url":"https:\/\/portaltela.pt\/","name":"Portal Tela Portugal","description":"","potentialAction":[{"@type":"SearchAction","target":{"@type":"EntryPoint","urlTemplate":"https:\/\/portaltela.pt\/?s={search_term_string}"},"query-input":{"@type":"PropertyValueSpecification","valueRequired":true,"valueName":"search_term_string"}}],"inLanguage":"pt-PT"},{"@type":"Person","@id":"https:\/\/portaltela.pt\/#\/schema\/person\/c4278d4a6028830caff9ee44b42d32ed","name":"Telinha","image":{"@type":"ImageObject","inLanguage":"pt-PT","@id":"https:\/\/portaltela.pt\/s.01k8rhncp4jt1\/2025\/11\/talking-bot-125x125.png","url":"https:\/\/portaltela.pt\/s.01k8rhncp4jt1\/2025\/11\/talking-bot-125x125.png","contentUrl":"https:\/\/portaltela.pt\/s.01k8rhncp4jt1\/2025\/11\/talking-bot-125x125.png","caption":"Telinha"},"sameAs":["https:\/\/portaltela.pt\/"],"url":"https:\/\/portaltela.pt\/por\/367410592786\/"}]}},"_links":{"self":[{"href":"https:\/\/portaltela.pt\/api\/wp\/v2\/posts\/156028","targetHints":{"allow":["GET"]}}],"collection":[{"href":"https:\/\/portaltela.pt\/api\/wp\/v2\/posts"}],"about":[{"href":"https:\/\/portaltela.pt\/api\/wp\/v2\/types\/post"}],"author":[{"embeddable":true,"href":"https:\/\/portaltela.pt\/api\/wp\/v2\/users\/2"}],"replies":[{"embeddable":true,"href":"https:\/\/portaltela.pt\/api\/wp\/v2\/comments?post=156028"}],"version-history":[{"count":0,"href":"https:\/\/portaltela.pt\/api\/wp\/v2\/posts\/156028\/revisions"}],"wp:featuredmedia":[{"embeddable":true,"href":"https:\/\/portaltela.pt\/api\/wp\/v2\/media\/156033"}],"wp:attachment":[{"href":"https:\/\/portaltela.pt\/api\/wp\/v2\/media?parent=156028"}],"wp:term":[{"taxonomy":"category","embeddable":true,"href":"https:\/\/portaltela.pt\/api\/wp\/v2\/categories?post=156028"},{"taxonomy":"post_tag","embeddable":true,"href":"https:\/\/portaltela.pt\/api\/wp\/v2\/tags?post=156028"}],"curies":[{"name":"wp","href":"https:\/\/api.w.org\/{rel}","templated":true}]}}