{"id":156022,"date":"2026-01-20T09:03:06","date_gmt":"2026-01-20T12:03:06","guid":{"rendered":"https:\/\/portaltela.pt\/noticias\/2026\/01\/20\/portugal-recebe-calendario-de-torneios-internacionais-de-tenis\/"},"modified":"2026-01-20T09:03:06","modified_gmt":"2026-01-20T12:03:06","slug":"portugal-recebe-calendario-de-torneios-internacionais-de-tenis","status":"publish","type":"post","link":"https:\/\/portaltela.pt\/desporto\/2026\/01\/20\/portugal-recebe-calendario-de-torneios-internacionais-de-tenis\/","title":{"rendered":"Portugal recebe calend\u00e1rio de torneios internacionais de t\u00e9nis"},"content":{"rendered":"<p>A temporada de 2026 promete ser marcada pela presen\u00e7a feminina no t\u00e9nis em Portugal, com destaque para o calend\u00e1rio de torneios internacionais no pa\u00eds. O foco est\u00e1 na qualidade das participantes e na visibilidade do circuito feminino.<\/p>\n<p>O Estoril Open mant\u00e9m-se como um dos eventos mais relevantes, atraindo atletas de renome internacional e servindo de refer\u00eancia no panorama nacional. A edi\u00e7\u00e3o anterior j\u00e1 evidenciou o peso do torneio no calend\u00e1rio europeu.<\/p>\n<p>O programa em Portugal inclui ainda refer\u00eancias ao Open da Austr\u00e1lia, com a participa\u00e7\u00e3o de Francisco Cabral, que iniciou a sua participa\u00e7\u00e3o na pressionante primeira ronda. Jannik Sinner integrou o torneio, desistindo na segunda ronda ap\u00f3s um encontro de cerca de uma hora. Madison Keys garantiu passagem \u00e0 segunda ronda ao vencer Oleksandra Oliynykova em dois sets.<\/p>\n<h3>Estoril Open<\/h3>\n<p>O Estoril Open continua a atrair jogadores de topo e oferece competi\u00e7\u00e3o de alto n\u00edvel em quadros de simples e de pares, contribuindo para o dinamismo do t\u00e9nis portugu\u00eas.<\/p>\n<h3>Open da Austr\u00e1lia<\/h3>\n<p>Francisco Cabral abriu a sua participa\u00e7\u00e3o com resultados relevantes na ronda inicial, enquanto Sinner abandonou cedo o encontro que disputava. Madison Keys assegurou nova ronda vitoriosa ao eliminar Oliynykova.<\/p>\n<h3>Outros torneios e not\u00edcias relacionadas<\/h3>\n<ul>\n<li>Jovem brasileiro surge na mira do Benfica.<\/li>\n<li>Obrador \u00e9 cedido pelo Torino; Sporting e St. Juste discutem rescis\u00e3o.<\/li>\n<li>Refor\u00e7o anunciado pelo Sp. Braga; Gon\u00e7alo Ramos perto do At. Madrid; R\u00faben Neves cobi\u00e7ado por rival.<\/li>\n<li>Tiago Ara\u00fajo estreia-se a marcar pelo Gent, com remate de 106 km\/h.<\/li>\n<li>Obrador, anunciado pelo Torino; Alverca impede inscri\u00e7\u00f5es de jogadores; St. Juste no radar da Holanda.<\/li>\n<\/ul>\n","protected":false},"excerpt":{"rendered":"<ul>\n<li>A temporada de 2026 de t\u00e9nis em Portugal dever\u00e1 focar-se nas jornadas femininas, com um calend\u00e1rio internacional a trazer eventos no pa\u00eds.<\/li>\n<li>O Estoril Open permanece como um dos torneios mais tradicionais de Portugal, atraindo jogadoras de renome mundial.<\/li>\n<li>No Open da Austr\u00e1lia, o jogador portugu\u00eas Francisco Cabral estreou-se, e Jannik Sinner desistiu na segunda ronda; Madison Keys qualificou-se para a segunda ronda ao vencer Oleksandra Oliynykova.<\/li>\n<li>O texto inclui ainda refer\u00eancias a outros torneios e not\u00edcias associadas ao t\u00e9nis em Portugal, sem detalhes adicionais espec\u00edficos.<\/li>\n<li>Al\u00e9m do t\u00e9nis, s\u00e3o mencionadas not\u00edcias de sports gerais, incluindo transfer\u00eancias e acontecimentos de clubes de futebol.<\/li>\n<\/ul>\n","protected":false},"author":2,"featured_media":156024,"comment_status":"closed","ping_status":"closed","sticky":false,"template":"","format":"standard","meta":{"footnotes":""},"categories":[21],"tags":[152,2681,1242,2875,3548,94],"class_list":["post-156022","post","type-post","status-publish","format-standard","has-post-thumbnail","hentry","category-desporto","tag-desporto","tag-desporto-internacional","tag-feminino","tag-francisco-cabral","tag-madison-keys","tag-tenis"],"yoast_head":"<!-- This site is optimized with the Yoast SEO plugin v27.2 - https:\/\/yoast.com\/product\/yoast-seo-wordpress\/ -->\n<title>Portugal recebe calend\u00e1rio de torneios internacionais de t\u00e9nis - Portal Tela Portugal<\/title>\n<meta name=\"robots\" content=\"index, follow, max-snippet:-1, max-image-preview:large, max-video-preview:-1\" \/>\n<meta property=\"og:locale\" content=\"pt_PT\" \/>\n<meta property=\"og:type\" content=\"article\" \/>\n<meta property=\"og:title\" content=\"Portugal recebe calend\u00e1rio de torneios internacionais de t\u00e9nis - Portal Tela Portugal\" \/>\n<meta property=\"og:description\" content=\"A temporada de 2026 de t\u00e9nis em Portugal dever\u00e1 focar-se nas jornadas femininas, com um calend\u00e1rio internacional a trazer eventos no pa\u00eds. O Estoril Open permanece como um dos torneios mais tradicionais de Portugal, atraindo jogadoras de renome mundial. No Open da Austr\u00e1lia, o jogador portugu\u00eas Francisco Cabral estreou-se, e Jannik Sinner desistiu na segunda ronda; Madison Keys qualificou-se para a segunda ronda ao vencer Oleksandra Oliynykova. O texto inclui ainda refer\u00eancias a outros torneios e not\u00edcias associadas ao t\u00e9nis em Portugal, sem detalhes adicionais espec\u00edficos. Al\u00e9m do t\u00e9nis, s\u00e3o mencionadas not\u00edcias de sports gerais, incluindo transfer\u00eancias e acontecimentos de clubes de futebol.\" \/>\n<meta property=\"og:url\" content=\"https:\/\/portaltela.pt\/noticias\/2026\/01\/20\/portugal-recebe-calendario-de-torneios-internacionais-de-tenis\/\" \/>\n<meta property=\"og:site_name\" content=\"Portal Tela Portugal\" \/>\n<meta property=\"article:published_time\" content=\"2026-01-20T12:03:06+00:00\" \/>\n<meta name=\"author\" content=\"Telinha\" \/>\n<meta name=\"twitter:card\" content=\"summary_large_image\" \/>\n<meta name=\"twitter:label1\" content=\"Escrito por\" \/>\n\t<meta name=\"twitter:data1\" content=\"Telinha\" \/>\n\t<meta name=\"twitter:label2\" content=\"Tempo estimado de leitura\" \/>\n\t<meta name=\"twitter:data2\" content=\"1 minuto\" \/>\n<script type=\"application\/ld+json\" class=\"yoast-schema-graph\">{\"@context\":\"https:\/\/schema.org\",\"@graph\":[{\"@type\":\"Article\",\"@id\":\"https:\/\/portaltela.pt\/noticias\/2026\/01\/20\/portugal-recebe-calendario-de-torneios-internacionais-de-tenis\/#article\",\"isPartOf\":{\"@id\":\"https:\/\/portaltela.pt\/noticias\/2026\/01\/20\/portugal-recebe-calendario-de-torneios-internacionais-de-tenis\/\"},\"author\":{\"name\":\"Telinha\",\"@id\":\"https:\/\/portaltela.pt\/#\/schema\/person\/c4278d4a6028830caff9ee44b42d32ed\"},\"headline\":\"Portugal recebe calend\u00e1rio de torneios internacionais de t\u00e9nis\",\"datePublished\":\"2026-01-20T12:03:06+00:00\",\"mainEntityOfPage\":{\"@id\":\"https:\/\/portaltela.pt\/noticias\/2026\/01\/20\/portugal-recebe-calendario-de-torneios-internacionais-de-tenis\/\"},\"wordCount\":291,\"image\":{\"@id\":\"https:\/\/portaltela.pt\/noticias\/2026\/01\/20\/portugal-recebe-calendario-de-torneios-internacionais-de-tenis\/#primaryimage\"},\"thumbnailUrl\":\"https:\/\/portaltela.pt\/s.01k8rhncp4jt1\/2026\/01\/img_1200x721uu2026-01-19-22-36-49-2415844.jpg\",\"keywords\":[\"desporto\",\"desporto internacional\",\"feminino\",\"Francisco Cabral\",\"Madison Keys\",\"t\u00eanis\"],\"articleSection\":[\"Desporto\"],\"inLanguage\":\"pt-PT\"},{\"@type\":\"WebPage\",\"@id\":\"https:\/\/portaltela.pt\/noticias\/2026\/01\/20\/portugal-recebe-calendario-de-torneios-internacionais-de-tenis\/\",\"url\":\"https:\/\/portaltela.pt\/noticias\/2026\/01\/20\/portugal-recebe-calendario-de-torneios-internacionais-de-tenis\/\",\"name\":\"Portugal recebe calend\u00e1rio de torneios internacionais de t\u00e9nis - Portal Tela Portugal\",\"isPartOf\":{\"@id\":\"https:\/\/portaltela.pt\/#website\"},\"primaryImageOfPage\":{\"@id\":\"https:\/\/portaltela.pt\/noticias\/2026\/01\/20\/portugal-recebe-calendario-de-torneios-internacionais-de-tenis\/#primaryimage\"},\"image\":{\"@id\":\"https:\/\/portaltela.pt\/noticias\/2026\/01\/20\/portugal-recebe-calendario-de-torneios-internacionais-de-tenis\/#primaryimage\"},\"thumbnailUrl\":\"https:\/\/portaltela.pt\/s.01k8rhncp4jt1\/2026\/01\/img_1200x721uu2026-01-19-22-36-49-2415844.jpg\",\"datePublished\":\"2026-01-20T12:03:06+00:00\",\"author\":{\"@id\":\"https:\/\/portaltela.pt\/#\/schema\/person\/c4278d4a6028830caff9ee44b42d32ed\"},\"breadcrumb\":{\"@id\":\"https:\/\/portaltela.pt\/noticias\/2026\/01\/20\/portugal-recebe-calendario-de-torneios-internacionais-de-tenis\/#breadcrumb\"},\"inLanguage\":\"pt-PT\",\"potentialAction\":[{\"@type\":\"ReadAction\",\"target\":[\"https:\/\/portaltela.pt\/noticias\/2026\/01\/20\/portugal-recebe-calendario-de-torneios-internacionais-de-tenis\/\"]}]},{\"@type\":\"ImageObject\",\"inLanguage\":\"pt-PT\",\"@id\":\"https:\/\/portaltela.pt\/noticias\/2026\/01\/20\/portugal-recebe-calendario-de-torneios-internacionais-de-tenis\/#primaryimage\",\"url\":\"https:\/\/portaltela.pt\/s.01k8rhncp4jt1\/2026\/01\/img_1200x721uu2026-01-19-22-36-49-2415844.jpg\",\"contentUrl\":\"https:\/\/portaltela.pt\/s.01k8rhncp4jt1\/2026\/01\/img_1200x721uu2026-01-19-22-36-49-2415844.jpg\",\"width\":796,\"height\":448,\"caption\":\"Calend\u00e1rio de torneios internacionais de t\u00e9nis em Portugal\"},{\"@type\":\"BreadcrumbList\",\"@id\":\"https:\/\/portaltela.pt\/noticias\/2026\/01\/20\/portugal-recebe-calendario-de-torneios-internacionais-de-tenis\/#breadcrumb\",\"itemListElement\":[{\"@type\":\"ListItem\",\"position\":1,\"name\":\"In\u00edcio\",\"item\":\"https:\/\/portaltela.pt\/\"},{\"@type\":\"ListItem\",\"position\":2,\"name\":\"Portugal recebe calend\u00e1rio de torneios internacionais de t\u00e9nis\"}]},{\"@type\":\"WebSite\",\"@id\":\"https:\/\/portaltela.pt\/#website\",\"url\":\"https:\/\/portaltela.pt\/\",\"name\":\"Portal Tela Portugal\",\"description\":\"\",\"potentialAction\":[{\"@type\":\"SearchAction\",\"target\":{\"@type\":\"EntryPoint\",\"urlTemplate\":\"https:\/\/portaltela.pt\/?s={search_term_string}\"},\"query-input\":{\"@type\":\"PropertyValueSpecification\",\"valueRequired\":true,\"valueName\":\"search_term_string\"}}],\"inLanguage\":\"pt-PT\"},{\"@type\":\"Person\",\"@id\":\"https:\/\/portaltela.pt\/#\/schema\/person\/c4278d4a6028830caff9ee44b42d32ed\",\"name\":\"Telinha\",\"image\":{\"@type\":\"ImageObject\",\"inLanguage\":\"pt-PT\",\"@id\":\"https:\/\/portaltela.pt\/s.01k8rhncp4jt1\/2025\/11\/talking-bot-125x125.png\",\"url\":\"https:\/\/portaltela.pt\/s.01k8rhncp4jt1\/2025\/11\/talking-bot-125x125.png\",\"contentUrl\":\"https:\/\/portaltela.pt\/s.01k8rhncp4jt1\/2025\/11\/talking-bot-125x125.png\",\"caption\":\"Telinha\"},\"sameAs\":[\"https:\/\/portaltela.pt\/\"],\"url\":\"https:\/\/portaltela.pt\/por\/367410592786\/\"}]}<\/script>\n<!-- \/ Yoast SEO plugin. -->","yoast_head_json":{"title":"Portugal recebe calend\u00e1rio de torneios internacionais de t\u00e9nis - Portal Tela Portugal","robots":{"index":"index","follow":"follow","max-snippet":"max-snippet:-1","max-image-preview":"max-image-preview:large","max-video-preview":"max-video-preview:-1"},"og_locale":"pt_PT","og_type":"article","og_title":"Portugal recebe calend\u00e1rio de torneios internacionais de t\u00e9nis - Portal Tela Portugal","og_description":"A temporada de 2026 de t\u00e9nis em Portugal dever\u00e1 focar-se nas jornadas femininas, com um calend\u00e1rio internacional a trazer eventos no pa\u00eds. O Estoril Open permanece como um dos torneios mais tradicionais de Portugal, atraindo jogadoras de renome mundial. No Open da Austr\u00e1lia, o jogador portugu\u00eas Francisco Cabral estreou-se, e Jannik Sinner desistiu na segunda ronda; Madison Keys qualificou-se para a segunda ronda ao vencer Oleksandra Oliynykova. O texto inclui ainda refer\u00eancias a outros torneios e not\u00edcias associadas ao t\u00e9nis em Portugal, sem detalhes adicionais espec\u00edficos. Al\u00e9m do t\u00e9nis, s\u00e3o mencionadas not\u00edcias de sports gerais, incluindo transfer\u00eancias e acontecimentos de clubes de futebol.","og_url":"https:\/\/portaltela.pt\/noticias\/2026\/01\/20\/portugal-recebe-calendario-de-torneios-internacionais-de-tenis\/","og_site_name":"Portal Tela Portugal","article_published_time":"2026-01-20T12:03:06+00:00","author":"Telinha","twitter_card":"summary_large_image","twitter_misc":{"Escrito por":"Telinha","Tempo estimado de leitura":"1 minuto"},"schema":{"@context":"https:\/\/schema.org","@graph":[{"@type":"Article","@id":"https:\/\/portaltela.pt\/noticias\/2026\/01\/20\/portugal-recebe-calendario-de-torneios-internacionais-de-tenis\/#article","isPartOf":{"@id":"https:\/\/portaltela.pt\/noticias\/2026\/01\/20\/portugal-recebe-calendario-de-torneios-internacionais-de-tenis\/"},"author":{"name":"Telinha","@id":"https:\/\/portaltela.pt\/#\/schema\/person\/c4278d4a6028830caff9ee44b42d32ed"},"headline":"Portugal recebe calend\u00e1rio de torneios internacionais de t\u00e9nis","datePublished":"2026-01-20T12:03:06+00:00","mainEntityOfPage":{"@id":"https:\/\/portaltela.pt\/noticias\/2026\/01\/20\/portugal-recebe-calendario-de-torneios-internacionais-de-tenis\/"},"wordCount":291,"image":{"@id":"https:\/\/portaltela.pt\/noticias\/2026\/01\/20\/portugal-recebe-calendario-de-torneios-internacionais-de-tenis\/#primaryimage"},"thumbnailUrl":"https:\/\/portaltela.pt\/s.01k8rhncp4jt1\/2026\/01\/img_1200x721uu2026-01-19-22-36-49-2415844.jpg","keywords":["desporto","desporto internacional","feminino","Francisco Cabral","Madison Keys","t\u00eanis"],"articleSection":["Desporto"],"inLanguage":"pt-PT"},{"@type":"WebPage","@id":"https:\/\/portaltela.pt\/noticias\/2026\/01\/20\/portugal-recebe-calendario-de-torneios-internacionais-de-tenis\/","url":"https:\/\/portaltela.pt\/noticias\/2026\/01\/20\/portugal-recebe-calendario-de-torneios-internacionais-de-tenis\/","name":"Portugal recebe calend\u00e1rio de torneios internacionais de t\u00e9nis - Portal Tela Portugal","isPartOf":{"@id":"https:\/\/portaltela.pt\/#website"},"primaryImageOfPage":{"@id":"https:\/\/portaltela.pt\/noticias\/2026\/01\/20\/portugal-recebe-calendario-de-torneios-internacionais-de-tenis\/#primaryimage"},"image":{"@id":"https:\/\/portaltela.pt\/noticias\/2026\/01\/20\/portugal-recebe-calendario-de-torneios-internacionais-de-tenis\/#primaryimage"},"thumbnailUrl":"https:\/\/portaltela.pt\/s.01k8rhncp4jt1\/2026\/01\/img_1200x721uu2026-01-19-22-36-49-2415844.jpg","datePublished":"2026-01-20T12:03:06+00:00","author":{"@id":"https:\/\/portaltela.pt\/#\/schema\/person\/c4278d4a6028830caff9ee44b42d32ed"},"breadcrumb":{"@id":"https:\/\/portaltela.pt\/noticias\/2026\/01\/20\/portugal-recebe-calendario-de-torneios-internacionais-de-tenis\/#breadcrumb"},"inLanguage":"pt-PT","potentialAction":[{"@type":"ReadAction","target":["https:\/\/portaltela.pt\/noticias\/2026\/01\/20\/portugal-recebe-calendario-de-torneios-internacionais-de-tenis\/"]}]},{"@type":"ImageObject","inLanguage":"pt-PT","@id":"https:\/\/portaltela.pt\/noticias\/2026\/01\/20\/portugal-recebe-calendario-de-torneios-internacionais-de-tenis\/#primaryimage","url":"https:\/\/portaltela.pt\/s.01k8rhncp4jt1\/2026\/01\/img_1200x721uu2026-01-19-22-36-49-2415844.jpg","contentUrl":"https:\/\/portaltela.pt\/s.01k8rhncp4jt1\/2026\/01\/img_1200x721uu2026-01-19-22-36-49-2415844.jpg","width":796,"height":448,"caption":"Calend\u00e1rio de torneios internacionais de t\u00e9nis em Portugal"},{"@type":"BreadcrumbList","@id":"https:\/\/portaltela.pt\/noticias\/2026\/01\/20\/portugal-recebe-calendario-de-torneios-internacionais-de-tenis\/#breadcrumb","itemListElement":[{"@type":"ListItem","position":1,"name":"In\u00edcio","item":"https:\/\/portaltela.pt\/"},{"@type":"ListItem","position":2,"name":"Portugal recebe calend\u00e1rio de torneios internacionais de t\u00e9nis"}]},{"@type":"WebSite","@id":"https:\/\/portaltela.pt\/#website","url":"https:\/\/portaltela.pt\/","name":"Portal Tela Portugal","description":"","potentialAction":[{"@type":"SearchAction","target":{"@type":"EntryPoint","urlTemplate":"https:\/\/portaltela.pt\/?s={search_term_string}"},"query-input":{"@type":"PropertyValueSpecification","valueRequired":true,"valueName":"search_term_string"}}],"inLanguage":"pt-PT"},{"@type":"Person","@id":"https:\/\/portaltela.pt\/#\/schema\/person\/c4278d4a6028830caff9ee44b42d32ed","name":"Telinha","image":{"@type":"ImageObject","inLanguage":"pt-PT","@id":"https:\/\/portaltela.pt\/s.01k8rhncp4jt1\/2025\/11\/talking-bot-125x125.png","url":"https:\/\/portaltela.pt\/s.01k8rhncp4jt1\/2025\/11\/talking-bot-125x125.png","contentUrl":"https:\/\/portaltela.pt\/s.01k8rhncp4jt1\/2025\/11\/talking-bot-125x125.png","caption":"Telinha"},"sameAs":["https:\/\/portaltela.pt\/"],"url":"https:\/\/portaltela.pt\/por\/367410592786\/"}]}},"_links":{"self":[{"href":"https:\/\/portaltela.pt\/api\/wp\/v2\/posts\/156022","targetHints":{"allow":["GET"]}}],"collection":[{"href":"https:\/\/portaltela.pt\/api\/wp\/v2\/posts"}],"about":[{"href":"https:\/\/portaltela.pt\/api\/wp\/v2\/types\/post"}],"author":[{"embeddable":true,"href":"https:\/\/portaltela.pt\/api\/wp\/v2\/users\/2"}],"replies":[{"embeddable":true,"href":"https:\/\/portaltela.pt\/api\/wp\/v2\/comments?post=156022"}],"version-history":[{"count":0,"href":"https:\/\/portaltela.pt\/api\/wp\/v2\/posts\/156022\/revisions"}],"wp:featuredmedia":[{"embeddable":true,"href":"https:\/\/portaltela.pt\/api\/wp\/v2\/media\/156024"}],"wp:attachment":[{"href":"https:\/\/portaltela.pt\/api\/wp\/v2\/media?parent=156022"}],"wp:term":[{"taxonomy":"category","embeddable":true,"href":"https:\/\/portaltela.pt\/api\/wp\/v2\/categories?post=156022"},{"taxonomy":"post_tag","embeddable":true,"href":"https:\/\/portaltela.pt\/api\/wp\/v2\/tags?post=156022"}],"curies":[{"name":"wp","href":"https:\/\/api.w.org\/{rel}","templated":true}]}}