{"id":155998,"date":"2026-01-20T08:49:00","date_gmt":"2026-01-20T11:49:00","guid":{"rendered":"https:\/\/portaltela.pt\/noticias\/2026\/01\/20\/sergio-goncalves-defende-direitos-dos-passageiros\/"},"modified":"2026-01-20T08:49:00","modified_gmt":"2026-01-20T11:49:00","slug":"sergio-goncalves-defende-direitos-dos-passageiros","status":"publish","type":"post","link":"https:\/\/portaltela.pt\/noticias\/2026\/01\/20\/sergio-goncalves-defende-direitos-dos-passageiros\/","title":{"rendered":"S\u00e9rgio Gon\u00e7alves defende direitos dos passageiros"},"content":{"rendered":"<p>O Parlamento Europeu discute esta tarde e vota amanh\u00e3 a sua posi\u00e7\u00e3o sobre a revis\u00e3o das regras de direitos dos passageiros em viagens de avi\u00e3o, ap\u00f3s a Comiss\u00e3o dos Transportes ter aprovado o relat\u00f3rio na semana passada. O objetivo \u00e9 redefinir prote\u00e7\u00f5es para quem viaja, num processo que j\u00e1 dura 11 anos.<\/p>\n<p>O eurodeputado S\u00e9rgio Gon\u00e7alves, membro da TRAN, afirma que o PE procura manter as prote\u00e7\u00f5es atuais, enquanto alguns governos nacionais defendem endurecer as regras para beneficiar as companhias a\u00e9reas. A vota\u00e7\u00e3o ocorre em Estrasburgo, com negocia\u00e7\u00f5es previstas com o Conselho.<\/p>\n<p>A proposta atual mant\u00e9m a compensa\u00e7\u00e3o por atrasos superiores a tr\u00eas horas, cancelamentos ou recusa de embarque. Em contrapartida, o Conselho defende elevar esse limiar m\u00ednimo para quatro horas. A discuss\u00e3o envolve tamb\u00e9m limites para bagagens de cabine.<\/p>\n<p>As mudan\u00e7as propostas incluem permitir um item pessoal e uma mala de m\u00e3o de dimens\u00f5es uniformizadas, sem custos adicionais. O PE tamb\u00e9m defende eliminar taxas consideradas injustificadas, como cobran\u00e7as pelo check-in ou por corre\u00e7\u00f5es simples no nome do bilhete.<\/p>\n<h3>Foco nas fam\u00edlias e na mobilidade<\/h3>\n<p>Passageiros com crian\u00e7as devem poder sentar-se ao lado dos filhos sem custo adicional, segundo o Parlamento. Al\u00e9m disso, quem precisa de assist\u00eancia deve receb\u00ea-la de forma adequada, com compensa\u00e7\u00e3o em caso de falha de aeroportos ou operadores.<\/p>\n<p>O PE pretende tornar os reembolsos mais r\u00e1pidos e simples, com um formul\u00e1rio de compensa\u00e7\u00e3o pr\u00e9-preenchido enviado dentro de 48 horas ap\u00f3s atraso ou cancelamento, para reduzir burocracia e depend\u00eancia de intermedi\u00e1rios.<\/p>\n<h3>Avan\u00e7os e pr\u00f3ximos passos<\/h3>\n<p>A TRAN aprovou o relat\u00f3rio por 36 votos a favor e duas absten\u00e7\u00f5es, e a vota\u00e7\u00e3o em plen\u00e1rio \u00e9 esperada por alta maioria. Seguem-se novas rondas de negocia\u00e7\u00f5es com o Conselho para alcan\u00e7ar um acordo c\u00e9lere.<\/p>\n<p>Caso n\u00e3o haja acordo entre Parlamento e Conselho, a legisla\u00e7\u00e3o pode recair sobre o quadro atual, colocando em causa eventuais altera\u00e7\u00f5es em compensa\u00e7\u00f5es, malas gratuitas e acesso a assentos ao lado de familiares.<\/p>\n","protected":false},"excerpt":{"rendered":"<ul>\n<li>O Parlamento Europeu debate hoje e vota amanh\u00e3 a sua posi\u00e7\u00e3o sobre a revis\u00e3o das regras de direitos dos passageiros em voos, ap\u00f3s a aprova\u00e7\u00e3o na Comiss\u00e3o TRAN.<\/li>\n<li>A proposta, que j\u00e1 atravessa o processo h\u00e1 cerca de 11 anos, prev\u00ea manter os direitos atuais dos passageiros, incluindo compensa\u00e7\u00e3o por atrasos superiores a tr\u00eas horas, cancelamentos ou recusa de embarque. O Conselho da UE prop\u00f5e aumentar o limiar m\u00ednimo para quatro horas.<\/li>\n<li>O PE defende que todos os passageiros possam levar a bordo um item pessoal e uma pequena mala de m\u00e3o sem custos adicionais, al\u00e9m de acabar com taxas consideradas injustas para o check-in ou corre\u00e7\u00e3o de erros simples no bilhete.<\/li>\n<li>Foco tamb\u00e9m em fam\u00edlias e mobilidade reduzida: pais devem poder sentar-se ao lado dos filhos sem custo extra e h\u00e1 obriga\u00e7\u00e3o de assist\u00eancia adequada com compensa\u00e7\u00e3o se falharem.<\/li>\n<li>A vota\u00e7\u00e3o \u00e9 vista como passo para um acordo em concilia\u00e7\u00e3o com o Conselho; caso n\u00e3o haja acordo, a legisla\u00e7\u00e3o pode cair e regressar ao ponto de partida.<\/li>\n<\/ul>\n","protected":false},"author":2,"featured_media":156012,"comment_status":"closed","ping_status":"closed","sticky":false,"template":"","format":"standard","meta":{"footnotes":""},"categories":[1],"tags":[2625,3302,2633,1428,2832,192],"class_list":["post-155998","post","type-post","status-publish","format-standard","has-post-thumbnail","hentry","category-noticias","tag-aeronautica","tag-aeroportos","tag-direitos-humanos","tag-direitos-publicos","tag-politica","tag-transporte"],"yoast_head":"<!-- This site is optimized with the Yoast SEO plugin v27.2 - https:\/\/yoast.com\/product\/yoast-seo-wordpress\/ -->\n<title>S\u00e9rgio Gon\u00e7alves defende direitos dos passageiros - Portal Tela Portugal<\/title>\n<meta name=\"robots\" content=\"index, follow, max-snippet:-1, max-image-preview:large, max-video-preview:-1\" \/>\n<meta property=\"og:locale\" content=\"pt_PT\" \/>\n<meta property=\"og:type\" content=\"article\" \/>\n<meta property=\"og:title\" content=\"S\u00e9rgio Gon\u00e7alves defende direitos dos passageiros - Portal Tela Portugal\" \/>\n<meta property=\"og:description\" content=\"O Parlamento Europeu debate hoje e vota amanh\u00e3 a sua posi\u00e7\u00e3o sobre a revis\u00e3o das regras de direitos dos passageiros em voos, ap\u00f3s a aprova\u00e7\u00e3o na Comiss\u00e3o TRAN. A proposta, que j\u00e1 atravessa o processo h\u00e1 cerca de 11 anos, prev\u00ea manter os direitos atuais dos passageiros, incluindo compensa\u00e7\u00e3o por atrasos superiores a tr\u00eas horas, cancelamentos ou recusa de embarque. O Conselho da UE prop\u00f5e aumentar o limiar m\u00ednimo para quatro horas. O PE defende que todos os passageiros possam levar a bordo um item pessoal e uma pequena mala de m\u00e3o sem custos adicionais, al\u00e9m de acabar com taxas consideradas injustas para o check-in ou corre\u00e7\u00e3o de erros simples no bilhete. Foco tamb\u00e9m em fam\u00edlias e mobilidade reduzida: pais devem poder sentar-se ao lado dos filhos sem custo extra e h\u00e1 obriga\u00e7\u00e3o de assist\u00eancia adequada com compensa\u00e7\u00e3o se falharem. A vota\u00e7\u00e3o \u00e9 vista como passo para um acordo em concilia\u00e7\u00e3o com o Conselho; caso n\u00e3o haja acordo, a legisla\u00e7\u00e3o pode cair e regressar ao ponto de partida.\" \/>\n<meta property=\"og:url\" content=\"https:\/\/portaltela.pt\/noticias\/2026\/01\/20\/sergio-goncalves-defende-direitos-dos-passageiros\/\" \/>\n<meta property=\"og:site_name\" content=\"Portal Tela Portugal\" \/>\n<meta property=\"article:published_time\" content=\"2026-01-20T11:49:00+00:00\" \/>\n<meta name=\"author\" content=\"Telinha\" \/>\n<meta name=\"twitter:card\" content=\"summary_large_image\" \/>\n<meta name=\"twitter:label1\" content=\"Escrito por\" \/>\n\t<meta name=\"twitter:data1\" content=\"Telinha\" \/>\n\t<meta name=\"twitter:label2\" content=\"Tempo estimado de leitura\" \/>\n\t<meta name=\"twitter:data2\" content=\"2 minutos\" \/>\n<script type=\"application\/ld+json\" class=\"yoast-schema-graph\">{\"@context\":\"https:\/\/schema.org\",\"@graph\":[{\"@type\":\"Article\",\"@id\":\"https:\/\/portaltela.pt\/noticias\/2026\/01\/20\/sergio-goncalves-defende-direitos-dos-passageiros\/#article\",\"isPartOf\":{\"@id\":\"https:\/\/portaltela.pt\/noticias\/2026\/01\/20\/sergio-goncalves-defende-direitos-dos-passageiros\/\"},\"author\":{\"name\":\"Telinha\",\"@id\":\"https:\/\/portaltela.pt\/#\/schema\/person\/c4278d4a6028830caff9ee44b42d32ed\"},\"headline\":\"S\u00e9rgio Gon\u00e7alves defende direitos dos passageiros\",\"datePublished\":\"2026-01-20T11:49:00+00:00\",\"mainEntityOfPage\":{\"@id\":\"https:\/\/portaltela.pt\/noticias\/2026\/01\/20\/sergio-goncalves-defende-direitos-dos-passageiros\/\"},\"wordCount\":371,\"image\":{\"@id\":\"https:\/\/portaltela.pt\/noticias\/2026\/01\/20\/sergio-goncalves-defende-direitos-dos-passageiros\/#primaryimage\"},\"thumbnailUrl\":\"https:\/\/portaltela.pt\/s.01k8rhncp4jt1\/2026\/01\/unnamed-file-4085.jpg\",\"keywords\":[\"aeron\u00e1utica\",\"aeroportos\",\"direitos humanos\",\"direitos p\u00fablicos\",\"pol\u00edtica\",\"transporte\"],\"articleSection\":[\"Not\u00edcias\"],\"inLanguage\":\"pt-PT\"},{\"@type\":\"WebPage\",\"@id\":\"https:\/\/portaltela.pt\/noticias\/2026\/01\/20\/sergio-goncalves-defende-direitos-dos-passageiros\/\",\"url\":\"https:\/\/portaltela.pt\/noticias\/2026\/01\/20\/sergio-goncalves-defende-direitos-dos-passageiros\/\",\"name\":\"S\u00e9rgio Gon\u00e7alves defende direitos dos passageiros - Portal Tela Portugal\",\"isPartOf\":{\"@id\":\"https:\/\/portaltela.pt\/#website\"},\"primaryImageOfPage\":{\"@id\":\"https:\/\/portaltela.pt\/noticias\/2026\/01\/20\/sergio-goncalves-defende-direitos-dos-passageiros\/#primaryimage\"},\"image\":{\"@id\":\"https:\/\/portaltela.pt\/noticias\/2026\/01\/20\/sergio-goncalves-defende-direitos-dos-passageiros\/#primaryimage\"},\"thumbnailUrl\":\"https:\/\/portaltela.pt\/s.01k8rhncp4jt1\/2026\/01\/unnamed-file-4085.jpg\",\"datePublished\":\"2026-01-20T11:49:00+00:00\",\"author\":{\"@id\":\"https:\/\/portaltela.pt\/#\/schema\/person\/c4278d4a6028830caff9ee44b42d32ed\"},\"breadcrumb\":{\"@id\":\"https:\/\/portaltela.pt\/noticias\/2026\/01\/20\/sergio-goncalves-defende-direitos-dos-passageiros\/#breadcrumb\"},\"inLanguage\":\"pt-PT\",\"potentialAction\":[{\"@type\":\"ReadAction\",\"target\":[\"https:\/\/portaltela.pt\/noticias\/2026\/01\/20\/sergio-goncalves-defende-direitos-dos-passageiros\/\"]}]},{\"@type\":\"ImageObject\",\"inLanguage\":\"pt-PT\",\"@id\":\"https:\/\/portaltela.pt\/noticias\/2026\/01\/20\/sergio-goncalves-defende-direitos-dos-passageiros\/#primaryimage\",\"url\":\"https:\/\/portaltela.pt\/s.01k8rhncp4jt1\/2026\/01\/unnamed-file-4085.jpg\",\"contentUrl\":\"https:\/\/portaltela.pt\/s.01k8rhncp4jt1\/2026\/01\/unnamed-file-4085.jpg\",\"width\":796,\"height\":448,\"caption\":\"S\u00e9rgio Gon\u00e7alves defende direitos dos passageiros\"},{\"@type\":\"BreadcrumbList\",\"@id\":\"https:\/\/portaltela.pt\/noticias\/2026\/01\/20\/sergio-goncalves-defende-direitos-dos-passageiros\/#breadcrumb\",\"itemListElement\":[{\"@type\":\"ListItem\",\"position\":1,\"name\":\"In\u00edcio\",\"item\":\"https:\/\/portaltela.pt\/\"},{\"@type\":\"ListItem\",\"position\":2,\"name\":\"S\u00e9rgio Gon\u00e7alves defende direitos dos passageiros\"}]},{\"@type\":\"WebSite\",\"@id\":\"https:\/\/portaltela.pt\/#website\",\"url\":\"https:\/\/portaltela.pt\/\",\"name\":\"Portal Tela Portugal\",\"description\":\"\",\"potentialAction\":[{\"@type\":\"SearchAction\",\"target\":{\"@type\":\"EntryPoint\",\"urlTemplate\":\"https:\/\/portaltela.pt\/?s={search_term_string}\"},\"query-input\":{\"@type\":\"PropertyValueSpecification\",\"valueRequired\":true,\"valueName\":\"search_term_string\"}}],\"inLanguage\":\"pt-PT\"},{\"@type\":\"Person\",\"@id\":\"https:\/\/portaltela.pt\/#\/schema\/person\/c4278d4a6028830caff9ee44b42d32ed\",\"name\":\"Telinha\",\"image\":{\"@type\":\"ImageObject\",\"inLanguage\":\"pt-PT\",\"@id\":\"https:\/\/portaltela.pt\/s.01k8rhncp4jt1\/2025\/11\/talking-bot-125x125.png\",\"url\":\"https:\/\/portaltela.pt\/s.01k8rhncp4jt1\/2025\/11\/talking-bot-125x125.png\",\"contentUrl\":\"https:\/\/portaltela.pt\/s.01k8rhncp4jt1\/2025\/11\/talking-bot-125x125.png\",\"caption\":\"Telinha\"},\"sameAs\":[\"https:\/\/portaltela.pt\/\"],\"url\":\"https:\/\/portaltela.pt\/por\/367410592786\/\"}]}<\/script>\n<!-- \/ Yoast SEO plugin. -->","yoast_head_json":{"title":"S\u00e9rgio Gon\u00e7alves defende direitos dos passageiros - Portal Tela Portugal","robots":{"index":"index","follow":"follow","max-snippet":"max-snippet:-1","max-image-preview":"max-image-preview:large","max-video-preview":"max-video-preview:-1"},"og_locale":"pt_PT","og_type":"article","og_title":"S\u00e9rgio Gon\u00e7alves defende direitos dos passageiros - Portal Tela Portugal","og_description":"O Parlamento Europeu debate hoje e vota amanh\u00e3 a sua posi\u00e7\u00e3o sobre a revis\u00e3o das regras de direitos dos passageiros em voos, ap\u00f3s a aprova\u00e7\u00e3o na Comiss\u00e3o TRAN. A proposta, que j\u00e1 atravessa o processo h\u00e1 cerca de 11 anos, prev\u00ea manter os direitos atuais dos passageiros, incluindo compensa\u00e7\u00e3o por atrasos superiores a tr\u00eas horas, cancelamentos ou recusa de embarque. O Conselho da UE prop\u00f5e aumentar o limiar m\u00ednimo para quatro horas. O PE defende que todos os passageiros possam levar a bordo um item pessoal e uma pequena mala de m\u00e3o sem custos adicionais, al\u00e9m de acabar com taxas consideradas injustas para o check-in ou corre\u00e7\u00e3o de erros simples no bilhete. Foco tamb\u00e9m em fam\u00edlias e mobilidade reduzida: pais devem poder sentar-se ao lado dos filhos sem custo extra e h\u00e1 obriga\u00e7\u00e3o de assist\u00eancia adequada com compensa\u00e7\u00e3o se falharem. A vota\u00e7\u00e3o \u00e9 vista como passo para um acordo em concilia\u00e7\u00e3o com o Conselho; caso n\u00e3o haja acordo, a legisla\u00e7\u00e3o pode cair e regressar ao ponto de partida.","og_url":"https:\/\/portaltela.pt\/noticias\/2026\/01\/20\/sergio-goncalves-defende-direitos-dos-passageiros\/","og_site_name":"Portal Tela Portugal","article_published_time":"2026-01-20T11:49:00+00:00","author":"Telinha","twitter_card":"summary_large_image","twitter_misc":{"Escrito por":"Telinha","Tempo estimado de leitura":"2 minutos"},"schema":{"@context":"https:\/\/schema.org","@graph":[{"@type":"Article","@id":"https:\/\/portaltela.pt\/noticias\/2026\/01\/20\/sergio-goncalves-defende-direitos-dos-passageiros\/#article","isPartOf":{"@id":"https:\/\/portaltela.pt\/noticias\/2026\/01\/20\/sergio-goncalves-defende-direitos-dos-passageiros\/"},"author":{"name":"Telinha","@id":"https:\/\/portaltela.pt\/#\/schema\/person\/c4278d4a6028830caff9ee44b42d32ed"},"headline":"S\u00e9rgio Gon\u00e7alves defende direitos dos passageiros","datePublished":"2026-01-20T11:49:00+00:00","mainEntityOfPage":{"@id":"https:\/\/portaltela.pt\/noticias\/2026\/01\/20\/sergio-goncalves-defende-direitos-dos-passageiros\/"},"wordCount":371,"image":{"@id":"https:\/\/portaltela.pt\/noticias\/2026\/01\/20\/sergio-goncalves-defende-direitos-dos-passageiros\/#primaryimage"},"thumbnailUrl":"https:\/\/portaltela.pt\/s.01k8rhncp4jt1\/2026\/01\/unnamed-file-4085.jpg","keywords":["aeron\u00e1utica","aeroportos","direitos humanos","direitos p\u00fablicos","pol\u00edtica","transporte"],"articleSection":["Not\u00edcias"],"inLanguage":"pt-PT"},{"@type":"WebPage","@id":"https:\/\/portaltela.pt\/noticias\/2026\/01\/20\/sergio-goncalves-defende-direitos-dos-passageiros\/","url":"https:\/\/portaltela.pt\/noticias\/2026\/01\/20\/sergio-goncalves-defende-direitos-dos-passageiros\/","name":"S\u00e9rgio Gon\u00e7alves defende direitos dos passageiros - Portal Tela Portugal","isPartOf":{"@id":"https:\/\/portaltela.pt\/#website"},"primaryImageOfPage":{"@id":"https:\/\/portaltela.pt\/noticias\/2026\/01\/20\/sergio-goncalves-defende-direitos-dos-passageiros\/#primaryimage"},"image":{"@id":"https:\/\/portaltela.pt\/noticias\/2026\/01\/20\/sergio-goncalves-defende-direitos-dos-passageiros\/#primaryimage"},"thumbnailUrl":"https:\/\/portaltela.pt\/s.01k8rhncp4jt1\/2026\/01\/unnamed-file-4085.jpg","datePublished":"2026-01-20T11:49:00+00:00","author":{"@id":"https:\/\/portaltela.pt\/#\/schema\/person\/c4278d4a6028830caff9ee44b42d32ed"},"breadcrumb":{"@id":"https:\/\/portaltela.pt\/noticias\/2026\/01\/20\/sergio-goncalves-defende-direitos-dos-passageiros\/#breadcrumb"},"inLanguage":"pt-PT","potentialAction":[{"@type":"ReadAction","target":["https:\/\/portaltela.pt\/noticias\/2026\/01\/20\/sergio-goncalves-defende-direitos-dos-passageiros\/"]}]},{"@type":"ImageObject","inLanguage":"pt-PT","@id":"https:\/\/portaltela.pt\/noticias\/2026\/01\/20\/sergio-goncalves-defende-direitos-dos-passageiros\/#primaryimage","url":"https:\/\/portaltela.pt\/s.01k8rhncp4jt1\/2026\/01\/unnamed-file-4085.jpg","contentUrl":"https:\/\/portaltela.pt\/s.01k8rhncp4jt1\/2026\/01\/unnamed-file-4085.jpg","width":796,"height":448,"caption":"S\u00e9rgio Gon\u00e7alves defende direitos dos passageiros"},{"@type":"BreadcrumbList","@id":"https:\/\/portaltela.pt\/noticias\/2026\/01\/20\/sergio-goncalves-defende-direitos-dos-passageiros\/#breadcrumb","itemListElement":[{"@type":"ListItem","position":1,"name":"In\u00edcio","item":"https:\/\/portaltela.pt\/"},{"@type":"ListItem","position":2,"name":"S\u00e9rgio Gon\u00e7alves defende direitos dos passageiros"}]},{"@type":"WebSite","@id":"https:\/\/portaltela.pt\/#website","url":"https:\/\/portaltela.pt\/","name":"Portal Tela Portugal","description":"","potentialAction":[{"@type":"SearchAction","target":{"@type":"EntryPoint","urlTemplate":"https:\/\/portaltela.pt\/?s={search_term_string}"},"query-input":{"@type":"PropertyValueSpecification","valueRequired":true,"valueName":"search_term_string"}}],"inLanguage":"pt-PT"},{"@type":"Person","@id":"https:\/\/portaltela.pt\/#\/schema\/person\/c4278d4a6028830caff9ee44b42d32ed","name":"Telinha","image":{"@type":"ImageObject","inLanguage":"pt-PT","@id":"https:\/\/portaltela.pt\/s.01k8rhncp4jt1\/2025\/11\/talking-bot-125x125.png","url":"https:\/\/portaltela.pt\/s.01k8rhncp4jt1\/2025\/11\/talking-bot-125x125.png","contentUrl":"https:\/\/portaltela.pt\/s.01k8rhncp4jt1\/2025\/11\/talking-bot-125x125.png","caption":"Telinha"},"sameAs":["https:\/\/portaltela.pt\/"],"url":"https:\/\/portaltela.pt\/por\/367410592786\/"}]}},"_links":{"self":[{"href":"https:\/\/portaltela.pt\/api\/wp\/v2\/posts\/155998","targetHints":{"allow":["GET"]}}],"collection":[{"href":"https:\/\/portaltela.pt\/api\/wp\/v2\/posts"}],"about":[{"href":"https:\/\/portaltela.pt\/api\/wp\/v2\/types\/post"}],"author":[{"embeddable":true,"href":"https:\/\/portaltela.pt\/api\/wp\/v2\/users\/2"}],"replies":[{"embeddable":true,"href":"https:\/\/portaltela.pt\/api\/wp\/v2\/comments?post=155998"}],"version-history":[{"count":0,"href":"https:\/\/portaltela.pt\/api\/wp\/v2\/posts\/155998\/revisions"}],"wp:featuredmedia":[{"embeddable":true,"href":"https:\/\/portaltela.pt\/api\/wp\/v2\/media\/156012"}],"wp:attachment":[{"href":"https:\/\/portaltela.pt\/api\/wp\/v2\/media?parent=155998"}],"wp:term":[{"taxonomy":"category","embeddable":true,"href":"https:\/\/portaltela.pt\/api\/wp\/v2\/categories?post=155998"},{"taxonomy":"post_tag","embeddable":true,"href":"https:\/\/portaltela.pt\/api\/wp\/v2\/tags?post=155998"}],"curies":[{"name":"wp","href":"https:\/\/api.w.org\/{rel}","templated":true}]}}