{"id":155970,"date":"2026-01-20T08:46:41","date_gmt":"2026-01-20T11:46:41","guid":{"rendered":"https:\/\/portaltela.pt\/noticias\/2026\/01\/20\/corpo-de-maycon-douglas-apresenta-contusoes-e-ausencia-de-vestuario\/"},"modified":"2026-01-20T08:46:41","modified_gmt":"2026-01-20T11:46:41","slug":"corpo-de-maycon-douglas-apresenta-contusoes-e-ausencia-de-vestuario","status":"publish","type":"post","link":"https:\/\/portaltela.pt\/noticias\/politica\/2026\/01\/20\/corpo-de-maycon-douglas-apresenta-contusoes-e-ausencia-de-vestuario\/","title":{"rendered":"Corpo de Maycon Douglas apresenta contus\u00f5es e aus\u00eancia de vestu\u00e1rio"},"content":{"rendered":"<p>O DJ Maycon Douglas foi encontrado morto a 7 de janeiro na Praia do Sul, Nazar\u00e9, uma semana ap\u00f3s o seu desaparecimento na madrugada de 31 de dezembro de 2025. O corpo apresentava avan\u00e7o da decomposi\u00e7\u00e3o, sem cabelo, sem vestu\u00e1rio e com v\u00e1rias contus\u00f5es, possivelmente resultantes do impacto da queda.<\/p>\n<p>Segundo a investiga\u00e7\u00e3o, Maycon e a namorada ter\u00e3o estado alcoolizados e discutido antes do incidente. A m\u00e3e de Maycon Interveniu, a namorada saiu da resid\u00eancia e Maycon saiu sozinho. O ve\u00edculo foi conduzido at\u00e9 \u00e0 zona do Farol da Nazar\u00e9, onde acabou submerso a cerca de seis metros de profundidade.<\/p>\n<h3>Investiga\u00e7\u00e3o e aut\u00f3psia<\/h3>\n<p>A aut\u00f3psia confirmou que a causa da morte foi afogamento, com areia no est\u00f4mago e pulm\u00f5es pesados. Registos indicam que Maycon esteve pelo menos 12 minutos est\u00e1tico na \u00e1rea do farol antes de desaparecer. A \u00faltima utiliza\u00e7\u00e3o do telem\u00f3vel ocorreu \u00e0s 5h40, com a m\u00e3e a ouvir a sua voz pela \u00faltima vez.<\/p>\n<h3>Quest\u00f5es em aberto<\/h3>\n<p>As circunst\u00e2ncias exatas permanecem por apurar, incluindo a poss\u00edvel interven\u00e7\u00e3o de terceiros ou se ter\u00e1 ocorrido suic\u00eddio, conforme alguns elementos preliminares. A investiga\u00e7\u00e3o continua a recolher provas e testemunhos para esclarecer o que aconteceu.<\/p>\n","protected":false},"excerpt":{"rendered":"<ul>\n<li>O corpo de Maycon Douglas foi encontrado a sete de janeiro na Praia do Sul, Nazar\u00e9, uma semana depois de ter desaparecido na madrugada de 31 de dezembro de 2025.<\/li>\n<li>A v\u00edtima apresentava avan\u00e7o da decomposi\u00e7\u00e3o, sem cabelo, sem vestu\u00e1rio e com v\u00e1rias contus\u00f5es, possivelmente resultantes do impacto da queda.<\/li>\n<li>A investiga\u00e7\u00e3o indica que Maycon e a namorada estavam alcoolizados e discutiram antes do incidente; ap\u00f3s interven\u00e7\u00e3o da m\u00e3e, a namorada saiu da resid\u00eancia e Maycon saiu sozinho.<\/li>\n<li>Maycon conduziu at\u00e9 \u00e0 zona do Farol da Nazar\u00e9, onde o carro acabou submerso a cerca de seis metros de profundidade; a aut\u00f3psia confirmou afogamento como causa da morte.<\/li>\n<li>Registos mostram que Maycon esteve, pelo menos, 12 minutos est\u00e1tico na zona do farol antes de desaparecer; a \u00faltima utiliza\u00e7\u00e3o do telem\u00f3vel foi \u00e0s 5h40, a m\u00e3e foi a \u00faltima pessoa a ouvir a sua voz. As circunst\u00e2ncias exatas continuam a ser apuradas, incluindo a poss\u00edvel envolv\u00eancia de terceiros ou a hip\u00f3tese de suic\u00eddio.<\/li>\n<\/ul>\n","protected":false},"author":2,"featured_media":155994,"comment_status":"closed","ping_status":"closed","sticky":false,"template":"","format":"standard","meta":{"footnotes":""},"categories":[1,5],"tags":[3546,1850,215,217,894],"class_list":["post-155970","post","type-post","status-publish","format-standard","has-post-thumbnail","hentry","category-noticias","category-politica","tag-afogamento","tag-consumo-de-alcool","tag-investigacao","tag-investigacao-criminal","tag-nazare"],"yoast_head":"<!-- This site is optimized with the Yoast SEO plugin v27.2 - https:\/\/yoast.com\/product\/yoast-seo-wordpress\/ -->\n<title>Corpo de Maycon Douglas apresenta contus\u00f5es e aus\u00eancia de vestu\u00e1rio - Portal Tela Portugal<\/title>\n<meta name=\"robots\" content=\"index, follow, max-snippet:-1, max-image-preview:large, max-video-preview:-1\" \/>\n<meta property=\"og:locale\" content=\"pt_PT\" \/>\n<meta property=\"og:type\" content=\"article\" \/>\n<meta property=\"og:title\" content=\"Corpo de Maycon Douglas apresenta contus\u00f5es e aus\u00eancia de vestu\u00e1rio - Portal Tela Portugal\" \/>\n<meta property=\"og:description\" content=\"O corpo de Maycon Douglas foi encontrado a sete de janeiro na Praia do Sul, Nazar\u00e9, uma semana depois de ter desaparecido na madrugada de 31 de dezembro de 2025. A v\u00edtima apresentava avan\u00e7o da decomposi\u00e7\u00e3o, sem cabelo, sem vestu\u00e1rio e com v\u00e1rias contus\u00f5es, possivelmente resultantes do impacto da queda. A investiga\u00e7\u00e3o indica que Maycon e a namorada estavam alcoolizados e discutiram antes do incidente; ap\u00f3s interven\u00e7\u00e3o da m\u00e3e, a namorada saiu da resid\u00eancia e Maycon saiu sozinho. Maycon conduziu at\u00e9 \u00e0 zona do Farol da Nazar\u00e9, onde o carro acabou submerso a cerca de seis metros de profundidade; a aut\u00f3psia confirmou afogamento como causa da morte. Registos mostram que Maycon esteve, pelo menos, 12 minutos est\u00e1tico na zona do farol antes de desaparecer; a \u00faltima utiliza\u00e7\u00e3o do telem\u00f3vel foi \u00e0s 5h40, a m\u00e3e foi a \u00faltima pessoa a ouvir a sua voz. As circunst\u00e2ncias exatas continuam a ser apuradas, incluindo a poss\u00edvel envolv\u00eancia de terceiros ou a hip\u00f3tese de suic\u00eddio.\" \/>\n<meta property=\"og:url\" content=\"https:\/\/portaltela.pt\/noticias\/2026\/01\/20\/corpo-de-maycon-douglas-apresenta-contusoes-e-ausencia-de-vestuario\/\" \/>\n<meta property=\"og:site_name\" content=\"Portal Tela Portugal\" \/>\n<meta property=\"article:published_time\" content=\"2026-01-20T11:46:41+00:00\" \/>\n<meta name=\"author\" content=\"Telinha\" \/>\n<meta name=\"twitter:card\" content=\"summary_large_image\" \/>\n<meta name=\"twitter:label1\" content=\"Escrito por\" \/>\n\t<meta name=\"twitter:data1\" content=\"Telinha\" \/>\n\t<meta name=\"twitter:label2\" content=\"Tempo estimado de leitura\" \/>\n\t<meta name=\"twitter:data2\" content=\"1 minuto\" \/>\n<script type=\"application\/ld+json\" class=\"yoast-schema-graph\">{\"@context\":\"https:\/\/schema.org\",\"@graph\":[{\"@type\":\"Article\",\"@id\":\"https:\/\/portaltela.pt\/noticias\/2026\/01\/20\/corpo-de-maycon-douglas-apresenta-contusoes-e-ausencia-de-vestuario\/#article\",\"isPartOf\":{\"@id\":\"https:\/\/portaltela.pt\/noticias\/2026\/01\/20\/corpo-de-maycon-douglas-apresenta-contusoes-e-ausencia-de-vestuario\/\"},\"author\":{\"name\":\"Telinha\",\"@id\":\"https:\/\/portaltela.pt\/#\/schema\/person\/c4278d4a6028830caff9ee44b42d32ed\"},\"headline\":\"Corpo de Maycon Douglas apresenta contus\u00f5es e aus\u00eancia de vestu\u00e1rio\",\"datePublished\":\"2026-01-20T11:46:41+00:00\",\"mainEntityOfPage\":{\"@id\":\"https:\/\/portaltela.pt\/noticias\/2026\/01\/20\/corpo-de-maycon-douglas-apresenta-contusoes-e-ausencia-de-vestuario\/\"},\"wordCount\":227,\"image\":{\"@id\":\"https:\/\/portaltela.pt\/noticias\/2026\/01\/20\/corpo-de-maycon-douglas-apresenta-contusoes-e-ausencia-de-vestuario\/#primaryimage\"},\"thumbnailUrl\":\"https:\/\/portaltela.pt\/s.01k8rhncp4jt1\/2026\/01\/unnamed-file-4083.jpg\",\"keywords\":[\"afogamento\",\"consumo de \u00e1lcool\",\"investiga\u00e7\u00e3o\",\"investiga\u00e7\u00e3o criminal\",\"Nazar\u00e9\"],\"articleSection\":[\"Not\u00edcias\",\"Pol\u00edtica\"],\"inLanguage\":\"pt-PT\"},{\"@type\":\"WebPage\",\"@id\":\"https:\/\/portaltela.pt\/noticias\/2026\/01\/20\/corpo-de-maycon-douglas-apresenta-contusoes-e-ausencia-de-vestuario\/\",\"url\":\"https:\/\/portaltela.pt\/noticias\/2026\/01\/20\/corpo-de-maycon-douglas-apresenta-contusoes-e-ausencia-de-vestuario\/\",\"name\":\"Corpo de Maycon Douglas apresenta contus\u00f5es e aus\u00eancia de vestu\u00e1rio - Portal Tela Portugal\",\"isPartOf\":{\"@id\":\"https:\/\/portaltela.pt\/#website\"},\"primaryImageOfPage\":{\"@id\":\"https:\/\/portaltela.pt\/noticias\/2026\/01\/20\/corpo-de-maycon-douglas-apresenta-contusoes-e-ausencia-de-vestuario\/#primaryimage\"},\"image\":{\"@id\":\"https:\/\/portaltela.pt\/noticias\/2026\/01\/20\/corpo-de-maycon-douglas-apresenta-contusoes-e-ausencia-de-vestuario\/#primaryimage\"},\"thumbnailUrl\":\"https:\/\/portaltela.pt\/s.01k8rhncp4jt1\/2026\/01\/unnamed-file-4083.jpg\",\"datePublished\":\"2026-01-20T11:46:41+00:00\",\"author\":{\"@id\":\"https:\/\/portaltela.pt\/#\/schema\/person\/c4278d4a6028830caff9ee44b42d32ed\"},\"breadcrumb\":{\"@id\":\"https:\/\/portaltela.pt\/noticias\/2026\/01\/20\/corpo-de-maycon-douglas-apresenta-contusoes-e-ausencia-de-vestuario\/#breadcrumb\"},\"inLanguage\":\"pt-PT\",\"potentialAction\":[{\"@type\":\"ReadAction\",\"target\":[\"https:\/\/portaltela.pt\/noticias\/2026\/01\/20\/corpo-de-maycon-douglas-apresenta-contusoes-e-ausencia-de-vestuario\/\"]}]},{\"@type\":\"ImageObject\",\"inLanguage\":\"pt-PT\",\"@id\":\"https:\/\/portaltela.pt\/noticias\/2026\/01\/20\/corpo-de-maycon-douglas-apresenta-contusoes-e-ausencia-de-vestuario\/#primaryimage\",\"url\":\"https:\/\/portaltela.pt\/s.01k8rhncp4jt1\/2026\/01\/unnamed-file-4083.jpg\",\"contentUrl\":\"https:\/\/portaltela.pt\/s.01k8rhncp4jt1\/2026\/01\/unnamed-file-4083.jpg\",\"width\":796,\"height\":448,\"caption\":\"Trag\u00e9dia na Nazar\u00e9: Maycon Douglas encontrado sem vida\"},{\"@type\":\"BreadcrumbList\",\"@id\":\"https:\/\/portaltela.pt\/noticias\/2026\/01\/20\/corpo-de-maycon-douglas-apresenta-contusoes-e-ausencia-de-vestuario\/#breadcrumb\",\"itemListElement\":[{\"@type\":\"ListItem\",\"position\":1,\"name\":\"In\u00edcio\",\"item\":\"https:\/\/portaltela.pt\/\"},{\"@type\":\"ListItem\",\"position\":2,\"name\":\"Corpo de Maycon Douglas apresenta contus\u00f5es e aus\u00eancia de vestu\u00e1rio\"}]},{\"@type\":\"WebSite\",\"@id\":\"https:\/\/portaltela.pt\/#website\",\"url\":\"https:\/\/portaltela.pt\/\",\"name\":\"Portal Tela Portugal\",\"description\":\"\",\"potentialAction\":[{\"@type\":\"SearchAction\",\"target\":{\"@type\":\"EntryPoint\",\"urlTemplate\":\"https:\/\/portaltela.pt\/?s={search_term_string}\"},\"query-input\":{\"@type\":\"PropertyValueSpecification\",\"valueRequired\":true,\"valueName\":\"search_term_string\"}}],\"inLanguage\":\"pt-PT\"},{\"@type\":\"Person\",\"@id\":\"https:\/\/portaltela.pt\/#\/schema\/person\/c4278d4a6028830caff9ee44b42d32ed\",\"name\":\"Telinha\",\"image\":{\"@type\":\"ImageObject\",\"inLanguage\":\"pt-PT\",\"@id\":\"https:\/\/portaltela.pt\/s.01k8rhncp4jt1\/2025\/11\/talking-bot-125x125.png\",\"url\":\"https:\/\/portaltela.pt\/s.01k8rhncp4jt1\/2025\/11\/talking-bot-125x125.png\",\"contentUrl\":\"https:\/\/portaltela.pt\/s.01k8rhncp4jt1\/2025\/11\/talking-bot-125x125.png\",\"caption\":\"Telinha\"},\"sameAs\":[\"https:\/\/portaltela.pt\/\"],\"url\":\"https:\/\/portaltela.pt\/por\/367410592786\/\"}]}<\/script>\n<!-- \/ Yoast SEO plugin. -->","yoast_head_json":{"title":"Corpo de Maycon Douglas apresenta contus\u00f5es e aus\u00eancia de vestu\u00e1rio - Portal Tela Portugal","robots":{"index":"index","follow":"follow","max-snippet":"max-snippet:-1","max-image-preview":"max-image-preview:large","max-video-preview":"max-video-preview:-1"},"og_locale":"pt_PT","og_type":"article","og_title":"Corpo de Maycon Douglas apresenta contus\u00f5es e aus\u00eancia de vestu\u00e1rio - Portal Tela Portugal","og_description":"O corpo de Maycon Douglas foi encontrado a sete de janeiro na Praia do Sul, Nazar\u00e9, uma semana depois de ter desaparecido na madrugada de 31 de dezembro de 2025. A v\u00edtima apresentava avan\u00e7o da decomposi\u00e7\u00e3o, sem cabelo, sem vestu\u00e1rio e com v\u00e1rias contus\u00f5es, possivelmente resultantes do impacto da queda. A investiga\u00e7\u00e3o indica que Maycon e a namorada estavam alcoolizados e discutiram antes do incidente; ap\u00f3s interven\u00e7\u00e3o da m\u00e3e, a namorada saiu da resid\u00eancia e Maycon saiu sozinho. Maycon conduziu at\u00e9 \u00e0 zona do Farol da Nazar\u00e9, onde o carro acabou submerso a cerca de seis metros de profundidade; a aut\u00f3psia confirmou afogamento como causa da morte. Registos mostram que Maycon esteve, pelo menos, 12 minutos est\u00e1tico na zona do farol antes de desaparecer; a \u00faltima utiliza\u00e7\u00e3o do telem\u00f3vel foi \u00e0s 5h40, a m\u00e3e foi a \u00faltima pessoa a ouvir a sua voz. As circunst\u00e2ncias exatas continuam a ser apuradas, incluindo a poss\u00edvel envolv\u00eancia de terceiros ou a hip\u00f3tese de suic\u00eddio.","og_url":"https:\/\/portaltela.pt\/noticias\/2026\/01\/20\/corpo-de-maycon-douglas-apresenta-contusoes-e-ausencia-de-vestuario\/","og_site_name":"Portal Tela Portugal","article_published_time":"2026-01-20T11:46:41+00:00","author":"Telinha","twitter_card":"summary_large_image","twitter_misc":{"Escrito por":"Telinha","Tempo estimado de leitura":"1 minuto"},"schema":{"@context":"https:\/\/schema.org","@graph":[{"@type":"Article","@id":"https:\/\/portaltela.pt\/noticias\/2026\/01\/20\/corpo-de-maycon-douglas-apresenta-contusoes-e-ausencia-de-vestuario\/#article","isPartOf":{"@id":"https:\/\/portaltela.pt\/noticias\/2026\/01\/20\/corpo-de-maycon-douglas-apresenta-contusoes-e-ausencia-de-vestuario\/"},"author":{"name":"Telinha","@id":"https:\/\/portaltela.pt\/#\/schema\/person\/c4278d4a6028830caff9ee44b42d32ed"},"headline":"Corpo de Maycon Douglas apresenta contus\u00f5es e aus\u00eancia de vestu\u00e1rio","datePublished":"2026-01-20T11:46:41+00:00","mainEntityOfPage":{"@id":"https:\/\/portaltela.pt\/noticias\/2026\/01\/20\/corpo-de-maycon-douglas-apresenta-contusoes-e-ausencia-de-vestuario\/"},"wordCount":227,"image":{"@id":"https:\/\/portaltela.pt\/noticias\/2026\/01\/20\/corpo-de-maycon-douglas-apresenta-contusoes-e-ausencia-de-vestuario\/#primaryimage"},"thumbnailUrl":"https:\/\/portaltela.pt\/s.01k8rhncp4jt1\/2026\/01\/unnamed-file-4083.jpg","keywords":["afogamento","consumo de \u00e1lcool","investiga\u00e7\u00e3o","investiga\u00e7\u00e3o criminal","Nazar\u00e9"],"articleSection":["Not\u00edcias","Pol\u00edtica"],"inLanguage":"pt-PT"},{"@type":"WebPage","@id":"https:\/\/portaltela.pt\/noticias\/2026\/01\/20\/corpo-de-maycon-douglas-apresenta-contusoes-e-ausencia-de-vestuario\/","url":"https:\/\/portaltela.pt\/noticias\/2026\/01\/20\/corpo-de-maycon-douglas-apresenta-contusoes-e-ausencia-de-vestuario\/","name":"Corpo de Maycon Douglas apresenta contus\u00f5es e aus\u00eancia de vestu\u00e1rio - Portal Tela Portugal","isPartOf":{"@id":"https:\/\/portaltela.pt\/#website"},"primaryImageOfPage":{"@id":"https:\/\/portaltela.pt\/noticias\/2026\/01\/20\/corpo-de-maycon-douglas-apresenta-contusoes-e-ausencia-de-vestuario\/#primaryimage"},"image":{"@id":"https:\/\/portaltela.pt\/noticias\/2026\/01\/20\/corpo-de-maycon-douglas-apresenta-contusoes-e-ausencia-de-vestuario\/#primaryimage"},"thumbnailUrl":"https:\/\/portaltela.pt\/s.01k8rhncp4jt1\/2026\/01\/unnamed-file-4083.jpg","datePublished":"2026-01-20T11:46:41+00:00","author":{"@id":"https:\/\/portaltela.pt\/#\/schema\/person\/c4278d4a6028830caff9ee44b42d32ed"},"breadcrumb":{"@id":"https:\/\/portaltela.pt\/noticias\/2026\/01\/20\/corpo-de-maycon-douglas-apresenta-contusoes-e-ausencia-de-vestuario\/#breadcrumb"},"inLanguage":"pt-PT","potentialAction":[{"@type":"ReadAction","target":["https:\/\/portaltela.pt\/noticias\/2026\/01\/20\/corpo-de-maycon-douglas-apresenta-contusoes-e-ausencia-de-vestuario\/"]}]},{"@type":"ImageObject","inLanguage":"pt-PT","@id":"https:\/\/portaltela.pt\/noticias\/2026\/01\/20\/corpo-de-maycon-douglas-apresenta-contusoes-e-ausencia-de-vestuario\/#primaryimage","url":"https:\/\/portaltela.pt\/s.01k8rhncp4jt1\/2026\/01\/unnamed-file-4083.jpg","contentUrl":"https:\/\/portaltela.pt\/s.01k8rhncp4jt1\/2026\/01\/unnamed-file-4083.jpg","width":796,"height":448,"caption":"Trag\u00e9dia na Nazar\u00e9: Maycon Douglas encontrado sem vida"},{"@type":"BreadcrumbList","@id":"https:\/\/portaltela.pt\/noticias\/2026\/01\/20\/corpo-de-maycon-douglas-apresenta-contusoes-e-ausencia-de-vestuario\/#breadcrumb","itemListElement":[{"@type":"ListItem","position":1,"name":"In\u00edcio","item":"https:\/\/portaltela.pt\/"},{"@type":"ListItem","position":2,"name":"Corpo de Maycon Douglas apresenta contus\u00f5es e aus\u00eancia de vestu\u00e1rio"}]},{"@type":"WebSite","@id":"https:\/\/portaltela.pt\/#website","url":"https:\/\/portaltela.pt\/","name":"Portal Tela Portugal","description":"","potentialAction":[{"@type":"SearchAction","target":{"@type":"EntryPoint","urlTemplate":"https:\/\/portaltela.pt\/?s={search_term_string}"},"query-input":{"@type":"PropertyValueSpecification","valueRequired":true,"valueName":"search_term_string"}}],"inLanguage":"pt-PT"},{"@type":"Person","@id":"https:\/\/portaltela.pt\/#\/schema\/person\/c4278d4a6028830caff9ee44b42d32ed","name":"Telinha","image":{"@type":"ImageObject","inLanguage":"pt-PT","@id":"https:\/\/portaltela.pt\/s.01k8rhncp4jt1\/2025\/11\/talking-bot-125x125.png","url":"https:\/\/portaltela.pt\/s.01k8rhncp4jt1\/2025\/11\/talking-bot-125x125.png","contentUrl":"https:\/\/portaltela.pt\/s.01k8rhncp4jt1\/2025\/11\/talking-bot-125x125.png","caption":"Telinha"},"sameAs":["https:\/\/portaltela.pt\/"],"url":"https:\/\/portaltela.pt\/por\/367410592786\/"}]}},"_links":{"self":[{"href":"https:\/\/portaltela.pt\/api\/wp\/v2\/posts\/155970","targetHints":{"allow":["GET"]}}],"collection":[{"href":"https:\/\/portaltela.pt\/api\/wp\/v2\/posts"}],"about":[{"href":"https:\/\/portaltela.pt\/api\/wp\/v2\/types\/post"}],"author":[{"embeddable":true,"href":"https:\/\/portaltela.pt\/api\/wp\/v2\/users\/2"}],"replies":[{"embeddable":true,"href":"https:\/\/portaltela.pt\/api\/wp\/v2\/comments?post=155970"}],"version-history":[{"count":0,"href":"https:\/\/portaltela.pt\/api\/wp\/v2\/posts\/155970\/revisions"}],"wp:featuredmedia":[{"embeddable":true,"href":"https:\/\/portaltela.pt\/api\/wp\/v2\/media\/155994"}],"wp:attachment":[{"href":"https:\/\/portaltela.pt\/api\/wp\/v2\/media?parent=155970"}],"wp:term":[{"taxonomy":"category","embeddable":true,"href":"https:\/\/portaltela.pt\/api\/wp\/v2\/categories?post=155970"},{"taxonomy":"post_tag","embeddable":true,"href":"https:\/\/portaltela.pt\/api\/wp\/v2\/tags?post=155970"}],"curies":[{"name":"wp","href":"https:\/\/api.w.org\/{rel}","templated":true}]}}