{"id":155946,"date":"2026-01-20T08:45:00","date_gmt":"2026-01-20T11:45:00","guid":{"rendered":"https:\/\/portaltela.pt\/noticias\/2026\/01\/20\/tribunal-anula-servicos-minimos-impostos-na-greve-do-caram-em-dezembro\/"},"modified":"2026-01-20T08:45:00","modified_gmt":"2026-01-20T11:45:00","slug":"tribunal-anula-servicos-minimos-impostos-na-greve-do-caram-em-dezembro","status":"publish","type":"post","link":"https:\/\/portaltela.pt\/noticias\/2026\/01\/20\/tribunal-anula-servicos-minimos-impostos-na-greve-do-caram-em-dezembro\/","title":{"rendered":"Tribunal anula servi\u00e7os m\u00ednimos impostos na greve do CARAM em Dezembro"},"content":{"rendered":"<p>O Tribunal Administrativo e Fiscal do Funchal anulou o Despacho Conjunto do Governo Regional que fixou servi\u00e7os m\u00ednimos durante a greve do Centro de Abate da Regi\u00e3o Aut\u00f3noma da Madeira, realizada em Dezembro do ano passado. A decis\u00e3o foi publicada hoje pelo Sindicato dos Trabalhadores em Fun\u00e7\u00f5es P\u00fablicas e Sociais do Sul e Regi\u00f5es Aut\u00f3nomas (Sintap-SaRS).<\/p>\n<p>Segundo o sindicato, o tribunal julgou parcialmente procedente a a\u00e7\u00e3o de intima\u00e7\u00e3o para prote\u00e7\u00e3o de direitos, liberdades e garantias apresentada pela organiza\u00e7\u00e3o. A decis\u00e3o aponta que os servi\u00e7os m\u00ednimos imporam um sacrif\u00edcio excessivo ao direito \u00e0 greve, constitucionalmente protegido.<\/p>\n<p>O despacho anulado foi considerado desproporcionado, ultrapassando o necess\u00e1rio para salvaguardar o interesse p\u00fablico. O sindicato afirma que o Governo Regional excedeu os limites legais e constitucionais ao impor as regras, diminuindo indevidamente o peso do direito de greve.<\/p>\n<h3>Impacto da decis\u00e3o e pr\u00f3ximos passos<\/h3>\n<p>A senten\u00e7a define o direito \u00e0 greve como um direito fundamental efectivo, n\u00e3o apenas simb\u00f3lico, segundo o Sintap-SaRS. Os efeitos pr\u00e1ticos s\u00e3o nulos, j\u00e1 que a greve j\u00e1 decorreu, mas o despacho tem valor para o enquadramento jur\u00eddico futuro.<\/p>\n<p>Para o sindicato, a decis\u00e3o estabelece limites claros \u00e0 atua\u00e7\u00e3o governamental e serve de precedente para futuras greves na Madeira. A organiza\u00e7\u00e3o adianta que vai defender, por vias legais, os direitos dos trabalhadores.<\/p>\n<p>O Sintap-SaRS refor\u00e7a que n\u00e3o aceitam que o direito de greve seja limitado para al\u00e9m do estritamente necess\u00e1rio. A institui\u00e7\u00e3o mant\u00e9m o compromisso de zelar pela prote\u00e7\u00e3o dos trabalhadores na regi\u00e3o.<\/p>\n","protected":false},"excerpt":{"rendered":"<ul>\n<li>O Tribunal Administrativo e Fiscal do Funchal anulou o Despacho Conjunto do Governo Regional que fixou servi\u00e7os m\u00ednimos durante a greve do Centro de Abate da Madeira, em dezembro passado, por viola\u00e7\u00e3o do princ\u00edpio da proporcionalidade.<\/li>\n<li>A decis\u00e3o foi parcialmente procedente na a\u00e7\u00e3o de intima\u00e7\u00e3o movida pelo Sindicato dos Trabalhadores em Fun\u00e7\u00f5es P\u00fablicas e Sociais do Sul e Regi\u00f5es Aut\u00f3nomas.<\/li>\n<li>O tribunal entendeu que os servi\u00e7os m\u00ednimos impuseram sacrif\u00edcio excessivo ao direito de greve, ultrapassando o necess\u00e1rio para salvaguardar o interesse p\u00fablico.<\/li>\n<li>Os efeitos pr\u00e1ticos da decis\u00e3o s\u00e3o nulos, mas o sindicato v\u00ea a senten\u00e7a como reconhecimento do direito \u00e0 greve e como precedente para futuras situa\u00e7\u00f5es na regi\u00e3o.<\/li>\n<\/ul>\n","protected":false},"author":2,"featured_media":155978,"comment_status":"closed","ping_status":"closed","sticky":false,"template":"","format":"standard","meta":{"footnotes":""},"categories":[1],"tags":[2482,1004,1120,1164,859,52],"class_list":["post-155946","post","type-post","status-publish","format-standard","has-post-thumbnail","hentry","category-noticias","tag-despacho","tag-direitos-laborais","tag-funchal","tag-greve","tag-madeira","tag-tribunal"],"yoast_head":"<!-- This site is optimized with the Yoast SEO plugin v27.2 - https:\/\/yoast.com\/product\/yoast-seo-wordpress\/ -->\n<title>Tribunal anula servi\u00e7os m\u00ednimos impostos na greve do CARAM em Dezembro - Portal Tela Portugal<\/title>\n<meta name=\"robots\" content=\"index, follow, max-snippet:-1, max-image-preview:large, max-video-preview:-1\" \/>\n<meta property=\"og:locale\" content=\"pt_PT\" \/>\n<meta property=\"og:type\" content=\"article\" \/>\n<meta property=\"og:title\" content=\"Tribunal anula servi\u00e7os m\u00ednimos impostos na greve do CARAM em Dezembro - Portal Tela Portugal\" \/>\n<meta property=\"og:description\" content=\"O Tribunal Administrativo e Fiscal do Funchal anulou o Despacho Conjunto do Governo Regional que fixou servi\u00e7os m\u00ednimos durante a greve do Centro de Abate da Madeira, em dezembro passado, por viola\u00e7\u00e3o do princ\u00edpio da proporcionalidade. A decis\u00e3o foi parcialmente procedente na a\u00e7\u00e3o de intima\u00e7\u00e3o movida pelo Sindicato dos Trabalhadores em Fun\u00e7\u00f5es P\u00fablicas e Sociais do Sul e Regi\u00f5es Aut\u00f3nomas. O tribunal entendeu que os servi\u00e7os m\u00ednimos impuseram sacrif\u00edcio excessivo ao direito de greve, ultrapassando o necess\u00e1rio para salvaguardar o interesse p\u00fablico. Os efeitos pr\u00e1ticos da decis\u00e3o s\u00e3o nulos, mas o sindicato v\u00ea a senten\u00e7a como reconhecimento do direito \u00e0 greve e como precedente para futuras situa\u00e7\u00f5es na regi\u00e3o.\" \/>\n<meta property=\"og:url\" content=\"https:\/\/portaltela.pt\/noticias\/2026\/01\/20\/tribunal-anula-servicos-minimos-impostos-na-greve-do-caram-em-dezembro\/\" \/>\n<meta property=\"og:site_name\" content=\"Portal Tela Portugal\" \/>\n<meta property=\"article:published_time\" content=\"2026-01-20T11:45:00+00:00\" \/>\n<meta name=\"author\" content=\"Telinha\" \/>\n<meta name=\"twitter:card\" content=\"summary_large_image\" \/>\n<meta name=\"twitter:label1\" content=\"Escrito por\" \/>\n\t<meta name=\"twitter:data1\" content=\"Telinha\" \/>\n\t<meta name=\"twitter:label2\" content=\"Tempo estimado de leitura\" \/>\n\t<meta name=\"twitter:data2\" content=\"1 minuto\" \/>\n<script type=\"application\/ld+json\" class=\"yoast-schema-graph\">{\"@context\":\"https:\/\/schema.org\",\"@graph\":[{\"@type\":\"Article\",\"@id\":\"https:\/\/portaltela.pt\/noticias\/2026\/01\/20\/tribunal-anula-servicos-minimos-impostos-na-greve-do-caram-em-dezembro\/#article\",\"isPartOf\":{\"@id\":\"https:\/\/portaltela.pt\/noticias\/2026\/01\/20\/tribunal-anula-servicos-minimos-impostos-na-greve-do-caram-em-dezembro\/\"},\"author\":{\"name\":\"Telinha\",\"@id\":\"https:\/\/portaltela.pt\/#\/schema\/person\/c4278d4a6028830caff9ee44b42d32ed\"},\"headline\":\"Tribunal anula servi\u00e7os m\u00ednimos impostos na greve do CARAM em Dezembro\",\"datePublished\":\"2026-01-20T11:45:00+00:00\",\"mainEntityOfPage\":{\"@id\":\"https:\/\/portaltela.pt\/noticias\/2026\/01\/20\/tribunal-anula-servicos-minimos-impostos-na-greve-do-caram-em-dezembro\/\"},\"wordCount\":291,\"image\":{\"@id\":\"https:\/\/portaltela.pt\/noticias\/2026\/01\/20\/tribunal-anula-servicos-minimos-impostos-na-greve-do-caram-em-dezembro\/#primaryimage\"},\"thumbnailUrl\":\"https:\/\/portaltela.pt\/s.01k8rhncp4jt1\/2026\/01\/unnamed-file-4077.jpg\",\"keywords\":[\"despacho\",\"direitos laborais\",\"Funchal\",\"greve\",\"Madeira\",\"tribunal\"],\"articleSection\":[\"Not\u00edcias\"],\"inLanguage\":\"pt-PT\"},{\"@type\":\"WebPage\",\"@id\":\"https:\/\/portaltela.pt\/noticias\/2026\/01\/20\/tribunal-anula-servicos-minimos-impostos-na-greve-do-caram-em-dezembro\/\",\"url\":\"https:\/\/portaltela.pt\/noticias\/2026\/01\/20\/tribunal-anula-servicos-minimos-impostos-na-greve-do-caram-em-dezembro\/\",\"name\":\"Tribunal anula servi\u00e7os m\u00ednimos impostos na greve do CARAM em Dezembro - Portal Tela Portugal\",\"isPartOf\":{\"@id\":\"https:\/\/portaltela.pt\/#website\"},\"primaryImageOfPage\":{\"@id\":\"https:\/\/portaltela.pt\/noticias\/2026\/01\/20\/tribunal-anula-servicos-minimos-impostos-na-greve-do-caram-em-dezembro\/#primaryimage\"},\"image\":{\"@id\":\"https:\/\/portaltela.pt\/noticias\/2026\/01\/20\/tribunal-anula-servicos-minimos-impostos-na-greve-do-caram-em-dezembro\/#primaryimage\"},\"thumbnailUrl\":\"https:\/\/portaltela.pt\/s.01k8rhncp4jt1\/2026\/01\/unnamed-file-4077.jpg\",\"datePublished\":\"2026-01-20T11:45:00+00:00\",\"author\":{\"@id\":\"https:\/\/portaltela.pt\/#\/schema\/person\/c4278d4a6028830caff9ee44b42d32ed\"},\"breadcrumb\":{\"@id\":\"https:\/\/portaltela.pt\/noticias\/2026\/01\/20\/tribunal-anula-servicos-minimos-impostos-na-greve-do-caram-em-dezembro\/#breadcrumb\"},\"inLanguage\":\"pt-PT\",\"potentialAction\":[{\"@type\":\"ReadAction\",\"target\":[\"https:\/\/portaltela.pt\/noticias\/2026\/01\/20\/tribunal-anula-servicos-minimos-impostos-na-greve-do-caram-em-dezembro\/\"]}]},{\"@type\":\"ImageObject\",\"inLanguage\":\"pt-PT\",\"@id\":\"https:\/\/portaltela.pt\/noticias\/2026\/01\/20\/tribunal-anula-servicos-minimos-impostos-na-greve-do-caram-em-dezembro\/#primaryimage\",\"url\":\"https:\/\/portaltela.pt\/s.01k8rhncp4jt1\/2026\/01\/unnamed-file-4077.jpg\",\"contentUrl\":\"https:\/\/portaltela.pt\/s.01k8rhncp4jt1\/2026\/01\/unnamed-file-4077.jpg\",\"width\":796,\"height\":448,\"caption\":\"Tribunal anula servi\u00e7os m\u00ednimos impostos na greve do CARAM em Dezembro\"},{\"@type\":\"BreadcrumbList\",\"@id\":\"https:\/\/portaltela.pt\/noticias\/2026\/01\/20\/tribunal-anula-servicos-minimos-impostos-na-greve-do-caram-em-dezembro\/#breadcrumb\",\"itemListElement\":[{\"@type\":\"ListItem\",\"position\":1,\"name\":\"In\u00edcio\",\"item\":\"https:\/\/portaltela.pt\/\"},{\"@type\":\"ListItem\",\"position\":2,\"name\":\"Tribunal anula servi\u00e7os m\u00ednimos impostos na greve do CARAM em Dezembro\"}]},{\"@type\":\"WebSite\",\"@id\":\"https:\/\/portaltela.pt\/#website\",\"url\":\"https:\/\/portaltela.pt\/\",\"name\":\"Portal Tela Portugal\",\"description\":\"\",\"potentialAction\":[{\"@type\":\"SearchAction\",\"target\":{\"@type\":\"EntryPoint\",\"urlTemplate\":\"https:\/\/portaltela.pt\/?s={search_term_string}\"},\"query-input\":{\"@type\":\"PropertyValueSpecification\",\"valueRequired\":true,\"valueName\":\"search_term_string\"}}],\"inLanguage\":\"pt-PT\"},{\"@type\":\"Person\",\"@id\":\"https:\/\/portaltela.pt\/#\/schema\/person\/c4278d4a6028830caff9ee44b42d32ed\",\"name\":\"Telinha\",\"image\":{\"@type\":\"ImageObject\",\"inLanguage\":\"pt-PT\",\"@id\":\"https:\/\/portaltela.pt\/s.01k8rhncp4jt1\/2025\/11\/talking-bot-125x125.png\",\"url\":\"https:\/\/portaltela.pt\/s.01k8rhncp4jt1\/2025\/11\/talking-bot-125x125.png\",\"contentUrl\":\"https:\/\/portaltela.pt\/s.01k8rhncp4jt1\/2025\/11\/talking-bot-125x125.png\",\"caption\":\"Telinha\"},\"sameAs\":[\"https:\/\/portaltela.pt\/\"],\"url\":\"https:\/\/portaltela.pt\/por\/367410592786\/\"}]}<\/script>\n<!-- \/ Yoast SEO plugin. -->","yoast_head_json":{"title":"Tribunal anula servi\u00e7os m\u00ednimos impostos na greve do CARAM em Dezembro - Portal Tela Portugal","robots":{"index":"index","follow":"follow","max-snippet":"max-snippet:-1","max-image-preview":"max-image-preview:large","max-video-preview":"max-video-preview:-1"},"og_locale":"pt_PT","og_type":"article","og_title":"Tribunal anula servi\u00e7os m\u00ednimos impostos na greve do CARAM em Dezembro - Portal Tela Portugal","og_description":"O Tribunal Administrativo e Fiscal do Funchal anulou o Despacho Conjunto do Governo Regional que fixou servi\u00e7os m\u00ednimos durante a greve do Centro de Abate da Madeira, em dezembro passado, por viola\u00e7\u00e3o do princ\u00edpio da proporcionalidade. A decis\u00e3o foi parcialmente procedente na a\u00e7\u00e3o de intima\u00e7\u00e3o movida pelo Sindicato dos Trabalhadores em Fun\u00e7\u00f5es P\u00fablicas e Sociais do Sul e Regi\u00f5es Aut\u00f3nomas. O tribunal entendeu que os servi\u00e7os m\u00ednimos impuseram sacrif\u00edcio excessivo ao direito de greve, ultrapassando o necess\u00e1rio para salvaguardar o interesse p\u00fablico. Os efeitos pr\u00e1ticos da decis\u00e3o s\u00e3o nulos, mas o sindicato v\u00ea a senten\u00e7a como reconhecimento do direito \u00e0 greve e como precedente para futuras situa\u00e7\u00f5es na regi\u00e3o.","og_url":"https:\/\/portaltela.pt\/noticias\/2026\/01\/20\/tribunal-anula-servicos-minimos-impostos-na-greve-do-caram-em-dezembro\/","og_site_name":"Portal Tela Portugal","article_published_time":"2026-01-20T11:45:00+00:00","author":"Telinha","twitter_card":"summary_large_image","twitter_misc":{"Escrito por":"Telinha","Tempo estimado de leitura":"1 minuto"},"schema":{"@context":"https:\/\/schema.org","@graph":[{"@type":"Article","@id":"https:\/\/portaltela.pt\/noticias\/2026\/01\/20\/tribunal-anula-servicos-minimos-impostos-na-greve-do-caram-em-dezembro\/#article","isPartOf":{"@id":"https:\/\/portaltela.pt\/noticias\/2026\/01\/20\/tribunal-anula-servicos-minimos-impostos-na-greve-do-caram-em-dezembro\/"},"author":{"name":"Telinha","@id":"https:\/\/portaltela.pt\/#\/schema\/person\/c4278d4a6028830caff9ee44b42d32ed"},"headline":"Tribunal anula servi\u00e7os m\u00ednimos impostos na greve do CARAM em Dezembro","datePublished":"2026-01-20T11:45:00+00:00","mainEntityOfPage":{"@id":"https:\/\/portaltela.pt\/noticias\/2026\/01\/20\/tribunal-anula-servicos-minimos-impostos-na-greve-do-caram-em-dezembro\/"},"wordCount":291,"image":{"@id":"https:\/\/portaltela.pt\/noticias\/2026\/01\/20\/tribunal-anula-servicos-minimos-impostos-na-greve-do-caram-em-dezembro\/#primaryimage"},"thumbnailUrl":"https:\/\/portaltela.pt\/s.01k8rhncp4jt1\/2026\/01\/unnamed-file-4077.jpg","keywords":["despacho","direitos laborais","Funchal","greve","Madeira","tribunal"],"articleSection":["Not\u00edcias"],"inLanguage":"pt-PT"},{"@type":"WebPage","@id":"https:\/\/portaltela.pt\/noticias\/2026\/01\/20\/tribunal-anula-servicos-minimos-impostos-na-greve-do-caram-em-dezembro\/","url":"https:\/\/portaltela.pt\/noticias\/2026\/01\/20\/tribunal-anula-servicos-minimos-impostos-na-greve-do-caram-em-dezembro\/","name":"Tribunal anula servi\u00e7os m\u00ednimos impostos na greve do CARAM em Dezembro - Portal Tela Portugal","isPartOf":{"@id":"https:\/\/portaltela.pt\/#website"},"primaryImageOfPage":{"@id":"https:\/\/portaltela.pt\/noticias\/2026\/01\/20\/tribunal-anula-servicos-minimos-impostos-na-greve-do-caram-em-dezembro\/#primaryimage"},"image":{"@id":"https:\/\/portaltela.pt\/noticias\/2026\/01\/20\/tribunal-anula-servicos-minimos-impostos-na-greve-do-caram-em-dezembro\/#primaryimage"},"thumbnailUrl":"https:\/\/portaltela.pt\/s.01k8rhncp4jt1\/2026\/01\/unnamed-file-4077.jpg","datePublished":"2026-01-20T11:45:00+00:00","author":{"@id":"https:\/\/portaltela.pt\/#\/schema\/person\/c4278d4a6028830caff9ee44b42d32ed"},"breadcrumb":{"@id":"https:\/\/portaltela.pt\/noticias\/2026\/01\/20\/tribunal-anula-servicos-minimos-impostos-na-greve-do-caram-em-dezembro\/#breadcrumb"},"inLanguage":"pt-PT","potentialAction":[{"@type":"ReadAction","target":["https:\/\/portaltela.pt\/noticias\/2026\/01\/20\/tribunal-anula-servicos-minimos-impostos-na-greve-do-caram-em-dezembro\/"]}]},{"@type":"ImageObject","inLanguage":"pt-PT","@id":"https:\/\/portaltela.pt\/noticias\/2026\/01\/20\/tribunal-anula-servicos-minimos-impostos-na-greve-do-caram-em-dezembro\/#primaryimage","url":"https:\/\/portaltela.pt\/s.01k8rhncp4jt1\/2026\/01\/unnamed-file-4077.jpg","contentUrl":"https:\/\/portaltela.pt\/s.01k8rhncp4jt1\/2026\/01\/unnamed-file-4077.jpg","width":796,"height":448,"caption":"Tribunal anula servi\u00e7os m\u00ednimos impostos na greve do CARAM em Dezembro"},{"@type":"BreadcrumbList","@id":"https:\/\/portaltela.pt\/noticias\/2026\/01\/20\/tribunal-anula-servicos-minimos-impostos-na-greve-do-caram-em-dezembro\/#breadcrumb","itemListElement":[{"@type":"ListItem","position":1,"name":"In\u00edcio","item":"https:\/\/portaltela.pt\/"},{"@type":"ListItem","position":2,"name":"Tribunal anula servi\u00e7os m\u00ednimos impostos na greve do CARAM em Dezembro"}]},{"@type":"WebSite","@id":"https:\/\/portaltela.pt\/#website","url":"https:\/\/portaltela.pt\/","name":"Portal Tela Portugal","description":"","potentialAction":[{"@type":"SearchAction","target":{"@type":"EntryPoint","urlTemplate":"https:\/\/portaltela.pt\/?s={search_term_string}"},"query-input":{"@type":"PropertyValueSpecification","valueRequired":true,"valueName":"search_term_string"}}],"inLanguage":"pt-PT"},{"@type":"Person","@id":"https:\/\/portaltela.pt\/#\/schema\/person\/c4278d4a6028830caff9ee44b42d32ed","name":"Telinha","image":{"@type":"ImageObject","inLanguage":"pt-PT","@id":"https:\/\/portaltela.pt\/s.01k8rhncp4jt1\/2025\/11\/talking-bot-125x125.png","url":"https:\/\/portaltela.pt\/s.01k8rhncp4jt1\/2025\/11\/talking-bot-125x125.png","contentUrl":"https:\/\/portaltela.pt\/s.01k8rhncp4jt1\/2025\/11\/talking-bot-125x125.png","caption":"Telinha"},"sameAs":["https:\/\/portaltela.pt\/"],"url":"https:\/\/portaltela.pt\/por\/367410592786\/"}]}},"_links":{"self":[{"href":"https:\/\/portaltela.pt\/api\/wp\/v2\/posts\/155946","targetHints":{"allow":["GET"]}}],"collection":[{"href":"https:\/\/portaltela.pt\/api\/wp\/v2\/posts"}],"about":[{"href":"https:\/\/portaltela.pt\/api\/wp\/v2\/types\/post"}],"author":[{"embeddable":true,"href":"https:\/\/portaltela.pt\/api\/wp\/v2\/users\/2"}],"replies":[{"embeddable":true,"href":"https:\/\/portaltela.pt\/api\/wp\/v2\/comments?post=155946"}],"version-history":[{"count":0,"href":"https:\/\/portaltela.pt\/api\/wp\/v2\/posts\/155946\/revisions"}],"wp:featuredmedia":[{"embeddable":true,"href":"https:\/\/portaltela.pt\/api\/wp\/v2\/media\/155978"}],"wp:attachment":[{"href":"https:\/\/portaltela.pt\/api\/wp\/v2\/media?parent=155946"}],"wp:term":[{"taxonomy":"category","embeddable":true,"href":"https:\/\/portaltela.pt\/api\/wp\/v2\/categories?post=155946"},{"taxonomy":"post_tag","embeddable":true,"href":"https:\/\/portaltela.pt\/api\/wp\/v2\/tags?post=155946"}],"curies":[{"name":"wp","href":"https:\/\/api.w.org\/{rel}","templated":true}]}}