{"id":155874,"date":"2026-01-20T08:14:00","date_gmt":"2026-01-20T11:14:00","guid":{"rendered":"https:\/\/portaltela.pt\/noticias\/2026\/01\/20\/camara-de-braganca-aprova-orcamento-de-60-milhoes-para-transformar-o-concelho\/"},"modified":"2026-01-20T08:14:00","modified_gmt":"2026-01-20T11:14:00","slug":"camara-de-braganca-aprova-orcamento-de-60-milhoes-para-transformar-o-concelho","status":"publish","type":"post","link":"https:\/\/portaltela.pt\/noticias\/2026\/01\/20\/camara-de-braganca-aprova-orcamento-de-60-milhoes-para-transformar-o-concelho\/","title":{"rendered":"C\u00e2mara de Bragan\u00e7a aprova or\u00e7amento de 60 milh\u00f5es para transformar o concelho"},"content":{"rendered":"<p>A C\u00e2mara Municipal de Bragan\u00e7a aprovou o documento das Grandes Op\u00e7\u00f5es do Plano (GOP) para o ciclo aut\u00e1rquico 2026-2029, num montante total de cerca de 60 milh\u00f5es de euros. O texto ser\u00e1 submetido \u00e0 pr\u00f3xima Assembleia Municipal, agendada para 29 de janeiro.<\/p>\n<p>O executivo municipal adianta que o GOP visa transformar Bragan\u00e7a num \u201claborat\u00f3rio vivo\u201d de desenvolvimento inteligente, assente em ci\u00eancia, tecnologia, criatividade e identidade local. A autarca Isabel Ferreira apresentou o documento, aprovado numa reuni\u00e3o de c\u00e2mara realizada esta segunda-feira.<\/p>\n<p>As prioridades de investimento abarcam infraestruturas, educa\u00e7\u00e3o, habita\u00e7\u00e3o, ordenamento do territ\u00f3rio, prote\u00e7\u00e3o civil, ambiente, espa\u00e7os verdes, cultura, desporto, turismo, lazer, economia, transportes, energia, aer\u00f3dromo municipal e sa\u00fade.<\/p>\n<p>Entre os projetos mais relevantes destacam-se a requalifica\u00e7\u00e3o do parque escolar, dos equipamentos culturais e desportivos, a expans\u00e3o do Brigantia Ecopark e interven\u00e7\u00f5es em espa\u00e7os urbanos estruturantes, como a Pra\u00e7a Cam\u00f5es.<\/p>\n<p>A autarquia aponta ainda para a cria\u00e7\u00e3o de \u00e1reas verdes e de lazer, o Parque Verde da Coxa e o Monte de S. Bartolomeu, bem como a requalifica\u00e7\u00e3o energ\u00e9tica do terminal do aer\u00f3dromo municipal e do terminal rodovi\u00e1rio.<\/p>\n<p>Outros pilares incluem a constitui\u00e7\u00e3o de uma Comunidade de Energia Renov\u00e1vel e a requalifica\u00e7\u00e3o da rede de Centros de Sa\u00fade, fortalecendo a resposta local.<\/p>\n<p>A estrat\u00e9gia do atual Executivo pretende posicionar Bragan\u00e7a como territ\u00f3rio atrativo para viver, estudar, investir e visitar, promovendo equil\u00edbrio entre as dimens\u00f5es social, econ\u00f3mica e territorial.<\/p>\n<p>O GOP define tr\u00eas grandes eixos: Pessoas e Sociedade, Economia e Emprego, Ambiente e Territ\u00f3rio, com foco na coes\u00e3o social, inova\u00e7\u00e3o econ\u00f3mica e sustentabilidade ambiental.<\/p>\n<p>H\u00e1 dois projetos-bandeira: Bragan\u00e7a Inovadora, para consolidar o concelho como polo de ci\u00eancia e empreendedorismo, e Bragan\u00e7a Criativa, centrado na cultura, artes, desporto e patrim\u00f3nio.<\/p>\n<p>A qualifica\u00e7\u00e3o do espa\u00e7o p\u00fablico, repavimenta\u00e7\u00f5es e melhorias na mobilidade tamb\u00e9m integram o plano, tal como a reabilita\u00e7\u00e3o de bairros de habita\u00e7\u00e3o municipal.<\/p>\n<p>No que respeita \u00e0s freguesias, o documento prev\u00ea um refor\u00e7o do apoio financeiro. As transfer\u00eancias para as 39 juntas e uni\u00f5es de freguesia totalizam cerca de 3,37 milh\u00f5es de euros, mais 125% face a 2025, com impacto em obras, \u00e1gua e saneamento, a\u00e7\u00f5es sociais e eventos culturais.<\/p>\n","protected":false},"excerpt":{"rendered":"<ul>\n<li>A C\u00e2mara de Bragan\u00e7a vai submeter \u00e0 Assembleia Municipal de 29 de janeiro o documento das Grandes Op\u00e7\u00f5es do Plano 2026-2029, no valor total de 60 milh\u00f5es de euros, incluindo cerca de 7,8 milh\u00f5es para o Plano Municipal de Atividades e 21 milh\u00f5es para o Plano Plurianual de Investimentos.<\/li>\n<li>As prioridades de investimento abrangem infraestruturas, educa\u00e7\u00e3o, habita\u00e7\u00e3o, ordenamento do territ\u00f3rio, ambiente e espa\u00e7os verdes, cultura, desporto, turismo, economia, transportes, energia, aer\u00f3dromo municipal e sa\u00fade.<\/li>\n<li>Entre os projetos destaca\u2011se a requalifica\u00e7\u00e3o profunda do parque escolar e de equipamentos culturais e desportivos, a expans\u00e3o do Brigantia Ecopark, a melhoria de espa\u00e7os urbanos como a Pra\u00e7a Cam\u00f5es e a cria\u00e7\u00e3o de \u00e1reas verdes como o Parque Verde da Coxa e o Monte de S. Bartolomeu.<\/li>\n<li>A estrat\u00e9gia procura afirmar Bragan\u00e7a como territ\u00f3rio atrativo, com dois projetos\u2011bandeira: Bragan\u00e7a Inovadora e Bragan\u00e7a Criativa, focados, respetivamente, em ci\u00eancia\/empreendedorismo e em cultura\/arte\/desporto\/patrim\u00f3nio.<\/li>\n<li>O refor\u00e7o do apoio \u00e0s freguesias prev\u00ea 3,37 milh\u00f5es de euros para 39 juntas, um aumento de 125% face a 2025, com investimento em obras, \u00e1guas\/saneamento, a\u00e7\u00e3o social e eventos culturais.<\/li>\n<\/ul>\n","protected":false},"author":2,"featured_media":155886,"comment_status":"closed","ping_status":"closed","sticky":false,"template":"","format":"standard","meta":{"footnotes":""},"categories":[1],"tags":[906,3543,3541,163,150,1615],"class_list":["post-155874","post","type-post","status-publish","format-standard","has-post-thumbnail","hentry","category-noticias","tag-braganca","tag-braganca-criativa","tag-braganca-inovadora","tag-educacao","tag-habitacao","tag-infraestrutura"],"yoast_head":"<!-- This site is optimized with the Yoast SEO plugin v27.2 - https:\/\/yoast.com\/product\/yoast-seo-wordpress\/ -->\n<title>C\u00e2mara de Bragan\u00e7a aprova or\u00e7amento de 60 milh\u00f5es para transformar o concelho - Portal Tela Portugal<\/title>\n<meta name=\"robots\" content=\"index, follow, max-snippet:-1, max-image-preview:large, max-video-preview:-1\" \/>\n<meta property=\"og:locale\" content=\"pt_PT\" \/>\n<meta property=\"og:type\" content=\"article\" \/>\n<meta property=\"og:title\" content=\"C\u00e2mara de Bragan\u00e7a aprova or\u00e7amento de 60 milh\u00f5es para transformar o concelho - Portal Tela Portugal\" \/>\n<meta property=\"og:description\" content=\"A C\u00e2mara de Bragan\u00e7a vai submeter \u00e0 Assembleia Municipal de 29 de janeiro o documento das Grandes Op\u00e7\u00f5es do Plano 2026-2029, no valor total de 60 milh\u00f5es de euros, incluindo cerca de 7,8 milh\u00f5es para o Plano Municipal de Atividades e 21 milh\u00f5es para o Plano Plurianual de Investimentos. As prioridades de investimento abrangem infraestruturas, educa\u00e7\u00e3o, habita\u00e7\u00e3o, ordenamento do territ\u00f3rio, ambiente e espa\u00e7os verdes, cultura, desporto, turismo, economia, transportes, energia, aer\u00f3dromo municipal e sa\u00fade. Entre os projetos destaca\u2011se a requalifica\u00e7\u00e3o profunda do parque escolar e de equipamentos culturais e desportivos, a expans\u00e3o do Brigantia Ecopark, a melhoria de espa\u00e7os urbanos como a Pra\u00e7a Cam\u00f5es e a cria\u00e7\u00e3o de \u00e1reas verdes como o Parque Verde da Coxa e o Monte de S. Bartolomeu. A estrat\u00e9gia procura afirmar Bragan\u00e7a como territ\u00f3rio atrativo, com dois projetos\u2011bandeira: Bragan\u00e7a Inovadora e Bragan\u00e7a Criativa, focados, respetivamente, em ci\u00eancia\/empreendedorismo e em cultura\/arte\/desporto\/patrim\u00f3nio. O refor\u00e7o do apoio \u00e0s freguesias prev\u00ea 3,37 milh\u00f5es de euros para 39 juntas, um aumento de 125% face a 2025, com investimento em obras, \u00e1guas\/saneamento, a\u00e7\u00e3o social e eventos culturais.\" \/>\n<meta property=\"og:url\" content=\"https:\/\/portaltela.pt\/noticias\/2026\/01\/20\/camara-de-braganca-aprova-orcamento-de-60-milhoes-para-transformar-o-concelho\/\" \/>\n<meta property=\"og:site_name\" content=\"Portal Tela Portugal\" \/>\n<meta property=\"article:published_time\" content=\"2026-01-20T11:14:00+00:00\" \/>\n<meta name=\"author\" content=\"Telinha\" \/>\n<meta name=\"twitter:card\" content=\"summary_large_image\" \/>\n<meta name=\"twitter:label1\" content=\"Escrito por\" \/>\n\t<meta name=\"twitter:data1\" content=\"Telinha\" \/>\n\t<meta name=\"twitter:label2\" content=\"Tempo estimado de leitura\" \/>\n\t<meta name=\"twitter:data2\" content=\"2 minutos\" \/>\n<script type=\"application\/ld+json\" class=\"yoast-schema-graph\">{\"@context\":\"https:\/\/schema.org\",\"@graph\":[{\"@type\":\"Article\",\"@id\":\"https:\/\/portaltela.pt\/noticias\/2026\/01\/20\/camara-de-braganca-aprova-orcamento-de-60-milhoes-para-transformar-o-concelho\/#article\",\"isPartOf\":{\"@id\":\"https:\/\/portaltela.pt\/noticias\/2026\/01\/20\/camara-de-braganca-aprova-orcamento-de-60-milhoes-para-transformar-o-concelho\/\"},\"author\":{\"name\":\"Telinha\",\"@id\":\"https:\/\/portaltela.pt\/#\/schema\/person\/c4278d4a6028830caff9ee44b42d32ed\"},\"headline\":\"C\u00e2mara de Bragan\u00e7a aprova or\u00e7amento de 60 milh\u00f5es para transformar o concelho\",\"datePublished\":\"2026-01-20T11:14:00+00:00\",\"mainEntityOfPage\":{\"@id\":\"https:\/\/portaltela.pt\/noticias\/2026\/01\/20\/camara-de-braganca-aprova-orcamento-de-60-milhoes-para-transformar-o-concelho\/\"},\"wordCount\":415,\"image\":{\"@id\":\"https:\/\/portaltela.pt\/noticias\/2026\/01\/20\/camara-de-braganca-aprova-orcamento-de-60-milhoes-para-transformar-o-concelho\/#primaryimage\"},\"thumbnailUrl\":\"https:\/\/portaltela.pt\/s.01k8rhncp4jt1\/2026\/01\/image-1231.jpg\",\"keywords\":[\"Bragan\u00e7a\",\"Bragan\u00e7a Criativa\",\"Bragan\u00e7a Inovadora\",\"educa\u00e7\u00e3o\",\"habita\u00e7\u00e3o\",\"infraestrutura\"],\"articleSection\":[\"Not\u00edcias\"],\"inLanguage\":\"pt-PT\"},{\"@type\":\"WebPage\",\"@id\":\"https:\/\/portaltela.pt\/noticias\/2026\/01\/20\/camara-de-braganca-aprova-orcamento-de-60-milhoes-para-transformar-o-concelho\/\",\"url\":\"https:\/\/portaltela.pt\/noticias\/2026\/01\/20\/camara-de-braganca-aprova-orcamento-de-60-milhoes-para-transformar-o-concelho\/\",\"name\":\"C\u00e2mara de Bragan\u00e7a aprova or\u00e7amento de 60 milh\u00f5es para transformar o concelho - Portal Tela Portugal\",\"isPartOf\":{\"@id\":\"https:\/\/portaltela.pt\/#website\"},\"primaryImageOfPage\":{\"@id\":\"https:\/\/portaltela.pt\/noticias\/2026\/01\/20\/camara-de-braganca-aprova-orcamento-de-60-milhoes-para-transformar-o-concelho\/#primaryimage\"},\"image\":{\"@id\":\"https:\/\/portaltela.pt\/noticias\/2026\/01\/20\/camara-de-braganca-aprova-orcamento-de-60-milhoes-para-transformar-o-concelho\/#primaryimage\"},\"thumbnailUrl\":\"https:\/\/portaltela.pt\/s.01k8rhncp4jt1\/2026\/01\/image-1231.jpg\",\"datePublished\":\"2026-01-20T11:14:00+00:00\",\"author\":{\"@id\":\"https:\/\/portaltela.pt\/#\/schema\/person\/c4278d4a6028830caff9ee44b42d32ed\"},\"breadcrumb\":{\"@id\":\"https:\/\/portaltela.pt\/noticias\/2026\/01\/20\/camara-de-braganca-aprova-orcamento-de-60-milhoes-para-transformar-o-concelho\/#breadcrumb\"},\"inLanguage\":\"pt-PT\",\"potentialAction\":[{\"@type\":\"ReadAction\",\"target\":[\"https:\/\/portaltela.pt\/noticias\/2026\/01\/20\/camara-de-braganca-aprova-orcamento-de-60-milhoes-para-transformar-o-concelho\/\"]}]},{\"@type\":\"ImageObject\",\"inLanguage\":\"pt-PT\",\"@id\":\"https:\/\/portaltela.pt\/noticias\/2026\/01\/20\/camara-de-braganca-aprova-orcamento-de-60-milhoes-para-transformar-o-concelho\/#primaryimage\",\"url\":\"https:\/\/portaltela.pt\/s.01k8rhncp4jt1\/2026\/01\/image-1231.jpg\",\"contentUrl\":\"https:\/\/portaltela.pt\/s.01k8rhncp4jt1\/2026\/01\/image-1231.jpg\",\"width\":796,\"height\":448,\"caption\":\"Fachada do edif\u00edcio da C\u00e2mara de Bragan\u00e7a\"},{\"@type\":\"BreadcrumbList\",\"@id\":\"https:\/\/portaltela.pt\/noticias\/2026\/01\/20\/camara-de-braganca-aprova-orcamento-de-60-milhoes-para-transformar-o-concelho\/#breadcrumb\",\"itemListElement\":[{\"@type\":\"ListItem\",\"position\":1,\"name\":\"In\u00edcio\",\"item\":\"https:\/\/portaltela.pt\/\"},{\"@type\":\"ListItem\",\"position\":2,\"name\":\"C\u00e2mara de Bragan\u00e7a aprova or\u00e7amento de 60 milh\u00f5es para transformar o concelho\"}]},{\"@type\":\"WebSite\",\"@id\":\"https:\/\/portaltela.pt\/#website\",\"url\":\"https:\/\/portaltela.pt\/\",\"name\":\"Portal Tela Portugal\",\"description\":\"\",\"potentialAction\":[{\"@type\":\"SearchAction\",\"target\":{\"@type\":\"EntryPoint\",\"urlTemplate\":\"https:\/\/portaltela.pt\/?s={search_term_string}\"},\"query-input\":{\"@type\":\"PropertyValueSpecification\",\"valueRequired\":true,\"valueName\":\"search_term_string\"}}],\"inLanguage\":\"pt-PT\"},{\"@type\":\"Person\",\"@id\":\"https:\/\/portaltela.pt\/#\/schema\/person\/c4278d4a6028830caff9ee44b42d32ed\",\"name\":\"Telinha\",\"image\":{\"@type\":\"ImageObject\",\"inLanguage\":\"pt-PT\",\"@id\":\"https:\/\/portaltela.pt\/s.01k8rhncp4jt1\/2025\/11\/talking-bot-125x125.png\",\"url\":\"https:\/\/portaltela.pt\/s.01k8rhncp4jt1\/2025\/11\/talking-bot-125x125.png\",\"contentUrl\":\"https:\/\/portaltela.pt\/s.01k8rhncp4jt1\/2025\/11\/talking-bot-125x125.png\",\"caption\":\"Telinha\"},\"sameAs\":[\"https:\/\/portaltela.pt\/\"],\"url\":\"https:\/\/portaltela.pt\/por\/367410592786\/\"}]}<\/script>\n<!-- \/ Yoast SEO plugin. -->","yoast_head_json":{"title":"C\u00e2mara de Bragan\u00e7a aprova or\u00e7amento de 60 milh\u00f5es para transformar o concelho - Portal Tela Portugal","robots":{"index":"index","follow":"follow","max-snippet":"max-snippet:-1","max-image-preview":"max-image-preview:large","max-video-preview":"max-video-preview:-1"},"og_locale":"pt_PT","og_type":"article","og_title":"C\u00e2mara de Bragan\u00e7a aprova or\u00e7amento de 60 milh\u00f5es para transformar o concelho - Portal Tela Portugal","og_description":"A C\u00e2mara de Bragan\u00e7a vai submeter \u00e0 Assembleia Municipal de 29 de janeiro o documento das Grandes Op\u00e7\u00f5es do Plano 2026-2029, no valor total de 60 milh\u00f5es de euros, incluindo cerca de 7,8 milh\u00f5es para o Plano Municipal de Atividades e 21 milh\u00f5es para o Plano Plurianual de Investimentos. As prioridades de investimento abrangem infraestruturas, educa\u00e7\u00e3o, habita\u00e7\u00e3o, ordenamento do territ\u00f3rio, ambiente e espa\u00e7os verdes, cultura, desporto, turismo, economia, transportes, energia, aer\u00f3dromo municipal e sa\u00fade. Entre os projetos destaca\u2011se a requalifica\u00e7\u00e3o profunda do parque escolar e de equipamentos culturais e desportivos, a expans\u00e3o do Brigantia Ecopark, a melhoria de espa\u00e7os urbanos como a Pra\u00e7a Cam\u00f5es e a cria\u00e7\u00e3o de \u00e1reas verdes como o Parque Verde da Coxa e o Monte de S. Bartolomeu. A estrat\u00e9gia procura afirmar Bragan\u00e7a como territ\u00f3rio atrativo, com dois projetos\u2011bandeira: Bragan\u00e7a Inovadora e Bragan\u00e7a Criativa, focados, respetivamente, em ci\u00eancia\/empreendedorismo e em cultura\/arte\/desporto\/patrim\u00f3nio. O refor\u00e7o do apoio \u00e0s freguesias prev\u00ea 3,37 milh\u00f5es de euros para 39 juntas, um aumento de 125% face a 2025, com investimento em obras, \u00e1guas\/saneamento, a\u00e7\u00e3o social e eventos culturais.","og_url":"https:\/\/portaltela.pt\/noticias\/2026\/01\/20\/camara-de-braganca-aprova-orcamento-de-60-milhoes-para-transformar-o-concelho\/","og_site_name":"Portal Tela Portugal","article_published_time":"2026-01-20T11:14:00+00:00","author":"Telinha","twitter_card":"summary_large_image","twitter_misc":{"Escrito por":"Telinha","Tempo estimado de leitura":"2 minutos"},"schema":{"@context":"https:\/\/schema.org","@graph":[{"@type":"Article","@id":"https:\/\/portaltela.pt\/noticias\/2026\/01\/20\/camara-de-braganca-aprova-orcamento-de-60-milhoes-para-transformar-o-concelho\/#article","isPartOf":{"@id":"https:\/\/portaltela.pt\/noticias\/2026\/01\/20\/camara-de-braganca-aprova-orcamento-de-60-milhoes-para-transformar-o-concelho\/"},"author":{"name":"Telinha","@id":"https:\/\/portaltela.pt\/#\/schema\/person\/c4278d4a6028830caff9ee44b42d32ed"},"headline":"C\u00e2mara de Bragan\u00e7a aprova or\u00e7amento de 60 milh\u00f5es para transformar o concelho","datePublished":"2026-01-20T11:14:00+00:00","mainEntityOfPage":{"@id":"https:\/\/portaltela.pt\/noticias\/2026\/01\/20\/camara-de-braganca-aprova-orcamento-de-60-milhoes-para-transformar-o-concelho\/"},"wordCount":415,"image":{"@id":"https:\/\/portaltela.pt\/noticias\/2026\/01\/20\/camara-de-braganca-aprova-orcamento-de-60-milhoes-para-transformar-o-concelho\/#primaryimage"},"thumbnailUrl":"https:\/\/portaltela.pt\/s.01k8rhncp4jt1\/2026\/01\/image-1231.jpg","keywords":["Bragan\u00e7a","Bragan\u00e7a Criativa","Bragan\u00e7a Inovadora","educa\u00e7\u00e3o","habita\u00e7\u00e3o","infraestrutura"],"articleSection":["Not\u00edcias"],"inLanguage":"pt-PT"},{"@type":"WebPage","@id":"https:\/\/portaltela.pt\/noticias\/2026\/01\/20\/camara-de-braganca-aprova-orcamento-de-60-milhoes-para-transformar-o-concelho\/","url":"https:\/\/portaltela.pt\/noticias\/2026\/01\/20\/camara-de-braganca-aprova-orcamento-de-60-milhoes-para-transformar-o-concelho\/","name":"C\u00e2mara de Bragan\u00e7a aprova or\u00e7amento de 60 milh\u00f5es para transformar o concelho - Portal Tela Portugal","isPartOf":{"@id":"https:\/\/portaltela.pt\/#website"},"primaryImageOfPage":{"@id":"https:\/\/portaltela.pt\/noticias\/2026\/01\/20\/camara-de-braganca-aprova-orcamento-de-60-milhoes-para-transformar-o-concelho\/#primaryimage"},"image":{"@id":"https:\/\/portaltela.pt\/noticias\/2026\/01\/20\/camara-de-braganca-aprova-orcamento-de-60-milhoes-para-transformar-o-concelho\/#primaryimage"},"thumbnailUrl":"https:\/\/portaltela.pt\/s.01k8rhncp4jt1\/2026\/01\/image-1231.jpg","datePublished":"2026-01-20T11:14:00+00:00","author":{"@id":"https:\/\/portaltela.pt\/#\/schema\/person\/c4278d4a6028830caff9ee44b42d32ed"},"breadcrumb":{"@id":"https:\/\/portaltela.pt\/noticias\/2026\/01\/20\/camara-de-braganca-aprova-orcamento-de-60-milhoes-para-transformar-o-concelho\/#breadcrumb"},"inLanguage":"pt-PT","potentialAction":[{"@type":"ReadAction","target":["https:\/\/portaltela.pt\/noticias\/2026\/01\/20\/camara-de-braganca-aprova-orcamento-de-60-milhoes-para-transformar-o-concelho\/"]}]},{"@type":"ImageObject","inLanguage":"pt-PT","@id":"https:\/\/portaltela.pt\/noticias\/2026\/01\/20\/camara-de-braganca-aprova-orcamento-de-60-milhoes-para-transformar-o-concelho\/#primaryimage","url":"https:\/\/portaltela.pt\/s.01k8rhncp4jt1\/2026\/01\/image-1231.jpg","contentUrl":"https:\/\/portaltela.pt\/s.01k8rhncp4jt1\/2026\/01\/image-1231.jpg","width":796,"height":448,"caption":"Fachada do edif\u00edcio da C\u00e2mara de Bragan\u00e7a"},{"@type":"BreadcrumbList","@id":"https:\/\/portaltela.pt\/noticias\/2026\/01\/20\/camara-de-braganca-aprova-orcamento-de-60-milhoes-para-transformar-o-concelho\/#breadcrumb","itemListElement":[{"@type":"ListItem","position":1,"name":"In\u00edcio","item":"https:\/\/portaltela.pt\/"},{"@type":"ListItem","position":2,"name":"C\u00e2mara de Bragan\u00e7a aprova or\u00e7amento de 60 milh\u00f5es para transformar o concelho"}]},{"@type":"WebSite","@id":"https:\/\/portaltela.pt\/#website","url":"https:\/\/portaltela.pt\/","name":"Portal Tela Portugal","description":"","potentialAction":[{"@type":"SearchAction","target":{"@type":"EntryPoint","urlTemplate":"https:\/\/portaltela.pt\/?s={search_term_string}"},"query-input":{"@type":"PropertyValueSpecification","valueRequired":true,"valueName":"search_term_string"}}],"inLanguage":"pt-PT"},{"@type":"Person","@id":"https:\/\/portaltela.pt\/#\/schema\/person\/c4278d4a6028830caff9ee44b42d32ed","name":"Telinha","image":{"@type":"ImageObject","inLanguage":"pt-PT","@id":"https:\/\/portaltela.pt\/s.01k8rhncp4jt1\/2025\/11\/talking-bot-125x125.png","url":"https:\/\/portaltela.pt\/s.01k8rhncp4jt1\/2025\/11\/talking-bot-125x125.png","contentUrl":"https:\/\/portaltela.pt\/s.01k8rhncp4jt1\/2025\/11\/talking-bot-125x125.png","caption":"Telinha"},"sameAs":["https:\/\/portaltela.pt\/"],"url":"https:\/\/portaltela.pt\/por\/367410592786\/"}]}},"_links":{"self":[{"href":"https:\/\/portaltela.pt\/api\/wp\/v2\/posts\/155874","targetHints":{"allow":["GET"]}}],"collection":[{"href":"https:\/\/portaltela.pt\/api\/wp\/v2\/posts"}],"about":[{"href":"https:\/\/portaltela.pt\/api\/wp\/v2\/types\/post"}],"author":[{"embeddable":true,"href":"https:\/\/portaltela.pt\/api\/wp\/v2\/users\/2"}],"replies":[{"embeddable":true,"href":"https:\/\/portaltela.pt\/api\/wp\/v2\/comments?post=155874"}],"version-history":[{"count":0,"href":"https:\/\/portaltela.pt\/api\/wp\/v2\/posts\/155874\/revisions"}],"wp:featuredmedia":[{"embeddable":true,"href":"https:\/\/portaltela.pt\/api\/wp\/v2\/media\/155886"}],"wp:attachment":[{"href":"https:\/\/portaltela.pt\/api\/wp\/v2\/media?parent=155874"}],"wp:term":[{"taxonomy":"category","embeddable":true,"href":"https:\/\/portaltela.pt\/api\/wp\/v2\/categories?post=155874"},{"taxonomy":"post_tag","embeddable":true,"href":"https:\/\/portaltela.pt\/api\/wp\/v2\/tags?post=155874"}],"curies":[{"name":"wp","href":"https:\/\/api.w.org\/{rel}","templated":true}]}}