{"id":155812,"date":"2026-01-19T19:02:00","date_gmt":"2026-01-19T22:02:00","guid":{"rendered":"https:\/\/portaltela.pt\/noticias\/2026\/01\/19\/jessica-silva-comenta-eleicoes-presidenciais-algumas-escolhas-sao-democraticas-3\/"},"modified":"2026-01-19T19:02:00","modified_gmt":"2026-01-19T22:02:00","slug":"jessica-silva-comenta-eleicoes-presidenciais-algumas-escolhas-sao-democraticas-3","status":"publish","type":"post","link":"https:\/\/portaltela.pt\/noticias\/politica\/2026\/01\/19\/jessica-silva-comenta-eleicoes-presidenciais-algumas-escolhas-sao-democraticas-3\/","title":{"rendered":"J\u00e9ssica Silva comenta elei\u00e7\u00f5es presidenciais: algumas escolhas s\u00e3o democr\u00e1ticas"},"content":{"rendered":"<p>No dia seguinte \u00e0s elei\u00e7\u00f5es que determinaram a passagem \u00e0 segunda volta entre Ant\u00f3nio Jos\u00e9 Seguro (31%) e Andr\u00e9 Ventura (23%), J\u00e9ssica Silva reagiu aos resultados. A jogadora internacional, de 31 anos, atua no Al Hilal, da Ar\u00e1bia Saudita, e comentou o desfecho nas redes sociais.<\/p>\n<p>Em publica\u00e7\u00e3o com fotos suas junto de cravos, s\u00edmbolo da Revolu\u00e7\u00e3o de Abril, a atleta afirmou que, por vezes, \u00e9 preciso sair para ver melhor, destacando que nem todas as escolhas s\u00e3o necessariamente ideol\u00f3gicas, mas podem ser democr\u00e1ticas.<\/p>\n<h3>Rea\u00e7\u00e3o nas redes<\/h3>\n<p>A mensagem de J\u00e9ssica Silva foi partilhada nas suas redes oficiais, acompanhada de imagens que remetem ao simbolismo hist\u00f3rico. A publica\u00e7\u00e3o n\u00e3o inclui coment\u00e1rios adicionais e mant\u00e9m o tom informativo sobre o resultado eleitoral.<\/p>\n<h3>Contexto da elei\u00e7\u00e3o<\/h3>\n<p>Os resultados indicaram a passagem de Seguro e Ventura para a segunda volta, movimento j\u00e1 aguardado por an\u00e1lise pol\u00edtica. O facto relevante envolve o escrut\u00ednio p\u00fablico ao longo do processo eleitoral e o papel das escolhas democr\u00e1ticas na opini\u00e3o dos cidad\u00e3os.<\/p>\n","protected":false},"excerpt":{"rendered":"<ul>\n<li>As elei\u00e7\u00f5es presidenciais levaram \u00e0 segunda volta entre Ant\u00f3nio Jos\u00e9 Seguro (31%) e Andr\u00e9 Ventura (23%).<\/li>\n<li>J\u00e9ssica Silva, jogadora internacional de 31 anos a representar o Al Hilal, reagiu aos resultados nas redes sociais.<\/li>\n<li>A resposta foi acompanhada de fotos suas com cravos, s\u00edmbolo da Revolu\u00e7\u00e3o de Abril de 1974.<\/li>\n<li>Na mensagem, afirmou: \u201c\u00c0s vezes \u00e9 preciso sair para ver melhor. Nem todas as escolhas t\u00eam de ser ideol\u00f3gicas, algumas s\u00e3o democr\u00e1ticas.\u201d<\/li>\n<li>A publica\u00e7\u00e3o ocorreu no dia seguinte \u00e0s elei\u00e7\u00f5es.<\/li>\n<\/ul>\n","protected":false},"author":2,"featured_media":155829,"comment_status":"closed","ping_status":"closed","sticky":false,"template":"","format":"standard","meta":{"footnotes":""},"categories":[1,5],"tags":[2399,2453,2795,68,2832],"class_list":["post-155812","post","type-post","status-publish","format-standard","has-post-thumbnail","hentry","category-noticias","category-politica","tag-abril","tag-andre-ventura","tag-democracia","tag-eleicoes","tag-politica"],"yoast_head":"<!-- This site is optimized with the Yoast SEO plugin v27.2 - https:\/\/yoast.com\/product\/yoast-seo-wordpress\/ -->\n<title>J\u00e9ssica Silva comenta elei\u00e7\u00f5es presidenciais: algumas escolhas s\u00e3o democr\u00e1ticas - Portal Tela Portugal<\/title>\n<meta name=\"robots\" content=\"index, follow, max-snippet:-1, max-image-preview:large, max-video-preview:-1\" \/>\n<meta property=\"og:locale\" content=\"pt_PT\" \/>\n<meta property=\"og:type\" content=\"article\" \/>\n<meta property=\"og:title\" content=\"J\u00e9ssica Silva comenta elei\u00e7\u00f5es presidenciais: algumas escolhas s\u00e3o democr\u00e1ticas - Portal Tela Portugal\" \/>\n<meta property=\"og:description\" content=\"As elei\u00e7\u00f5es presidenciais levaram \u00e0 segunda volta entre Ant\u00f3nio Jos\u00e9 Seguro (31%) e Andr\u00e9 Ventura (23%). J\u00e9ssica Silva, jogadora internacional de 31 anos a representar o Al Hilal, reagiu aos resultados nas redes sociais. A resposta foi acompanhada de fotos suas com cravos, s\u00edmbolo da Revolu\u00e7\u00e3o de Abril de 1974. Na mensagem, afirmou: \u201c\u00c0s vezes \u00e9 preciso sair para ver melhor. Nem todas as escolhas t\u00eam de ser ideol\u00f3gicas, algumas s\u00e3o democr\u00e1ticas.\u201d A publica\u00e7\u00e3o ocorreu no dia seguinte \u00e0s elei\u00e7\u00f5es.\" \/>\n<meta property=\"og:url\" content=\"https:\/\/portaltela.pt\/noticias\/2026\/01\/19\/jessica-silva-comenta-eleicoes-presidenciais-algumas-escolhas-sao-democraticas-3\/\" \/>\n<meta property=\"og:site_name\" content=\"Portal Tela Portugal\" \/>\n<meta property=\"article:published_time\" content=\"2026-01-19T22:02:00+00:00\" \/>\n<meta name=\"author\" content=\"Telinha\" \/>\n<meta name=\"twitter:card\" content=\"summary_large_image\" \/>\n<meta name=\"twitter:label1\" content=\"Escrito por\" \/>\n\t<meta name=\"twitter:data1\" content=\"Telinha\" \/>\n\t<meta name=\"twitter:label2\" content=\"Tempo estimado de leitura\" \/>\n\t<meta name=\"twitter:data2\" content=\"1 minuto\" \/>\n<script type=\"application\/ld+json\" class=\"yoast-schema-graph\">{\"@context\":\"https:\/\/schema.org\",\"@graph\":[{\"@type\":\"Article\",\"@id\":\"https:\/\/portaltela.pt\/noticias\/2026\/01\/19\/jessica-silva-comenta-eleicoes-presidenciais-algumas-escolhas-sao-democraticas-3\/#article\",\"isPartOf\":{\"@id\":\"https:\/\/portaltela.pt\/noticias\/2026\/01\/19\/jessica-silva-comenta-eleicoes-presidenciais-algumas-escolhas-sao-democraticas-3\/\"},\"author\":{\"name\":\"Telinha\",\"@id\":\"https:\/\/portaltela.pt\/#\/schema\/person\/c4278d4a6028830caff9ee44b42d32ed\"},\"headline\":\"J\u00e9ssica Silva comenta elei\u00e7\u00f5es presidenciais: algumas escolhas s\u00e3o democr\u00e1ticas\",\"datePublished\":\"2026-01-19T22:02:00+00:00\",\"mainEntityOfPage\":{\"@id\":\"https:\/\/portaltela.pt\/noticias\/2026\/01\/19\/jessica-silva-comenta-eleicoes-presidenciais-algumas-escolhas-sao-democraticas-3\/\"},\"wordCount\":198,\"image\":{\"@id\":\"https:\/\/portaltela.pt\/noticias\/2026\/01\/19\/jessica-silva-comenta-eleicoes-presidenciais-algumas-escolhas-sao-democraticas-3\/#primaryimage\"},\"thumbnailUrl\":\"https:\/\/portaltela.pt\/s.01k8rhncp4jt1\/2026\/01\/img_920x518uu2026-01-19-21-51-18-2415837-3.jpg\",\"keywords\":[\"Abril\",\"Andr\u00e9 Ventura\",\"democracia\",\"elei\u00e7\u00f5es\",\"pol\u00edtica\"],\"articleSection\":[\"Not\u00edcias\",\"Pol\u00edtica\"],\"inLanguage\":\"pt-PT\"},{\"@type\":\"WebPage\",\"@id\":\"https:\/\/portaltela.pt\/noticias\/2026\/01\/19\/jessica-silva-comenta-eleicoes-presidenciais-algumas-escolhas-sao-democraticas-3\/\",\"url\":\"https:\/\/portaltela.pt\/noticias\/2026\/01\/19\/jessica-silva-comenta-eleicoes-presidenciais-algumas-escolhas-sao-democraticas-3\/\",\"name\":\"J\u00e9ssica Silva comenta elei\u00e7\u00f5es presidenciais: algumas escolhas s\u00e3o democr\u00e1ticas - Portal Tela Portugal\",\"isPartOf\":{\"@id\":\"https:\/\/portaltela.pt\/#website\"},\"primaryImageOfPage\":{\"@id\":\"https:\/\/portaltela.pt\/noticias\/2026\/01\/19\/jessica-silva-comenta-eleicoes-presidenciais-algumas-escolhas-sao-democraticas-3\/#primaryimage\"},\"image\":{\"@id\":\"https:\/\/portaltela.pt\/noticias\/2026\/01\/19\/jessica-silva-comenta-eleicoes-presidenciais-algumas-escolhas-sao-democraticas-3\/#primaryimage\"},\"thumbnailUrl\":\"https:\/\/portaltela.pt\/s.01k8rhncp4jt1\/2026\/01\/img_920x518uu2026-01-19-21-51-18-2415837-3.jpg\",\"datePublished\":\"2026-01-19T22:02:00+00:00\",\"author\":{\"@id\":\"https:\/\/portaltela.pt\/#\/schema\/person\/c4278d4a6028830caff9ee44b42d32ed\"},\"breadcrumb\":{\"@id\":\"https:\/\/portaltela.pt\/noticias\/2026\/01\/19\/jessica-silva-comenta-eleicoes-presidenciais-algumas-escolhas-sao-democraticas-3\/#breadcrumb\"},\"inLanguage\":\"pt-PT\",\"potentialAction\":[{\"@type\":\"ReadAction\",\"target\":[\"https:\/\/portaltela.pt\/noticias\/2026\/01\/19\/jessica-silva-comenta-eleicoes-presidenciais-algumas-escolhas-sao-democraticas-3\/\"]}]},{\"@type\":\"ImageObject\",\"inLanguage\":\"pt-PT\",\"@id\":\"https:\/\/portaltela.pt\/noticias\/2026\/01\/19\/jessica-silva-comenta-eleicoes-presidenciais-algumas-escolhas-sao-democraticas-3\/#primaryimage\",\"url\":\"https:\/\/portaltela.pt\/s.01k8rhncp4jt1\/2026\/01\/img_920x518uu2026-01-19-21-51-18-2415837-3.jpg\",\"contentUrl\":\"https:\/\/portaltela.pt\/s.01k8rhncp4jt1\/2026\/01\/img_920x518uu2026-01-19-21-51-18-2415837-3.jpg\",\"width\":796,\"height\":448,\"caption\":\"J\u00e9ssica reage \u00e0s elei\u00e7\u00f5es com cravos, ap\u00f3s mensagem sobre escolhas democr\u00e1ticas\"},{\"@type\":\"BreadcrumbList\",\"@id\":\"https:\/\/portaltela.pt\/noticias\/2026\/01\/19\/jessica-silva-comenta-eleicoes-presidenciais-algumas-escolhas-sao-democraticas-3\/#breadcrumb\",\"itemListElement\":[{\"@type\":\"ListItem\",\"position\":1,\"name\":\"In\u00edcio\",\"item\":\"https:\/\/portaltela.pt\/\"},{\"@type\":\"ListItem\",\"position\":2,\"name\":\"J\u00e9ssica Silva comenta elei\u00e7\u00f5es presidenciais: algumas escolhas s\u00e3o democr\u00e1ticas\"}]},{\"@type\":\"WebSite\",\"@id\":\"https:\/\/portaltela.pt\/#website\",\"url\":\"https:\/\/portaltela.pt\/\",\"name\":\"Portal Tela Portugal\",\"description\":\"\",\"potentialAction\":[{\"@type\":\"SearchAction\",\"target\":{\"@type\":\"EntryPoint\",\"urlTemplate\":\"https:\/\/portaltela.pt\/?s={search_term_string}\"},\"query-input\":{\"@type\":\"PropertyValueSpecification\",\"valueRequired\":true,\"valueName\":\"search_term_string\"}}],\"inLanguage\":\"pt-PT\"},{\"@type\":\"Person\",\"@id\":\"https:\/\/portaltela.pt\/#\/schema\/person\/c4278d4a6028830caff9ee44b42d32ed\",\"name\":\"Telinha\",\"image\":{\"@type\":\"ImageObject\",\"inLanguage\":\"pt-PT\",\"@id\":\"https:\/\/portaltela.pt\/s.01k8rhncp4jt1\/2025\/11\/talking-bot-125x125.png\",\"url\":\"https:\/\/portaltela.pt\/s.01k8rhncp4jt1\/2025\/11\/talking-bot-125x125.png\",\"contentUrl\":\"https:\/\/portaltela.pt\/s.01k8rhncp4jt1\/2025\/11\/talking-bot-125x125.png\",\"caption\":\"Telinha\"},\"sameAs\":[\"https:\/\/portaltela.pt\/\"],\"url\":\"https:\/\/portaltela.pt\/por\/367410592786\/\"}]}<\/script>\n<!-- \/ Yoast SEO plugin. -->","yoast_head_json":{"title":"J\u00e9ssica Silva comenta elei\u00e7\u00f5es presidenciais: algumas escolhas s\u00e3o democr\u00e1ticas - Portal Tela Portugal","robots":{"index":"index","follow":"follow","max-snippet":"max-snippet:-1","max-image-preview":"max-image-preview:large","max-video-preview":"max-video-preview:-1"},"og_locale":"pt_PT","og_type":"article","og_title":"J\u00e9ssica Silva comenta elei\u00e7\u00f5es presidenciais: algumas escolhas s\u00e3o democr\u00e1ticas - Portal Tela Portugal","og_description":"As elei\u00e7\u00f5es presidenciais levaram \u00e0 segunda volta entre Ant\u00f3nio Jos\u00e9 Seguro (31%) e Andr\u00e9 Ventura (23%). J\u00e9ssica Silva, jogadora internacional de 31 anos a representar o Al Hilal, reagiu aos resultados nas redes sociais. A resposta foi acompanhada de fotos suas com cravos, s\u00edmbolo da Revolu\u00e7\u00e3o de Abril de 1974. Na mensagem, afirmou: \u201c\u00c0s vezes \u00e9 preciso sair para ver melhor. Nem todas as escolhas t\u00eam de ser ideol\u00f3gicas, algumas s\u00e3o democr\u00e1ticas.\u201d A publica\u00e7\u00e3o ocorreu no dia seguinte \u00e0s elei\u00e7\u00f5es.","og_url":"https:\/\/portaltela.pt\/noticias\/2026\/01\/19\/jessica-silva-comenta-eleicoes-presidenciais-algumas-escolhas-sao-democraticas-3\/","og_site_name":"Portal Tela Portugal","article_published_time":"2026-01-19T22:02:00+00:00","author":"Telinha","twitter_card":"summary_large_image","twitter_misc":{"Escrito por":"Telinha","Tempo estimado de leitura":"1 minuto"},"schema":{"@context":"https:\/\/schema.org","@graph":[{"@type":"Article","@id":"https:\/\/portaltela.pt\/noticias\/2026\/01\/19\/jessica-silva-comenta-eleicoes-presidenciais-algumas-escolhas-sao-democraticas-3\/#article","isPartOf":{"@id":"https:\/\/portaltela.pt\/noticias\/2026\/01\/19\/jessica-silva-comenta-eleicoes-presidenciais-algumas-escolhas-sao-democraticas-3\/"},"author":{"name":"Telinha","@id":"https:\/\/portaltela.pt\/#\/schema\/person\/c4278d4a6028830caff9ee44b42d32ed"},"headline":"J\u00e9ssica Silva comenta elei\u00e7\u00f5es presidenciais: algumas escolhas s\u00e3o democr\u00e1ticas","datePublished":"2026-01-19T22:02:00+00:00","mainEntityOfPage":{"@id":"https:\/\/portaltela.pt\/noticias\/2026\/01\/19\/jessica-silva-comenta-eleicoes-presidenciais-algumas-escolhas-sao-democraticas-3\/"},"wordCount":198,"image":{"@id":"https:\/\/portaltela.pt\/noticias\/2026\/01\/19\/jessica-silva-comenta-eleicoes-presidenciais-algumas-escolhas-sao-democraticas-3\/#primaryimage"},"thumbnailUrl":"https:\/\/portaltela.pt\/s.01k8rhncp4jt1\/2026\/01\/img_920x518uu2026-01-19-21-51-18-2415837-3.jpg","keywords":["Abril","Andr\u00e9 Ventura","democracia","elei\u00e7\u00f5es","pol\u00edtica"],"articleSection":["Not\u00edcias","Pol\u00edtica"],"inLanguage":"pt-PT"},{"@type":"WebPage","@id":"https:\/\/portaltela.pt\/noticias\/2026\/01\/19\/jessica-silva-comenta-eleicoes-presidenciais-algumas-escolhas-sao-democraticas-3\/","url":"https:\/\/portaltela.pt\/noticias\/2026\/01\/19\/jessica-silva-comenta-eleicoes-presidenciais-algumas-escolhas-sao-democraticas-3\/","name":"J\u00e9ssica Silva comenta elei\u00e7\u00f5es presidenciais: algumas escolhas s\u00e3o democr\u00e1ticas - Portal Tela Portugal","isPartOf":{"@id":"https:\/\/portaltela.pt\/#website"},"primaryImageOfPage":{"@id":"https:\/\/portaltela.pt\/noticias\/2026\/01\/19\/jessica-silva-comenta-eleicoes-presidenciais-algumas-escolhas-sao-democraticas-3\/#primaryimage"},"image":{"@id":"https:\/\/portaltela.pt\/noticias\/2026\/01\/19\/jessica-silva-comenta-eleicoes-presidenciais-algumas-escolhas-sao-democraticas-3\/#primaryimage"},"thumbnailUrl":"https:\/\/portaltela.pt\/s.01k8rhncp4jt1\/2026\/01\/img_920x518uu2026-01-19-21-51-18-2415837-3.jpg","datePublished":"2026-01-19T22:02:00+00:00","author":{"@id":"https:\/\/portaltela.pt\/#\/schema\/person\/c4278d4a6028830caff9ee44b42d32ed"},"breadcrumb":{"@id":"https:\/\/portaltela.pt\/noticias\/2026\/01\/19\/jessica-silva-comenta-eleicoes-presidenciais-algumas-escolhas-sao-democraticas-3\/#breadcrumb"},"inLanguage":"pt-PT","potentialAction":[{"@type":"ReadAction","target":["https:\/\/portaltela.pt\/noticias\/2026\/01\/19\/jessica-silva-comenta-eleicoes-presidenciais-algumas-escolhas-sao-democraticas-3\/"]}]},{"@type":"ImageObject","inLanguage":"pt-PT","@id":"https:\/\/portaltela.pt\/noticias\/2026\/01\/19\/jessica-silva-comenta-eleicoes-presidenciais-algumas-escolhas-sao-democraticas-3\/#primaryimage","url":"https:\/\/portaltela.pt\/s.01k8rhncp4jt1\/2026\/01\/img_920x518uu2026-01-19-21-51-18-2415837-3.jpg","contentUrl":"https:\/\/portaltela.pt\/s.01k8rhncp4jt1\/2026\/01\/img_920x518uu2026-01-19-21-51-18-2415837-3.jpg","width":796,"height":448,"caption":"J\u00e9ssica reage \u00e0s elei\u00e7\u00f5es com cravos, ap\u00f3s mensagem sobre escolhas democr\u00e1ticas"},{"@type":"BreadcrumbList","@id":"https:\/\/portaltela.pt\/noticias\/2026\/01\/19\/jessica-silva-comenta-eleicoes-presidenciais-algumas-escolhas-sao-democraticas-3\/#breadcrumb","itemListElement":[{"@type":"ListItem","position":1,"name":"In\u00edcio","item":"https:\/\/portaltela.pt\/"},{"@type":"ListItem","position":2,"name":"J\u00e9ssica Silva comenta elei\u00e7\u00f5es presidenciais: algumas escolhas s\u00e3o democr\u00e1ticas"}]},{"@type":"WebSite","@id":"https:\/\/portaltela.pt\/#website","url":"https:\/\/portaltela.pt\/","name":"Portal Tela Portugal","description":"","potentialAction":[{"@type":"SearchAction","target":{"@type":"EntryPoint","urlTemplate":"https:\/\/portaltela.pt\/?s={search_term_string}"},"query-input":{"@type":"PropertyValueSpecification","valueRequired":true,"valueName":"search_term_string"}}],"inLanguage":"pt-PT"},{"@type":"Person","@id":"https:\/\/portaltela.pt\/#\/schema\/person\/c4278d4a6028830caff9ee44b42d32ed","name":"Telinha","image":{"@type":"ImageObject","inLanguage":"pt-PT","@id":"https:\/\/portaltela.pt\/s.01k8rhncp4jt1\/2025\/11\/talking-bot-125x125.png","url":"https:\/\/portaltela.pt\/s.01k8rhncp4jt1\/2025\/11\/talking-bot-125x125.png","contentUrl":"https:\/\/portaltela.pt\/s.01k8rhncp4jt1\/2025\/11\/talking-bot-125x125.png","caption":"Telinha"},"sameAs":["https:\/\/portaltela.pt\/"],"url":"https:\/\/portaltela.pt\/por\/367410592786\/"}]}},"_links":{"self":[{"href":"https:\/\/portaltela.pt\/api\/wp\/v2\/posts\/155812","targetHints":{"allow":["GET"]}}],"collection":[{"href":"https:\/\/portaltela.pt\/api\/wp\/v2\/posts"}],"about":[{"href":"https:\/\/portaltela.pt\/api\/wp\/v2\/types\/post"}],"author":[{"embeddable":true,"href":"https:\/\/portaltela.pt\/api\/wp\/v2\/users\/2"}],"replies":[{"embeddable":true,"href":"https:\/\/portaltela.pt\/api\/wp\/v2\/comments?post=155812"}],"version-history":[{"count":0,"href":"https:\/\/portaltela.pt\/api\/wp\/v2\/posts\/155812\/revisions"}],"wp:featuredmedia":[{"embeddable":true,"href":"https:\/\/portaltela.pt\/api\/wp\/v2\/media\/155829"}],"wp:attachment":[{"href":"https:\/\/portaltela.pt\/api\/wp\/v2\/media?parent=155812"}],"wp:term":[{"taxonomy":"category","embeddable":true,"href":"https:\/\/portaltela.pt\/api\/wp\/v2\/categories?post=155812"},{"taxonomy":"post_tag","embeddable":true,"href":"https:\/\/portaltela.pt\/api\/wp\/v2\/tags?post=155812"}],"curies":[{"name":"wp","href":"https:\/\/api.w.org\/{rel}","templated":true}]}}