{"id":155751,"date":"2026-01-20T07:35:00","date_gmt":"2026-01-20T10:35:00","guid":{"rendered":"https:\/\/portaltela.pt\/noticias\/2026\/01\/20\/paulo-reis-confirma-candidatura-a-lideranca-da-concelhia-do-psd-de-famalicao\/"},"modified":"2026-01-20T07:35:00","modified_gmt":"2026-01-20T10:35:00","slug":"paulo-reis-confirma-candidatura-a-lideranca-da-concelhia-do-psd-de-famalicao","status":"publish","type":"post","link":"https:\/\/portaltela.pt\/noticias\/politica\/2026\/01\/20\/paulo-reis-confirma-candidatura-a-lideranca-da-concelhia-do-psd-de-famalicao\/","title":{"rendered":"Paulo Reis confirma candidatura \u00e0 lideran\u00e7a da concelhia do PSD de Famalic\u00e3o"},"content":{"rendered":"<p>Paulo Reis confirmou a sua candidatura \u00e0 lideran\u00e7a da concelhia do PSD de Famalic\u00e3o, com as elei\u00e7\u00f5es marcadas para 28 de fevereiro. A not\u00edcia foi avan\u00e7ada pelo Cidade Hoje na passada semana. Reis, militante h\u00e1 mais de 25 anos e atual deputado municipal, pretende liderar uma lista agregadora que represente a diversidade do partido e garanta a autonomia de trabalho.<\/p>\n<p>A candidatura \u00e9 apresentada sob o mote \u201cMais Fortes, Mais Unidos: Por Famalic\u00e3o\u201d. O candidato defende uma lideran\u00e7a que aproxima os militantes de base dos n\u00facleos territoriais e que estabele\u00e7a pontes de contacto com os diferentes \u00f3rg\u00e3os dentro e fora do PSD, mantendo os valores da Social Democracia, conforme a linha hist\u00f3rica do partido.<\/p>\n<p>Paulo Reis conta com o apoio de diversos eleitos do PSD na C\u00e2mara Municipal e na Assembleia Municipal, nomeadamente Paulo Cunha, M\u00e1rio Passos, Sofia Fernandes e Fernando Costa. A apresenta\u00e7\u00e3o de listas pode ocorrer at\u00e9 26 de fevereiro, o que pode permitir o surgimento de outras candidaturas at\u00e9 essa data.<\/p>\n<h3>Apoios e prazos de candidatura<\/h3>\n<p>Os apoiantes de Reis j\u00e1 confirmaram o respaldo \u00e0 lista, e a confirma\u00e7\u00e3o de outras candidaturas depende do registo at\u00e9 26 de fevereiro. A dire\u00e7\u00e3o da concelhia mant\u00e9m o calend\u00e1rio operacional para o processo eleitoral.<\/p>\n","protected":false},"excerpt":{"rendered":"<ul>\n<li>Paulo Reis confirmou a candidatura \u00e0 lideran\u00e7a da concelhia do PSD de Famalic\u00e3o, com elei\u00e7\u00f5es marcadas para 28 de fevereiro.<\/li>\n<li>A lista apresentada \u00e9 descrita como agregadora e representativa da diversidade do partido, assegurando autonomia do trabalho.<\/li>\n<li>O mote \u00e9 \u201cMais Fortes, Mais Unidos: Por Famalic\u00e3o\u201d, com foco na proximidade aos militantes e na constru\u00e7\u00e3o de pontes com \u00f3rg\u00e3os dentro e fora do PSD.<\/li>\n<li>Paulo Reis, engenheiro qu\u00edmico e deputado municipal, conta com o apoio de membros eleitos da Assembleia Municipal e vereadores do PSD: Paulo Cunha, M\u00e1rio Passos, Sofia Fernandes e Fernando Costa.<\/li>\n<li>O prazo de apresenta\u00e7\u00e3o de listas termina a 26 de fevereiro, ficando a hip\u00f3tese aberta a eventualidades de outras candidaturas at\u00e9 essa data.<\/li>\n<\/ul>\n","protected":false},"author":2,"featured_media":155766,"comment_status":"closed","ping_status":"closed","sticky":false,"template":"","format":"standard","meta":{"footnotes":""},"categories":[1,5],"tags":[144,68,1732,2832,2458,3536],"class_list":["post-155751","post","type-post","status-publish","format-standard","has-post-thumbnail","hentry","category-noticias","category-politica","tag-concelho","tag-eleicoes","tag-partidos","tag-politica","tag-psd-cds","tag-social-democracia"],"yoast_head":"<!-- This site is optimized with the Yoast SEO plugin v27.2 - https:\/\/yoast.com\/product\/yoast-seo-wordpress\/ -->\n<title>Paulo Reis confirma candidatura \u00e0 lideran\u00e7a da concelhia do PSD de Famalic\u00e3o - Portal Tela Portugal<\/title>\n<meta name=\"robots\" content=\"index, follow, max-snippet:-1, max-image-preview:large, max-video-preview:-1\" \/>\n<meta property=\"og:locale\" content=\"pt_PT\" \/>\n<meta property=\"og:type\" content=\"article\" \/>\n<meta property=\"og:title\" content=\"Paulo Reis confirma candidatura \u00e0 lideran\u00e7a da concelhia do PSD de Famalic\u00e3o - Portal Tela Portugal\" \/>\n<meta property=\"og:description\" content=\"Paulo Reis confirmou a candidatura \u00e0 lideran\u00e7a da concelhia do PSD de Famalic\u00e3o, com elei\u00e7\u00f5es marcadas para 28 de fevereiro. A lista apresentada \u00e9 descrita como agregadora e representativa da diversidade do partido, assegurando autonomia do trabalho. O mote \u00e9 \u201cMais Fortes, Mais Unidos: Por Famalic\u00e3o\u201d, com foco na proximidade aos militantes e na constru\u00e7\u00e3o de pontes com \u00f3rg\u00e3os dentro e fora do PSD. Paulo Reis, engenheiro qu\u00edmico e deputado municipal, conta com o apoio de membros eleitos da Assembleia Municipal e vereadores do PSD: Paulo Cunha, M\u00e1rio Passos, Sofia Fernandes e Fernando Costa. O prazo de apresenta\u00e7\u00e3o de listas termina a 26 de fevereiro, ficando a hip\u00f3tese aberta a eventualidades de outras candidaturas at\u00e9 essa data.\" \/>\n<meta property=\"og:url\" content=\"https:\/\/portaltela.pt\/noticias\/2026\/01\/20\/paulo-reis-confirma-candidatura-a-lideranca-da-concelhia-do-psd-de-famalicao\/\" \/>\n<meta property=\"og:site_name\" content=\"Portal Tela Portugal\" \/>\n<meta property=\"article:published_time\" content=\"2026-01-20T10:35:00+00:00\" \/>\n<meta name=\"author\" content=\"Telinha\" \/>\n<meta name=\"twitter:card\" content=\"summary_large_image\" \/>\n<meta name=\"twitter:label1\" content=\"Escrito por\" \/>\n\t<meta name=\"twitter:data1\" content=\"Telinha\" \/>\n\t<meta name=\"twitter:label2\" content=\"Tempo estimado de leitura\" \/>\n\t<meta name=\"twitter:data2\" content=\"1 minuto\" \/>\n<script type=\"application\/ld+json\" class=\"yoast-schema-graph\">{\"@context\":\"https:\/\/schema.org\",\"@graph\":[{\"@type\":\"Article\",\"@id\":\"https:\/\/portaltela.pt\/noticias\/2026\/01\/20\/paulo-reis-confirma-candidatura-a-lideranca-da-concelhia-do-psd-de-famalicao\/#article\",\"isPartOf\":{\"@id\":\"https:\/\/portaltela.pt\/noticias\/2026\/01\/20\/paulo-reis-confirma-candidatura-a-lideranca-da-concelhia-do-psd-de-famalicao\/\"},\"author\":{\"name\":\"Telinha\",\"@id\":\"https:\/\/portaltela.pt\/#\/schema\/person\/c4278d4a6028830caff9ee44b42d32ed\"},\"headline\":\"Paulo Reis confirma candidatura \u00e0 lideran\u00e7a da concelhia do PSD de Famalic\u00e3o\",\"datePublished\":\"2026-01-20T10:35:00+00:00\",\"mainEntityOfPage\":{\"@id\":\"https:\/\/portaltela.pt\/noticias\/2026\/01\/20\/paulo-reis-confirma-candidatura-a-lideranca-da-concelhia-do-psd-de-famalicao\/\"},\"wordCount\":228,\"image\":{\"@id\":\"https:\/\/portaltela.pt\/noticias\/2026\/01\/20\/paulo-reis-confirma-candidatura-a-lideranca-da-concelhia-do-psd-de-famalicao\/#primaryimage\"},\"thumbnailUrl\":\"https:\/\/portaltela.pt\/s.01k8rhncp4jt1\/2026\/01\/unnamed-file-4058.jpg\",\"keywords\":[\"concelho\",\"elei\u00e7\u00f5es\",\"partidos\",\"pol\u00edtica\",\"PSD\/CDS\",\"Social Democracia\"],\"articleSection\":[\"Not\u00edcias\",\"Pol\u00edtica\"],\"inLanguage\":\"pt-PT\"},{\"@type\":\"WebPage\",\"@id\":\"https:\/\/portaltela.pt\/noticias\/2026\/01\/20\/paulo-reis-confirma-candidatura-a-lideranca-da-concelhia-do-psd-de-famalicao\/\",\"url\":\"https:\/\/portaltela.pt\/noticias\/2026\/01\/20\/paulo-reis-confirma-candidatura-a-lideranca-da-concelhia-do-psd-de-famalicao\/\",\"name\":\"Paulo Reis confirma candidatura \u00e0 lideran\u00e7a da concelhia do PSD de Famalic\u00e3o - Portal Tela Portugal\",\"isPartOf\":{\"@id\":\"https:\/\/portaltela.pt\/#website\"},\"primaryImageOfPage\":{\"@id\":\"https:\/\/portaltela.pt\/noticias\/2026\/01\/20\/paulo-reis-confirma-candidatura-a-lideranca-da-concelhia-do-psd-de-famalicao\/#primaryimage\"},\"image\":{\"@id\":\"https:\/\/portaltela.pt\/noticias\/2026\/01\/20\/paulo-reis-confirma-candidatura-a-lideranca-da-concelhia-do-psd-de-famalicao\/#primaryimage\"},\"thumbnailUrl\":\"https:\/\/portaltela.pt\/s.01k8rhncp4jt1\/2026\/01\/unnamed-file-4058.jpg\",\"datePublished\":\"2026-01-20T10:35:00+00:00\",\"author\":{\"@id\":\"https:\/\/portaltela.pt\/#\/schema\/person\/c4278d4a6028830caff9ee44b42d32ed\"},\"breadcrumb\":{\"@id\":\"https:\/\/portaltela.pt\/noticias\/2026\/01\/20\/paulo-reis-confirma-candidatura-a-lideranca-da-concelhia-do-psd-de-famalicao\/#breadcrumb\"},\"inLanguage\":\"pt-PT\",\"potentialAction\":[{\"@type\":\"ReadAction\",\"target\":[\"https:\/\/portaltela.pt\/noticias\/2026\/01\/20\/paulo-reis-confirma-candidatura-a-lideranca-da-concelhia-do-psd-de-famalicao\/\"]}]},{\"@type\":\"ImageObject\",\"inLanguage\":\"pt-PT\",\"@id\":\"https:\/\/portaltela.pt\/noticias\/2026\/01\/20\/paulo-reis-confirma-candidatura-a-lideranca-da-concelhia-do-psd-de-famalicao\/#primaryimage\",\"url\":\"https:\/\/portaltela.pt\/s.01k8rhncp4jt1\/2026\/01\/unnamed-file-4058.jpg\",\"contentUrl\":\"https:\/\/portaltela.pt\/s.01k8rhncp4jt1\/2026\/01\/unnamed-file-4058.jpg\",\"width\":796,\"height\":448,\"caption\":\"Famalic\u00e3o: Paulo Reis confirma candidatura \u00e0 lideran\u00e7a da concelhia do PSD\"},{\"@type\":\"BreadcrumbList\",\"@id\":\"https:\/\/portaltela.pt\/noticias\/2026\/01\/20\/paulo-reis-confirma-candidatura-a-lideranca-da-concelhia-do-psd-de-famalicao\/#breadcrumb\",\"itemListElement\":[{\"@type\":\"ListItem\",\"position\":1,\"name\":\"In\u00edcio\",\"item\":\"https:\/\/portaltela.pt\/\"},{\"@type\":\"ListItem\",\"position\":2,\"name\":\"Paulo Reis confirma candidatura \u00e0 lideran\u00e7a da concelhia do PSD de Famalic\u00e3o\"}]},{\"@type\":\"WebSite\",\"@id\":\"https:\/\/portaltela.pt\/#website\",\"url\":\"https:\/\/portaltela.pt\/\",\"name\":\"Portal Tela Portugal\",\"description\":\"\",\"potentialAction\":[{\"@type\":\"SearchAction\",\"target\":{\"@type\":\"EntryPoint\",\"urlTemplate\":\"https:\/\/portaltela.pt\/?s={search_term_string}\"},\"query-input\":{\"@type\":\"PropertyValueSpecification\",\"valueRequired\":true,\"valueName\":\"search_term_string\"}}],\"inLanguage\":\"pt-PT\"},{\"@type\":\"Person\",\"@id\":\"https:\/\/portaltela.pt\/#\/schema\/person\/c4278d4a6028830caff9ee44b42d32ed\",\"name\":\"Telinha\",\"image\":{\"@type\":\"ImageObject\",\"inLanguage\":\"pt-PT\",\"@id\":\"https:\/\/portaltela.pt\/s.01k8rhncp4jt1\/2025\/11\/talking-bot-125x125.png\",\"url\":\"https:\/\/portaltela.pt\/s.01k8rhncp4jt1\/2025\/11\/talking-bot-125x125.png\",\"contentUrl\":\"https:\/\/portaltela.pt\/s.01k8rhncp4jt1\/2025\/11\/talking-bot-125x125.png\",\"caption\":\"Telinha\"},\"sameAs\":[\"https:\/\/portaltela.pt\/\"],\"url\":\"https:\/\/portaltela.pt\/por\/367410592786\/\"}]}<\/script>\n<!-- \/ Yoast SEO plugin. -->","yoast_head_json":{"title":"Paulo Reis confirma candidatura \u00e0 lideran\u00e7a da concelhia do PSD de Famalic\u00e3o - Portal Tela Portugal","robots":{"index":"index","follow":"follow","max-snippet":"max-snippet:-1","max-image-preview":"max-image-preview:large","max-video-preview":"max-video-preview:-1"},"og_locale":"pt_PT","og_type":"article","og_title":"Paulo Reis confirma candidatura \u00e0 lideran\u00e7a da concelhia do PSD de Famalic\u00e3o - Portal Tela Portugal","og_description":"Paulo Reis confirmou a candidatura \u00e0 lideran\u00e7a da concelhia do PSD de Famalic\u00e3o, com elei\u00e7\u00f5es marcadas para 28 de fevereiro. A lista apresentada \u00e9 descrita como agregadora e representativa da diversidade do partido, assegurando autonomia do trabalho. O mote \u00e9 \u201cMais Fortes, Mais Unidos: Por Famalic\u00e3o\u201d, com foco na proximidade aos militantes e na constru\u00e7\u00e3o de pontes com \u00f3rg\u00e3os dentro e fora do PSD. Paulo Reis, engenheiro qu\u00edmico e deputado municipal, conta com o apoio de membros eleitos da Assembleia Municipal e vereadores do PSD: Paulo Cunha, M\u00e1rio Passos, Sofia Fernandes e Fernando Costa. O prazo de apresenta\u00e7\u00e3o de listas termina a 26 de fevereiro, ficando a hip\u00f3tese aberta a eventualidades de outras candidaturas at\u00e9 essa data.","og_url":"https:\/\/portaltela.pt\/noticias\/2026\/01\/20\/paulo-reis-confirma-candidatura-a-lideranca-da-concelhia-do-psd-de-famalicao\/","og_site_name":"Portal Tela Portugal","article_published_time":"2026-01-20T10:35:00+00:00","author":"Telinha","twitter_card":"summary_large_image","twitter_misc":{"Escrito por":"Telinha","Tempo estimado de leitura":"1 minuto"},"schema":{"@context":"https:\/\/schema.org","@graph":[{"@type":"Article","@id":"https:\/\/portaltela.pt\/noticias\/2026\/01\/20\/paulo-reis-confirma-candidatura-a-lideranca-da-concelhia-do-psd-de-famalicao\/#article","isPartOf":{"@id":"https:\/\/portaltela.pt\/noticias\/2026\/01\/20\/paulo-reis-confirma-candidatura-a-lideranca-da-concelhia-do-psd-de-famalicao\/"},"author":{"name":"Telinha","@id":"https:\/\/portaltela.pt\/#\/schema\/person\/c4278d4a6028830caff9ee44b42d32ed"},"headline":"Paulo Reis confirma candidatura \u00e0 lideran\u00e7a da concelhia do PSD de Famalic\u00e3o","datePublished":"2026-01-20T10:35:00+00:00","mainEntityOfPage":{"@id":"https:\/\/portaltela.pt\/noticias\/2026\/01\/20\/paulo-reis-confirma-candidatura-a-lideranca-da-concelhia-do-psd-de-famalicao\/"},"wordCount":228,"image":{"@id":"https:\/\/portaltela.pt\/noticias\/2026\/01\/20\/paulo-reis-confirma-candidatura-a-lideranca-da-concelhia-do-psd-de-famalicao\/#primaryimage"},"thumbnailUrl":"https:\/\/portaltela.pt\/s.01k8rhncp4jt1\/2026\/01\/unnamed-file-4058.jpg","keywords":["concelho","elei\u00e7\u00f5es","partidos","pol\u00edtica","PSD\/CDS","Social Democracia"],"articleSection":["Not\u00edcias","Pol\u00edtica"],"inLanguage":"pt-PT"},{"@type":"WebPage","@id":"https:\/\/portaltela.pt\/noticias\/2026\/01\/20\/paulo-reis-confirma-candidatura-a-lideranca-da-concelhia-do-psd-de-famalicao\/","url":"https:\/\/portaltela.pt\/noticias\/2026\/01\/20\/paulo-reis-confirma-candidatura-a-lideranca-da-concelhia-do-psd-de-famalicao\/","name":"Paulo Reis confirma candidatura \u00e0 lideran\u00e7a da concelhia do PSD de Famalic\u00e3o - Portal Tela Portugal","isPartOf":{"@id":"https:\/\/portaltela.pt\/#website"},"primaryImageOfPage":{"@id":"https:\/\/portaltela.pt\/noticias\/2026\/01\/20\/paulo-reis-confirma-candidatura-a-lideranca-da-concelhia-do-psd-de-famalicao\/#primaryimage"},"image":{"@id":"https:\/\/portaltela.pt\/noticias\/2026\/01\/20\/paulo-reis-confirma-candidatura-a-lideranca-da-concelhia-do-psd-de-famalicao\/#primaryimage"},"thumbnailUrl":"https:\/\/portaltela.pt\/s.01k8rhncp4jt1\/2026\/01\/unnamed-file-4058.jpg","datePublished":"2026-01-20T10:35:00+00:00","author":{"@id":"https:\/\/portaltela.pt\/#\/schema\/person\/c4278d4a6028830caff9ee44b42d32ed"},"breadcrumb":{"@id":"https:\/\/portaltela.pt\/noticias\/2026\/01\/20\/paulo-reis-confirma-candidatura-a-lideranca-da-concelhia-do-psd-de-famalicao\/#breadcrumb"},"inLanguage":"pt-PT","potentialAction":[{"@type":"ReadAction","target":["https:\/\/portaltela.pt\/noticias\/2026\/01\/20\/paulo-reis-confirma-candidatura-a-lideranca-da-concelhia-do-psd-de-famalicao\/"]}]},{"@type":"ImageObject","inLanguage":"pt-PT","@id":"https:\/\/portaltela.pt\/noticias\/2026\/01\/20\/paulo-reis-confirma-candidatura-a-lideranca-da-concelhia-do-psd-de-famalicao\/#primaryimage","url":"https:\/\/portaltela.pt\/s.01k8rhncp4jt1\/2026\/01\/unnamed-file-4058.jpg","contentUrl":"https:\/\/portaltela.pt\/s.01k8rhncp4jt1\/2026\/01\/unnamed-file-4058.jpg","width":796,"height":448,"caption":"Famalic\u00e3o: Paulo Reis confirma candidatura \u00e0 lideran\u00e7a da concelhia do PSD"},{"@type":"BreadcrumbList","@id":"https:\/\/portaltela.pt\/noticias\/2026\/01\/20\/paulo-reis-confirma-candidatura-a-lideranca-da-concelhia-do-psd-de-famalicao\/#breadcrumb","itemListElement":[{"@type":"ListItem","position":1,"name":"In\u00edcio","item":"https:\/\/portaltela.pt\/"},{"@type":"ListItem","position":2,"name":"Paulo Reis confirma candidatura \u00e0 lideran\u00e7a da concelhia do PSD de Famalic\u00e3o"}]},{"@type":"WebSite","@id":"https:\/\/portaltela.pt\/#website","url":"https:\/\/portaltela.pt\/","name":"Portal Tela Portugal","description":"","potentialAction":[{"@type":"SearchAction","target":{"@type":"EntryPoint","urlTemplate":"https:\/\/portaltela.pt\/?s={search_term_string}"},"query-input":{"@type":"PropertyValueSpecification","valueRequired":true,"valueName":"search_term_string"}}],"inLanguage":"pt-PT"},{"@type":"Person","@id":"https:\/\/portaltela.pt\/#\/schema\/person\/c4278d4a6028830caff9ee44b42d32ed","name":"Telinha","image":{"@type":"ImageObject","inLanguage":"pt-PT","@id":"https:\/\/portaltela.pt\/s.01k8rhncp4jt1\/2025\/11\/talking-bot-125x125.png","url":"https:\/\/portaltela.pt\/s.01k8rhncp4jt1\/2025\/11\/talking-bot-125x125.png","contentUrl":"https:\/\/portaltela.pt\/s.01k8rhncp4jt1\/2025\/11\/talking-bot-125x125.png","caption":"Telinha"},"sameAs":["https:\/\/portaltela.pt\/"],"url":"https:\/\/portaltela.pt\/por\/367410592786\/"}]}},"_links":{"self":[{"href":"https:\/\/portaltela.pt\/api\/wp\/v2\/posts\/155751","targetHints":{"allow":["GET"]}}],"collection":[{"href":"https:\/\/portaltela.pt\/api\/wp\/v2\/posts"}],"about":[{"href":"https:\/\/portaltela.pt\/api\/wp\/v2\/types\/post"}],"author":[{"embeddable":true,"href":"https:\/\/portaltela.pt\/api\/wp\/v2\/users\/2"}],"replies":[{"embeddable":true,"href":"https:\/\/portaltela.pt\/api\/wp\/v2\/comments?post=155751"}],"version-history":[{"count":0,"href":"https:\/\/portaltela.pt\/api\/wp\/v2\/posts\/155751\/revisions"}],"wp:featuredmedia":[{"embeddable":true,"href":"https:\/\/portaltela.pt\/api\/wp\/v2\/media\/155766"}],"wp:attachment":[{"href":"https:\/\/portaltela.pt\/api\/wp\/v2\/media?parent=155751"}],"wp:term":[{"taxonomy":"category","embeddable":true,"href":"https:\/\/portaltela.pt\/api\/wp\/v2\/categories?post=155751"},{"taxonomy":"post_tag","embeddable":true,"href":"https:\/\/portaltela.pt\/api\/wp\/v2\/tags?post=155751"}],"curies":[{"name":"wp","href":"https:\/\/api.w.org\/{rel}","templated":true}]}}