{"id":155716,"date":"2026-01-20T07:36:48","date_gmt":"2026-01-20T10:36:48","guid":{"rendered":"https:\/\/portaltela.pt\/noticias\/2026\/01\/20\/capicua-apresenta-novo-album-no-centro-cultural-de-paredes-a-31-de-janeiro\/"},"modified":"2026-01-20T07:36:48","modified_gmt":"2026-01-20T10:36:48","slug":"capicua-apresenta-novo-album-no-centro-cultural-de-paredes-a-31-de-janeiro","status":"publish","type":"post","link":"https:\/\/portaltela.pt\/noticias\/2026\/01\/20\/capicua-apresenta-novo-album-no-centro-cultural-de-paredes-a-31-de-janeiro\/","title":{"rendered":"Capicua apresenta novo \u00e1lbum no Centro Cultural de Paredes a 31 de janeiro"},"content":{"rendered":"<p>Capicua atua no Centro Cultural de Paredes no final de janeiro, encerrando a programa\u00e7\u00e3o do m\u00eas com um concerto no Grande Audit\u00f3rio. A rapper apresenta o novo \u00e1lbum, intitulado \u201cUm gelado antes do fim do mundo\u201d, numa atua\u00e7\u00e3o que promete uma incurs\u00e3o visual associada \u00e0 performance musical.<\/p>\n<p>O espet\u00e1culo est\u00e1 agendado para s\u00e1bado, 31 de janeiro, \u00e0s 22h00, e integra a agenda cultural da C\u00e2mara Municipal de Paredes. O concerto visa oferecer uma experi\u00eancia que combina m\u00fasica com uma forte componente visual, mantendo o foco na apresenta\u00e7\u00e3o art\u00edstica da artista.<\/p>\n<p>Os bilhetes t\u00eam o pre\u00e7o de 15 euros, com descontos aplic\u00e1veis a maiores de 65 anos e menores de 30. A venda funciona exclusivamente atrav\u00e9s da bilheteira online do CCP, dispon\u00edvel em centroculturalparedes.bol.pt.<\/p>\n<h3>Bilhetes dispon\u00edveis<\/h3>\n<ul>\n<li>Bilhetes \u00e0 venda exclusivamente pela bilheteira online do CCP.<\/li>\n<li>Descontos aplic\u00e1veis a faixas et\u00e1rias espec\u00edficas.<\/li>\n<li>Informa\u00e7\u00f5es adicionais e compra online j\u00e1 dispon\u00edveis.<\/li>\n<\/ul>\n","protected":false},"excerpt":{"rendered":"<ul>\n<li>Capicua atua no Centro Cultural de Paredes no dia 31 de janeiro, \u00e0s 22h00, para apresentar o seu novo \u00e1lbum.<\/li>\n<li>O concerto encerra a programa\u00e7\u00e3o de janeiro do CCP.<\/li>\n<li>O espet\u00e1culo celebra o lan\u00e7amento do \u00e1lbum \u201cUm gelado antes do fim do mundo\u201d, com forte componente visual.<\/li>\n<li>O ingresso custa 15 \u20ac, com descontos para maiores de 65 anos e menores de 30.<\/li>\n<li>Os bilhetes est\u00e3o \u00e0 venda exclusivamente pela bilheteira online do centro cultural.<\/li>\n<\/ul>\n","protected":false},"author":2,"featured_media":155727,"comment_status":"closed","ping_status":"closed","sticky":false,"template":"","format":"standard","meta":{"footnotes":""},"categories":[1],"tags":[2609,1309,593,145,122,3059],"class_list":["post-155716","post","type-post","status-publish","format-standard","has-post-thumbnail","hentry","category-noticias","tag-ccp","tag-centro","tag-concertos","tag-cultura","tag-musica","tag-paredes"],"yoast_head":"<!-- This site is optimized with the Yoast SEO plugin v27.2 - https:\/\/yoast.com\/product\/yoast-seo-wordpress\/ -->\n<title>Capicua apresenta novo \u00e1lbum no Centro Cultural de Paredes a 31 de janeiro - Portal Tela Portugal<\/title>\n<meta name=\"robots\" content=\"index, follow, max-snippet:-1, max-image-preview:large, max-video-preview:-1\" \/>\n<meta property=\"og:locale\" content=\"pt_PT\" \/>\n<meta property=\"og:type\" content=\"article\" \/>\n<meta property=\"og:title\" content=\"Capicua apresenta novo \u00e1lbum no Centro Cultural de Paredes a 31 de janeiro - Portal Tela Portugal\" \/>\n<meta property=\"og:description\" content=\"Capicua atua no Centro Cultural de Paredes no dia 31 de janeiro, \u00e0s 22h00, para apresentar o seu novo \u00e1lbum. O concerto encerra a programa\u00e7\u00e3o de janeiro do CCP. O espet\u00e1culo celebra o lan\u00e7amento do \u00e1lbum \u201cUm gelado antes do fim do mundo\u201d, com forte componente visual. O ingresso custa 15 \u20ac, com descontos para maiores de 65 anos e menores de 30. Os bilhetes est\u00e3o \u00e0 venda exclusivamente pela bilheteira online do centro cultural.\" \/>\n<meta property=\"og:url\" content=\"https:\/\/portaltela.pt\/noticias\/2026\/01\/20\/capicua-apresenta-novo-album-no-centro-cultural-de-paredes-a-31-de-janeiro\/\" \/>\n<meta property=\"og:site_name\" content=\"Portal Tela Portugal\" \/>\n<meta property=\"article:published_time\" content=\"2026-01-20T10:36:48+00:00\" \/>\n<meta name=\"author\" content=\"Telinha\" \/>\n<meta name=\"twitter:card\" content=\"summary_large_image\" \/>\n<meta name=\"twitter:label1\" content=\"Escrito por\" \/>\n\t<meta name=\"twitter:data1\" content=\"Telinha\" \/>\n\t<meta name=\"twitter:label2\" content=\"Tempo estimado de leitura\" \/>\n\t<meta name=\"twitter:data2\" content=\"1 minuto\" \/>\n<script type=\"application\/ld+json\" class=\"yoast-schema-graph\">{\"@context\":\"https:\/\/schema.org\",\"@graph\":[{\"@type\":\"Article\",\"@id\":\"https:\/\/portaltela.pt\/noticias\/2026\/01\/20\/capicua-apresenta-novo-album-no-centro-cultural-de-paredes-a-31-de-janeiro\/#article\",\"isPartOf\":{\"@id\":\"https:\/\/portaltela.pt\/noticias\/2026\/01\/20\/capicua-apresenta-novo-album-no-centro-cultural-de-paredes-a-31-de-janeiro\/\"},\"author\":{\"name\":\"Telinha\",\"@id\":\"https:\/\/portaltela.pt\/#\/schema\/person\/c4278d4a6028830caff9ee44b42d32ed\"},\"headline\":\"Capicua apresenta novo \u00e1lbum no Centro Cultural de Paredes a 31 de janeiro\",\"datePublished\":\"2026-01-20T10:36:48+00:00\",\"mainEntityOfPage\":{\"@id\":\"https:\/\/portaltela.pt\/noticias\/2026\/01\/20\/capicua-apresenta-novo-album-no-centro-cultural-de-paredes-a-31-de-janeiro\/\"},\"wordCount\":178,\"image\":{\"@id\":\"https:\/\/portaltela.pt\/noticias\/2026\/01\/20\/capicua-apresenta-novo-album-no-centro-cultural-de-paredes-a-31-de-janeiro\/#primaryimage\"},\"thumbnailUrl\":\"https:\/\/portaltela.pt\/s.01k8rhncp4jt1\/2026\/01\/Capicua-celebra-novo-disco-no-Centro-Cultural-de-Paredes-a-31-de-janeiro.jpg\",\"keywords\":[\"CCP\",\"Centro\",\"concertos\",\"cultura\",\"m\u00fasica\",\"Paredes\"],\"articleSection\":[\"Not\u00edcias\"],\"inLanguage\":\"pt-PT\"},{\"@type\":\"WebPage\",\"@id\":\"https:\/\/portaltela.pt\/noticias\/2026\/01\/20\/capicua-apresenta-novo-album-no-centro-cultural-de-paredes-a-31-de-janeiro\/\",\"url\":\"https:\/\/portaltela.pt\/noticias\/2026\/01\/20\/capicua-apresenta-novo-album-no-centro-cultural-de-paredes-a-31-de-janeiro\/\",\"name\":\"Capicua apresenta novo \u00e1lbum no Centro Cultural de Paredes a 31 de janeiro - Portal Tela Portugal\",\"isPartOf\":{\"@id\":\"https:\/\/portaltela.pt\/#website\"},\"primaryImageOfPage\":{\"@id\":\"https:\/\/portaltela.pt\/noticias\/2026\/01\/20\/capicua-apresenta-novo-album-no-centro-cultural-de-paredes-a-31-de-janeiro\/#primaryimage\"},\"image\":{\"@id\":\"https:\/\/portaltela.pt\/noticias\/2026\/01\/20\/capicua-apresenta-novo-album-no-centro-cultural-de-paredes-a-31-de-janeiro\/#primaryimage\"},\"thumbnailUrl\":\"https:\/\/portaltela.pt\/s.01k8rhncp4jt1\/2026\/01\/Capicua-celebra-novo-disco-no-Centro-Cultural-de-Paredes-a-31-de-janeiro.jpg\",\"datePublished\":\"2026-01-20T10:36:48+00:00\",\"author\":{\"@id\":\"https:\/\/portaltela.pt\/#\/schema\/person\/c4278d4a6028830caff9ee44b42d32ed\"},\"breadcrumb\":{\"@id\":\"https:\/\/portaltela.pt\/noticias\/2026\/01\/20\/capicua-apresenta-novo-album-no-centro-cultural-de-paredes-a-31-de-janeiro\/#breadcrumb\"},\"inLanguage\":\"pt-PT\",\"potentialAction\":[{\"@type\":\"ReadAction\",\"target\":[\"https:\/\/portaltela.pt\/noticias\/2026\/01\/20\/capicua-apresenta-novo-album-no-centro-cultural-de-paredes-a-31-de-janeiro\/\"]}]},{\"@type\":\"ImageObject\",\"inLanguage\":\"pt-PT\",\"@id\":\"https:\/\/portaltela.pt\/noticias\/2026\/01\/20\/capicua-apresenta-novo-album-no-centro-cultural-de-paredes-a-31-de-janeiro\/#primaryimage\",\"url\":\"https:\/\/portaltela.pt\/s.01k8rhncp4jt1\/2026\/01\/Capicua-celebra-novo-disco-no-Centro-Cultural-de-Paredes-a-31-de-janeiro.jpg\",\"contentUrl\":\"https:\/\/portaltela.pt\/s.01k8rhncp4jt1\/2026\/01\/Capicua-celebra-novo-disco-no-Centro-Cultural-de-Paredes-a-31-de-janeiro.jpg\",\"width\":796,\"height\":448,\"caption\":\"Capicua celebra novo disco no Centro Cultural de Paredes a 31 de janeiro\"},{\"@type\":\"BreadcrumbList\",\"@id\":\"https:\/\/portaltela.pt\/noticias\/2026\/01\/20\/capicua-apresenta-novo-album-no-centro-cultural-de-paredes-a-31-de-janeiro\/#breadcrumb\",\"itemListElement\":[{\"@type\":\"ListItem\",\"position\":1,\"name\":\"In\u00edcio\",\"item\":\"https:\/\/portaltela.pt\/\"},{\"@type\":\"ListItem\",\"position\":2,\"name\":\"Capicua apresenta novo \u00e1lbum no Centro Cultural de Paredes a 31 de janeiro\"}]},{\"@type\":\"WebSite\",\"@id\":\"https:\/\/portaltela.pt\/#website\",\"url\":\"https:\/\/portaltela.pt\/\",\"name\":\"Portal Tela Portugal\",\"description\":\"\",\"potentialAction\":[{\"@type\":\"SearchAction\",\"target\":{\"@type\":\"EntryPoint\",\"urlTemplate\":\"https:\/\/portaltela.pt\/?s={search_term_string}\"},\"query-input\":{\"@type\":\"PropertyValueSpecification\",\"valueRequired\":true,\"valueName\":\"search_term_string\"}}],\"inLanguage\":\"pt-PT\"},{\"@type\":\"Person\",\"@id\":\"https:\/\/portaltela.pt\/#\/schema\/person\/c4278d4a6028830caff9ee44b42d32ed\",\"name\":\"Telinha\",\"image\":{\"@type\":\"ImageObject\",\"inLanguage\":\"pt-PT\",\"@id\":\"https:\/\/portaltela.pt\/s.01k8rhncp4jt1\/2025\/11\/talking-bot-125x125.png\",\"url\":\"https:\/\/portaltela.pt\/s.01k8rhncp4jt1\/2025\/11\/talking-bot-125x125.png\",\"contentUrl\":\"https:\/\/portaltela.pt\/s.01k8rhncp4jt1\/2025\/11\/talking-bot-125x125.png\",\"caption\":\"Telinha\"},\"sameAs\":[\"https:\/\/portaltela.pt\/\"],\"url\":\"https:\/\/portaltela.pt\/por\/367410592786\/\"}]}<\/script>\n<!-- \/ Yoast SEO plugin. -->","yoast_head_json":{"title":"Capicua apresenta novo \u00e1lbum no Centro Cultural de Paredes a 31 de janeiro - Portal Tela Portugal","robots":{"index":"index","follow":"follow","max-snippet":"max-snippet:-1","max-image-preview":"max-image-preview:large","max-video-preview":"max-video-preview:-1"},"og_locale":"pt_PT","og_type":"article","og_title":"Capicua apresenta novo \u00e1lbum no Centro Cultural de Paredes a 31 de janeiro - Portal Tela Portugal","og_description":"Capicua atua no Centro Cultural de Paredes no dia 31 de janeiro, \u00e0s 22h00, para apresentar o seu novo \u00e1lbum. O concerto encerra a programa\u00e7\u00e3o de janeiro do CCP. O espet\u00e1culo celebra o lan\u00e7amento do \u00e1lbum \u201cUm gelado antes do fim do mundo\u201d, com forte componente visual. O ingresso custa 15 \u20ac, com descontos para maiores de 65 anos e menores de 30. Os bilhetes est\u00e3o \u00e0 venda exclusivamente pela bilheteira online do centro cultural.","og_url":"https:\/\/portaltela.pt\/noticias\/2026\/01\/20\/capicua-apresenta-novo-album-no-centro-cultural-de-paredes-a-31-de-janeiro\/","og_site_name":"Portal Tela Portugal","article_published_time":"2026-01-20T10:36:48+00:00","author":"Telinha","twitter_card":"summary_large_image","twitter_misc":{"Escrito por":"Telinha","Tempo estimado de leitura":"1 minuto"},"schema":{"@context":"https:\/\/schema.org","@graph":[{"@type":"Article","@id":"https:\/\/portaltela.pt\/noticias\/2026\/01\/20\/capicua-apresenta-novo-album-no-centro-cultural-de-paredes-a-31-de-janeiro\/#article","isPartOf":{"@id":"https:\/\/portaltela.pt\/noticias\/2026\/01\/20\/capicua-apresenta-novo-album-no-centro-cultural-de-paredes-a-31-de-janeiro\/"},"author":{"name":"Telinha","@id":"https:\/\/portaltela.pt\/#\/schema\/person\/c4278d4a6028830caff9ee44b42d32ed"},"headline":"Capicua apresenta novo \u00e1lbum no Centro Cultural de Paredes a 31 de janeiro","datePublished":"2026-01-20T10:36:48+00:00","mainEntityOfPage":{"@id":"https:\/\/portaltela.pt\/noticias\/2026\/01\/20\/capicua-apresenta-novo-album-no-centro-cultural-de-paredes-a-31-de-janeiro\/"},"wordCount":178,"image":{"@id":"https:\/\/portaltela.pt\/noticias\/2026\/01\/20\/capicua-apresenta-novo-album-no-centro-cultural-de-paredes-a-31-de-janeiro\/#primaryimage"},"thumbnailUrl":"https:\/\/portaltela.pt\/s.01k8rhncp4jt1\/2026\/01\/Capicua-celebra-novo-disco-no-Centro-Cultural-de-Paredes-a-31-de-janeiro.jpg","keywords":["CCP","Centro","concertos","cultura","m\u00fasica","Paredes"],"articleSection":["Not\u00edcias"],"inLanguage":"pt-PT"},{"@type":"WebPage","@id":"https:\/\/portaltela.pt\/noticias\/2026\/01\/20\/capicua-apresenta-novo-album-no-centro-cultural-de-paredes-a-31-de-janeiro\/","url":"https:\/\/portaltela.pt\/noticias\/2026\/01\/20\/capicua-apresenta-novo-album-no-centro-cultural-de-paredes-a-31-de-janeiro\/","name":"Capicua apresenta novo \u00e1lbum no Centro Cultural de Paredes a 31 de janeiro - Portal Tela Portugal","isPartOf":{"@id":"https:\/\/portaltela.pt\/#website"},"primaryImageOfPage":{"@id":"https:\/\/portaltela.pt\/noticias\/2026\/01\/20\/capicua-apresenta-novo-album-no-centro-cultural-de-paredes-a-31-de-janeiro\/#primaryimage"},"image":{"@id":"https:\/\/portaltela.pt\/noticias\/2026\/01\/20\/capicua-apresenta-novo-album-no-centro-cultural-de-paredes-a-31-de-janeiro\/#primaryimage"},"thumbnailUrl":"https:\/\/portaltela.pt\/s.01k8rhncp4jt1\/2026\/01\/Capicua-celebra-novo-disco-no-Centro-Cultural-de-Paredes-a-31-de-janeiro.jpg","datePublished":"2026-01-20T10:36:48+00:00","author":{"@id":"https:\/\/portaltela.pt\/#\/schema\/person\/c4278d4a6028830caff9ee44b42d32ed"},"breadcrumb":{"@id":"https:\/\/portaltela.pt\/noticias\/2026\/01\/20\/capicua-apresenta-novo-album-no-centro-cultural-de-paredes-a-31-de-janeiro\/#breadcrumb"},"inLanguage":"pt-PT","potentialAction":[{"@type":"ReadAction","target":["https:\/\/portaltela.pt\/noticias\/2026\/01\/20\/capicua-apresenta-novo-album-no-centro-cultural-de-paredes-a-31-de-janeiro\/"]}]},{"@type":"ImageObject","inLanguage":"pt-PT","@id":"https:\/\/portaltela.pt\/noticias\/2026\/01\/20\/capicua-apresenta-novo-album-no-centro-cultural-de-paredes-a-31-de-janeiro\/#primaryimage","url":"https:\/\/portaltela.pt\/s.01k8rhncp4jt1\/2026\/01\/Capicua-celebra-novo-disco-no-Centro-Cultural-de-Paredes-a-31-de-janeiro.jpg","contentUrl":"https:\/\/portaltela.pt\/s.01k8rhncp4jt1\/2026\/01\/Capicua-celebra-novo-disco-no-Centro-Cultural-de-Paredes-a-31-de-janeiro.jpg","width":796,"height":448,"caption":"Capicua celebra novo disco no Centro Cultural de Paredes a 31 de janeiro"},{"@type":"BreadcrumbList","@id":"https:\/\/portaltela.pt\/noticias\/2026\/01\/20\/capicua-apresenta-novo-album-no-centro-cultural-de-paredes-a-31-de-janeiro\/#breadcrumb","itemListElement":[{"@type":"ListItem","position":1,"name":"In\u00edcio","item":"https:\/\/portaltela.pt\/"},{"@type":"ListItem","position":2,"name":"Capicua apresenta novo \u00e1lbum no Centro Cultural de Paredes a 31 de janeiro"}]},{"@type":"WebSite","@id":"https:\/\/portaltela.pt\/#website","url":"https:\/\/portaltela.pt\/","name":"Portal Tela Portugal","description":"","potentialAction":[{"@type":"SearchAction","target":{"@type":"EntryPoint","urlTemplate":"https:\/\/portaltela.pt\/?s={search_term_string}"},"query-input":{"@type":"PropertyValueSpecification","valueRequired":true,"valueName":"search_term_string"}}],"inLanguage":"pt-PT"},{"@type":"Person","@id":"https:\/\/portaltela.pt\/#\/schema\/person\/c4278d4a6028830caff9ee44b42d32ed","name":"Telinha","image":{"@type":"ImageObject","inLanguage":"pt-PT","@id":"https:\/\/portaltela.pt\/s.01k8rhncp4jt1\/2025\/11\/talking-bot-125x125.png","url":"https:\/\/portaltela.pt\/s.01k8rhncp4jt1\/2025\/11\/talking-bot-125x125.png","contentUrl":"https:\/\/portaltela.pt\/s.01k8rhncp4jt1\/2025\/11\/talking-bot-125x125.png","caption":"Telinha"},"sameAs":["https:\/\/portaltela.pt\/"],"url":"https:\/\/portaltela.pt\/por\/367410592786\/"}]}},"_links":{"self":[{"href":"https:\/\/portaltela.pt\/api\/wp\/v2\/posts\/155716","targetHints":{"allow":["GET"]}}],"collection":[{"href":"https:\/\/portaltela.pt\/api\/wp\/v2\/posts"}],"about":[{"href":"https:\/\/portaltela.pt\/api\/wp\/v2\/types\/post"}],"author":[{"embeddable":true,"href":"https:\/\/portaltela.pt\/api\/wp\/v2\/users\/2"}],"replies":[{"embeddable":true,"href":"https:\/\/portaltela.pt\/api\/wp\/v2\/comments?post=155716"}],"version-history":[{"count":0,"href":"https:\/\/portaltela.pt\/api\/wp\/v2\/posts\/155716\/revisions"}],"wp:featuredmedia":[{"embeddable":true,"href":"https:\/\/portaltela.pt\/api\/wp\/v2\/media\/155727"}],"wp:attachment":[{"href":"https:\/\/portaltela.pt\/api\/wp\/v2\/media?parent=155716"}],"wp:term":[{"taxonomy":"category","embeddable":true,"href":"https:\/\/portaltela.pt\/api\/wp\/v2\/categories?post=155716"},{"taxonomy":"post_tag","embeddable":true,"href":"https:\/\/portaltela.pt\/api\/wp\/v2\/tags?post=155716"}],"curies":[{"name":"wp","href":"https:\/\/api.w.org\/{rel}","templated":true}]}}