{"id":155653,"date":"2026-01-20T07:20:44","date_gmt":"2026-01-20T10:20:44","guid":{"rendered":"https:\/\/portaltela.pt\/noticias\/2026\/01\/20\/policia-judiciaria-investiga-crimes-de-odio-e-extremismo-de-direita\/"},"modified":"2026-01-20T07:20:44","modified_gmt":"2026-01-20T10:20:44","slug":"policia-judiciaria-investiga-crimes-de-odio-e-extremismo-de-direita","status":"publish","type":"post","link":"https:\/\/portaltela.pt\/noticias\/2026\/01\/20\/policia-judiciaria-investiga-crimes-de-odio-e-extremismo-de-direita\/","title":{"rendered":"Pol\u00edcia Judici\u00e1ria investiga crimes de \u00f3dio e extremismo de direita"},"content":{"rendered":"<p>A Pol\u00edcia Judici\u00e1ria (PJ) est\u00e1 a realizar uma megaopera\u00e7\u00e3o a n\u00edvel nacional, no \u00e2mbito de uma investiga\u00e7\u00e3o a crimes de \u00f3dio, discrimina\u00e7\u00e3o e incitamento \u00e0 viol\u00eancia associados a alegada estrutura de extrema-direita. A opera\u00e7\u00e3o inclui mais de 30 mandados de deten\u00e7\u00e3o e cerca de 50 buscas, domicili\u00e1rias e n\u00e3o domicili\u00e1rias. O n\u00famero de deten\u00e7\u00f5es ainda n\u00e3o foi confirmado pela PJ.<\/p>\n<p>A investiga\u00e7\u00e3o envolve sobretudo agress\u00f5es a cidad\u00e3os imigrantes, particularmente oriundos de pa\u00edses isl\u00e2micos, bem como epis\u00f3dios de viol\u00eancia em manifesta\u00e7\u00f5es p\u00fablicas. Entre os casos em apuramento est\u00e1 a agress\u00e3o ocorrida a 5 de outubro de 2025 numa esta\u00e7\u00e3o de servi\u00e7o de Aveiras, e incidentes durante as comemora\u00e7\u00f5es do 25 de Abril em Lisboa.<\/p>\n<h3>Mandados, deten\u00e7\u00f5es e liga\u00e7\u00f5es conhecidas<\/h3>\n<p>Os mandados de deten\u00e7\u00e3o visam elementos ligados ao Grupo 1143, uma fa\u00e7\u00e3o associada \u00e0 claque Juventude Leonina, do Sporting. Segundo a CNN Portugal, alguns suspeitos poder\u00e3o ter liga\u00e7\u00f5es a M\u00e1rio Machado, j\u00e1 condenado por crimes da mesma natureza, com a investiga\u00e7\u00e3o a indicar poss\u00edveis instru\u00e7\u00f5es transmitidas a partir de estabelecimento prisional.<\/p>\n<p>A PJ analisa a difus\u00e3o de conte\u00fados xen\u00f3fobos e racistas nas redes sociais, considerados base para o incitamento de a\u00e7\u00f5es violentas contra comunidades imigrantes. Os detidos dever\u00e3o ser presentes no Tribunal de Instru\u00e7\u00e3o Criminal de Lisboa nos pr\u00f3ximos dias, para aplica\u00e7\u00e3o de medidas de coa\u00e7\u00e3o.<\/p>\n<p>Recorda-se que, no caso de Aveiras, a v\u00edtima foi um homem de 29 anos da comunidade sikh, rodeado por dezenas de intervenientes organizados para marcar o anivers\u00e1rio do Grupo 1143. Surgiram insultos, agress\u00f5es f\u00edsicas e roubo, com necessidade de interven\u00e7\u00e3o hospitalar.<\/p>\n","protected":false},"excerpt":{"rendered":"<ul>\n<li>A Pol\u00edcia Judici\u00e1ria iniciou uma megaopera\u00e7\u00e3o a n\u00edvel nacional para investigar crimes de \u00f3dio, discrimina\u00e7\u00e3o e incitamento \u00e0 viol\u00eancia ligados a uma alegada estrutura de extrema-direita, com mais de trinta mandados de deten\u00e7\u00e3o e cerca de cinquenta buscas.<\/li>\n<li>A investiga\u00e7\u00e3o envolve agress\u00f5es a cidad\u00e3os imigrantes, principalmente de origem mu\u00e7ulmana, e epis\u00f3dios de viol\u00eancia ocorridos durante manifesta\u00e7\u00f5es p\u00fablicas, incluindo o ataque registado a 5 de outubro de 2025 numa esta\u00e7\u00e3o de servi\u00e7o de Aveiras a um homem de 29 anos da comunidade sikh.<\/li>\n<li>Entre os suspeitos detidos est\u00e3o elementos ligados ao Grupo 1143, uma fac\u00e7\u00e3o associada \u00e0 claque Juventude Leonina, com liga\u00e7\u00f5es a M\u00e1rio Machado, que poder\u00e1 ter orientado instru\u00e7\u00f5es a partir do estabelecimento prisional.<\/li>\n<li>A PJ tamb\u00e9m investiga a difus\u00e3o de conte\u00fados xen\u00f3fobos e racistas nas redes sociais que teriam servido de base ao incitamento \u00e0 viol\u00eancia contra comunidades imigrantes.<\/li>\n<li>Os detidos dever\u00e3o ser apresentados no Tribunal de Instru\u00e7\u00e3o Criminal de Lisboa, onde ser\u00e3o avaliadas as medidas de coa\u00e7\u00e3o a aplicar.<\/li>\n<\/ul>\n","protected":false},"author":2,"featured_media":155707,"comment_status":"closed","ping_status":"closed","sticky":false,"template":"","format":"standard","meta":{"footnotes":""},"categories":[1],"tags":[177,3446,712,3524,981,1802],"class_list":["post-155653","post","type-post","status-publish","format-standard","has-post-thumbnail","hentry","category-noticias","tag-crimes","tag-extremismo","tag-imigracao","tag-juventude-leonina","tag-lisboa","tag-policia-judiciaria"],"yoast_head":"<!-- This site is optimized with the Yoast SEO plugin v27.2 - https:\/\/yoast.com\/product\/yoast-seo-wordpress\/ -->\n<title>Pol\u00edcia Judici\u00e1ria investiga crimes de \u00f3dio e extremismo de direita - Portal Tela Portugal<\/title>\n<meta name=\"robots\" content=\"index, follow, max-snippet:-1, max-image-preview:large, max-video-preview:-1\" \/>\n<meta property=\"og:locale\" content=\"pt_PT\" \/>\n<meta property=\"og:type\" content=\"article\" \/>\n<meta property=\"og:title\" content=\"Pol\u00edcia Judici\u00e1ria investiga crimes de \u00f3dio e extremismo de direita - Portal Tela Portugal\" \/>\n<meta property=\"og:description\" content=\"A Pol\u00edcia Judici\u00e1ria iniciou uma megaopera\u00e7\u00e3o a n\u00edvel nacional para investigar crimes de \u00f3dio, discrimina\u00e7\u00e3o e incitamento \u00e0 viol\u00eancia ligados a uma alegada estrutura de extrema-direita, com mais de trinta mandados de deten\u00e7\u00e3o e cerca de cinquenta buscas. A investiga\u00e7\u00e3o envolve agress\u00f5es a cidad\u00e3os imigrantes, principalmente de origem mu\u00e7ulmana, e epis\u00f3dios de viol\u00eancia ocorridos durante manifesta\u00e7\u00f5es p\u00fablicas, incluindo o ataque registado a 5 de outubro de 2025 numa esta\u00e7\u00e3o de servi\u00e7o de Aveiras a um homem de 29 anos da comunidade sikh. Entre os suspeitos detidos est\u00e3o elementos ligados ao Grupo 1143, uma fac\u00e7\u00e3o associada \u00e0 claque Juventude Leonina, com liga\u00e7\u00f5es a M\u00e1rio Machado, que poder\u00e1 ter orientado instru\u00e7\u00f5es a partir do estabelecimento prisional. A PJ tamb\u00e9m investiga a difus\u00e3o de conte\u00fados xen\u00f3fobos e racistas nas redes sociais que teriam servido de base ao incitamento \u00e0 viol\u00eancia contra comunidades imigrantes. Os detidos dever\u00e3o ser apresentados no Tribunal de Instru\u00e7\u00e3o Criminal de Lisboa, onde ser\u00e3o avaliadas as medidas de coa\u00e7\u00e3o a aplicar.\" \/>\n<meta property=\"og:url\" content=\"https:\/\/portaltela.pt\/noticias\/2026\/01\/20\/policia-judiciaria-investiga-crimes-de-odio-e-extremismo-de-direita\/\" \/>\n<meta property=\"og:site_name\" content=\"Portal Tela Portugal\" \/>\n<meta property=\"article:published_time\" content=\"2026-01-20T10:20:44+00:00\" \/>\n<meta name=\"author\" content=\"Telinha\" \/>\n<meta name=\"twitter:card\" content=\"summary_large_image\" \/>\n<meta name=\"twitter:label1\" content=\"Escrito por\" \/>\n\t<meta name=\"twitter:data1\" content=\"Telinha\" \/>\n\t<meta name=\"twitter:label2\" content=\"Tempo estimado de leitura\" \/>\n\t<meta name=\"twitter:data2\" content=\"1 minuto\" \/>\n<script type=\"application\/ld+json\" class=\"yoast-schema-graph\">{\"@context\":\"https:\/\/schema.org\",\"@graph\":[{\"@type\":\"Article\",\"@id\":\"https:\/\/portaltela.pt\/noticias\/2026\/01\/20\/policia-judiciaria-investiga-crimes-de-odio-e-extremismo-de-direita\/#article\",\"isPartOf\":{\"@id\":\"https:\/\/portaltela.pt\/noticias\/2026\/01\/20\/policia-judiciaria-investiga-crimes-de-odio-e-extremismo-de-direita\/\"},\"author\":{\"name\":\"Telinha\",\"@id\":\"https:\/\/portaltela.pt\/#\/schema\/person\/c4278d4a6028830caff9ee44b42d32ed\"},\"headline\":\"Pol\u00edcia Judici\u00e1ria investiga crimes de \u00f3dio e extremismo de direita\",\"datePublished\":\"2026-01-20T10:20:44+00:00\",\"mainEntityOfPage\":{\"@id\":\"https:\/\/portaltela.pt\/noticias\/2026\/01\/20\/policia-judiciaria-investiga-crimes-de-odio-e-extremismo-de-direita\/\"},\"wordCount\":309,\"image\":{\"@id\":\"https:\/\/portaltela.pt\/noticias\/2026\/01\/20\/policia-judiciaria-investiga-crimes-de-odio-e-extremismo-de-direita\/#primaryimage\"},\"thumbnailUrl\":\"https:\/\/portaltela.pt\/s.01k8rhncp4jt1\/2026\/01\/unnamed-file-4050.jpg\",\"keywords\":[\"crimes\",\"extremismo\",\"imigra\u00e7\u00e3o\",\"Juventude Leonina\",\"Lisboa\",\"Pol\u00edcia Judici\u00e1ria\"],\"articleSection\":[\"Not\u00edcias\"],\"inLanguage\":\"pt-PT\"},{\"@type\":\"WebPage\",\"@id\":\"https:\/\/portaltela.pt\/noticias\/2026\/01\/20\/policia-judiciaria-investiga-crimes-de-odio-e-extremismo-de-direita\/\",\"url\":\"https:\/\/portaltela.pt\/noticias\/2026\/01\/20\/policia-judiciaria-investiga-crimes-de-odio-e-extremismo-de-direita\/\",\"name\":\"Pol\u00edcia Judici\u00e1ria investiga crimes de \u00f3dio e extremismo de direita - Portal Tela Portugal\",\"isPartOf\":{\"@id\":\"https:\/\/portaltela.pt\/#website\"},\"primaryImageOfPage\":{\"@id\":\"https:\/\/portaltela.pt\/noticias\/2026\/01\/20\/policia-judiciaria-investiga-crimes-de-odio-e-extremismo-de-direita\/#primaryimage\"},\"image\":{\"@id\":\"https:\/\/portaltela.pt\/noticias\/2026\/01\/20\/policia-judiciaria-investiga-crimes-de-odio-e-extremismo-de-direita\/#primaryimage\"},\"thumbnailUrl\":\"https:\/\/portaltela.pt\/s.01k8rhncp4jt1\/2026\/01\/unnamed-file-4050.jpg\",\"datePublished\":\"2026-01-20T10:20:44+00:00\",\"author\":{\"@id\":\"https:\/\/portaltela.pt\/#\/schema\/person\/c4278d4a6028830caff9ee44b42d32ed\"},\"breadcrumb\":{\"@id\":\"https:\/\/portaltela.pt\/noticias\/2026\/01\/20\/policia-judiciaria-investiga-crimes-de-odio-e-extremismo-de-direita\/#breadcrumb\"},\"inLanguage\":\"pt-PT\",\"potentialAction\":[{\"@type\":\"ReadAction\",\"target\":[\"https:\/\/portaltela.pt\/noticias\/2026\/01\/20\/policia-judiciaria-investiga-crimes-de-odio-e-extremismo-de-direita\/\"]}]},{\"@type\":\"ImageObject\",\"inLanguage\":\"pt-PT\",\"@id\":\"https:\/\/portaltela.pt\/noticias\/2026\/01\/20\/policia-judiciaria-investiga-crimes-de-odio-e-extremismo-de-direita\/#primaryimage\",\"url\":\"https:\/\/portaltela.pt\/s.01k8rhncp4jt1\/2026\/01\/unnamed-file-4050.jpg\",\"contentUrl\":\"https:\/\/portaltela.pt\/s.01k8rhncp4jt1\/2026\/01\/unnamed-file-4050.jpg\",\"width\":796,\"height\":448,\"caption\":\"Megaopera\u00e7\u00e3o da Pol\u00edcia Judici\u00e1ria investiga crimes de \u00f3dio e extrema-direita\"},{\"@type\":\"BreadcrumbList\",\"@id\":\"https:\/\/portaltela.pt\/noticias\/2026\/01\/20\/policia-judiciaria-investiga-crimes-de-odio-e-extremismo-de-direita\/#breadcrumb\",\"itemListElement\":[{\"@type\":\"ListItem\",\"position\":1,\"name\":\"In\u00edcio\",\"item\":\"https:\/\/portaltela.pt\/\"},{\"@type\":\"ListItem\",\"position\":2,\"name\":\"Pol\u00edcia Judici\u00e1ria investiga crimes de \u00f3dio e extremismo de direita\"}]},{\"@type\":\"WebSite\",\"@id\":\"https:\/\/portaltela.pt\/#website\",\"url\":\"https:\/\/portaltela.pt\/\",\"name\":\"Portal Tela Portugal\",\"description\":\"\",\"potentialAction\":[{\"@type\":\"SearchAction\",\"target\":{\"@type\":\"EntryPoint\",\"urlTemplate\":\"https:\/\/portaltela.pt\/?s={search_term_string}\"},\"query-input\":{\"@type\":\"PropertyValueSpecification\",\"valueRequired\":true,\"valueName\":\"search_term_string\"}}],\"inLanguage\":\"pt-PT\"},{\"@type\":\"Person\",\"@id\":\"https:\/\/portaltela.pt\/#\/schema\/person\/c4278d4a6028830caff9ee44b42d32ed\",\"name\":\"Telinha\",\"image\":{\"@type\":\"ImageObject\",\"inLanguage\":\"pt-PT\",\"@id\":\"https:\/\/portaltela.pt\/s.01k8rhncp4jt1\/2025\/11\/talking-bot-125x125.png\",\"url\":\"https:\/\/portaltela.pt\/s.01k8rhncp4jt1\/2025\/11\/talking-bot-125x125.png\",\"contentUrl\":\"https:\/\/portaltela.pt\/s.01k8rhncp4jt1\/2025\/11\/talking-bot-125x125.png\",\"caption\":\"Telinha\"},\"sameAs\":[\"https:\/\/portaltela.pt\/\"],\"url\":\"https:\/\/portaltela.pt\/por\/367410592786\/\"}]}<\/script>\n<!-- \/ Yoast SEO plugin. -->","yoast_head_json":{"title":"Pol\u00edcia Judici\u00e1ria investiga crimes de \u00f3dio e extremismo de direita - Portal Tela Portugal","robots":{"index":"index","follow":"follow","max-snippet":"max-snippet:-1","max-image-preview":"max-image-preview:large","max-video-preview":"max-video-preview:-1"},"og_locale":"pt_PT","og_type":"article","og_title":"Pol\u00edcia Judici\u00e1ria investiga crimes de \u00f3dio e extremismo de direita - Portal Tela Portugal","og_description":"A Pol\u00edcia Judici\u00e1ria iniciou uma megaopera\u00e7\u00e3o a n\u00edvel nacional para investigar crimes de \u00f3dio, discrimina\u00e7\u00e3o e incitamento \u00e0 viol\u00eancia ligados a uma alegada estrutura de extrema-direita, com mais de trinta mandados de deten\u00e7\u00e3o e cerca de cinquenta buscas. A investiga\u00e7\u00e3o envolve agress\u00f5es a cidad\u00e3os imigrantes, principalmente de origem mu\u00e7ulmana, e epis\u00f3dios de viol\u00eancia ocorridos durante manifesta\u00e7\u00f5es p\u00fablicas, incluindo o ataque registado a 5 de outubro de 2025 numa esta\u00e7\u00e3o de servi\u00e7o de Aveiras a um homem de 29 anos da comunidade sikh. Entre os suspeitos detidos est\u00e3o elementos ligados ao Grupo 1143, uma fac\u00e7\u00e3o associada \u00e0 claque Juventude Leonina, com liga\u00e7\u00f5es a M\u00e1rio Machado, que poder\u00e1 ter orientado instru\u00e7\u00f5es a partir do estabelecimento prisional. A PJ tamb\u00e9m investiga a difus\u00e3o de conte\u00fados xen\u00f3fobos e racistas nas redes sociais que teriam servido de base ao incitamento \u00e0 viol\u00eancia contra comunidades imigrantes. Os detidos dever\u00e3o ser apresentados no Tribunal de Instru\u00e7\u00e3o Criminal de Lisboa, onde ser\u00e3o avaliadas as medidas de coa\u00e7\u00e3o a aplicar.","og_url":"https:\/\/portaltela.pt\/noticias\/2026\/01\/20\/policia-judiciaria-investiga-crimes-de-odio-e-extremismo-de-direita\/","og_site_name":"Portal Tela Portugal","article_published_time":"2026-01-20T10:20:44+00:00","author":"Telinha","twitter_card":"summary_large_image","twitter_misc":{"Escrito por":"Telinha","Tempo estimado de leitura":"1 minuto"},"schema":{"@context":"https:\/\/schema.org","@graph":[{"@type":"Article","@id":"https:\/\/portaltela.pt\/noticias\/2026\/01\/20\/policia-judiciaria-investiga-crimes-de-odio-e-extremismo-de-direita\/#article","isPartOf":{"@id":"https:\/\/portaltela.pt\/noticias\/2026\/01\/20\/policia-judiciaria-investiga-crimes-de-odio-e-extremismo-de-direita\/"},"author":{"name":"Telinha","@id":"https:\/\/portaltela.pt\/#\/schema\/person\/c4278d4a6028830caff9ee44b42d32ed"},"headline":"Pol\u00edcia Judici\u00e1ria investiga crimes de \u00f3dio e extremismo de direita","datePublished":"2026-01-20T10:20:44+00:00","mainEntityOfPage":{"@id":"https:\/\/portaltela.pt\/noticias\/2026\/01\/20\/policia-judiciaria-investiga-crimes-de-odio-e-extremismo-de-direita\/"},"wordCount":309,"image":{"@id":"https:\/\/portaltela.pt\/noticias\/2026\/01\/20\/policia-judiciaria-investiga-crimes-de-odio-e-extremismo-de-direita\/#primaryimage"},"thumbnailUrl":"https:\/\/portaltela.pt\/s.01k8rhncp4jt1\/2026\/01\/unnamed-file-4050.jpg","keywords":["crimes","extremismo","imigra\u00e7\u00e3o","Juventude Leonina","Lisboa","Pol\u00edcia Judici\u00e1ria"],"articleSection":["Not\u00edcias"],"inLanguage":"pt-PT"},{"@type":"WebPage","@id":"https:\/\/portaltela.pt\/noticias\/2026\/01\/20\/policia-judiciaria-investiga-crimes-de-odio-e-extremismo-de-direita\/","url":"https:\/\/portaltela.pt\/noticias\/2026\/01\/20\/policia-judiciaria-investiga-crimes-de-odio-e-extremismo-de-direita\/","name":"Pol\u00edcia Judici\u00e1ria investiga crimes de \u00f3dio e extremismo de direita - Portal Tela Portugal","isPartOf":{"@id":"https:\/\/portaltela.pt\/#website"},"primaryImageOfPage":{"@id":"https:\/\/portaltela.pt\/noticias\/2026\/01\/20\/policia-judiciaria-investiga-crimes-de-odio-e-extremismo-de-direita\/#primaryimage"},"image":{"@id":"https:\/\/portaltela.pt\/noticias\/2026\/01\/20\/policia-judiciaria-investiga-crimes-de-odio-e-extremismo-de-direita\/#primaryimage"},"thumbnailUrl":"https:\/\/portaltela.pt\/s.01k8rhncp4jt1\/2026\/01\/unnamed-file-4050.jpg","datePublished":"2026-01-20T10:20:44+00:00","author":{"@id":"https:\/\/portaltela.pt\/#\/schema\/person\/c4278d4a6028830caff9ee44b42d32ed"},"breadcrumb":{"@id":"https:\/\/portaltela.pt\/noticias\/2026\/01\/20\/policia-judiciaria-investiga-crimes-de-odio-e-extremismo-de-direita\/#breadcrumb"},"inLanguage":"pt-PT","potentialAction":[{"@type":"ReadAction","target":["https:\/\/portaltela.pt\/noticias\/2026\/01\/20\/policia-judiciaria-investiga-crimes-de-odio-e-extremismo-de-direita\/"]}]},{"@type":"ImageObject","inLanguage":"pt-PT","@id":"https:\/\/portaltela.pt\/noticias\/2026\/01\/20\/policia-judiciaria-investiga-crimes-de-odio-e-extremismo-de-direita\/#primaryimage","url":"https:\/\/portaltela.pt\/s.01k8rhncp4jt1\/2026\/01\/unnamed-file-4050.jpg","contentUrl":"https:\/\/portaltela.pt\/s.01k8rhncp4jt1\/2026\/01\/unnamed-file-4050.jpg","width":796,"height":448,"caption":"Megaopera\u00e7\u00e3o da Pol\u00edcia Judici\u00e1ria investiga crimes de \u00f3dio e extrema-direita"},{"@type":"BreadcrumbList","@id":"https:\/\/portaltela.pt\/noticias\/2026\/01\/20\/policia-judiciaria-investiga-crimes-de-odio-e-extremismo-de-direita\/#breadcrumb","itemListElement":[{"@type":"ListItem","position":1,"name":"In\u00edcio","item":"https:\/\/portaltela.pt\/"},{"@type":"ListItem","position":2,"name":"Pol\u00edcia Judici\u00e1ria investiga crimes de \u00f3dio e extremismo de direita"}]},{"@type":"WebSite","@id":"https:\/\/portaltela.pt\/#website","url":"https:\/\/portaltela.pt\/","name":"Portal Tela Portugal","description":"","potentialAction":[{"@type":"SearchAction","target":{"@type":"EntryPoint","urlTemplate":"https:\/\/portaltela.pt\/?s={search_term_string}"},"query-input":{"@type":"PropertyValueSpecification","valueRequired":true,"valueName":"search_term_string"}}],"inLanguage":"pt-PT"},{"@type":"Person","@id":"https:\/\/portaltela.pt\/#\/schema\/person\/c4278d4a6028830caff9ee44b42d32ed","name":"Telinha","image":{"@type":"ImageObject","inLanguage":"pt-PT","@id":"https:\/\/portaltela.pt\/s.01k8rhncp4jt1\/2025\/11\/talking-bot-125x125.png","url":"https:\/\/portaltela.pt\/s.01k8rhncp4jt1\/2025\/11\/talking-bot-125x125.png","contentUrl":"https:\/\/portaltela.pt\/s.01k8rhncp4jt1\/2025\/11\/talking-bot-125x125.png","caption":"Telinha"},"sameAs":["https:\/\/portaltela.pt\/"],"url":"https:\/\/portaltela.pt\/por\/367410592786\/"}]}},"_links":{"self":[{"href":"https:\/\/portaltela.pt\/api\/wp\/v2\/posts\/155653","targetHints":{"allow":["GET"]}}],"collection":[{"href":"https:\/\/portaltela.pt\/api\/wp\/v2\/posts"}],"about":[{"href":"https:\/\/portaltela.pt\/api\/wp\/v2\/types\/post"}],"author":[{"embeddable":true,"href":"https:\/\/portaltela.pt\/api\/wp\/v2\/users\/2"}],"replies":[{"embeddable":true,"href":"https:\/\/portaltela.pt\/api\/wp\/v2\/comments?post=155653"}],"version-history":[{"count":0,"href":"https:\/\/portaltela.pt\/api\/wp\/v2\/posts\/155653\/revisions"}],"wp:featuredmedia":[{"embeddable":true,"href":"https:\/\/portaltela.pt\/api\/wp\/v2\/media\/155707"}],"wp:attachment":[{"href":"https:\/\/portaltela.pt\/api\/wp\/v2\/media?parent=155653"}],"wp:term":[{"taxonomy":"category","embeddable":true,"href":"https:\/\/portaltela.pt\/api\/wp\/v2\/categories?post=155653"},{"taxonomy":"post_tag","embeddable":true,"href":"https:\/\/portaltela.pt\/api\/wp\/v2\/tags?post=155653"}],"curies":[{"name":"wp","href":"https:\/\/api.w.org\/{rel}","templated":true}]}}