{"id":155588,"date":"2026-01-20T07:26:00","date_gmt":"2026-01-20T10:26:00","guid":{"rendered":"https:\/\/portaltela.pt\/noticias\/2026\/01\/20\/medio-marroquino-pediu-desculpas-a-mendy-no-hotel-do-senegal\/"},"modified":"2026-01-20T07:26:00","modified_gmt":"2026-01-20T10:26:00","slug":"medio-marroquino-pediu-desculpas-a-mendy-no-hotel-do-senegal","status":"publish","type":"post","link":"https:\/\/portaltela.pt\/desporto\/futebol\/2026\/01\/20\/medio-marroquino-pediu-desculpas-a-mendy-no-hotel-do-senegal\/","title":{"rendered":"M\u00e9dio marroquino pediu desculpas a Mendy no hotel do Senegal"},"content":{"rendered":"<p>Durante a final da CAN entre Marrocos e Senegal, um incidente envolvendo a toalha do guarda-redes Edouard Mendy ganhou destaque fora do campo. V\u00e1rios jogadores marroquinos, e at\u00e9 elementos externos, tentaram impedir que a pe\u00e7a fosse pendurada na baliza, gerando uma situa\u00e7\u00e3o caricata que prosseguiu ao longo do jogo.<\/p>\n<p>Ismael Saibari, m\u00e9dio do PSV, destacou-se ao tentar \u201climpar a imagem\u201d ap\u00f3s ter sido um dos protagonistas do epis\u00f3dio. Depois de a poeira assentar, o jogador marroquino deslocou-se ao hotel onde se encontrava a comitiva senegalesa para apresentar as desculpas ao guarda-redes advers\u00e1rio.<\/p>\n<p>Na altura, a final ficou marcada pela controv\u00e9rsia gerada e pela forma dram\u00e1tica como o Senegal conquistou o trof\u00e9u. A equipa senegalesa chegou a abandonar o relvado numa rea\u00e7\u00e3o a uma grande penalidade apontada a favor do Marrocos, que acabou por falhar na cobran\u00e7a realizada por Brahim D\u00edaz.<\/p>\n<p>Ap\u00f3s o incidente, surgiram imagens nas redes sociais de Saibari e de Mendy em pose de cordialidade, com um aperto de m\u00e3o, evidenciando a tentativa de encerrar o epis\u00f3dio de forma institucional. A situa\u00e7\u00e3o atraiu aten\u00e7\u00f5es para o desfecho da final e para as controv\u00e9rsias que a antecederam.<\/p>\n","protected":false},"excerpt":{"rendered":"<ul>\n<li>Na final da CAN entre Marrocos e Senegal, destacou-se o epis\u00f3dio ins\u00f3lito da toalha de \u00c9douard Mendy na baliza.<\/li>\n<li>V\u00e1rios jogadores marroquinos impediram a pendurar da toalha; Yehvann Diouf, suplente de Mendy, foi mobilizado para proteger o objeto.<\/li>\n<li>O m\u00e9dio Ismael Saibari, do PSV, foi ao hotel da comitiva s\u00e9negalesa pedir desculpa ao guarda-redes advers\u00e1rio.<\/li>\n<li>Nas redes sociais surgiu um v\u00eddeo em que Saibari e Mendy trocam apertos de m\u00e3o ap\u00f3s o incidente.<\/li>\n<li>A final ficou marcada pela controv\u00e9rsia e pela forma dram\u00e1tica como o Senegal conquistou o trof\u00e9u, ap\u00f3s Brahim D\u00edaz falhar uma grande penalidade a favor de Marrocos.<\/li>\n<\/ul>\n","protected":false},"author":2,"featured_media":155601,"comment_status":"closed","ping_status":"closed","sticky":false,"template":"","format":"standard","meta":{"footnotes":""},"categories":[21,24],"tags":[2997,32,1015,1885,44,1883],"class_list":["post-155588","post","type-post","status-publish","format-standard","has-post-thumbnail","hentry","category-desporto","category-futebol","tag-brahim-diaz","tag-futebol","tag-marrocos","tag-penalti","tag-polemicas","tag-senegal"],"yoast_head":"<!-- This site is optimized with the Yoast SEO plugin v27.2 - https:\/\/yoast.com\/product\/yoast-seo-wordpress\/ -->\n<title>M\u00e9dio marroquino pediu desculpas a Mendy no hotel do Senegal - Portal Tela Portugal<\/title>\n<meta name=\"robots\" content=\"index, follow, max-snippet:-1, max-image-preview:large, max-video-preview:-1\" \/>\n<meta property=\"og:locale\" content=\"pt_PT\" \/>\n<meta property=\"og:type\" content=\"article\" \/>\n<meta property=\"og:title\" content=\"M\u00e9dio marroquino pediu desculpas a Mendy no hotel do Senegal - Portal Tela Portugal\" \/>\n<meta property=\"og:description\" content=\"Na final da CAN entre Marrocos e Senegal, destacou-se o epis\u00f3dio ins\u00f3lito da toalha de \u00c9douard Mendy na baliza. V\u00e1rios jogadores marroquinos impediram a pendurar da toalha; Yehvann Diouf, suplente de Mendy, foi mobilizado para proteger o objeto. O m\u00e9dio Ismael Saibari, do PSV, foi ao hotel da comitiva s\u00e9negalesa pedir desculpa ao guarda-redes advers\u00e1rio. Nas redes sociais surgiu um v\u00eddeo em que Saibari e Mendy trocam apertos de m\u00e3o ap\u00f3s o incidente. A final ficou marcada pela controv\u00e9rsia e pela forma dram\u00e1tica como o Senegal conquistou o trof\u00e9u, ap\u00f3s Brahim D\u00edaz falhar uma grande penalidade a favor de Marrocos.\" \/>\n<meta property=\"og:url\" content=\"https:\/\/portaltela.pt\/noticias\/2026\/01\/20\/medio-marroquino-pediu-desculpas-a-mendy-no-hotel-do-senegal\/\" \/>\n<meta property=\"og:site_name\" content=\"Portal Tela Portugal\" \/>\n<meta property=\"article:published_time\" content=\"2026-01-20T10:26:00+00:00\" \/>\n<meta name=\"author\" content=\"Telinha\" \/>\n<meta name=\"twitter:card\" content=\"summary_large_image\" \/>\n<meta name=\"twitter:label1\" content=\"Escrito por\" \/>\n\t<meta name=\"twitter:data1\" content=\"Telinha\" \/>\n\t<meta name=\"twitter:label2\" content=\"Tempo estimado de leitura\" \/>\n\t<meta name=\"twitter:data2\" content=\"1 minuto\" \/>\n<script type=\"application\/ld+json\" class=\"yoast-schema-graph\">{\"@context\":\"https:\/\/schema.org\",\"@graph\":[{\"@type\":\"Article\",\"@id\":\"https:\/\/portaltela.pt\/noticias\/2026\/01\/20\/medio-marroquino-pediu-desculpas-a-mendy-no-hotel-do-senegal\/#article\",\"isPartOf\":{\"@id\":\"https:\/\/portaltela.pt\/noticias\/2026\/01\/20\/medio-marroquino-pediu-desculpas-a-mendy-no-hotel-do-senegal\/\"},\"author\":{\"name\":\"Telinha\",\"@id\":\"https:\/\/portaltela.pt\/#\/schema\/person\/c4278d4a6028830caff9ee44b42d32ed\"},\"headline\":\"M\u00e9dio marroquino pediu desculpas a Mendy no hotel do Senegal\",\"datePublished\":\"2026-01-20T10:26:00+00:00\",\"mainEntityOfPage\":{\"@id\":\"https:\/\/portaltela.pt\/noticias\/2026\/01\/20\/medio-marroquino-pediu-desculpas-a-mendy-no-hotel-do-senegal\/\"},\"wordCount\":218,\"image\":{\"@id\":\"https:\/\/portaltela.pt\/noticias\/2026\/01\/20\/medio-marroquino-pediu-desculpas-a-mendy-no-hotel-do-senegal\/#primaryimage\"},\"thumbnailUrl\":\"https:\/\/portaltela.pt\/s.01k8rhncp4jt1\/2026\/01\/40a2eaee-7309-4cbf-bd23-ba2d4ba85954.jpg\",\"keywords\":[\"Brahim D\u00edaz\",\"futebol\",\"Marrocos\",\"pen\u00e1lti\",\"pol\u00eamicas\",\"Senegal\"],\"articleSection\":[\"Desporto\",\"Futebol\"],\"inLanguage\":\"pt-PT\"},{\"@type\":\"WebPage\",\"@id\":\"https:\/\/portaltela.pt\/noticias\/2026\/01\/20\/medio-marroquino-pediu-desculpas-a-mendy-no-hotel-do-senegal\/\",\"url\":\"https:\/\/portaltela.pt\/noticias\/2026\/01\/20\/medio-marroquino-pediu-desculpas-a-mendy-no-hotel-do-senegal\/\",\"name\":\"M\u00e9dio marroquino pediu desculpas a Mendy no hotel do Senegal - Portal Tela Portugal\",\"isPartOf\":{\"@id\":\"https:\/\/portaltela.pt\/#website\"},\"primaryImageOfPage\":{\"@id\":\"https:\/\/portaltela.pt\/noticias\/2026\/01\/20\/medio-marroquino-pediu-desculpas-a-mendy-no-hotel-do-senegal\/#primaryimage\"},\"image\":{\"@id\":\"https:\/\/portaltela.pt\/noticias\/2026\/01\/20\/medio-marroquino-pediu-desculpas-a-mendy-no-hotel-do-senegal\/#primaryimage\"},\"thumbnailUrl\":\"https:\/\/portaltela.pt\/s.01k8rhncp4jt1\/2026\/01\/40a2eaee-7309-4cbf-bd23-ba2d4ba85954.jpg\",\"datePublished\":\"2026-01-20T10:26:00+00:00\",\"author\":{\"@id\":\"https:\/\/portaltela.pt\/#\/schema\/person\/c4278d4a6028830caff9ee44b42d32ed\"},\"breadcrumb\":{\"@id\":\"https:\/\/portaltela.pt\/noticias\/2026\/01\/20\/medio-marroquino-pediu-desculpas-a-mendy-no-hotel-do-senegal\/#breadcrumb\"},\"inLanguage\":\"pt-PT\",\"potentialAction\":[{\"@type\":\"ReadAction\",\"target\":[\"https:\/\/portaltela.pt\/noticias\/2026\/01\/20\/medio-marroquino-pediu-desculpas-a-mendy-no-hotel-do-senegal\/\"]}]},{\"@type\":\"ImageObject\",\"inLanguage\":\"pt-PT\",\"@id\":\"https:\/\/portaltela.pt\/noticias\/2026\/01\/20\/medio-marroquino-pediu-desculpas-a-mendy-no-hotel-do-senegal\/#primaryimage\",\"url\":\"https:\/\/portaltela.pt\/s.01k8rhncp4jt1\/2026\/01\/40a2eaee-7309-4cbf-bd23-ba2d4ba85954.jpg\",\"contentUrl\":\"https:\/\/portaltela.pt\/s.01k8rhncp4jt1\/2026\/01\/40a2eaee-7309-4cbf-bd23-ba2d4ba85954.jpg\",\"width\":796,\"height\":448,\"caption\":\"\u00c9douard Mendy, guarda-redes do Senegal\"},{\"@type\":\"BreadcrumbList\",\"@id\":\"https:\/\/portaltela.pt\/noticias\/2026\/01\/20\/medio-marroquino-pediu-desculpas-a-mendy-no-hotel-do-senegal\/#breadcrumb\",\"itemListElement\":[{\"@type\":\"ListItem\",\"position\":1,\"name\":\"In\u00edcio\",\"item\":\"https:\/\/portaltela.pt\/\"},{\"@type\":\"ListItem\",\"position\":2,\"name\":\"M\u00e9dio marroquino pediu desculpas a Mendy no hotel do Senegal\"}]},{\"@type\":\"WebSite\",\"@id\":\"https:\/\/portaltela.pt\/#website\",\"url\":\"https:\/\/portaltela.pt\/\",\"name\":\"Portal Tela Portugal\",\"description\":\"\",\"potentialAction\":[{\"@type\":\"SearchAction\",\"target\":{\"@type\":\"EntryPoint\",\"urlTemplate\":\"https:\/\/portaltela.pt\/?s={search_term_string}\"},\"query-input\":{\"@type\":\"PropertyValueSpecification\",\"valueRequired\":true,\"valueName\":\"search_term_string\"}}],\"inLanguage\":\"pt-PT\"},{\"@type\":\"Person\",\"@id\":\"https:\/\/portaltela.pt\/#\/schema\/person\/c4278d4a6028830caff9ee44b42d32ed\",\"name\":\"Telinha\",\"image\":{\"@type\":\"ImageObject\",\"inLanguage\":\"pt-PT\",\"@id\":\"https:\/\/portaltela.pt\/s.01k8rhncp4jt1\/2025\/11\/talking-bot-125x125.png\",\"url\":\"https:\/\/portaltela.pt\/s.01k8rhncp4jt1\/2025\/11\/talking-bot-125x125.png\",\"contentUrl\":\"https:\/\/portaltela.pt\/s.01k8rhncp4jt1\/2025\/11\/talking-bot-125x125.png\",\"caption\":\"Telinha\"},\"sameAs\":[\"https:\/\/portaltela.pt\/\"],\"url\":\"https:\/\/portaltela.pt\/por\/367410592786\/\"}]}<\/script>\n<!-- \/ Yoast SEO plugin. -->","yoast_head_json":{"title":"M\u00e9dio marroquino pediu desculpas a Mendy no hotel do Senegal - Portal Tela Portugal","robots":{"index":"index","follow":"follow","max-snippet":"max-snippet:-1","max-image-preview":"max-image-preview:large","max-video-preview":"max-video-preview:-1"},"og_locale":"pt_PT","og_type":"article","og_title":"M\u00e9dio marroquino pediu desculpas a Mendy no hotel do Senegal - Portal Tela Portugal","og_description":"Na final da CAN entre Marrocos e Senegal, destacou-se o epis\u00f3dio ins\u00f3lito da toalha de \u00c9douard Mendy na baliza. V\u00e1rios jogadores marroquinos impediram a pendurar da toalha; Yehvann Diouf, suplente de Mendy, foi mobilizado para proteger o objeto. O m\u00e9dio Ismael Saibari, do PSV, foi ao hotel da comitiva s\u00e9negalesa pedir desculpa ao guarda-redes advers\u00e1rio. Nas redes sociais surgiu um v\u00eddeo em que Saibari e Mendy trocam apertos de m\u00e3o ap\u00f3s o incidente. A final ficou marcada pela controv\u00e9rsia e pela forma dram\u00e1tica como o Senegal conquistou o trof\u00e9u, ap\u00f3s Brahim D\u00edaz falhar uma grande penalidade a favor de Marrocos.","og_url":"https:\/\/portaltela.pt\/noticias\/2026\/01\/20\/medio-marroquino-pediu-desculpas-a-mendy-no-hotel-do-senegal\/","og_site_name":"Portal Tela Portugal","article_published_time":"2026-01-20T10:26:00+00:00","author":"Telinha","twitter_card":"summary_large_image","twitter_misc":{"Escrito por":"Telinha","Tempo estimado de leitura":"1 minuto"},"schema":{"@context":"https:\/\/schema.org","@graph":[{"@type":"Article","@id":"https:\/\/portaltela.pt\/noticias\/2026\/01\/20\/medio-marroquino-pediu-desculpas-a-mendy-no-hotel-do-senegal\/#article","isPartOf":{"@id":"https:\/\/portaltela.pt\/noticias\/2026\/01\/20\/medio-marroquino-pediu-desculpas-a-mendy-no-hotel-do-senegal\/"},"author":{"name":"Telinha","@id":"https:\/\/portaltela.pt\/#\/schema\/person\/c4278d4a6028830caff9ee44b42d32ed"},"headline":"M\u00e9dio marroquino pediu desculpas a Mendy no hotel do Senegal","datePublished":"2026-01-20T10:26:00+00:00","mainEntityOfPage":{"@id":"https:\/\/portaltela.pt\/noticias\/2026\/01\/20\/medio-marroquino-pediu-desculpas-a-mendy-no-hotel-do-senegal\/"},"wordCount":218,"image":{"@id":"https:\/\/portaltela.pt\/noticias\/2026\/01\/20\/medio-marroquino-pediu-desculpas-a-mendy-no-hotel-do-senegal\/#primaryimage"},"thumbnailUrl":"https:\/\/portaltela.pt\/s.01k8rhncp4jt1\/2026\/01\/40a2eaee-7309-4cbf-bd23-ba2d4ba85954.jpg","keywords":["Brahim D\u00edaz","futebol","Marrocos","pen\u00e1lti","pol\u00eamicas","Senegal"],"articleSection":["Desporto","Futebol"],"inLanguage":"pt-PT"},{"@type":"WebPage","@id":"https:\/\/portaltela.pt\/noticias\/2026\/01\/20\/medio-marroquino-pediu-desculpas-a-mendy-no-hotel-do-senegal\/","url":"https:\/\/portaltela.pt\/noticias\/2026\/01\/20\/medio-marroquino-pediu-desculpas-a-mendy-no-hotel-do-senegal\/","name":"M\u00e9dio marroquino pediu desculpas a Mendy no hotel do Senegal - Portal Tela Portugal","isPartOf":{"@id":"https:\/\/portaltela.pt\/#website"},"primaryImageOfPage":{"@id":"https:\/\/portaltela.pt\/noticias\/2026\/01\/20\/medio-marroquino-pediu-desculpas-a-mendy-no-hotel-do-senegal\/#primaryimage"},"image":{"@id":"https:\/\/portaltela.pt\/noticias\/2026\/01\/20\/medio-marroquino-pediu-desculpas-a-mendy-no-hotel-do-senegal\/#primaryimage"},"thumbnailUrl":"https:\/\/portaltela.pt\/s.01k8rhncp4jt1\/2026\/01\/40a2eaee-7309-4cbf-bd23-ba2d4ba85954.jpg","datePublished":"2026-01-20T10:26:00+00:00","author":{"@id":"https:\/\/portaltela.pt\/#\/schema\/person\/c4278d4a6028830caff9ee44b42d32ed"},"breadcrumb":{"@id":"https:\/\/portaltela.pt\/noticias\/2026\/01\/20\/medio-marroquino-pediu-desculpas-a-mendy-no-hotel-do-senegal\/#breadcrumb"},"inLanguage":"pt-PT","potentialAction":[{"@type":"ReadAction","target":["https:\/\/portaltela.pt\/noticias\/2026\/01\/20\/medio-marroquino-pediu-desculpas-a-mendy-no-hotel-do-senegal\/"]}]},{"@type":"ImageObject","inLanguage":"pt-PT","@id":"https:\/\/portaltela.pt\/noticias\/2026\/01\/20\/medio-marroquino-pediu-desculpas-a-mendy-no-hotel-do-senegal\/#primaryimage","url":"https:\/\/portaltela.pt\/s.01k8rhncp4jt1\/2026\/01\/40a2eaee-7309-4cbf-bd23-ba2d4ba85954.jpg","contentUrl":"https:\/\/portaltela.pt\/s.01k8rhncp4jt1\/2026\/01\/40a2eaee-7309-4cbf-bd23-ba2d4ba85954.jpg","width":796,"height":448,"caption":"\u00c9douard Mendy, guarda-redes do Senegal"},{"@type":"BreadcrumbList","@id":"https:\/\/portaltela.pt\/noticias\/2026\/01\/20\/medio-marroquino-pediu-desculpas-a-mendy-no-hotel-do-senegal\/#breadcrumb","itemListElement":[{"@type":"ListItem","position":1,"name":"In\u00edcio","item":"https:\/\/portaltela.pt\/"},{"@type":"ListItem","position":2,"name":"M\u00e9dio marroquino pediu desculpas a Mendy no hotel do Senegal"}]},{"@type":"WebSite","@id":"https:\/\/portaltela.pt\/#website","url":"https:\/\/portaltela.pt\/","name":"Portal Tela Portugal","description":"","potentialAction":[{"@type":"SearchAction","target":{"@type":"EntryPoint","urlTemplate":"https:\/\/portaltela.pt\/?s={search_term_string}"},"query-input":{"@type":"PropertyValueSpecification","valueRequired":true,"valueName":"search_term_string"}}],"inLanguage":"pt-PT"},{"@type":"Person","@id":"https:\/\/portaltela.pt\/#\/schema\/person\/c4278d4a6028830caff9ee44b42d32ed","name":"Telinha","image":{"@type":"ImageObject","inLanguage":"pt-PT","@id":"https:\/\/portaltela.pt\/s.01k8rhncp4jt1\/2025\/11\/talking-bot-125x125.png","url":"https:\/\/portaltela.pt\/s.01k8rhncp4jt1\/2025\/11\/talking-bot-125x125.png","contentUrl":"https:\/\/portaltela.pt\/s.01k8rhncp4jt1\/2025\/11\/talking-bot-125x125.png","caption":"Telinha"},"sameAs":["https:\/\/portaltela.pt\/"],"url":"https:\/\/portaltela.pt\/por\/367410592786\/"}]}},"_links":{"self":[{"href":"https:\/\/portaltela.pt\/api\/wp\/v2\/posts\/155588","targetHints":{"allow":["GET"]}}],"collection":[{"href":"https:\/\/portaltela.pt\/api\/wp\/v2\/posts"}],"about":[{"href":"https:\/\/portaltela.pt\/api\/wp\/v2\/types\/post"}],"author":[{"embeddable":true,"href":"https:\/\/portaltela.pt\/api\/wp\/v2\/users\/2"}],"replies":[{"embeddable":true,"href":"https:\/\/portaltela.pt\/api\/wp\/v2\/comments?post=155588"}],"version-history":[{"count":0,"href":"https:\/\/portaltela.pt\/api\/wp\/v2\/posts\/155588\/revisions"}],"wp:featuredmedia":[{"embeddable":true,"href":"https:\/\/portaltela.pt\/api\/wp\/v2\/media\/155601"}],"wp:attachment":[{"href":"https:\/\/portaltela.pt\/api\/wp\/v2\/media?parent=155588"}],"wp:term":[{"taxonomy":"category","embeddable":true,"href":"https:\/\/portaltela.pt\/api\/wp\/v2\/categories?post=155588"},{"taxonomy":"post_tag","embeddable":true,"href":"https:\/\/portaltela.pt\/api\/wp\/v2\/tags?post=155588"}],"curies":[{"name":"wp","href":"https:\/\/api.w.org\/{rel}","templated":true}]}}