{"id":155582,"date":"2026-01-20T07:27:45","date_gmt":"2026-01-20T10:27:45","guid":{"rendered":"https:\/\/portaltela.pt\/noticias\/2026\/01\/20\/estudante-suspeito-de-assaltos-com-arma-de-fogo-fica-em-prisao-domiciliaria\/"},"modified":"2026-01-20T07:27:45","modified_gmt":"2026-01-20T10:27:45","slug":"estudante-suspeito-de-assaltos-com-arma-de-fogo-fica-em-prisao-domiciliaria","status":"publish","type":"post","link":"https:\/\/portaltela.pt\/noticias\/2026\/01\/20\/estudante-suspeito-de-assaltos-com-arma-de-fogo-fica-em-prisao-domiciliaria\/","title":{"rendered":"Estudante suspeito de assaltos com arma de fogo fica em pris\u00e3o domicili\u00e1ria"},"content":{"rendered":"<p>O jovem de 17 anos permanece em pris\u00e3o domicili\u00e1ria ap\u00f3s ser considerado suspeito de ter cometido tr\u00eas assaltos com arma de fogo na cidade de Vila do Conde. O caso envolve sequestro de objetos de valor mediante amea\u00e7a de morte com uma arma. Os crimes teriam acontecido a 12 de janeiro e a dois dias antes, a 8 de janeiro, em locais n\u00e3o especificados.<\/p>\n<p>A v\u00edtima de 15 anos foi abordada pelo suspeito, que mostrou a arma e exigiu os bens. A amea\u00e7a levou \u00e0 fuga do agressor com os objetos roubados. N\u00e3o h\u00e1 indica\u00e7\u00e3o de ferimentos graves na v\u00edtima. A atua\u00e7\u00e3o ocorreu em contexto urbano, com menor de idade como autor.<\/p>\n<p>O suspeito \u00e9 estudante, n\u00e3o possui antecedentes criminais conhecidos e foi detido pela Pol\u00edcia Judici\u00e1ria (PJ) do Porto. O interrogat\u00f3rio ocorreu no final da semana passada, no tribunal de Matosinhos, e ele foi indiciado por roubo qualificado, coa\u00e7\u00e3o agravada, acesso ileg\u00edtimo e dano relacionado com programas ou dados inform\u00e1ticos.<\/p>\n<h3>Medida de coa\u00e7\u00e3o e atual situa\u00e7\u00e3o<\/h3>\n<p>Atualmente, o jovem cumpre pris\u00e3o domicili\u00e1ria no concelho de Vila Nova de Gaia. A deten\u00e7\u00e3o ocorreu ap\u00f3s a atua\u00e7\u00e3o da PJ na cidade do Porto, conforme informa\u00e7\u00f5es oficiais. A investiga\u00e7\u00e3o continua para confirmar eventuais liga\u00e7\u00f5es entre os casos e confirmar outras eventualidades.<\/p>\n","protected":false},"excerpt":{"rendered":"<ul>\n<li>Um jovem de 17 anos est\u00e1 com pris\u00e3o domicili\u00e1ria, suspeito de tr\u00eas assaltos com arma de fogo em Vila do Conde.<\/li>\n<li>Numa v\u00edtima de 15 anos, o suspeito mostrou a arma e, sob amea\u00e7a de morte, levou-lhe todos os objetos de valor; o crime ocorreu a 12 de janeiro.<\/li>\n<li>Os outros dois roubos ocorreram a 8 de janeiro.<\/li>\n<li>O jovem, estudante sem antecedentes, foi detido pela Pol\u00edcia Judici\u00e1ria do Porto e ouvido por um juiz de instru\u00e7\u00e3o no tribunal de Matosinhos.<\/li>\n<li>Est\u00e1 indiciado por roubo qualificado, coa\u00e7\u00e3o agravada, acesso ileg\u00edtimo e dano relacionado com programas ou dados inform\u00e1ticos; a medida de coa\u00e7\u00e3o \u00e9 pris\u00e3o domicili\u00e1ria, em Vila Nova de Gaia.<\/li>\n<\/ul>\n","protected":false},"author":2,"featured_media":155585,"comment_status":"closed","ping_status":"closed","sticky":false,"template":"","format":"standard","meta":{"footnotes":""},"categories":[1],"tags":[263,2320,1607,2928,3237,1546],"class_list":["post-155582","post","type-post","status-publish","format-standard","has-post-thumbnail","hentry","category-noticias","tag-acesso-ilegitimo","tag-coacao-agravada","tag-dano-informatico","tag-juvenis","tag-roubo-qualificado","tag-vila-do-conde"],"yoast_head":"<!-- This site is optimized with the Yoast SEO plugin v27.2 - https:\/\/yoast.com\/product\/yoast-seo-wordpress\/ -->\n<title>Estudante suspeito de assaltos com arma de fogo fica em pris\u00e3o domicili\u00e1ria - Portal Tela Portugal<\/title>\n<meta name=\"robots\" content=\"index, follow, max-snippet:-1, max-image-preview:large, max-video-preview:-1\" \/>\n<meta property=\"og:locale\" content=\"pt_PT\" \/>\n<meta property=\"og:type\" content=\"article\" \/>\n<meta property=\"og:title\" content=\"Estudante suspeito de assaltos com arma de fogo fica em pris\u00e3o domicili\u00e1ria - Portal Tela Portugal\" \/>\n<meta property=\"og:description\" content=\"Um jovem de 17 anos est\u00e1 com pris\u00e3o domicili\u00e1ria, suspeito de tr\u00eas assaltos com arma de fogo em Vila do Conde. Numa v\u00edtima de 15 anos, o suspeito mostrou a arma e, sob amea\u00e7a de morte, levou-lhe todos os objetos de valor; o crime ocorreu a 12 de janeiro. Os outros dois roubos ocorreram a 8 de janeiro. O jovem, estudante sem antecedentes, foi detido pela Pol\u00edcia Judici\u00e1ria do Porto e ouvido por um juiz de instru\u00e7\u00e3o no tribunal de Matosinhos. Est\u00e1 indiciado por roubo qualificado, coa\u00e7\u00e3o agravada, acesso ileg\u00edtimo e dano relacionado com programas ou dados inform\u00e1ticos; a medida de coa\u00e7\u00e3o \u00e9 pris\u00e3o domicili\u00e1ria, em Vila Nova de Gaia.\" \/>\n<meta property=\"og:url\" content=\"https:\/\/portaltela.pt\/noticias\/2026\/01\/20\/estudante-suspeito-de-assaltos-com-arma-de-fogo-fica-em-prisao-domiciliaria\/\" \/>\n<meta property=\"og:site_name\" content=\"Portal Tela Portugal\" \/>\n<meta property=\"article:published_time\" content=\"2026-01-20T10:27:45+00:00\" \/>\n<meta name=\"author\" content=\"Telinha\" \/>\n<meta name=\"twitter:card\" content=\"summary_large_image\" \/>\n<meta name=\"twitter:label1\" content=\"Escrito por\" \/>\n\t<meta name=\"twitter:data1\" content=\"Telinha\" \/>\n\t<meta name=\"twitter:label2\" content=\"Tempo estimado de leitura\" \/>\n\t<meta name=\"twitter:data2\" content=\"1 minuto\" \/>\n<script type=\"application\/ld+json\" class=\"yoast-schema-graph\">{\"@context\":\"https:\/\/schema.org\",\"@graph\":[{\"@type\":\"Article\",\"@id\":\"https:\/\/portaltela.pt\/noticias\/2026\/01\/20\/estudante-suspeito-de-assaltos-com-arma-de-fogo-fica-em-prisao-domiciliaria\/#article\",\"isPartOf\":{\"@id\":\"https:\/\/portaltela.pt\/noticias\/2026\/01\/20\/estudante-suspeito-de-assaltos-com-arma-de-fogo-fica-em-prisao-domiciliaria\/\"},\"author\":{\"name\":\"Telinha\",\"@id\":\"https:\/\/portaltela.pt\/#\/schema\/person\/c4278d4a6028830caff9ee44b42d32ed\"},\"headline\":\"Estudante suspeito de assaltos com arma de fogo fica em pris\u00e3o domicili\u00e1ria\",\"datePublished\":\"2026-01-20T10:27:45+00:00\",\"mainEntityOfPage\":{\"@id\":\"https:\/\/portaltela.pt\/noticias\/2026\/01\/20\/estudante-suspeito-de-assaltos-com-arma-de-fogo-fica-em-prisao-domiciliaria\/\"},\"wordCount\":246,\"image\":{\"@id\":\"https:\/\/portaltela.pt\/noticias\/2026\/01\/20\/estudante-suspeito-de-assaltos-com-arma-de-fogo-fica-em-prisao-domiciliaria\/#primaryimage\"},\"thumbnailUrl\":\"https:\/\/portaltela.pt\/s.01k8rhncp4jt1\/2026\/01\/img_1500x1000uu2025-10-30-21-12-52-2244582-im-638974558680236004.jpg\",\"keywords\":[\"acesso ileg\u00edtimo\",\"coa\u00e7\u00e3o agravada\",\"dano inform\u00e1tico\",\"Juvenis\",\"roubo qualificado\",\"Vila do Conde\"],\"articleSection\":[\"Not\u00edcias\"],\"inLanguage\":\"pt-PT\"},{\"@type\":\"WebPage\",\"@id\":\"https:\/\/portaltela.pt\/noticias\/2026\/01\/20\/estudante-suspeito-de-assaltos-com-arma-de-fogo-fica-em-prisao-domiciliaria\/\",\"url\":\"https:\/\/portaltela.pt\/noticias\/2026\/01\/20\/estudante-suspeito-de-assaltos-com-arma-de-fogo-fica-em-prisao-domiciliaria\/\",\"name\":\"Estudante suspeito de assaltos com arma de fogo fica em pris\u00e3o domicili\u00e1ria - Portal Tela Portugal\",\"isPartOf\":{\"@id\":\"https:\/\/portaltela.pt\/#website\"},\"primaryImageOfPage\":{\"@id\":\"https:\/\/portaltela.pt\/noticias\/2026\/01\/20\/estudante-suspeito-de-assaltos-com-arma-de-fogo-fica-em-prisao-domiciliaria\/#primaryimage\"},\"image\":{\"@id\":\"https:\/\/portaltela.pt\/noticias\/2026\/01\/20\/estudante-suspeito-de-assaltos-com-arma-de-fogo-fica-em-prisao-domiciliaria\/#primaryimage\"},\"thumbnailUrl\":\"https:\/\/portaltela.pt\/s.01k8rhncp4jt1\/2026\/01\/img_1500x1000uu2025-10-30-21-12-52-2244582-im-638974558680236004.jpg\",\"datePublished\":\"2026-01-20T10:27:45+00:00\",\"author\":{\"@id\":\"https:\/\/portaltela.pt\/#\/schema\/person\/c4278d4a6028830caff9ee44b42d32ed\"},\"breadcrumb\":{\"@id\":\"https:\/\/portaltela.pt\/noticias\/2026\/01\/20\/estudante-suspeito-de-assaltos-com-arma-de-fogo-fica-em-prisao-domiciliaria\/#breadcrumb\"},\"inLanguage\":\"pt-PT\",\"potentialAction\":[{\"@type\":\"ReadAction\",\"target\":[\"https:\/\/portaltela.pt\/noticias\/2026\/01\/20\/estudante-suspeito-de-assaltos-com-arma-de-fogo-fica-em-prisao-domiciliaria\/\"]}]},{\"@type\":\"ImageObject\",\"inLanguage\":\"pt-PT\",\"@id\":\"https:\/\/portaltela.pt\/noticias\/2026\/01\/20\/estudante-suspeito-de-assaltos-com-arma-de-fogo-fica-em-prisao-domiciliaria\/#primaryimage\",\"url\":\"https:\/\/portaltela.pt\/s.01k8rhncp4jt1\/2026\/01\/img_1500x1000uu2025-10-30-21-12-52-2244582-im-638974558680236004.jpg\",\"contentUrl\":\"https:\/\/portaltela.pt\/s.01k8rhncp4jt1\/2026\/01\/img_1500x1000uu2025-10-30-21-12-52-2244582-im-638974558680236004.jpg\",\"width\":796,\"height\":448,\"caption\":\"Estudante foi detido na semana passada por inspetores da PJ do Porto\"},{\"@type\":\"BreadcrumbList\",\"@id\":\"https:\/\/portaltela.pt\/noticias\/2026\/01\/20\/estudante-suspeito-de-assaltos-com-arma-de-fogo-fica-em-prisao-domiciliaria\/#breadcrumb\",\"itemListElement\":[{\"@type\":\"ListItem\",\"position\":1,\"name\":\"In\u00edcio\",\"item\":\"https:\/\/portaltela.pt\/\"},{\"@type\":\"ListItem\",\"position\":2,\"name\":\"Estudante suspeito de assaltos com arma de fogo fica em pris\u00e3o domicili\u00e1ria\"}]},{\"@type\":\"WebSite\",\"@id\":\"https:\/\/portaltela.pt\/#website\",\"url\":\"https:\/\/portaltela.pt\/\",\"name\":\"Portal Tela Portugal\",\"description\":\"\",\"potentialAction\":[{\"@type\":\"SearchAction\",\"target\":{\"@type\":\"EntryPoint\",\"urlTemplate\":\"https:\/\/portaltela.pt\/?s={search_term_string}\"},\"query-input\":{\"@type\":\"PropertyValueSpecification\",\"valueRequired\":true,\"valueName\":\"search_term_string\"}}],\"inLanguage\":\"pt-PT\"},{\"@type\":\"Person\",\"@id\":\"https:\/\/portaltela.pt\/#\/schema\/person\/c4278d4a6028830caff9ee44b42d32ed\",\"name\":\"Telinha\",\"image\":{\"@type\":\"ImageObject\",\"inLanguage\":\"pt-PT\",\"@id\":\"https:\/\/portaltela.pt\/s.01k8rhncp4jt1\/2025\/11\/talking-bot-125x125.png\",\"url\":\"https:\/\/portaltela.pt\/s.01k8rhncp4jt1\/2025\/11\/talking-bot-125x125.png\",\"contentUrl\":\"https:\/\/portaltela.pt\/s.01k8rhncp4jt1\/2025\/11\/talking-bot-125x125.png\",\"caption\":\"Telinha\"},\"sameAs\":[\"https:\/\/portaltela.pt\/\"],\"url\":\"https:\/\/portaltela.pt\/por\/367410592786\/\"}]}<\/script>\n<!-- \/ Yoast SEO plugin. -->","yoast_head_json":{"title":"Estudante suspeito de assaltos com arma de fogo fica em pris\u00e3o domicili\u00e1ria - Portal Tela Portugal","robots":{"index":"index","follow":"follow","max-snippet":"max-snippet:-1","max-image-preview":"max-image-preview:large","max-video-preview":"max-video-preview:-1"},"og_locale":"pt_PT","og_type":"article","og_title":"Estudante suspeito de assaltos com arma de fogo fica em pris\u00e3o domicili\u00e1ria - Portal Tela Portugal","og_description":"Um jovem de 17 anos est\u00e1 com pris\u00e3o domicili\u00e1ria, suspeito de tr\u00eas assaltos com arma de fogo em Vila do Conde. Numa v\u00edtima de 15 anos, o suspeito mostrou a arma e, sob amea\u00e7a de morte, levou-lhe todos os objetos de valor; o crime ocorreu a 12 de janeiro. Os outros dois roubos ocorreram a 8 de janeiro. O jovem, estudante sem antecedentes, foi detido pela Pol\u00edcia Judici\u00e1ria do Porto e ouvido por um juiz de instru\u00e7\u00e3o no tribunal de Matosinhos. Est\u00e1 indiciado por roubo qualificado, coa\u00e7\u00e3o agravada, acesso ileg\u00edtimo e dano relacionado com programas ou dados inform\u00e1ticos; a medida de coa\u00e7\u00e3o \u00e9 pris\u00e3o domicili\u00e1ria, em Vila Nova de Gaia.","og_url":"https:\/\/portaltela.pt\/noticias\/2026\/01\/20\/estudante-suspeito-de-assaltos-com-arma-de-fogo-fica-em-prisao-domiciliaria\/","og_site_name":"Portal Tela Portugal","article_published_time":"2026-01-20T10:27:45+00:00","author":"Telinha","twitter_card":"summary_large_image","twitter_misc":{"Escrito por":"Telinha","Tempo estimado de leitura":"1 minuto"},"schema":{"@context":"https:\/\/schema.org","@graph":[{"@type":"Article","@id":"https:\/\/portaltela.pt\/noticias\/2026\/01\/20\/estudante-suspeito-de-assaltos-com-arma-de-fogo-fica-em-prisao-domiciliaria\/#article","isPartOf":{"@id":"https:\/\/portaltela.pt\/noticias\/2026\/01\/20\/estudante-suspeito-de-assaltos-com-arma-de-fogo-fica-em-prisao-domiciliaria\/"},"author":{"name":"Telinha","@id":"https:\/\/portaltela.pt\/#\/schema\/person\/c4278d4a6028830caff9ee44b42d32ed"},"headline":"Estudante suspeito de assaltos com arma de fogo fica em pris\u00e3o domicili\u00e1ria","datePublished":"2026-01-20T10:27:45+00:00","mainEntityOfPage":{"@id":"https:\/\/portaltela.pt\/noticias\/2026\/01\/20\/estudante-suspeito-de-assaltos-com-arma-de-fogo-fica-em-prisao-domiciliaria\/"},"wordCount":246,"image":{"@id":"https:\/\/portaltela.pt\/noticias\/2026\/01\/20\/estudante-suspeito-de-assaltos-com-arma-de-fogo-fica-em-prisao-domiciliaria\/#primaryimage"},"thumbnailUrl":"https:\/\/portaltela.pt\/s.01k8rhncp4jt1\/2026\/01\/img_1500x1000uu2025-10-30-21-12-52-2244582-im-638974558680236004.jpg","keywords":["acesso ileg\u00edtimo","coa\u00e7\u00e3o agravada","dano inform\u00e1tico","Juvenis","roubo qualificado","Vila do Conde"],"articleSection":["Not\u00edcias"],"inLanguage":"pt-PT"},{"@type":"WebPage","@id":"https:\/\/portaltela.pt\/noticias\/2026\/01\/20\/estudante-suspeito-de-assaltos-com-arma-de-fogo-fica-em-prisao-domiciliaria\/","url":"https:\/\/portaltela.pt\/noticias\/2026\/01\/20\/estudante-suspeito-de-assaltos-com-arma-de-fogo-fica-em-prisao-domiciliaria\/","name":"Estudante suspeito de assaltos com arma de fogo fica em pris\u00e3o domicili\u00e1ria - Portal Tela Portugal","isPartOf":{"@id":"https:\/\/portaltela.pt\/#website"},"primaryImageOfPage":{"@id":"https:\/\/portaltela.pt\/noticias\/2026\/01\/20\/estudante-suspeito-de-assaltos-com-arma-de-fogo-fica-em-prisao-domiciliaria\/#primaryimage"},"image":{"@id":"https:\/\/portaltela.pt\/noticias\/2026\/01\/20\/estudante-suspeito-de-assaltos-com-arma-de-fogo-fica-em-prisao-domiciliaria\/#primaryimage"},"thumbnailUrl":"https:\/\/portaltela.pt\/s.01k8rhncp4jt1\/2026\/01\/img_1500x1000uu2025-10-30-21-12-52-2244582-im-638974558680236004.jpg","datePublished":"2026-01-20T10:27:45+00:00","author":{"@id":"https:\/\/portaltela.pt\/#\/schema\/person\/c4278d4a6028830caff9ee44b42d32ed"},"breadcrumb":{"@id":"https:\/\/portaltela.pt\/noticias\/2026\/01\/20\/estudante-suspeito-de-assaltos-com-arma-de-fogo-fica-em-prisao-domiciliaria\/#breadcrumb"},"inLanguage":"pt-PT","potentialAction":[{"@type":"ReadAction","target":["https:\/\/portaltela.pt\/noticias\/2026\/01\/20\/estudante-suspeito-de-assaltos-com-arma-de-fogo-fica-em-prisao-domiciliaria\/"]}]},{"@type":"ImageObject","inLanguage":"pt-PT","@id":"https:\/\/portaltela.pt\/noticias\/2026\/01\/20\/estudante-suspeito-de-assaltos-com-arma-de-fogo-fica-em-prisao-domiciliaria\/#primaryimage","url":"https:\/\/portaltela.pt\/s.01k8rhncp4jt1\/2026\/01\/img_1500x1000uu2025-10-30-21-12-52-2244582-im-638974558680236004.jpg","contentUrl":"https:\/\/portaltela.pt\/s.01k8rhncp4jt1\/2026\/01\/img_1500x1000uu2025-10-30-21-12-52-2244582-im-638974558680236004.jpg","width":796,"height":448,"caption":"Estudante foi detido na semana passada por inspetores da PJ do Porto"},{"@type":"BreadcrumbList","@id":"https:\/\/portaltela.pt\/noticias\/2026\/01\/20\/estudante-suspeito-de-assaltos-com-arma-de-fogo-fica-em-prisao-domiciliaria\/#breadcrumb","itemListElement":[{"@type":"ListItem","position":1,"name":"In\u00edcio","item":"https:\/\/portaltela.pt\/"},{"@type":"ListItem","position":2,"name":"Estudante suspeito de assaltos com arma de fogo fica em pris\u00e3o domicili\u00e1ria"}]},{"@type":"WebSite","@id":"https:\/\/portaltela.pt\/#website","url":"https:\/\/portaltela.pt\/","name":"Portal Tela Portugal","description":"","potentialAction":[{"@type":"SearchAction","target":{"@type":"EntryPoint","urlTemplate":"https:\/\/portaltela.pt\/?s={search_term_string}"},"query-input":{"@type":"PropertyValueSpecification","valueRequired":true,"valueName":"search_term_string"}}],"inLanguage":"pt-PT"},{"@type":"Person","@id":"https:\/\/portaltela.pt\/#\/schema\/person\/c4278d4a6028830caff9ee44b42d32ed","name":"Telinha","image":{"@type":"ImageObject","inLanguage":"pt-PT","@id":"https:\/\/portaltela.pt\/s.01k8rhncp4jt1\/2025\/11\/talking-bot-125x125.png","url":"https:\/\/portaltela.pt\/s.01k8rhncp4jt1\/2025\/11\/talking-bot-125x125.png","contentUrl":"https:\/\/portaltela.pt\/s.01k8rhncp4jt1\/2025\/11\/talking-bot-125x125.png","caption":"Telinha"},"sameAs":["https:\/\/portaltela.pt\/"],"url":"https:\/\/portaltela.pt\/por\/367410592786\/"}]}},"_links":{"self":[{"href":"https:\/\/portaltela.pt\/api\/wp\/v2\/posts\/155582","targetHints":{"allow":["GET"]}}],"collection":[{"href":"https:\/\/portaltela.pt\/api\/wp\/v2\/posts"}],"about":[{"href":"https:\/\/portaltela.pt\/api\/wp\/v2\/types\/post"}],"author":[{"embeddable":true,"href":"https:\/\/portaltela.pt\/api\/wp\/v2\/users\/2"}],"replies":[{"embeddable":true,"href":"https:\/\/portaltela.pt\/api\/wp\/v2\/comments?post=155582"}],"version-history":[{"count":0,"href":"https:\/\/portaltela.pt\/api\/wp\/v2\/posts\/155582\/revisions"}],"wp:featuredmedia":[{"embeddable":true,"href":"https:\/\/portaltela.pt\/api\/wp\/v2\/media\/155585"}],"wp:attachment":[{"href":"https:\/\/portaltela.pt\/api\/wp\/v2\/media?parent=155582"}],"wp:term":[{"taxonomy":"category","embeddable":true,"href":"https:\/\/portaltela.pt\/api\/wp\/v2\/categories?post=155582"},{"taxonomy":"post_tag","embeddable":true,"href":"https:\/\/portaltela.pt\/api\/wp\/v2\/tags?post=155582"}],"curies":[{"name":"wp","href":"https:\/\/api.w.org\/{rel}","templated":true}]}}